{"id":15857,"date":"2023-11-29T11:58:26","date_gmt":"2023-11-29T10:58:26","guid":{"rendered":"https:\/\/www.kompetensforetagen.se\/?p=15857"},"modified":"2023-11-29T11:58:27","modified_gmt":"2023-11-29T10:58:27","slug":"johanna-siktar-pa-att-bli-konsultchef","status":"publish","type":"post","link":"https:\/\/www.kompetensforetagen.se\/2023\/11\/johanna-siktar-pa-att-bli-konsultchef\/","title":{"rendered":"<strong>Johanna siktar p\u00e5 att bli konsultchef<\/strong>"},"content":{"rendered":"\n<p>Sedan tv\u00e5 \u00e5r tillbaka jobbar Johanna Milton som konsult hos <a href=\"https:\/\/www.jovikonsult.se\/\" target=\"_blank\" rel=\"noreferrer noopener\">Jovi <\/a>inom produktion, lager, logistik och verkstad. Fram\u00f6ver siktar hon p\u00e5 att bli konsultchef.<\/p>\n\n\n\n<p>Johanna var bara 6 \u00e5r n\u00e4r hon f\u00f6rsta g\u00e5ngen hj\u00e4lpte sin pappa att packa och sortera tidningen Metro som skulle k\u00f6ras ut till olika platser i G\u00f6teborgsomr\u00e5det. Hennes pappa s\u00e5g att Johanna tyckte det var roligt och l\u00e4t henne f\u00f6lja med fler g\u00e5nger. Sedan dess har hon dragits till olika former av lagerarbete.<\/p>\n\n\n\n<p>-Jag har jobbat med lite allt m\u00f6jligt, men lager har alltid varit det jag brinner f\u00f6r. Framf\u00f6r allt f\u00f6r att man kan vara sig sj\u00e4lv, det \u00e4r en annan milj\u00f6 och stressniv\u00e5 \u00e4n n\u00e4r jag jobbar som exempelvis mont\u00f6r. D\u00e5 \u00e4r det ett visst antal som ska hinnas med under tidspress. P\u00e5 lagret \u00e4r det mer ett st\u00e4ndigt fl\u00f6de av arbete. Det \u00e4r ett sj\u00e4lvst\u00e4ndigt arbete d\u00e4r jag trivs.<\/p>\n\n\n<a class='Share__link Share__link--url copy-text' href='#' rel='nofollow' data-text='bast-att-vara-sig-sjalv' title='Dela url' data-confirmation='L\u00e4nken kopierades till urklipp'><svg class='icon icon--link'  width='18' height='18' viewBox='0 0 18 18' fill='none' xmlns='http:\/\/www.w3.org\/2000\/svg'>\n            <path d='M10.4142 0.514721L6.87868 4.05025L8.29289 5.46447L11.1213 2.63604L15.364 6.87868L12.5355 9.70711L13.9497 11.1213L17.4853 7.58579C17.8763 7.19476 17.8763 6.5626 17.4853 6.17158L11.8284 0.514721C11.4374 0.123691 10.8052 0.123691 10.4142 0.514721Z' fill='black'\/>\n            <path d='M9.7071 12.5355L6.87868 15.364L2.63604 11.1213L5.46446 8.2929L4.05025 6.87868L0.514716 10.4142C0.123686 10.8052 0.123686 11.4374 0.514716 11.8284L6.17157 17.4853C6.5626 17.8763 7.19475 17.8763 7.58578 17.4853L11.1213 13.9497L9.7071 12.5355Z' fill='black'\/>\n            <path d='M6.17157 11.8284C6.5626 12.2195 7.19475 12.2195 7.58578 11.8284L11.8284 7.58579C12.2195 7.19476 12.2195 6.56261 11.8284 6.17158C11.4374 5.78055 10.8052 5.78055 10.4142 6.17158L6.17157 10.4142C5.78054 10.8052 5.78054 11.4374 6.17157 11.8284Z' fill='black'\/>\n            <\/svg> <\/a>\n<h2 class=\"wp-block-heading\">B\u00e4st att vara sig sj\u00e4lv<\/h2>\n\n\n\n<p>Som konsult hamnar Johanna ofta i nya sammanhang och grupper. Hon har sj\u00e4lv l\u00e4tt att komma in bra i en ny grupp, men ber\u00e4ttar de som \u00e4r nya inom branschen ibland kan vara lite os\u00e4kra.<\/p>\n\n\n\n<blockquote class=\"wp-block-quote is-layout-flow wp-block-quote-is-layout-flow\">\n<p>Johanna var bara 6 \u00e5r n\u00e4r hon f\u00f6rsta g\u00e5ngen hj\u00e4lpte sin pappa att packa och sortera<\/p>\n<\/blockquote>\n\n\n\n<p>-Jag s\u00e4ger till dem att vara sig sj\u00e4lva, att de andra kommer uppskatta en f\u00f6r den man \u00e4r. Och d\u00e5 har det ofta g\u00e5tt b\u00e4ttre f\u00f6r dem att hitta r\u00e4tt. S\u00e5 beror det ju alltid p\u00e5 hur man \u00e4r som person, om man tycker det \u00e4r l\u00e4tt eller inte. Men generellt s\u00e5 \u00e4r mottagandet v\u00e4ldigt v\u00e4lkomnande n\u00e4r man kommer till ett nytt st\u00e4lle.<\/p>\n\n\n<a class='Share__link Share__link--url copy-text' href='#' rel='nofollow' data-text='sikte-pa-att-bli-konsultchef' title='Dela url' data-confirmation='L\u00e4nken kopierades till urklipp'><svg class='icon icon--link'  width='18' height='18' viewBox='0 0 18 18' fill='none' xmlns='http:\/\/www.w3.org\/2000\/svg'>\n            <path d='M10.4142 0.514721L6.87868 4.05025L8.29289 5.46447L11.1213 2.63604L15.364 6.87868L12.5355 9.70711L13.9497 11.1213L17.4853 7.58579C17.8763 7.19476 17.8763 6.5626 17.4853 6.17158L11.8284 0.514721C11.4374 0.123691 10.8052 0.123691 10.4142 0.514721Z' fill='black'\/>\n            <path d='M9.7071 12.5355L6.87868 15.364L2.63604 11.1213L5.46446 8.2929L4.05025 6.87868L0.514716 10.4142C0.123686 10.8052 0.123686 11.4374 0.514716 11.8284L6.17157 17.4853C6.5626 17.8763 7.19475 17.8763 7.58578 17.4853L11.1213 13.9497L9.7071 12.5355Z' fill='black'\/>\n            <path d='M6.17157 11.8284C6.5626 12.2195 7.19475 12.2195 7.58578 11.8284L11.8284 7.58579C12.2195 7.19476 12.2195 6.56261 11.8284 6.17158C11.4374 5.78055 10.8052 5.78055 10.4142 6.17158L6.17157 10.4142C5.78054 10.8052 5.78054 11.4374 6.17157 11.8284Z' fill='black'\/>\n            <\/svg> <\/a>\n<h2 class=\"wp-block-heading\">Sikte p\u00e5 att bli konsultchef<\/h2>\n\n\n\n<p>P\u00e5 Jovi har Johanna en bra dialog med sina chefer, och hon s\u00e4ger att det \u00e4r ett v\u00e4ldigt familj\u00e4rt bemanningsf\u00f6retag.<\/p>\n\n\n\n<p>-Vi har en t\u00e4t dialog och mina chefer k\u00e4nner mig och vet vilka jobb som passar mig b\u00e4st. Jag k\u00e4nner alltid att jag kan h\u00f6ra av mig till dem och m\u00f6tas av f\u00f6rst\u00e5else. Det m\u00e4rks att de vill att alla anst\u00e4llda ska vilja kliva upp och g\u00e5 till jobbet med en positiv k\u00e4nsla.<\/p>\n\n\n\n<blockquote class=\"wp-block-quote is-layout-flow wp-block-quote-is-layout-flow\">\n<p>P\u00e5 Jovi har Johanna en bra dialog med sina chefer<\/p>\n<\/blockquote>\n\n\n\n<p>Johanna trivs d\u00e4r hon \u00e4r idag, men p\u00e5 n\u00e5gra \u00e5rs sikt skulle hon g\u00e4rna jobba som <a href=\"https:\/\/www.kompetensforetagen.se\/2021\/11\/vem-ar-min-chef\/\">konsultchef <\/a>hos Jovi.<\/p>\n\n\n\n<p>-Jag vill visa p\u00e5 det jag sj\u00e4lv upplevt, att bemanningsbranschen tar hand om sina anst\u00e4llda och ser till att de har en bra arbetsplats och en bra chef. Vi vill ju ha personal som \u00e4r arbetsvilliga och sk\u00f6ter sina jobb bra. Det h\u00e4nger ihop.<\/p>\n\n\n\n<p>Dessutom p\u00e5pekar Johanna att man l\u00e4r sig mycket som konsult och f\u00e5r med sig m\u00e5nga erfarenheter s\u00e5v\u00e4l som v\u00e4nner och nya perspektiv.<\/p>\n\n\n\n<figure class=\"wp-block-table\"><table class=\"has-primary-background-color has-background\"><tbody><tr><td><strong>Namn:<\/strong> Johanna Milton <br><strong>\u00c5lder: <\/strong>26 <br><strong>Ort:<\/strong> Fr\u00f6lunda <br><strong>Konsultf\u00f6retag: <\/strong>Jovi&nbsp;&nbsp;<br><strong>Tj\u00e4nst: <\/strong>Produktionsmedarbetare <br><strong>G\u00f6r helst p\u00e5 fritiden: <\/strong>Umg\u00e5s med mina gudbarn, mina v\u00e4nner och min familj<\/td><\/tr><\/tbody><\/table><\/figure>\n","protected":false},"excerpt":{"rendered":"<p>Sedan tv\u00e5 \u00e5r tillbaka jobbar Johanna Milton som konsult hos Jovi inom produktion, lager, logistik och verkstad. Fram\u00f6ver siktar hon p\u00e5 att bli konsultchef. Johanna var bara 6 \u00e5r n\u00e4r hon f\u00f6rsta g\u00e5ngen hj\u00e4lpte sin &hellip;<\/p>\n","protected":false},"author":6358,"featured_media":15997,"comment_status":"closed","ping_status":"closed","sticky":false,"template":"","format":"standard","meta":{"_acf_changed":false,"footnotes":""},"categories":[204],"tags":[],"article_type":[8,219],"agreement":[],"for-members":[],"class_list":["post-15857","post","type-post","status-publish","format-standard","has-post-thumbnail","hentry","category-konsult","type-aktuellt","type-nyhet"],"acf":[],"yoast_head":"<!-- This site is optimized with the Yoast SEO Premium plugin v26.8 (Yoast SEO v26.8) - https:\/\/yoast.com\/product\/yoast-seo-premium-wordpress\/ -->\n<title>Johanna siktar p\u00e5 att bli konsultchef<\/title>\n<meta name=\"description\" content=\"Johanna Milton som konsult hos Jovi inom produktion, lager, logistik och verkstad. Fram\u00f6ver siktar hon p\u00e5 att bli konsultchef.\" \/>\n<meta name=\"robots\" content=\"index, follow, max-snippet:-1, max-image-preview:large, max-video-preview:-1\" \/>\n<link rel=\"canonical\" href=\"https:\/\/www.kompetensforetagen.se\/2023\/11\/johanna-siktar-pa-att-bli-konsultchef\/\" \/>\n<meta property=\"og:locale\" content=\"sv_SE\" \/>\n<meta property=\"og:type\" content=\"article\" \/>\n<meta property=\"og:title\" content=\"Johanna siktar p\u00e5 att bli konsultchef\" \/>\n<meta property=\"og:description\" content=\"Johanna Milton som konsult hos Jovi inom produktion, lager, logistik och verkstad. Fram\u00f6ver siktar hon p\u00e5 att bli konsultchef.\" \/>\n<meta property=\"og:url\" content=\"https:\/\/www.kompetensforetagen.se\/2023\/11\/johanna-siktar-pa-att-bli-konsultchef\/\" \/>\n<meta property=\"og:site_name\" content=\"Kompetensf\u00f6retagen\" \/>\n<meta property=\"article:published_time\" content=\"2023-11-29T10:58:26+00:00\" \/>\n<meta property=\"article:modified_time\" content=\"2023-11-29T10:58:27+00:00\" \/>\n<meta property=\"og:image\" content=\"https:\/\/www.kompetensforetagen.se\/app\/uploads\/sites\/5\/2023\/11\/Brown-White-Craft-Marketing-Mind-Map-Brainstorm-4.png\" \/>\n\t<meta property=\"og:image:width\" content=\"1920\" \/>\n\t<meta property=\"og:image:height\" content=\"1080\" \/>\n\t<meta property=\"og:image:type\" content=\"image\/png\" \/>\n<meta name=\"twitter:card\" content=\"summary_large_image\" \/>\n<meta name=\"twitter:label1\" content=\"Skriven av\" \/>\n\t<meta name=\"twitter:data1\" content=\"\" \/>\n\t<meta name=\"twitter:label2\" content=\"Ber\u00e4knad l\u00e4stid\" \/>\n\t<meta name=\"twitter:data2\" content=\"3 minuter\" \/>\n<!-- \/ Yoast SEO Premium plugin. -->","yoast_head_json":{"title":"Johanna siktar p\u00e5 att bli konsultchef","description":"Johanna Milton som konsult hos Jovi inom produktion, lager, logistik och verkstad. Fram\u00f6ver siktar hon p\u00e5 att bli konsultchef.","robots":{"index":"index","follow":"follow","max-snippet":"max-snippet:-1","max-image-preview":"max-image-preview:large","max-video-preview":"max-video-preview:-1"},"canonical":"https:\/\/www.kompetensforetagen.se\/2023\/11\/johanna-siktar-pa-att-bli-konsultchef\/","og_locale":"sv_SE","og_type":"article","og_title":"Johanna siktar p\u00e5 att bli konsultchef","og_description":"Johanna Milton som konsult hos Jovi inom produktion, lager, logistik och verkstad. Fram\u00f6ver siktar hon p\u00e5 att bli konsultchef.","og_url":"https:\/\/www.kompetensforetagen.se\/2023\/11\/johanna-siktar-pa-att-bli-konsultchef\/","og_site_name":"Kompetensf\u00f6retagen","article_published_time":"2023-11-29T10:58:26+00:00","article_modified_time":"2023-11-29T10:58:27+00:00","og_image":[{"width":1920,"height":1080,"url":"https:\/\/www.kompetensforetagen.se\/app\/uploads\/sites\/5\/2023\/11\/Brown-White-Craft-Marketing-Mind-Map-Brainstorm-4.png","type":"image\/png"}],"twitter_card":"summary_large_image","twitter_misc":{"Skriven av":"","Ber\u00e4knad l\u00e4stid":"3 minuter"},"schema":{"@context":"https:\/\/schema.org","@graph":[{"@type":"Article","@id":"https:\/\/www.kompetensforetagen.se\/2023\/11\/johanna-siktar-pa-att-bli-konsultchef\/#article","isPartOf":{"@id":"https:\/\/www.kompetensforetagen.se\/2023\/11\/johanna-siktar-pa-att-bli-konsultchef\/"},"author":{"name":"","@id":""},"headline":"Johanna siktar p\u00e5 att bli konsultchef","datePublished":"2023-11-29T10:58:26+00:00","dateModified":"2023-11-29T10:58:27+00:00","mainEntityOfPage":{"@id":"https:\/\/www.kompetensforetagen.se\/2023\/11\/johanna-siktar-pa-att-bli-konsultchef\/"},"wordCount":548,"publisher":{"@id":"https:\/\/www.kompetensforetagen.se\/#organization"},"image":{"@id":"https:\/\/www.kompetensforetagen.se\/2023\/11\/johanna-siktar-pa-att-bli-konsultchef\/#primaryimage"},"thumbnailUrl":"https:\/\/www.kompetensforetagen.se\/app\/uploads\/sites\/5\/2023\/11\/Brown-White-Craft-Marketing-Mind-Map-Brainstorm-4.png","articleSection":["Konsult"],"inLanguage":"sv-SE"},{"@type":"WebPage","@id":"https:\/\/www.kompetensforetagen.se\/2023\/11\/johanna-siktar-pa-att-bli-konsultchef\/","url":"https:\/\/www.kompetensforetagen.se\/2023\/11\/johanna-siktar-pa-att-bli-konsultchef\/","name":"Johanna siktar p\u00e5 att bli konsultchef","isPartOf":{"@id":"https:\/\/www.kompetensforetagen.se\/#website"},"primaryImageOfPage":{"@id":"https:\/\/www.kompetensforetagen.se\/2023\/11\/johanna-siktar-pa-att-bli-konsultchef\/#primaryimage"},"image":{"@id":"https:\/\/www.kompetensforetagen.se\/2023\/11\/johanna-siktar-pa-att-bli-konsultchef\/#primaryimage"},"thumbnailUrl":"https:\/\/www.kompetensforetagen.se\/app\/uploads\/sites\/5\/2023\/11\/Brown-White-Craft-Marketing-Mind-Map-Brainstorm-4.png","datePublished":"2023-11-29T10:58:26+00:00","dateModified":"2023-11-29T10:58:27+00:00","description":"Johanna Milton som konsult hos Jovi inom produktion, lager, logistik och verkstad. Fram\u00f6ver siktar hon p\u00e5 att bli konsultchef.","breadcrumb":{"@id":"https:\/\/www.kompetensforetagen.se\/2023\/11\/johanna-siktar-pa-att-bli-konsultchef\/#breadcrumb"},"inLanguage":"sv-SE","potentialAction":[{"@type":"ReadAction","target":["https:\/\/www.kompetensforetagen.se\/2023\/11\/johanna-siktar-pa-att-bli-konsultchef\/"]}]},{"@type":"ImageObject","inLanguage":"sv-SE","@id":"https:\/\/www.kompetensforetagen.se\/2023\/11\/johanna-siktar-pa-att-bli-konsultchef\/#primaryimage","url":"https:\/\/www.kompetensforetagen.se\/app\/uploads\/sites\/5\/2023\/11\/Brown-White-Craft-Marketing-Mind-Map-Brainstorm-4.png","contentUrl":"https:\/\/www.kompetensforetagen.se\/app\/uploads\/sites\/5\/2023\/11\/Brown-White-Craft-Marketing-Mind-Map-Brainstorm-4.png","width":1920,"height":1080,"caption":"Johanna Milton: Johanna siktar p\u00e5 att bli konsultchef"},{"@type":"BreadcrumbList","@id":"https:\/\/www.kompetensforetagen.se\/2023\/11\/johanna-siktar-pa-att-bli-konsultchef\/#breadcrumb","itemListElement":[{"@type":"ListItem","position":1,"name":"Home","item":"https:\/\/www.kompetensforetagen.se\/"},{"@type":"ListItem","position":2,"name":"Johanna siktar p\u00e5 att bli konsultchef"}]},{"@type":"WebSite","@id":"https:\/\/www.kompetensforetagen.se\/#website","url":"https:\/\/www.kompetensforetagen.se\/","name":"Kompetensf\u00f6retagen","description":"R\u00e4tt person p\u00e5 r\u00e4tt plats kan f\u00f6r\u00e4ndra v\u00e4rlden","publisher":{"@id":"https:\/\/www.kompetensforetagen.se\/#organization"},"potentialAction":[{"@type":"SearchAction","target":{"@type":"EntryPoint","urlTemplate":"https:\/\/www.kompetensforetagen.se\/?s={search_term_string}"},"query-input":{"@type":"PropertyValueSpecification","valueRequired":true,"valueName":"search_term_string"}}],"inLanguage":"sv-SE"},{"@type":"Organization","@id":"https:\/\/www.kompetensforetagen.se\/#organization","name":"Kompetensf\u00f6retagen","url":"https:\/\/www.kompetensforetagen.se\/","logo":{"@type":"ImageObject","inLanguage":"sv-SE","@id":"https:\/\/www.kompetensforetagen.se\/#\/schema\/logo\/image\/","url":"https:\/\/www.kompetensforetagen.se\/app\/uploads\/sites\/5\/2022\/10\/logga_svart.png","contentUrl":"https:\/\/www.kompetensforetagen.se\/app\/uploads\/sites\/5\/2022\/10\/logga_svart.png","width":752,"height":64,"caption":"Kompetensf\u00f6retagen"},"image":{"@id":"https:\/\/www.kompetensforetagen.se\/#\/schema\/logo\/image\/"},"sameAs":["https:\/\/www.linkedin.com\/company\/10540032\/"]},{"@type":"Person","@id":"","url":"https:\/\/www.kompetensforetagen.se\/person\/"}]}},"_links":{"self":[{"href":"https:\/\/www.kompetensforetagen.se\/api\/wp\/v2\/posts\/15857","targetHints":{"allow":["GET"]}}],"collection":[{"href":"https:\/\/www.kompetensforetagen.se\/api\/wp\/v2\/posts"}],"about":[{"href":"https:\/\/www.kompetensforetagen.se\/api\/wp\/v2\/types\/post"}],"author":[{"embeddable":true,"href":"https:\/\/www.kompetensforetagen.se\/api\/wp\/v2\/users\/6358"}],"replies":[{"embeddable":true,"href":"https:\/\/www.kompetensforetagen.se\/api\/wp\/v2\/comments?post=15857"}],"version-history":[{"count":7,"href":"https:\/\/www.kompetensforetagen.se\/api\/wp\/v2\/posts\/15857\/revisions"}],"predecessor-version":[{"id":15999,"href":"https:\/\/www.kompetensforetagen.se\/api\/wp\/v2\/posts\/15857\/revisions\/15999"}],"wp:featuredmedia":[{"embeddable":true,"href":"https:\/\/www.kompetensforetagen.se\/api\/wp\/v2\/media\/15997"}],"wp:attachment":[{"href":"https:\/\/www.kompetensforetagen.se\/api\/wp\/v2\/media?parent=15857"}],"wp:term":[{"taxonomy":"category","embeddable":true,"href":"https:\/\/www.kompetensforetagen.se\/api\/wp\/v2\/categories?post=15857"},{"taxonomy":"post_tag","embeddable":true,"href":"https:\/\/www.kompetensforetagen.se\/api\/wp\/v2\/tags?post=15857"},{"taxonomy":"type","embeddable":true,"href":"https:\/\/www.kompetensforetagen.se\/api\/wp\/v2\/article_type?post=15857"},{"taxonomy":"agreement","embeddable":true,"href":"https:\/\/www.kompetensforetagen.se\/api\/wp\/v2\/agreement?post=15857"},{"taxonomy":"for-members","embeddable":true,"href":"https:\/\/www.kompetensforetagen.se\/api\/wp\/v2\/for-members?post=15857"}],"curies":[{"name":"wp","href":"https:\/\/api.w.org\/{rel}","templated":true}]}}