{"id":15701,"date":"2023-11-15T09:58:31","date_gmt":"2023-11-15T08:58:31","guid":{"rendered":"https:\/\/www.kompetensforetagen.se\/?p=15701"},"modified":"2023-11-28T14:51:42","modified_gmt":"2023-11-28T13:51:42","slug":"lagkonjunkturen-satter-avtryck-i-kompetensbranschen","status":"publish","type":"post","link":"https:\/\/www.kompetensforetagen.se\/2023\/11\/lagkonjunkturen-satter-avtryck-i-kompetensbranschen\/","title":{"rendered":"L\u00e5gkonjunkturen s\u00e4tter avtryck i kompetens&shy;branschen\u00a0"},"content":{"rendered":"\n<p>Insamlingen av oms\u00e4ttningsuppgifter fr\u00e5n Kompetensf\u00f6retagens medlemsf\u00f6retag visar p\u00e5 en negativ tillv\u00e4xt med \u00ad4,8 procent under Q3 2023, j\u00e4mf\u00f6rt med <a href=\"https:\/\/www.kompetensforetagen.se\/2022\/11\/positiv-tillvaxt-q3-och-tillforsikt-infor-framtiden\/\">samma period 2022<\/a>. Detta \u00e4r i \u00f6verensst\u00e4mmelse med <a href=\"https:\/\/www.almega.se\/2023\/09\/tjanstesektorn-blir-kallare\/\" target=\"_blank\" rel=\"noreferrer noopener\">Almegas tj\u00e4nsteindikator <\/a>som i september f\u00f6rutsp\u00e5dde att produktionen skulle minska i \u00e5rstakt \u00e4ven under \u00e5rets tredje kvartalet. Ytterligare tecken p\u00e5 en svagare konjunktur i Kompetensf\u00f6retagens kvartalsrapport \u00e4r att rekrytering viker och att omst\u00e4llning f\u00f6rst\u00e4rks n\u00e5got, i enlighet med efterfr\u00e5gan p\u00e5 arbetsmarknaden.<\/p>\n\n\n\n<blockquote class=\"wp-block-quote is-layout-flow wp-block-quote-is-layout-flow\">\n<p>Detta \u00e4r i \u00f6verensst\u00e4mmelse med Almegas tj\u00e4nsteindikator <\/p>\n<\/blockquote>\n\n\n\n<p>\u00c4ven om tj\u00e4nsteomr\u00e5det Bemanning \u00e4r fortsatt klart st\u00f6rst med en oms\u00e4ttningsandel p\u00e5 95 procent av den totala oms\u00e4ttningen, s\u00e5 minskade omr\u00e5det med 4,5 procent fr\u00e5n motsvarande kvartal f\u00f6reg\u00e5ende \u00e5r. N\u00e4st st\u00f6rst oms\u00e4ttningsandel har Rekrytering p\u00e5 2,7 procent, trots en minskning med 16,4. Sedan f\u00f6ljer det minsta omr\u00e5det, Omst\u00e4llning p\u00e5 2,4 procent. D\u00e4r \u00f6kade oms\u00e4ttningen med 1,3 procent fr\u00e5n Q3 2022.<\/p>\n\n\n\n<p>De till oms\u00e4ttningen st\u00f6rsta yrkesomr\u00e5dena under Q3 2023 var fortsatt Industri &amp; Tillverkning med 30 procent av oms\u00e4ttningen, Lager &amp; Logistik med 25 procent av oms\u00e4ttningen samt IT och Administration &amp; Service med 10 respektive 8 procent av oms\u00e4ttningen. I Stockholm, som hade den svagaste oms\u00e4ttningen av de geografiska omr\u00e5dena, minskade oms\u00e4ttningen p\u00e5 i stort sett alla yrkesomr\u00e5den. Denna situation delar Stockholm endast med V\u00e4stsverige.<\/p>\n\n\n\n<p><a href=\"https:\/\/www.kompetensforetagen.se\/app\/uploads\/sites\/5\/2023\/11\/kvartalsrapport_2023_q3.pdf\" target=\"_blank\" rel=\"noreferrer noopener\">L\u00e4s hela kvartalsrapporten Q3 2023<\/a><\/p>\n","protected":false},"excerpt":{"rendered":"<p>Insamlingen av oms\u00e4ttningsuppgifter fr\u00e5n Kompetensf\u00f6retagens medlemsf\u00f6retag visar p\u00e5 en negativ tillv\u00e4xt med \u00ad4,8 procent under Q3 2023, j\u00e4mf\u00f6rt med samma period 2022. Detta \u00e4r i \u00f6verensst\u00e4mmelse med Almegas tj\u00e4nsteindikator som i september f\u00f6rutsp\u00e5dde att produktionen &hellip;<\/p>\n","protected":false},"author":6358,"featured_media":15952,"comment_status":"closed","ping_status":"closed","sticky":false,"template":"","format":"standard","meta":{"_acf_changed":false,"footnotes":""},"categories":[15],"tags":[],"article_type":[219],"agreement":[],"for-members":[],"class_list":["post-15701","post","type-post","status-publish","format-standard","has-post-thumbnail","hentry","category-statistik","type-nyhet"],"acf":[],"yoast_head":"<!-- This site is optimized with the Yoast SEO Premium plugin v26.8 (Yoast SEO v26.8) - https:\/\/yoast.com\/product\/yoast-seo-premium-wordpress\/ -->\n<title>Kvartalsrapport Q3 2023 I Kompetensf\u00f6retagen<\/title>\n<meta name=\"description\" content=\"Oms\u00e4ttningsuppgifter fr\u00e5n Kompetensf\u00f6retagens medlemsf\u00f6retag Q3 2023 visar p\u00e5 en negativ tillv\u00e4xt med \u00ad4,8 procent j\u00e4mf\u00f6rt med 2022.\" \/>\n<meta name=\"robots\" content=\"index, follow, max-snippet:-1, max-image-preview:large, max-video-preview:-1\" \/>\n<link rel=\"canonical\" href=\"https:\/\/www.kompetensforetagen.se\/2023\/11\/lagkonjunkturen-satter-avtryck-i-kompetensbranschen\/\" \/>\n<meta property=\"og:locale\" content=\"sv_SE\" \/>\n<meta property=\"og:type\" content=\"article\" \/>\n<meta property=\"og:title\" content=\"L\u00e5gkonjunkturen s\u00e4tter avtryck i kompetensbranschen\u00a0\" \/>\n<meta property=\"og:description\" content=\"Oms\u00e4ttningsuppgifter fr\u00e5n Kompetensf\u00f6retagens medlemsf\u00f6retag Q3 2023 visar p\u00e5 en negativ tillv\u00e4xt med \u00ad4,8 procent j\u00e4mf\u00f6rt med 2022.\" \/>\n<meta property=\"og:url\" content=\"https:\/\/www.kompetensforetagen.se\/2023\/11\/lagkonjunkturen-satter-avtryck-i-kompetensbranschen\/\" \/>\n<meta property=\"og:site_name\" content=\"Kompetensf\u00f6retagen\" \/>\n<meta property=\"article:published_time\" content=\"2023-11-15T08:58:31+00:00\" \/>\n<meta property=\"article:modified_time\" content=\"2023-11-28T13:51:42+00:00\" \/>\n<meta property=\"og:image\" content=\"https:\/\/www.kompetensforetagen.se\/app\/uploads\/sites\/5\/2023\/11\/Brown-White-Craft-Marketing-Mind-Map-Brainstorm-1.png\" \/>\n\t<meta property=\"og:image:width\" content=\"1920\" \/>\n\t<meta property=\"og:image:height\" content=\"1080\" \/>\n\t<meta property=\"og:image:type\" content=\"image\/png\" \/>\n<meta name=\"twitter:card\" content=\"summary_large_image\" \/>\n<meta name=\"twitter:label1\" content=\"Skriven av\" \/>\n\t<meta name=\"twitter:data1\" content=\"\" \/>\n\t<meta name=\"twitter:label2\" content=\"Ber\u00e4knad l\u00e4stid\" \/>\n\t<meta name=\"twitter:data2\" content=\"2 minuter\" \/>\n<!-- \/ Yoast SEO Premium plugin. -->","yoast_head_json":{"title":"Kvartalsrapport Q3 2023 I Kompetensf\u00f6retagen","description":"Oms\u00e4ttningsuppgifter fr\u00e5n Kompetensf\u00f6retagens medlemsf\u00f6retag Q3 2023 visar p\u00e5 en negativ tillv\u00e4xt med \u00ad4,8 procent j\u00e4mf\u00f6rt med 2022.","robots":{"index":"index","follow":"follow","max-snippet":"max-snippet:-1","max-image-preview":"max-image-preview:large","max-video-preview":"max-video-preview:-1"},"canonical":"https:\/\/www.kompetensforetagen.se\/2023\/11\/lagkonjunkturen-satter-avtryck-i-kompetensbranschen\/","og_locale":"sv_SE","og_type":"article","og_title":"L\u00e5gkonjunkturen s\u00e4tter avtryck i kompetensbranschen\u00a0","og_description":"Oms\u00e4ttningsuppgifter fr\u00e5n Kompetensf\u00f6retagens medlemsf\u00f6retag Q3 2023 visar p\u00e5 en negativ tillv\u00e4xt med \u00ad4,8 procent j\u00e4mf\u00f6rt med 2022.","og_url":"https:\/\/www.kompetensforetagen.se\/2023\/11\/lagkonjunkturen-satter-avtryck-i-kompetensbranschen\/","og_site_name":"Kompetensf\u00f6retagen","article_published_time":"2023-11-15T08:58:31+00:00","article_modified_time":"2023-11-28T13:51:42+00:00","og_image":[{"width":1920,"height":1080,"url":"https:\/\/www.kompetensforetagen.se\/app\/uploads\/sites\/5\/2023\/11\/Brown-White-Craft-Marketing-Mind-Map-Brainstorm-1.png","type":"image\/png"}],"twitter_card":"summary_large_image","twitter_misc":{"Skriven av":"","Ber\u00e4knad l\u00e4stid":"2 minuter"},"schema":{"@context":"https:\/\/schema.org","@graph":[{"@type":"Article","@id":"https:\/\/www.kompetensforetagen.se\/2023\/11\/lagkonjunkturen-satter-avtryck-i-kompetensbranschen\/#article","isPartOf":{"@id":"https:\/\/www.kompetensforetagen.se\/2023\/11\/lagkonjunkturen-satter-avtryck-i-kompetensbranschen\/"},"author":{"name":"","@id":""},"headline":"L\u00e5gkonjunkturen s\u00e4tter avtryck i kompetens&shy;branschen\u00a0","datePublished":"2023-11-15T08:58:31+00:00","dateModified":"2023-11-28T13:51:42+00:00","mainEntityOfPage":{"@id":"https:\/\/www.kompetensforetagen.se\/2023\/11\/lagkonjunkturen-satter-avtryck-i-kompetensbranschen\/"},"wordCount":245,"publisher":{"@id":"https:\/\/www.kompetensforetagen.se\/#organization"},"image":{"@id":"https:\/\/www.kompetensforetagen.se\/2023\/11\/lagkonjunkturen-satter-avtryck-i-kompetensbranschen\/#primaryimage"},"thumbnailUrl":"https:\/\/www.kompetensforetagen.se\/app\/uploads\/sites\/5\/2023\/11\/Brown-White-Craft-Marketing-Mind-Map-Brainstorm-1.png","articleSection":["Statistik"],"inLanguage":"sv-SE"},{"@type":"WebPage","@id":"https:\/\/www.kompetensforetagen.se\/2023\/11\/lagkonjunkturen-satter-avtryck-i-kompetensbranschen\/","url":"https:\/\/www.kompetensforetagen.se\/2023\/11\/lagkonjunkturen-satter-avtryck-i-kompetensbranschen\/","name":"Kvartalsrapport Q3 2023 I Kompetensf\u00f6retagen","isPartOf":{"@id":"https:\/\/www.kompetensforetagen.se\/#website"},"primaryImageOfPage":{"@id":"https:\/\/www.kompetensforetagen.se\/2023\/11\/lagkonjunkturen-satter-avtryck-i-kompetensbranschen\/#primaryimage"},"image":{"@id":"https:\/\/www.kompetensforetagen.se\/2023\/11\/lagkonjunkturen-satter-avtryck-i-kompetensbranschen\/#primaryimage"},"thumbnailUrl":"https:\/\/www.kompetensforetagen.se\/app\/uploads\/sites\/5\/2023\/11\/Brown-White-Craft-Marketing-Mind-Map-Brainstorm-1.png","datePublished":"2023-11-15T08:58:31+00:00","dateModified":"2023-11-28T13:51:42+00:00","description":"Oms\u00e4ttningsuppgifter fr\u00e5n Kompetensf\u00f6retagens medlemsf\u00f6retag Q3 2023 visar p\u00e5 en negativ tillv\u00e4xt med \u00ad4,8 procent j\u00e4mf\u00f6rt med 2022.","breadcrumb":{"@id":"https:\/\/www.kompetensforetagen.se\/2023\/11\/lagkonjunkturen-satter-avtryck-i-kompetensbranschen\/#breadcrumb"},"inLanguage":"sv-SE","potentialAction":[{"@type":"ReadAction","target":["https:\/\/www.kompetensforetagen.se\/2023\/11\/lagkonjunkturen-satter-avtryck-i-kompetensbranschen\/"]}]},{"@type":"ImageObject","inLanguage":"sv-SE","@id":"https:\/\/www.kompetensforetagen.se\/2023\/11\/lagkonjunkturen-satter-avtryck-i-kompetensbranschen\/#primaryimage","url":"https:\/\/www.kompetensforetagen.se\/app\/uploads\/sites\/5\/2023\/11\/Brown-White-Craft-Marketing-Mind-Map-Brainstorm-1.png","contentUrl":"https:\/\/www.kompetensforetagen.se\/app\/uploads\/sites\/5\/2023\/11\/Brown-White-Craft-Marketing-Mind-Map-Brainstorm-1.png","width":1920,"height":1080,"caption":"Kvartalsrapport Q3 2023: L\u00e5gkonjunkturen s\u00e4tter avtryck i kompetensbranschen"},{"@type":"BreadcrumbList","@id":"https:\/\/www.kompetensforetagen.se\/2023\/11\/lagkonjunkturen-satter-avtryck-i-kompetensbranschen\/#breadcrumb","itemListElement":[{"@type":"ListItem","position":1,"name":"Home","item":"https:\/\/www.kompetensforetagen.se\/"},{"@type":"ListItem","position":2,"name":"L\u00e5gkonjunkturen s\u00e4tter avtryck i kompetens&shy;branschen\u00a0"}]},{"@type":"WebSite","@id":"https:\/\/www.kompetensforetagen.se\/#website","url":"https:\/\/www.kompetensforetagen.se\/","name":"Kompetensf\u00f6retagen","description":"R\u00e4tt person p\u00e5 r\u00e4tt plats kan f\u00f6r\u00e4ndra v\u00e4rlden","publisher":{"@id":"https:\/\/www.kompetensforetagen.se\/#organization"},"potentialAction":[{"@type":"SearchAction","target":{"@type":"EntryPoint","urlTemplate":"https:\/\/www.kompetensforetagen.se\/?s={search_term_string}"},"query-input":{"@type":"PropertyValueSpecification","valueRequired":true,"valueName":"search_term_string"}}],"inLanguage":"sv-SE"},{"@type":"Organization","@id":"https:\/\/www.kompetensforetagen.se\/#organization","name":"Kompetensf\u00f6retagen","url":"https:\/\/www.kompetensforetagen.se\/","logo":{"@type":"ImageObject","inLanguage":"sv-SE","@id":"https:\/\/www.kompetensforetagen.se\/#\/schema\/logo\/image\/","url":"https:\/\/www.kompetensforetagen.se\/app\/uploads\/sites\/5\/2022\/10\/logga_svart.png","contentUrl":"https:\/\/www.kompetensforetagen.se\/app\/uploads\/sites\/5\/2022\/10\/logga_svart.png","width":752,"height":64,"caption":"Kompetensf\u00f6retagen"},"image":{"@id":"https:\/\/www.kompetensforetagen.se\/#\/schema\/logo\/image\/"},"sameAs":["https:\/\/www.linkedin.com\/company\/10540032\/"]},{"@type":"Person","@id":"","url":"https:\/\/www.kompetensforetagen.se\/person\/"}]}},"_links":{"self":[{"href":"https:\/\/www.kompetensforetagen.se\/api\/wp\/v2\/posts\/15701","targetHints":{"allow":["GET"]}}],"collection":[{"href":"https:\/\/www.kompetensforetagen.se\/api\/wp\/v2\/posts"}],"about":[{"href":"https:\/\/www.kompetensforetagen.se\/api\/wp\/v2\/types\/post"}],"author":[{"embeddable":true,"href":"https:\/\/www.kompetensforetagen.se\/api\/wp\/v2\/users\/6358"}],"replies":[{"embeddable":true,"href":"https:\/\/www.kompetensforetagen.se\/api\/wp\/v2\/comments?post=15701"}],"version-history":[{"count":1,"href":"https:\/\/www.kompetensforetagen.se\/api\/wp\/v2\/posts\/15701\/revisions"}],"predecessor-version":[{"id":15757,"href":"https:\/\/www.kompetensforetagen.se\/api\/wp\/v2\/posts\/15701\/revisions\/15757"}],"wp:featuredmedia":[{"embeddable":true,"href":"https:\/\/www.kompetensforetagen.se\/api\/wp\/v2\/media\/15952"}],"wp:attachment":[{"href":"https:\/\/www.kompetensforetagen.se\/api\/wp\/v2\/media?parent=15701"}],"wp:term":[{"taxonomy":"category","embeddable":true,"href":"https:\/\/www.kompetensforetagen.se\/api\/wp\/v2\/categories?post=15701"},{"taxonomy":"post_tag","embeddable":true,"href":"https:\/\/www.kompetensforetagen.se\/api\/wp\/v2\/tags?post=15701"},{"taxonomy":"type","embeddable":true,"href":"https:\/\/www.kompetensforetagen.se\/api\/wp\/v2\/article_type?post=15701"},{"taxonomy":"agreement","embeddable":true,"href":"https:\/\/www.kompetensforetagen.se\/api\/wp\/v2\/agreement?post=15701"},{"taxonomy":"for-members","embeddable":true,"href":"https:\/\/www.kompetensforetagen.se\/api\/wp\/v2\/for-members?post=15701"}],"curies":[{"name":"wp","href":"https:\/\/api.w.org\/{rel}","templated":true}]}}