{"id":15577,"date":"2023-11-07T13:00:00","date_gmt":"2023-11-07T12:00:00","guid":{"rendered":"https:\/\/www.kompetensforetagen.se\/?p=15577"},"modified":"2023-11-07T13:07:33","modified_gmt":"2023-11-07T12:07:33","slug":"jubileumsintervju-med-forbundsdirektor-patrik-eidfelt","status":"publish","type":"post","link":"https:\/\/www.kompetensforetagen.se\/2023\/11\/jubileumsintervju-med-forbundsdirektor-patrik-eidfelt\/","title":{"rendered":"Jubileumsintervju med f\u00f6rbundsdirekt\u00f6r Patrik Eidfelt"},"content":{"rendered":"\n<p>Hej, Patrik Eidfelt. I \u00e5r firar Kompetensf\u00f6retagen 20 \u00e5r som f\u00f6rbund och 30 \u00e5r av<a href=\"https:\/\/www.kompetensforetagen.se\/2023\/02\/arbetsformedlingsmonopolets-tid\/\" target=\"_blank\" rel=\"noreferrer noopener\"> avreglerad arbetsf\u00f6rmedling<\/a>. 2018 tilltr\u00e4dde du som f\u00f6rbundsdirekt\u00f6r f\u00f6r d\u00e5varande Bemanningsf\u00f6retagen. Vi \u00e4r lite nyfikna p\u00e5 hur det var f\u00f6r fem \u00e5r sedan.<\/p>\n\n\n\n<p><strong>Vad visste du om branschen innan du b\u00f6rjade?<\/strong><br>-Jag jobbade redan p\u00e5 <a href=\"https:\/\/www.almega.se\/\" target=\"_blank\" rel=\"noreferrer noopener\">Almega<\/a>, s\u00e5 lite koll hade jag ju. Jag visste att det \u00e4r en relativt ung bransch, med stark tillv\u00e4xt, och att den varit ifr\u00e5gasatt \u00a0<\/p>\n\n\n\n<p><strong>Vad f\u00f6rv\u00e5nade dig mest?<\/strong>\u00a0<br>&#8211; Den bredd av tj\u00e4nster som branschen levererar. Jag har uppt\u00e4ckt att den okunskapen \u00e4r ganska utbredd, och att det ligger ett l\u00e5ngsiktigt arbete i att upplysa om bland annat det.<\/p>\n\n\n\n<blockquote class=\"wp-block-quote is-layout-flow wp-block-quote-is-layout-flow\">\n<p>Det finns en stark gl\u00e4dje, drivkraft och skicklighet bland v\u00e5ra medlemmar<\/p>\n<\/blockquote>\n\n\n\n<p><strong>Vad \u00e4r roligast med att jobba i branschen?<\/strong><\/p>\n\n\n\n<p>-All kontakt med f\u00f6retagen! De finns i hela landet och t\u00e4cker in hela arbetsmarknaden. Det finns alltid n\u00e5got att l\u00e4ra i stort och sm\u00e5tt i den kontakten.<\/p>\n\n\n\n<p><strong>Hur ser samarbetet med facken ut?<\/strong><br>-Jag tycker samarbetet fungerar bra. Kompetensbranschen \u00e4r en integrerad del av den svenska modellen, och det \u00e4r viktigt och bra. Visst har vi utmaningar ibland men det finns \u00e4nd\u00e5 en grundl\u00e4ggande bra dialog.<\/p>\n\n\n\n<blockquote class=\"wp-block-quote is-layout-flow wp-block-quote-is-layout-flow\">\n<p>Var stolta \u00f6ver vad ni som f\u00f6retag bidrar med!<\/p>\n<\/blockquote>\n\n\n\n<p><strong>Hur ser du p\u00e5 branschens framtid?<\/strong><br>&#8211; Definitivt positivt! Branschen inneh\u00e5ller oerh\u00f6rt viktiga komponenter f\u00f6r att den svenska arbetsmarknaden ska fungera s\u00e5 bra som m\u00f6jligt; den hj\u00e4lper m\u00e4nniskor till jobb och verksamheter att fungera och utvecklas. Det finns en stark gl\u00e4dje, drivkraft och skicklighet bland v\u00e5ra medlemmar n\u00e4r det kommer till att matcha kompetens med dem som s\u00f6ker den. F\u00f6rdelen med att branschen \u00e4r s\u00e5 ung som jag tidigare n\u00e4mnde, \u00e4r att den \u00e4r p\u00e5 t\u00e5rna och m\u00e4rker av f\u00f6r\u00e4ndring n\u00e4stan innan den h\u00e4nt. \u00a0<\/p>\n\n\n\n<p><strong>Vad vill du h\u00e4lsa till alla medlemsf\u00f6retag och alla de som jobbar i branschen?<\/strong><br>&#8211; Var stolta \u00f6ver vad ni som f\u00f6retag bidrar med! Genom \u00e5ren har ni skapat hundratusentals jobb och satt nyckelkompetenser p\u00e5 r\u00e4tt st\u00e4lle. Dessutom har ni gett betydande bidrag till statskassan bara genom skatteint\u00e4kterna, som bara f\u00f6r 2021 motsvarade kostnaden f\u00f6r att bygga en dubbelsp\u00e5rig j\u00e4rnv\u00e4g Stockholm till Malm\u00f6.<\/p>\n","protected":false},"excerpt":{"rendered":"<p>Hej, Patrik Eidfelt. I \u00e5r firar Kompetensf\u00f6retagen 20 \u00e5r som f\u00f6rbund och 30 \u00e5r av avreglerad arbetsf\u00f6rmedling. 2018 tilltr\u00e4dde du som f\u00f6rbundsdirekt\u00f6r f\u00f6r d\u00e5varande Bemanningsf\u00f6retagen. Vi \u00e4r lite nyfikna p\u00e5 hur det var f\u00f6r fem &hellip;<\/p>\n","protected":false},"author":6358,"featured_media":5770,"comment_status":"closed","ping_status":"closed","sticky":false,"template":"","format":"standard","meta":{"_acf_changed":false,"footnotes":""},"categories":[1],"tags":[],"article_type":[8],"agreement":[],"for-members":[],"class_list":["post-15577","post","type-post","status-publish","format-standard","has-post-thumbnail","hentry","category-okategoriserade","type-aktuellt"],"acf":[],"yoast_head":"<!-- This site is optimized with the Yoast SEO Premium plugin v26.8 (Yoast SEO v26.8) - https:\/\/yoast.com\/product\/yoast-seo-premium-wordpress\/ -->\n<title>Jubileumsintervju med f\u00f6rbundsdirekt\u00f6r Patrik Eidfelt<\/title>\n<meta name=\"description\" content=\"Patrik Eidfelt tilltr\u00e4dde tilltr\u00e4dde 2018 som f\u00f6rbundsdirekt\u00f6r f\u00f6r d\u00e5varande Bemanningsf\u00f6retagen. Vi \u00e4r lite nyfikna p\u00e5 hur det var f\u00f6r fem \u00e5r sedan.\" \/>\n<meta name=\"robots\" content=\"index, follow, max-snippet:-1, max-image-preview:large, max-video-preview:-1\" \/>\n<link rel=\"canonical\" href=\"https:\/\/www.kompetensforetagen.se\/2023\/11\/jubileumsintervju-med-forbundsdirektor-patrik-eidfelt\/\" \/>\n<meta property=\"og:locale\" content=\"sv_SE\" \/>\n<meta property=\"og:type\" content=\"article\" \/>\n<meta property=\"og:title\" content=\"Jubileumsintervju med f\u00f6rbundsdirekt\u00f6r Patrik Eidfelt\" \/>\n<meta property=\"og:description\" content=\"Patrik Eidfelt tilltr\u00e4dde tilltr\u00e4dde 2018 som f\u00f6rbundsdirekt\u00f6r f\u00f6r d\u00e5varande Bemanningsf\u00f6retagen. Vi \u00e4r lite nyfikna p\u00e5 hur det var f\u00f6r fem \u00e5r sedan.\" \/>\n<meta property=\"og:url\" content=\"https:\/\/www.kompetensforetagen.se\/2023\/11\/jubileumsintervju-med-forbundsdirektor-patrik-eidfelt\/\" \/>\n<meta property=\"og:site_name\" content=\"Kompetensf\u00f6retagen\" \/>\n<meta property=\"article:published_time\" content=\"2023-11-07T12:00:00+00:00\" \/>\n<meta property=\"article:modified_time\" content=\"2023-11-07T12:07:33+00:00\" \/>\n<meta property=\"og:image\" content=\"https:\/\/www.kompetensforetagen.se\/app\/uploads\/sites\/5\/2020\/12\/dsc0113-scaled.jpg\" \/>\n\t<meta property=\"og:image:width\" content=\"2560\" \/>\n\t<meta property=\"og:image:height\" content=\"1706\" \/>\n\t<meta property=\"og:image:type\" content=\"image\/jpeg\" \/>\n<meta name=\"twitter:card\" content=\"summary_large_image\" \/>\n<meta name=\"twitter:label1\" content=\"Skriven av\" \/>\n\t<meta name=\"twitter:data1\" content=\"\" \/>\n\t<meta name=\"twitter:label2\" content=\"Ber\u00e4knad l\u00e4stid\" \/>\n\t<meta name=\"twitter:data2\" content=\"2 minuter\" \/>\n<!-- \/ Yoast SEO Premium plugin. -->","yoast_head_json":{"title":"Jubileumsintervju med f\u00f6rbundsdirekt\u00f6r Patrik Eidfelt","description":"Patrik Eidfelt tilltr\u00e4dde tilltr\u00e4dde 2018 som f\u00f6rbundsdirekt\u00f6r f\u00f6r d\u00e5varande Bemanningsf\u00f6retagen. Vi \u00e4r lite nyfikna p\u00e5 hur det var f\u00f6r fem \u00e5r sedan.","robots":{"index":"index","follow":"follow","max-snippet":"max-snippet:-1","max-image-preview":"max-image-preview:large","max-video-preview":"max-video-preview:-1"},"canonical":"https:\/\/www.kompetensforetagen.se\/2023\/11\/jubileumsintervju-med-forbundsdirektor-patrik-eidfelt\/","og_locale":"sv_SE","og_type":"article","og_title":"Jubileumsintervju med f\u00f6rbundsdirekt\u00f6r Patrik Eidfelt","og_description":"Patrik Eidfelt tilltr\u00e4dde tilltr\u00e4dde 2018 som f\u00f6rbundsdirekt\u00f6r f\u00f6r d\u00e5varande Bemanningsf\u00f6retagen. Vi \u00e4r lite nyfikna p\u00e5 hur det var f\u00f6r fem \u00e5r sedan.","og_url":"https:\/\/www.kompetensforetagen.se\/2023\/11\/jubileumsintervju-med-forbundsdirektor-patrik-eidfelt\/","og_site_name":"Kompetensf\u00f6retagen","article_published_time":"2023-11-07T12:00:00+00:00","article_modified_time":"2023-11-07T12:07:33+00:00","og_image":[{"width":2560,"height":1706,"url":"https:\/\/www.kompetensforetagen.se\/app\/uploads\/sites\/5\/2020\/12\/dsc0113-scaled.jpg","type":"image\/jpeg"}],"twitter_card":"summary_large_image","twitter_misc":{"Skriven av":"","Ber\u00e4knad l\u00e4stid":"2 minuter"},"schema":{"@context":"https:\/\/schema.org","@graph":[{"@type":"Article","@id":"https:\/\/www.kompetensforetagen.se\/2023\/11\/jubileumsintervju-med-forbundsdirektor-patrik-eidfelt\/#article","isPartOf":{"@id":"https:\/\/www.kompetensforetagen.se\/2023\/11\/jubileumsintervju-med-forbundsdirektor-patrik-eidfelt\/"},"author":{"name":"","@id":""},"headline":"Jubileumsintervju med f\u00f6rbundsdirekt\u00f6r Patrik Eidfelt","datePublished":"2023-11-07T12:00:00+00:00","dateModified":"2023-11-07T12:07:33+00:00","mainEntityOfPage":{"@id":"https:\/\/www.kompetensforetagen.se\/2023\/11\/jubileumsintervju-med-forbundsdirektor-patrik-eidfelt\/"},"wordCount":408,"publisher":{"@id":"https:\/\/www.kompetensforetagen.se\/#organization"},"image":{"@id":"https:\/\/www.kompetensforetagen.se\/2023\/11\/jubileumsintervju-med-forbundsdirektor-patrik-eidfelt\/#primaryimage"},"thumbnailUrl":"https:\/\/www.kompetensforetagen.se\/app\/uploads\/sites\/5\/2020\/12\/dsc0113-scaled.jpg","inLanguage":"sv-SE"},{"@type":"WebPage","@id":"https:\/\/www.kompetensforetagen.se\/2023\/11\/jubileumsintervju-med-forbundsdirektor-patrik-eidfelt\/","url":"https:\/\/www.kompetensforetagen.se\/2023\/11\/jubileumsintervju-med-forbundsdirektor-patrik-eidfelt\/","name":"Jubileumsintervju med f\u00f6rbundsdirekt\u00f6r Patrik Eidfelt","isPartOf":{"@id":"https:\/\/www.kompetensforetagen.se\/#website"},"primaryImageOfPage":{"@id":"https:\/\/www.kompetensforetagen.se\/2023\/11\/jubileumsintervju-med-forbundsdirektor-patrik-eidfelt\/#primaryimage"},"image":{"@id":"https:\/\/www.kompetensforetagen.se\/2023\/11\/jubileumsintervju-med-forbundsdirektor-patrik-eidfelt\/#primaryimage"},"thumbnailUrl":"https:\/\/www.kompetensforetagen.se\/app\/uploads\/sites\/5\/2020\/12\/dsc0113-scaled.jpg","datePublished":"2023-11-07T12:00:00+00:00","dateModified":"2023-11-07T12:07:33+00:00","description":"Patrik Eidfelt tilltr\u00e4dde tilltr\u00e4dde 2018 som f\u00f6rbundsdirekt\u00f6r f\u00f6r d\u00e5varande Bemanningsf\u00f6retagen. Vi \u00e4r lite nyfikna p\u00e5 hur det var f\u00f6r fem \u00e5r sedan.","breadcrumb":{"@id":"https:\/\/www.kompetensforetagen.se\/2023\/11\/jubileumsintervju-med-forbundsdirektor-patrik-eidfelt\/#breadcrumb"},"inLanguage":"sv-SE","potentialAction":[{"@type":"ReadAction","target":["https:\/\/www.kompetensforetagen.se\/2023\/11\/jubileumsintervju-med-forbundsdirektor-patrik-eidfelt\/"]}]},{"@type":"ImageObject","inLanguage":"sv-SE","@id":"https:\/\/www.kompetensforetagen.se\/2023\/11\/jubileumsintervju-med-forbundsdirektor-patrik-eidfelt\/#primaryimage","url":"https:\/\/www.kompetensforetagen.se\/app\/uploads\/sites\/5\/2020\/12\/dsc0113-scaled.jpg","contentUrl":"https:\/\/www.kompetensforetagen.se\/app\/uploads\/sites\/5\/2020\/12\/dsc0113-scaled.jpg","width":2560,"height":1706,"caption":"Patrik Eidfelt, f\u00f6rbundsordf\u00f6rande i Kompetensf\u00f6retagen, med stort leende"},{"@type":"BreadcrumbList","@id":"https:\/\/www.kompetensforetagen.se\/2023\/11\/jubileumsintervju-med-forbundsdirektor-patrik-eidfelt\/#breadcrumb","itemListElement":[{"@type":"ListItem","position":1,"name":"Home","item":"https:\/\/www.kompetensforetagen.se\/"},{"@type":"ListItem","position":2,"name":"Jubileumsintervju med f\u00f6rbundsdirekt\u00f6r Patrik Eidfelt"}]},{"@type":"WebSite","@id":"https:\/\/www.kompetensforetagen.se\/#website","url":"https:\/\/www.kompetensforetagen.se\/","name":"Kompetensf\u00f6retagen","description":"R\u00e4tt person p\u00e5 r\u00e4tt plats kan f\u00f6r\u00e4ndra v\u00e4rlden","publisher":{"@id":"https:\/\/www.kompetensforetagen.se\/#organization"},"potentialAction":[{"@type":"SearchAction","target":{"@type":"EntryPoint","urlTemplate":"https:\/\/www.kompetensforetagen.se\/?s={search_term_string}"},"query-input":{"@type":"PropertyValueSpecification","valueRequired":true,"valueName":"search_term_string"}}],"inLanguage":"sv-SE"},{"@type":"Organization","@id":"https:\/\/www.kompetensforetagen.se\/#organization","name":"Kompetensf\u00f6retagen","url":"https:\/\/www.kompetensforetagen.se\/","logo":{"@type":"ImageObject","inLanguage":"sv-SE","@id":"https:\/\/www.kompetensforetagen.se\/#\/schema\/logo\/image\/","url":"https:\/\/www.kompetensforetagen.se\/app\/uploads\/sites\/5\/2022\/10\/logga_svart.png","contentUrl":"https:\/\/www.kompetensforetagen.se\/app\/uploads\/sites\/5\/2022\/10\/logga_svart.png","width":752,"height":64,"caption":"Kompetensf\u00f6retagen"},"image":{"@id":"https:\/\/www.kompetensforetagen.se\/#\/schema\/logo\/image\/"},"sameAs":["https:\/\/www.linkedin.com\/company\/10540032\/"]},{"@type":"Person","@id":"","url":"https:\/\/www.kompetensforetagen.se\/person\/"}]}},"_links":{"self":[{"href":"https:\/\/www.kompetensforetagen.se\/api\/wp\/v2\/posts\/15577","targetHints":{"allow":["GET"]}}],"collection":[{"href":"https:\/\/www.kompetensforetagen.se\/api\/wp\/v2\/posts"}],"about":[{"href":"https:\/\/www.kompetensforetagen.se\/api\/wp\/v2\/types\/post"}],"author":[{"embeddable":true,"href":"https:\/\/www.kompetensforetagen.se\/api\/wp\/v2\/users\/6358"}],"replies":[{"embeddable":true,"href":"https:\/\/www.kompetensforetagen.se\/api\/wp\/v2\/comments?post=15577"}],"version-history":[{"count":2,"href":"https:\/\/www.kompetensforetagen.se\/api\/wp\/v2\/posts\/15577\/revisions"}],"predecessor-version":[{"id":15632,"href":"https:\/\/www.kompetensforetagen.se\/api\/wp\/v2\/posts\/15577\/revisions\/15632"}],"wp:featuredmedia":[{"embeddable":true,"href":"https:\/\/www.kompetensforetagen.se\/api\/wp\/v2\/media\/5770"}],"wp:attachment":[{"href":"https:\/\/www.kompetensforetagen.se\/api\/wp\/v2\/media?parent=15577"}],"wp:term":[{"taxonomy":"category","embeddable":true,"href":"https:\/\/www.kompetensforetagen.se\/api\/wp\/v2\/categories?post=15577"},{"taxonomy":"post_tag","embeddable":true,"href":"https:\/\/www.kompetensforetagen.se\/api\/wp\/v2\/tags?post=15577"},{"taxonomy":"type","embeddable":true,"href":"https:\/\/www.kompetensforetagen.se\/api\/wp\/v2\/article_type?post=15577"},{"taxonomy":"agreement","embeddable":true,"href":"https:\/\/www.kompetensforetagen.se\/api\/wp\/v2\/agreement?post=15577"},{"taxonomy":"for-members","embeddable":true,"href":"https:\/\/www.kompetensforetagen.se\/api\/wp\/v2\/for-members?post=15577"}],"curies":[{"name":"wp","href":"https:\/\/api.w.org\/{rel}","templated":true}]}}