{"id":15521,"date":"2023-10-31T14:10:52","date_gmt":"2023-10-31T13:10:52","guid":{"rendered":"https:\/\/www.kompetensforetagen.se\/?p=15521"},"modified":"2023-11-21T13:23:23","modified_gmt":"2023-11-21T12:23:23","slug":"vinnarintervju-med-arets-rekrterare","status":"publish","type":"post","link":"https:\/\/www.kompetensforetagen.se\/2023\/10\/vinnarintervju-med-arets-rekrterare\/","title":{"rendered":"Vinnarintervju med \u00c5rets rekryterare"},"content":{"rendered":"\n<p>Kompetensf\u00f6retagen har delat ut priset \u00c5rets rekryterare f\u00f6r f\u00f6rsta g\u00e5ngen. Vi har intervjuat den \u00f6verraskade vinnaren, Elsa Khan, f\u00f6r att f\u00e5 veta lite mer om henne. Vi fick bland annat veta att hon \u00e4r en riktig raket i yrket\u2013 hon har jobbat som rekryterare under bara ett \u00e5r!&nbsp;&nbsp;<\/p>\n\n\n\n<p><strong>F\u00f6rst m\u00e5ste vi ta den klassiska sportfr\u00e5gan. Hur k\u00e4nns det?<\/strong>&nbsp;<\/p>\n\n\n\n<p>-Det \u00e4r sv\u00e5rt att ta in! F\u00f6rst och fr\u00e4mst att ens blivit nominerad och g\u00e5tt vidare, men att man vann? Nej det \u00e4r helt overkligt. Otroligt kul!&nbsp;<\/p>\n\n\n\n<p><strong>Vad g\u00f6r du p\u00e5 jobbet?<\/strong>&nbsp;<\/p>\n\n\n\n<p>&#8211; Oj, lite allt m\u00f6jligt. Vissa dagar g\u00e4ller det att hitta 40 \u201df\u00e4rdiga\u201d kandidater inom 72 timmar. Men andra dagar kan det ocks\u00e5 vara att kolla igenom videointervjuer, jaga in intyg och sj\u00e4lvklart ta en kopp kaffe och prata med kollegorna p\u00e5 kontoret.&nbsp;<\/p>\n\n\n\n<blockquote class=\"wp-block-quote is-layout-flow wp-block-quote-is-layout-flow\">\n<p>Jag har alltid t\u00e4nkt att jag skulle in i HR-v\u00e4rlden p\u00e5 ett eller annat s\u00e4tt<\/p>\n<\/blockquote>\n\n\n\n<p><strong>Hur l\u00e4nge har du jobbat som rekryterare?<\/strong>&nbsp;<\/p>\n\n\n\n<p>&#8211; Jag b\u00f6rjade som nationell rekryterare juni 2022.&nbsp;<\/p>\n\n\n\n<p><strong>Hur kommer det sig att du b\u00f6rjade jobba som rekryterare?<\/strong>&nbsp;<\/p>\n\n\n\n<p>&#8211; Jag har alltid t\u00e4nkt att jag skulle in i HR-v\u00e4rlden p\u00e5 ett eller annat s\u00e4tt. S\u00e5 jag s\u00f6kte mig till en helt annan roll inom Adecco och efter tv\u00e5 m\u00e5nader s\u00e5 fick jag chans att bli nationell rekryterare i mitt nuvarande team. Vilket jag \u00e4r s\u00e5 glad \u00f6ver att jag f\u00e5r vara en del av!&nbsp;<\/p>\n\n\n\n<p><strong>Vad \u00e4r det b\u00e4sta med att jobba som rekryterare?<\/strong>&nbsp;<\/p>\n\n\n\n<p>&#8211; Hmm\u2026 Det \u00e4r faktiskt otroligt roligt och f\u00e5 g\u00f6ra kundbes\u00f6k och se att ens d\u00e5varande kandidat ist\u00e4llet blivit en konsult med arbetskl\u00e4derna p\u00e5 och representerar Adecco samt f\u00e5r jobba \u00e5t en av Sveriges st\u00f6rsta lastbilsleverant\u00f6r.&nbsp;&nbsp;<\/p>\n\n\n\n<p><strong>Vad g\u00f6r du n\u00e4r du inte jobbar?&nbsp;<\/strong>&nbsp;<\/p>\n\n\n\n<p>&#8211; Ett klassiskt svar s\u00e5som tr\u00e4ffar familj och v\u00e4nner, tr\u00e4nar, m\u00e5lar lite canvas-tavlor kanske?&nbsp;&nbsp;<\/p>\n\n\n\n<p><strong>Namn: <\/strong>Elsa Khan&nbsp;&nbsp;<\/p>\n\n\n\n<p><strong>\u00c5lder:<\/strong> 24&nbsp;&nbsp;<\/p>\n\n\n\n<p><strong>Bor: <\/strong>G\u00f6teborg&nbsp;&nbsp;<\/p>\n\n\n\n<p><strong>Anst\u00e4lld hos:<\/strong> Adecco&nbsp;&nbsp;<\/p>\n\n\n\n<p><strong>Aktuell med:<\/strong> Vinnare av \u00c5rets rekryterare 2023&nbsp;<\/p>\n","protected":false},"excerpt":{"rendered":"<p>Kompetensf\u00f6retagen har delat ut priset \u00c5rets rekryterare f\u00f6r f\u00f6rsta g\u00e5ngen. Vi har intervjuat den \u00f6verraskade vinnaren, Elsa Khan, f\u00f6r att f\u00e5 veta lite mer om henne. Vi fick bland annat veta att hon \u00e4r en &hellip;<\/p>\n","protected":false},"author":14830,"featured_media":15465,"comment_status":"closed","ping_status":"closed","sticky":false,"template":"","format":"standard","meta":{"_acf_changed":false,"footnotes":""},"categories":[204],"tags":[],"article_type":[8],"agreement":[],"for-members":[],"class_list":["post-15521","post","type-post","status-publish","format-standard","has-post-thumbnail","hentry","category-konsult","type-aktuellt"],"acf":[],"yoast_head":"<!-- This site is optimized with the Yoast SEO Premium plugin v26.8 (Yoast SEO v26.8) - https:\/\/yoast.com\/product\/yoast-seo-premium-wordpress\/ -->\n<title>\u00c5rets rekryterare 2023 \u00e4r Elsa Khan<\/title>\n<meta name=\"description\" content=\"Kompetensf\u00f6retagens uts\u00e5g \u00c5rets rekryterare, priset gick i \u00e5r till Elsa Khan fr\u00e5n Adecco. Stort grattis till dig.\" \/>\n<meta name=\"robots\" content=\"index, follow, max-snippet:-1, max-image-preview:large, max-video-preview:-1\" \/>\n<link rel=\"canonical\" href=\"https:\/\/www.kompetensforetagen.se\/2023\/10\/vinnarintervju-med-arets-rekrterare\/\" \/>\n<meta property=\"og:locale\" content=\"sv_SE\" \/>\n<meta property=\"og:type\" content=\"article\" \/>\n<meta property=\"og:title\" content=\"Vinnarintervju med \u00c5rets rekryterare\" \/>\n<meta property=\"og:description\" content=\"Kompetensf\u00f6retagens uts\u00e5g \u00c5rets rekryterare, priset gick i \u00e5r till Elsa Khan fr\u00e5n Adecco. Stort grattis till dig.\" \/>\n<meta property=\"og:url\" content=\"https:\/\/www.kompetensforetagen.se\/2023\/10\/vinnarintervju-med-arets-rekrterare\/\" \/>\n<meta property=\"og:site_name\" content=\"Kompetensf\u00f6retagen\" \/>\n<meta property=\"article:published_time\" content=\"2023-10-31T13:10:52+00:00\" \/>\n<meta property=\"article:modified_time\" content=\"2023-11-21T12:23:23+00:00\" \/>\n<meta property=\"og:image\" content=\"https:\/\/www.kompetensforetagen.se\/app\/uploads\/sites\/5\/2023\/10\/AS26687.jpg\" \/>\n\t<meta property=\"og:image:width\" content=\"2048\" \/>\n\t<meta property=\"og:image:height\" content=\"1365\" \/>\n\t<meta property=\"og:image:type\" content=\"image\/jpeg\" \/>\n<meta name=\"author\" content=\"camillagunnar2\" \/>\n<meta name=\"twitter:card\" content=\"summary_large_image\" \/>\n<meta name=\"twitter:label1\" content=\"Skriven av\" \/>\n\t<meta name=\"twitter:data1\" content=\"camillagunnar2\" \/>\n\t<meta name=\"twitter:label2\" content=\"Ber\u00e4knad l\u00e4stid\" \/>\n\t<meta name=\"twitter:data2\" content=\"2 minuter\" \/>\n<!-- \/ Yoast SEO Premium plugin. -->","yoast_head_json":{"title":"\u00c5rets rekryterare 2023 \u00e4r Elsa Khan","description":"Kompetensf\u00f6retagens uts\u00e5g \u00c5rets rekryterare, priset gick i \u00e5r till Elsa Khan fr\u00e5n Adecco. Stort grattis till dig.","robots":{"index":"index","follow":"follow","max-snippet":"max-snippet:-1","max-image-preview":"max-image-preview:large","max-video-preview":"max-video-preview:-1"},"canonical":"https:\/\/www.kompetensforetagen.se\/2023\/10\/vinnarintervju-med-arets-rekrterare\/","og_locale":"sv_SE","og_type":"article","og_title":"Vinnarintervju med \u00c5rets rekryterare","og_description":"Kompetensf\u00f6retagens uts\u00e5g \u00c5rets rekryterare, priset gick i \u00e5r till Elsa Khan fr\u00e5n Adecco. Stort grattis till dig.","og_url":"https:\/\/www.kompetensforetagen.se\/2023\/10\/vinnarintervju-med-arets-rekrterare\/","og_site_name":"Kompetensf\u00f6retagen","article_published_time":"2023-10-31T13:10:52+00:00","article_modified_time":"2023-11-21T12:23:23+00:00","og_image":[{"width":2048,"height":1365,"url":"https:\/\/www.kompetensforetagen.se\/app\/uploads\/sites\/5\/2023\/10\/AS26687.jpg","type":"image\/jpeg"}],"author":"camillagunnar2","twitter_card":"summary_large_image","twitter_misc":{"Skriven av":"camillagunnar2","Ber\u00e4knad l\u00e4stid":"2 minuter"},"schema":{"@context":"https:\/\/schema.org","@graph":[{"@type":"Article","@id":"https:\/\/www.kompetensforetagen.se\/2023\/10\/vinnarintervju-med-arets-rekrterare\/#article","isPartOf":{"@id":"https:\/\/www.kompetensforetagen.se\/2023\/10\/vinnarintervju-med-arets-rekrterare\/"},"author":{"name":"camillagunnar2","@id":"https:\/\/www.kompetensforetagen.se\/#\/schema\/person\/94b8ea93ef0611b1467f15023d9ebd1b"},"headline":"Vinnarintervju med \u00c5rets rekryterare","datePublished":"2023-10-31T13:10:52+00:00","dateModified":"2023-11-21T12:23:23+00:00","mainEntityOfPage":{"@id":"https:\/\/www.kompetensforetagen.se\/2023\/10\/vinnarintervju-med-arets-rekrterare\/"},"wordCount":385,"publisher":{"@id":"https:\/\/www.kompetensforetagen.se\/#organization"},"image":{"@id":"https:\/\/www.kompetensforetagen.se\/2023\/10\/vinnarintervju-med-arets-rekrterare\/#primaryimage"},"thumbnailUrl":"https:\/\/www.kompetensforetagen.se\/app\/uploads\/sites\/5\/2023\/10\/AS26687.jpg","articleSection":["Konsult"],"inLanguage":"sv-SE"},{"@type":"WebPage","@id":"https:\/\/www.kompetensforetagen.se\/2023\/10\/vinnarintervju-med-arets-rekrterare\/","url":"https:\/\/www.kompetensforetagen.se\/2023\/10\/vinnarintervju-med-arets-rekrterare\/","name":"\u00c5rets rekryterare 2023 \u00e4r Elsa Khan","isPartOf":{"@id":"https:\/\/www.kompetensforetagen.se\/#website"},"primaryImageOfPage":{"@id":"https:\/\/www.kompetensforetagen.se\/2023\/10\/vinnarintervju-med-arets-rekrterare\/#primaryimage"},"image":{"@id":"https:\/\/www.kompetensforetagen.se\/2023\/10\/vinnarintervju-med-arets-rekrterare\/#primaryimage"},"thumbnailUrl":"https:\/\/www.kompetensforetagen.se\/app\/uploads\/sites\/5\/2023\/10\/AS26687.jpg","datePublished":"2023-10-31T13:10:52+00:00","dateModified":"2023-11-21T12:23:23+00:00","description":"Kompetensf\u00f6retagens uts\u00e5g \u00c5rets rekryterare, priset gick i \u00e5r till Elsa Khan fr\u00e5n Adecco. Stort grattis till dig.","breadcrumb":{"@id":"https:\/\/www.kompetensforetagen.se\/2023\/10\/vinnarintervju-med-arets-rekrterare\/#breadcrumb"},"inLanguage":"sv-SE","potentialAction":[{"@type":"ReadAction","target":["https:\/\/www.kompetensforetagen.se\/2023\/10\/vinnarintervju-med-arets-rekrterare\/"]}]},{"@type":"ImageObject","inLanguage":"sv-SE","@id":"https:\/\/www.kompetensforetagen.se\/2023\/10\/vinnarintervju-med-arets-rekrterare\/#primaryimage","url":"https:\/\/www.kompetensforetagen.se\/app\/uploads\/sites\/5\/2023\/10\/AS26687.jpg","contentUrl":"https:\/\/www.kompetensforetagen.se\/app\/uploads\/sites\/5\/2023\/10\/AS26687.jpg","width":2048,"height":1365,"caption":"\u00c5rets rekryterare 2023 Elsa Khan tar emot diplom"},{"@type":"BreadcrumbList","@id":"https:\/\/www.kompetensforetagen.se\/2023\/10\/vinnarintervju-med-arets-rekrterare\/#breadcrumb","itemListElement":[{"@type":"ListItem","position":1,"name":"Home","item":"https:\/\/www.kompetensforetagen.se\/"},{"@type":"ListItem","position":2,"name":"Vinnarintervju med \u00c5rets rekryterare"}]},{"@type":"WebSite","@id":"https:\/\/www.kompetensforetagen.se\/#website","url":"https:\/\/www.kompetensforetagen.se\/","name":"Kompetensf\u00f6retagen","description":"R\u00e4tt person p\u00e5 r\u00e4tt plats kan f\u00f6r\u00e4ndra v\u00e4rlden","publisher":{"@id":"https:\/\/www.kompetensforetagen.se\/#organization"},"potentialAction":[{"@type":"SearchAction","target":{"@type":"EntryPoint","urlTemplate":"https:\/\/www.kompetensforetagen.se\/?s={search_term_string}"},"query-input":{"@type":"PropertyValueSpecification","valueRequired":true,"valueName":"search_term_string"}}],"inLanguage":"sv-SE"},{"@type":"Organization","@id":"https:\/\/www.kompetensforetagen.se\/#organization","name":"Kompetensf\u00f6retagen","url":"https:\/\/www.kompetensforetagen.se\/","logo":{"@type":"ImageObject","inLanguage":"sv-SE","@id":"https:\/\/www.kompetensforetagen.se\/#\/schema\/logo\/image\/","url":"https:\/\/www.kompetensforetagen.se\/app\/uploads\/sites\/5\/2022\/10\/logga_svart.png","contentUrl":"https:\/\/www.kompetensforetagen.se\/app\/uploads\/sites\/5\/2022\/10\/logga_svart.png","width":752,"height":64,"caption":"Kompetensf\u00f6retagen"},"image":{"@id":"https:\/\/www.kompetensforetagen.se\/#\/schema\/logo\/image\/"},"sameAs":["https:\/\/www.linkedin.com\/company\/10540032\/"]},{"@type":"Person","@id":"https:\/\/www.kompetensforetagen.se\/#\/schema\/person\/94b8ea93ef0611b1467f15023d9ebd1b","name":"camillagunnar2","image":{"@type":"ImageObject","inLanguage":"sv-SE","@id":"https:\/\/www.kompetensforetagen.se\/#\/schema\/person\/image\/","url":"https:\/\/secure.gravatar.com\/avatar\/b6f8240666aff929220ce2eb5e5698c1b44b3223ca9f0ac50ecbf5dbdb13dab4?s=96&d=mm&r=g","contentUrl":"https:\/\/secure.gravatar.com\/avatar\/b6f8240666aff929220ce2eb5e5698c1b44b3223ca9f0ac50ecbf5dbdb13dab4?s=96&d=mm&r=g","caption":"camillagunnar2"},"url":"https:\/\/www.kompetensforetagen.se\/person\/camillagunnar2\/"}]}},"_links":{"self":[{"href":"https:\/\/www.kompetensforetagen.se\/api\/wp\/v2\/posts\/15521","targetHints":{"allow":["GET"]}}],"collection":[{"href":"https:\/\/www.kompetensforetagen.se\/api\/wp\/v2\/posts"}],"about":[{"href":"https:\/\/www.kompetensforetagen.se\/api\/wp\/v2\/types\/post"}],"author":[{"embeddable":true,"href":"https:\/\/www.kompetensforetagen.se\/api\/wp\/v2\/users\/14830"}],"replies":[{"embeddable":true,"href":"https:\/\/www.kompetensforetagen.se\/api\/wp\/v2\/comments?post=15521"}],"version-history":[{"count":5,"href":"https:\/\/www.kompetensforetagen.se\/api\/wp\/v2\/posts\/15521\/revisions"}],"predecessor-version":[{"id":15800,"href":"https:\/\/www.kompetensforetagen.se\/api\/wp\/v2\/posts\/15521\/revisions\/15800"}],"wp:featuredmedia":[{"embeddable":true,"href":"https:\/\/www.kompetensforetagen.se\/api\/wp\/v2\/media\/15465"}],"wp:attachment":[{"href":"https:\/\/www.kompetensforetagen.se\/api\/wp\/v2\/media?parent=15521"}],"wp:term":[{"taxonomy":"category","embeddable":true,"href":"https:\/\/www.kompetensforetagen.se\/api\/wp\/v2\/categories?post=15521"},{"taxonomy":"post_tag","embeddable":true,"href":"https:\/\/www.kompetensforetagen.se\/api\/wp\/v2\/tags?post=15521"},{"taxonomy":"type","embeddable":true,"href":"https:\/\/www.kompetensforetagen.se\/api\/wp\/v2\/article_type?post=15521"},{"taxonomy":"agreement","embeddable":true,"href":"https:\/\/www.kompetensforetagen.se\/api\/wp\/v2\/agreement?post=15521"},{"taxonomy":"for-members","embeddable":true,"href":"https:\/\/www.kompetensforetagen.se\/api\/wp\/v2\/for-members?post=15521"}],"curies":[{"name":"wp","href":"https:\/\/api.w.org\/{rel}","templated":true}]}}