{"id":15488,"date":"2023-10-30T11:14:03","date_gmt":"2023-10-30T10:14:03","guid":{"rendered":"https:\/\/www.kompetensforetagen.se\/?p=15488"},"modified":"2023-10-31T11:54:29","modified_gmt":"2023-10-31T10:54:29","slug":"vinnarintervju-med-arets-konsultchef","status":"publish","type":"post","link":"https:\/\/www.kompetensforetagen.se\/2023\/10\/vinnarintervju-med-arets-konsultchef\/","title":{"rendered":"Vinnarintervju med \u00c5rets konsultchef"},"content":{"rendered":"\n<p>Ig\u00e5r delades f\u00f6r f\u00f6rsta priset \u00c5rets konsultchef ut, till Sofia Nyberg. Vi har intervjuat den glada vinnaren f\u00f6r att f\u00e5 veta lite mer om henne. Sofias resa i branschen startade med en praktik hos Adecco 2017, d\u00e4r hon vartefter f\u00e5tt mer ansvar.&nbsp;<\/p>\n\n\n\n<p><strong>F\u00f6rst m\u00e5ste vi ta den klassiska sportfr\u00e5gan. Hur k\u00e4nns det?<\/strong>&nbsp;<\/p>\n\n\n\n<p>&#8211; Det k\u00e4nns fantastiskt, jag \u00e4r otroligt glad och tacksam f\u00f6r detta!&nbsp;<\/p>\n\n\n\n<p><strong>Vad g\u00f6r du p\u00e5 jobbet?<\/strong>&nbsp;<\/p>\n\n\n\n<p>&#8211; Skulle s\u00e4ga att jag g\u00f6r lite av allt som har med personalfr\u00e5gor att g\u00f6ra, vilket ocks\u00e5 \u00e4r tjusningen med jobbet. Rollen \u00e4r otroligt bred och ingen dag \u00e4r den andra lik, men den st\u00f6rsta delen av min tid l\u00e4ggs s\u00e5klart p\u00e5 att ha kontakt med mina konsulter och kontaktpersoner p\u00e5 kundf\u00f6retagen jag ansvarar f\u00f6r. Det kan exempelvis handla om medarbetarsamtal, introduktion f\u00f6r nya konsulter eller uppf\u00f6ljningsm\u00f6ten med best\u00e4llande chefer. Vissa dagar arbetar jag ute hos mina konsulter f\u00f6r att tr\u00e4ffa dem p\u00e5 plats och andra dagar blir mer administrativa, vilket jag trivs v\u00e4ldigt bra med!&nbsp;<\/p>\n\n\n\n<p><strong>Hur l\u00e4nge har du jobbat som konsultchef?&nbsp;<\/strong>&nbsp;<\/p>\n\n\n\n<p>&#8211; Sedan 2019.&nbsp;&nbsp;<\/p>\n\n\n\n<blockquote class=\"wp-block-quote is-layout-flow wp-block-quote-is-layout-flow\">\n<p>Efter mina studier fick jag m\u00f6jlighet att forts\u00e4tta p\u00e5 Adecco p\u00e5 heltid och har successivt f\u00e5tt ta mer ansvar i rollen<\/p>\n<\/blockquote>\n\n\n\n<p><strong>Hur kommer det sig att du b\u00f6rjade jobba som konsultchef?<\/strong>&nbsp;<\/p>\n\n\n\n<p>&#8211; Jag b\u00f6rjade min resa i branschen 2017 n\u00e4r jag hade praktik hos Adecco. D\u00e5 fick jag testa p\u00e5 alla m\u00f6jliga arbetsuppgifter inom rekrytering och bemanning, och fastnade lite extra f\u00f6r konsultchefsrollen. Efter mina studier fick jag m\u00f6jlighet att forts\u00e4tta p\u00e5 Adecco p\u00e5 heltid och har successivt f\u00e5tt ta mer ansvar i rollen, vilket jag \u00e4r v\u00e4ldigt tacksam f\u00f6r idag.&nbsp;&nbsp;<\/p>\n\n\n\n<p><strong>Vad \u00e4r det b\u00e4sta med att jobba som konsultchef?<\/strong>&nbsp;<\/p>\n\n\n\n<p>&#8211; Att f\u00f6lja konsulternas utveckling under sitt uppdrag och f\u00e5 st\u00f6tta dem p\u00e5 v\u00e4gen, men \u00e4ven att f\u00e5 vara delaktig i rekryteringen och f\u00e5 ynnesten att erbjuda personer ett arbete.&nbsp;&nbsp;<\/p>\n\n\n\n<p><strong>Vad g\u00f6r du n\u00e4r du inte jobbar?<\/strong>&nbsp;<\/p>\n\n\n\n<p>&#8211; Som nybliven hus\u00e4gare finns det alltid n\u00e5got projekt ig\u00e5ng hemma. Annars spenderar jag mycket tid med sambon och familjen, tr\u00e4nar s\u00e5 mycket jag kan och spelar fotboll igen efter en tids uppeh\u00e5ll fr\u00e5n lagidrotten.&nbsp;<\/p>\n\n\n\n<p><strong>Namn: <\/strong>Sofia Nyberg&nbsp;&nbsp;<\/p>\n\n\n\n<p><strong>\u00c5lder: <\/strong>28 \u00e5r&nbsp;<\/p>\n\n\n\n<p><strong>Bor: <\/strong>Malm\u00f6&nbsp;<\/p>\n\n\n\n<p><strong>Anst\u00e4lld hos:<\/strong> Adecco&nbsp;&nbsp;<\/p>\n\n\n\n<p><strong>Aktuell med: <\/strong>Vinnare av \u00c5rets konsultchef 2023<\/p>\n","protected":false},"excerpt":{"rendered":"<p>Ig\u00e5r delades f\u00f6r f\u00f6rsta priset \u00c5rets konsultchef ut, till Sofia Nyberg. Vi har intervjuat den glada vinnaren f\u00f6r att f\u00e5 veta lite mer om henne. Sofias resa i branschen startade med en praktik hos Adecco &hellip;<\/p>\n","protected":false},"author":14830,"featured_media":15466,"comment_status":"closed","ping_status":"closed","sticky":false,"template":"","format":"standard","meta":{"_acf_changed":false,"footnotes":""},"categories":[204],"tags":[],"article_type":[8],"agreement":[],"for-members":[],"class_list":["post-15488","post","type-post","status-publish","format-standard","has-post-thumbnail","hentry","category-konsult","type-aktuellt"],"acf":[],"yoast_head":"<!-- This site is optimized with the Yoast SEO Premium plugin v26.8 (Yoast SEO v26.8) - https:\/\/yoast.com\/product\/yoast-seo-premium-wordpress\/ -->\n<title>Vinnarintervju med \u00c5rets konsultchef - Kompetensf\u00f6retagen<\/title>\n<meta name=\"description\" content=\"Kompetensf\u00f6retagens uts\u00e5g \u00c5rets konsultchef 2023, priset gick i \u00e5r till Sofia Nyberg fr\u00e4n Adecco. Stort grattis.\" \/>\n<meta name=\"robots\" content=\"index, follow, max-snippet:-1, max-image-preview:large, max-video-preview:-1\" \/>\n<link rel=\"canonical\" href=\"https:\/\/www.kompetensforetagen.se\/2023\/10\/vinnarintervju-med-arets-konsultchef\/\" \/>\n<meta property=\"og:locale\" content=\"sv_SE\" \/>\n<meta property=\"og:type\" content=\"article\" \/>\n<meta property=\"og:title\" content=\"Vinnarintervju med \u00c5rets konsultchef\" \/>\n<meta property=\"og:description\" content=\"Kompetensf\u00f6retagens uts\u00e5g \u00c5rets konsultchef 2023, priset gick i \u00e5r till Sofia Nyberg fr\u00e4n Adecco. Stort grattis.\" \/>\n<meta property=\"og:url\" content=\"https:\/\/www.kompetensforetagen.se\/2023\/10\/vinnarintervju-med-arets-konsultchef\/\" \/>\n<meta property=\"og:site_name\" content=\"Kompetensf\u00f6retagen\" \/>\n<meta property=\"article:published_time\" content=\"2023-10-30T10:14:03+00:00\" \/>\n<meta property=\"article:modified_time\" content=\"2023-10-31T10:54:29+00:00\" \/>\n<meta property=\"og:image\" content=\"https:\/\/www.kompetensforetagen.se\/app\/uploads\/sites\/5\/2023\/10\/AS26714.jpg\" \/>\n\t<meta property=\"og:image:width\" content=\"2048\" \/>\n\t<meta property=\"og:image:height\" content=\"1365\" \/>\n\t<meta property=\"og:image:type\" content=\"image\/jpeg\" \/>\n<meta name=\"author\" content=\"camillagunnar2\" \/>\n<meta name=\"twitter:card\" content=\"summary_large_image\" \/>\n<meta name=\"twitter:label1\" content=\"Skriven av\" \/>\n\t<meta name=\"twitter:data1\" content=\"camillagunnar2\" \/>\n\t<meta name=\"twitter:label2\" content=\"Ber\u00e4knad l\u00e4stid\" \/>\n\t<meta name=\"twitter:data2\" content=\"2 minuter\" \/>\n<!-- \/ Yoast SEO Premium plugin. -->","yoast_head_json":{"title":"Vinnarintervju med \u00c5rets konsultchef - Kompetensf\u00f6retagen","description":"Kompetensf\u00f6retagens uts\u00e5g \u00c5rets konsultchef 2023, priset gick i \u00e5r till Sofia Nyberg fr\u00e4n Adecco. Stort grattis.","robots":{"index":"index","follow":"follow","max-snippet":"max-snippet:-1","max-image-preview":"max-image-preview:large","max-video-preview":"max-video-preview:-1"},"canonical":"https:\/\/www.kompetensforetagen.se\/2023\/10\/vinnarintervju-med-arets-konsultchef\/","og_locale":"sv_SE","og_type":"article","og_title":"Vinnarintervju med \u00c5rets konsultchef","og_description":"Kompetensf\u00f6retagens uts\u00e5g \u00c5rets konsultchef 2023, priset gick i \u00e5r till Sofia Nyberg fr\u00e4n Adecco. Stort grattis.","og_url":"https:\/\/www.kompetensforetagen.se\/2023\/10\/vinnarintervju-med-arets-konsultchef\/","og_site_name":"Kompetensf\u00f6retagen","article_published_time":"2023-10-30T10:14:03+00:00","article_modified_time":"2023-10-31T10:54:29+00:00","og_image":[{"width":2048,"height":1365,"url":"https:\/\/www.kompetensforetagen.se\/app\/uploads\/sites\/5\/2023\/10\/AS26714.jpg","type":"image\/jpeg"}],"author":"camillagunnar2","twitter_card":"summary_large_image","twitter_misc":{"Skriven av":"camillagunnar2","Ber\u00e4knad l\u00e4stid":"2 minuter"},"schema":{"@context":"https:\/\/schema.org","@graph":[{"@type":"Article","@id":"https:\/\/www.kompetensforetagen.se\/2023\/10\/vinnarintervju-med-arets-konsultchef\/#article","isPartOf":{"@id":"https:\/\/www.kompetensforetagen.se\/2023\/10\/vinnarintervju-med-arets-konsultchef\/"},"author":{"name":"camillagunnar2","@id":"https:\/\/www.kompetensforetagen.se\/#\/schema\/person\/94b8ea93ef0611b1467f15023d9ebd1b"},"headline":"Vinnarintervju med \u00c5rets konsultchef","datePublished":"2023-10-30T10:14:03+00:00","dateModified":"2023-10-31T10:54:29+00:00","mainEntityOfPage":{"@id":"https:\/\/www.kompetensforetagen.se\/2023\/10\/vinnarintervju-med-arets-konsultchef\/"},"wordCount":443,"publisher":{"@id":"https:\/\/www.kompetensforetagen.se\/#organization"},"image":{"@id":"https:\/\/www.kompetensforetagen.se\/2023\/10\/vinnarintervju-med-arets-konsultchef\/#primaryimage"},"thumbnailUrl":"https:\/\/www.kompetensforetagen.se\/app\/uploads\/sites\/5\/2023\/10\/AS26714.jpg","articleSection":["Konsult"],"inLanguage":"sv-SE"},{"@type":"WebPage","@id":"https:\/\/www.kompetensforetagen.se\/2023\/10\/vinnarintervju-med-arets-konsultchef\/","url":"https:\/\/www.kompetensforetagen.se\/2023\/10\/vinnarintervju-med-arets-konsultchef\/","name":"Vinnarintervju med \u00c5rets konsultchef - Kompetensf\u00f6retagen","isPartOf":{"@id":"https:\/\/www.kompetensforetagen.se\/#website"},"primaryImageOfPage":{"@id":"https:\/\/www.kompetensforetagen.se\/2023\/10\/vinnarintervju-med-arets-konsultchef\/#primaryimage"},"image":{"@id":"https:\/\/www.kompetensforetagen.se\/2023\/10\/vinnarintervju-med-arets-konsultchef\/#primaryimage"},"thumbnailUrl":"https:\/\/www.kompetensforetagen.se\/app\/uploads\/sites\/5\/2023\/10\/AS26714.jpg","datePublished":"2023-10-30T10:14:03+00:00","dateModified":"2023-10-31T10:54:29+00:00","description":"Kompetensf\u00f6retagens uts\u00e5g \u00c5rets konsultchef 2023, priset gick i \u00e5r till Sofia Nyberg fr\u00e4n Adecco. Stort grattis.","breadcrumb":{"@id":"https:\/\/www.kompetensforetagen.se\/2023\/10\/vinnarintervju-med-arets-konsultchef\/#breadcrumb"},"inLanguage":"sv-SE","potentialAction":[{"@type":"ReadAction","target":["https:\/\/www.kompetensforetagen.se\/2023\/10\/vinnarintervju-med-arets-konsultchef\/"]}]},{"@type":"ImageObject","inLanguage":"sv-SE","@id":"https:\/\/www.kompetensforetagen.se\/2023\/10\/vinnarintervju-med-arets-konsultchef\/#primaryimage","url":"https:\/\/www.kompetensforetagen.se\/app\/uploads\/sites\/5\/2023\/10\/AS26714.jpg","contentUrl":"https:\/\/www.kompetensforetagen.se\/app\/uploads\/sites\/5\/2023\/10\/AS26714.jpg","width":2048,"height":1365,"caption":"\u00c5rets konsultchef 2023 Sofia Nyberg"},{"@type":"BreadcrumbList","@id":"https:\/\/www.kompetensforetagen.se\/2023\/10\/vinnarintervju-med-arets-konsultchef\/#breadcrumb","itemListElement":[{"@type":"ListItem","position":1,"name":"Home","item":"https:\/\/www.kompetensforetagen.se\/"},{"@type":"ListItem","position":2,"name":"Vinnarintervju med \u00c5rets konsultchef"}]},{"@type":"WebSite","@id":"https:\/\/www.kompetensforetagen.se\/#website","url":"https:\/\/www.kompetensforetagen.se\/","name":"Kompetensf\u00f6retagen","description":"R\u00e4tt person p\u00e5 r\u00e4tt plats kan f\u00f6r\u00e4ndra v\u00e4rlden","publisher":{"@id":"https:\/\/www.kompetensforetagen.se\/#organization"},"potentialAction":[{"@type":"SearchAction","target":{"@type":"EntryPoint","urlTemplate":"https:\/\/www.kompetensforetagen.se\/?s={search_term_string}"},"query-input":{"@type":"PropertyValueSpecification","valueRequired":true,"valueName":"search_term_string"}}],"inLanguage":"sv-SE"},{"@type":"Organization","@id":"https:\/\/www.kompetensforetagen.se\/#organization","name":"Kompetensf\u00f6retagen","url":"https:\/\/www.kompetensforetagen.se\/","logo":{"@type":"ImageObject","inLanguage":"sv-SE","@id":"https:\/\/www.kompetensforetagen.se\/#\/schema\/logo\/image\/","url":"https:\/\/www.kompetensforetagen.se\/app\/uploads\/sites\/5\/2022\/10\/logga_svart.png","contentUrl":"https:\/\/www.kompetensforetagen.se\/app\/uploads\/sites\/5\/2022\/10\/logga_svart.png","width":752,"height":64,"caption":"Kompetensf\u00f6retagen"},"image":{"@id":"https:\/\/www.kompetensforetagen.se\/#\/schema\/logo\/image\/"},"sameAs":["https:\/\/www.linkedin.com\/company\/10540032\/"]},{"@type":"Person","@id":"https:\/\/www.kompetensforetagen.se\/#\/schema\/person\/94b8ea93ef0611b1467f15023d9ebd1b","name":"camillagunnar2","image":{"@type":"ImageObject","inLanguage":"sv-SE","@id":"https:\/\/www.kompetensforetagen.se\/#\/schema\/person\/image\/","url":"https:\/\/secure.gravatar.com\/avatar\/b6f8240666aff929220ce2eb5e5698c1b44b3223ca9f0ac50ecbf5dbdb13dab4?s=96&d=mm&r=g","contentUrl":"https:\/\/secure.gravatar.com\/avatar\/b6f8240666aff929220ce2eb5e5698c1b44b3223ca9f0ac50ecbf5dbdb13dab4?s=96&d=mm&r=g","caption":"camillagunnar2"},"url":"https:\/\/www.kompetensforetagen.se\/person\/camillagunnar2\/"}]}},"_links":{"self":[{"href":"https:\/\/www.kompetensforetagen.se\/api\/wp\/v2\/posts\/15488","targetHints":{"allow":["GET"]}}],"collection":[{"href":"https:\/\/www.kompetensforetagen.se\/api\/wp\/v2\/posts"}],"about":[{"href":"https:\/\/www.kompetensforetagen.se\/api\/wp\/v2\/types\/post"}],"author":[{"embeddable":true,"href":"https:\/\/www.kompetensforetagen.se\/api\/wp\/v2\/users\/14830"}],"replies":[{"embeddable":true,"href":"https:\/\/www.kompetensforetagen.se\/api\/wp\/v2\/comments?post=15488"}],"version-history":[{"count":2,"href":"https:\/\/www.kompetensforetagen.se\/api\/wp\/v2\/posts\/15488\/revisions"}],"predecessor-version":[{"id":15505,"href":"https:\/\/www.kompetensforetagen.se\/api\/wp\/v2\/posts\/15488\/revisions\/15505"}],"wp:featuredmedia":[{"embeddable":true,"href":"https:\/\/www.kompetensforetagen.se\/api\/wp\/v2\/media\/15466"}],"wp:attachment":[{"href":"https:\/\/www.kompetensforetagen.se\/api\/wp\/v2\/media?parent=15488"}],"wp:term":[{"taxonomy":"category","embeddable":true,"href":"https:\/\/www.kompetensforetagen.se\/api\/wp\/v2\/categories?post=15488"},{"taxonomy":"post_tag","embeddable":true,"href":"https:\/\/www.kompetensforetagen.se\/api\/wp\/v2\/tags?post=15488"},{"taxonomy":"type","embeddable":true,"href":"https:\/\/www.kompetensforetagen.se\/api\/wp\/v2\/article_type?post=15488"},{"taxonomy":"agreement","embeddable":true,"href":"https:\/\/www.kompetensforetagen.se\/api\/wp\/v2\/agreement?post=15488"},{"taxonomy":"for-members","embeddable":true,"href":"https:\/\/www.kompetensforetagen.se\/api\/wp\/v2\/for-members?post=15488"}],"curies":[{"name":"wp","href":"https:\/\/api.w.org\/{rel}","templated":true}]}}