{"id":15483,"date":"2023-10-30T11:06:28","date_gmt":"2023-10-30T10:06:28","guid":{"rendered":"https:\/\/www.kompetensforetagen.se\/?p=15483"},"modified":"2023-10-30T11:25:51","modified_gmt":"2023-10-30T10:25:51","slug":"vinnarintervju-med-arets-konsult-white-collar","status":"publish","type":"post","link":"https:\/\/www.kompetensforetagen.se\/2023\/10\/vinnarintervju-med-arets-konsult-white-collar\/","title":{"rendered":"Vinnarintervju med \u00c5rets konsult White Collar"},"content":{"rendered":"\n<p>Kompetensf\u00f6retagen har delat ut priset \u00c5rets konsult 2023 White Collar ut till Alex Mparana. Vi har intervjuat den glada vinnaren f\u00f6r att f\u00e5 veta lite mer om honom. Alex flyttade till Sverige f\u00f6r elva \u00e5r sedan, och fick sitt f\u00f6rsta jobb som konsult. Han tycker att f\u00f6rdelarna \u00e4r s\u00e5 m\u00e5nga att han fortsatt som konsult efter det.&nbsp;<\/p>\n\n\n\n<p><strong>F\u00f6rst m\u00e5ste vi ta den klassiska sportfr\u00e5gan &#8211; \u00a0Hur k\u00e4nns det?<\/strong><\/p>\n\n\n\n<p>Det k\u00e4nns underbart, jag \u00e4r s\u00e5 glad och k\u00e4nner mig mycket \u00e4rad. Stort tack f\u00f6r det h\u00e4r erk\u00e4nnandet!&nbsp;&nbsp;<\/p>\n\n\n\n<p><em>&nbsp;<\/em><strong>Vad g\u00f6r du p\u00e5 jobbet?&nbsp;<\/strong>&nbsp;<\/p>\n\n\n\n<p>&#8211; Just nu har jag ett uppdrag p\u00e5 ett globalt f\u00f6retag. Arbetet inneh\u00e5ller estimeringar, <em>Material price Variances, Material Cost Levels and Material Cost Evolution<\/em>. Det inbegriper jobb med k\u00f6pare i Sverige och \u00f6ver hela v\u00e4rlden, och med fabrikscontrollers \u2013 i mitt fall i K\u00f6ping och Sk\u00f6vde. Det \u00e4r ett omfattande uppdrag som inneb\u00e4r m\u00e5nadsbokslut, fakturahantering, kontroll och godk\u00e4nnande av prisdiskrepanser med mera.&nbsp;<\/p>\n\n\n\n<blockquote class=\"wp-block-quote is-layout-flow wp-block-quote-is-layout-flow\">\n<p>Jag tog den chansen och efter att jag insett f\u00f6rdelarna s\u00e5 har jag fortsatt p\u00e5 den banan.<\/p>\n<\/blockquote>\n\n\n\n<p><strong>Hur l\u00e4nge har du jobbat som konsult?&nbsp;<\/strong>&nbsp;<\/p>\n\n\n\n<p>&#8211; Totalt har jag jobbat nio \u00e5r som konsult. N\u00e4stan sex \u00e5r p\u00e5 Adecco, varav tre p\u00e5 Volvo personbilar och G\u00f6teborgs Stad.&nbsp;&nbsp;&nbsp;<\/p>\n\n\n\n<p><strong>Hur kommer det sig att du b\u00f6rjade jobba som konsult?&nbsp;<\/strong>&nbsp;<\/p>\n\n\n\n<p>&#8211; Jag flyttade till Sverige fr\u00e5n Uganda f\u00f6r elva \u00e5r sen. Det var sv\u00e5rt att komma in p\u00e5 arbetsmarknaden, \u00e4ven med min bakgrund som ekonom. Att b\u00f6rja som konsult var en av mina b\u00e4sta chanser. Jag tog den chansen och efter att jag insett f\u00f6rdelarna s\u00e5 har jag fortsatt p\u00e5 den banan<em>.&nbsp;<\/em>&nbsp;<\/p>\n\n\n\n<p><strong>Skulle du rekommendera andra att jobba som konsult? <\/strong><strong>Varf\u00f6r?&nbsp;<\/strong>&nbsp;<\/p>\n\n\n\n<p>&#8211; Verkligen! Varf\u00f6r? Du l\u00e4r dig mycket, arbetar med m\u00e5nga olika verktyg och system, och breddar d\u00e4rmed din kompetens. Dessutom tr\u00e4ffar du m\u00e5nga nya och gamla kollegor p\u00e5 v\u00e4gen och ut\u00f6kar ditt n\u00e4tverk \u2013 om du som jag uppskattar s\u00e5na saker.&nbsp;&nbsp;<\/p>\n\n\n\n<p><strong>Vad g\u00f6r du n\u00e4r du inte jobbar?&nbsp;<\/strong>&nbsp;<\/p>\n\n\n\n<p>&#8211; Umg\u00e5s med min familj! Vi \u00e4r sex stycken, vilket kanske \u00e4r en stor familj i svenska m\u00e5tt, men vanligt d\u00e4r jag kommer ifr\u00e5n. Vi har fyra barn, och det kan vara ganska kr\u00e4vande. Men f\u00f6rutom att vara tillsammans med familjen spelar jag och tittar p\u00e5 fotboll, sjunger karaoke och dansar. Jag har ett galet intresse f\u00f6r bilar, jag \u00e4lskar att h\u00e4nga med gamla och nya v\u00e4nner, jag umg\u00e5s s\u00e5 mycket jag kan, jag skulle ocks\u00e5 s\u00e4ga att jag h\u00e5ller p\u00e5 en del med att f\u00f6rb\u00e4ttra mina hobbyer; att anordna och marknadsf\u00f6ra event.&nbsp;<\/p>\n\n\n\n<p><strong>Namn: <\/strong>Alex Mparana&nbsp;<\/p>\n\n\n\n<p><strong>\u00c5lder: <\/strong>49 \u00e5r\u00a0<\/p>\n\n\n\n<p><strong>Bor: <\/strong>G\u00f6teborg&nbsp;<\/p>\n\n\n\n<p><strong>Anst\u00e4lld hos:<\/strong> Adecco&nbsp;&nbsp;<\/p>\n\n\n\n<p><strong>Aktuell med: <\/strong>Vinnare av \u00c5rets konsult White Collar<em> <\/em>2023&nbsp;<\/p>\n","protected":false},"excerpt":{"rendered":"<p>Kompetensf\u00f6retagen har delat ut priset \u00c5rets konsult 2023 White Collar ut till Alex Mparana. Vi har intervjuat den glada vinnaren f\u00f6r att f\u00e5 veta lite mer om honom. Alex flyttade till Sverige f\u00f6r elva \u00e5r &hellip;<\/p>\n","protected":false},"author":14830,"featured_media":15484,"comment_status":"closed","ping_status":"closed","sticky":false,"template":"","format":"standard","meta":{"_acf_changed":false,"footnotes":""},"categories":[204],"tags":[],"article_type":[8],"agreement":[],"for-members":[],"class_list":["post-15483","post","type-post","status-publish","format-standard","has-post-thumbnail","hentry","category-konsult","type-aktuellt"],"acf":[],"yoast_head":"<!-- This site is optimized with the Yoast SEO Premium plugin v26.8 (Yoast SEO v26.8) - https:\/\/yoast.com\/product\/yoast-seo-premium-wordpress\/ -->\n<title>Vinnarintervju med \u00c5rets konsult White Collar - Kompetensf\u00f6retagen<\/title>\n<meta name=\"description\" content=\"Kompetensf\u00f6retagens uts\u00e5g \u00c5rets konsult White Collar 2023 gick i \u00e5r till Alex Mparana fr\u00e4n Adecco. Stort grattis.\" \/>\n<meta name=\"robots\" content=\"index, follow, max-snippet:-1, max-image-preview:large, max-video-preview:-1\" \/>\n<link rel=\"canonical\" href=\"https:\/\/www.kompetensforetagen.se\/2023\/10\/vinnarintervju-med-arets-konsult-white-collar\/\" \/>\n<meta property=\"og:locale\" content=\"sv_SE\" \/>\n<meta property=\"og:type\" content=\"article\" \/>\n<meta property=\"og:title\" content=\"Vinnarintervju med \u00c5rets konsult White Collar\" \/>\n<meta property=\"og:description\" content=\"Kompetensf\u00f6retagens uts\u00e5g \u00c5rets konsult White Collar 2023 gick i \u00e5r till Alex Mparana fr\u00e4n Adecco. Stort grattis.\" \/>\n<meta property=\"og:url\" content=\"https:\/\/www.kompetensforetagen.se\/2023\/10\/vinnarintervju-med-arets-konsult-white-collar\/\" \/>\n<meta property=\"og:site_name\" content=\"Kompetensf\u00f6retagen\" \/>\n<meta property=\"article:published_time\" content=\"2023-10-30T10:06:28+00:00\" \/>\n<meta property=\"article:modified_time\" content=\"2023-10-30T10:25:51+00:00\" \/>\n<meta property=\"og:image\" content=\"https:\/\/www.kompetensforetagen.se\/app\/uploads\/sites\/5\/2023\/10\/AS26739-1.jpg\" \/>\n\t<meta property=\"og:image:width\" content=\"2048\" \/>\n\t<meta property=\"og:image:height\" content=\"1365\" \/>\n\t<meta property=\"og:image:type\" content=\"image\/jpeg\" \/>\n<meta name=\"author\" content=\"camillagunnar2\" \/>\n<meta name=\"twitter:card\" content=\"summary_large_image\" \/>\n<meta name=\"twitter:label1\" content=\"Skriven av\" \/>\n\t<meta name=\"twitter:data1\" content=\"camillagunnar2\" \/>\n\t<meta name=\"twitter:label2\" content=\"Ber\u00e4knad l\u00e4stid\" \/>\n\t<meta name=\"twitter:data2\" content=\"3 minuter\" \/>\n<!-- \/ Yoast SEO Premium plugin. -->","yoast_head_json":{"title":"Vinnarintervju med \u00c5rets konsult White Collar - Kompetensf\u00f6retagen","description":"Kompetensf\u00f6retagens uts\u00e5g \u00c5rets konsult White Collar 2023 gick i \u00e5r till Alex Mparana fr\u00e4n Adecco. Stort grattis.","robots":{"index":"index","follow":"follow","max-snippet":"max-snippet:-1","max-image-preview":"max-image-preview:large","max-video-preview":"max-video-preview:-1"},"canonical":"https:\/\/www.kompetensforetagen.se\/2023\/10\/vinnarintervju-med-arets-konsult-white-collar\/","og_locale":"sv_SE","og_type":"article","og_title":"Vinnarintervju med \u00c5rets konsult White Collar","og_description":"Kompetensf\u00f6retagens uts\u00e5g \u00c5rets konsult White Collar 2023 gick i \u00e5r till Alex Mparana fr\u00e4n Adecco. Stort grattis.","og_url":"https:\/\/www.kompetensforetagen.se\/2023\/10\/vinnarintervju-med-arets-konsult-white-collar\/","og_site_name":"Kompetensf\u00f6retagen","article_published_time":"2023-10-30T10:06:28+00:00","article_modified_time":"2023-10-30T10:25:51+00:00","og_image":[{"width":2048,"height":1365,"url":"https:\/\/www.kompetensforetagen.se\/app\/uploads\/sites\/5\/2023\/10\/AS26739-1.jpg","type":"image\/jpeg"}],"author":"camillagunnar2","twitter_card":"summary_large_image","twitter_misc":{"Skriven av":"camillagunnar2","Ber\u00e4knad l\u00e4stid":"3 minuter"},"schema":{"@context":"https:\/\/schema.org","@graph":[{"@type":"Article","@id":"https:\/\/www.kompetensforetagen.se\/2023\/10\/vinnarintervju-med-arets-konsult-white-collar\/#article","isPartOf":{"@id":"https:\/\/www.kompetensforetagen.se\/2023\/10\/vinnarintervju-med-arets-konsult-white-collar\/"},"author":{"name":"camillagunnar2","@id":"https:\/\/www.kompetensforetagen.se\/#\/schema\/person\/94b8ea93ef0611b1467f15023d9ebd1b"},"headline":"Vinnarintervju med \u00c5rets konsult White Collar","datePublished":"2023-10-30T10:06:28+00:00","dateModified":"2023-10-30T10:25:51+00:00","mainEntityOfPage":{"@id":"https:\/\/www.kompetensforetagen.se\/2023\/10\/vinnarintervju-med-arets-konsult-white-collar\/"},"wordCount":526,"publisher":{"@id":"https:\/\/www.kompetensforetagen.se\/#organization"},"image":{"@id":"https:\/\/www.kompetensforetagen.se\/2023\/10\/vinnarintervju-med-arets-konsult-white-collar\/#primaryimage"},"thumbnailUrl":"https:\/\/www.kompetensforetagen.se\/app\/uploads\/sites\/5\/2023\/10\/AS26739-1.jpg","articleSection":["Konsult"],"inLanguage":"sv-SE"},{"@type":"WebPage","@id":"https:\/\/www.kompetensforetagen.se\/2023\/10\/vinnarintervju-med-arets-konsult-white-collar\/","url":"https:\/\/www.kompetensforetagen.se\/2023\/10\/vinnarintervju-med-arets-konsult-white-collar\/","name":"Vinnarintervju med \u00c5rets konsult White Collar - Kompetensf\u00f6retagen","isPartOf":{"@id":"https:\/\/www.kompetensforetagen.se\/#website"},"primaryImageOfPage":{"@id":"https:\/\/www.kompetensforetagen.se\/2023\/10\/vinnarintervju-med-arets-konsult-white-collar\/#primaryimage"},"image":{"@id":"https:\/\/www.kompetensforetagen.se\/2023\/10\/vinnarintervju-med-arets-konsult-white-collar\/#primaryimage"},"thumbnailUrl":"https:\/\/www.kompetensforetagen.se\/app\/uploads\/sites\/5\/2023\/10\/AS26739-1.jpg","datePublished":"2023-10-30T10:06:28+00:00","dateModified":"2023-10-30T10:25:51+00:00","description":"Kompetensf\u00f6retagens uts\u00e5g \u00c5rets konsult White Collar 2023 gick i \u00e5r till Alex Mparana fr\u00e4n Adecco. Stort grattis.","breadcrumb":{"@id":"https:\/\/www.kompetensforetagen.se\/2023\/10\/vinnarintervju-med-arets-konsult-white-collar\/#breadcrumb"},"inLanguage":"sv-SE","potentialAction":[{"@type":"ReadAction","target":["https:\/\/www.kompetensforetagen.se\/2023\/10\/vinnarintervju-med-arets-konsult-white-collar\/"]}]},{"@type":"ImageObject","inLanguage":"sv-SE","@id":"https:\/\/www.kompetensforetagen.se\/2023\/10\/vinnarintervju-med-arets-konsult-white-collar\/#primaryimage","url":"https:\/\/www.kompetensforetagen.se\/app\/uploads\/sites\/5\/2023\/10\/AS26739-1.jpg","contentUrl":"https:\/\/www.kompetensforetagen.se\/app\/uploads\/sites\/5\/2023\/10\/AS26739-1.jpg","width":2048,"height":1365,"caption":"Moderator Anna Dyhre intervjuar \u00c5rets konsult White Collar 2023 Alex Mprana."},{"@type":"BreadcrumbList","@id":"https:\/\/www.kompetensforetagen.se\/2023\/10\/vinnarintervju-med-arets-konsult-white-collar\/#breadcrumb","itemListElement":[{"@type":"ListItem","position":1,"name":"Home","item":"https:\/\/www.kompetensforetagen.se\/"},{"@type":"ListItem","position":2,"name":"Vinnarintervju med \u00c5rets konsult White Collar"}]},{"@type":"WebSite","@id":"https:\/\/www.kompetensforetagen.se\/#website","url":"https:\/\/www.kompetensforetagen.se\/","name":"Kompetensf\u00f6retagen","description":"R\u00e4tt person p\u00e5 r\u00e4tt plats kan f\u00f6r\u00e4ndra v\u00e4rlden","publisher":{"@id":"https:\/\/www.kompetensforetagen.se\/#organization"},"potentialAction":[{"@type":"SearchAction","target":{"@type":"EntryPoint","urlTemplate":"https:\/\/www.kompetensforetagen.se\/?s={search_term_string}"},"query-input":{"@type":"PropertyValueSpecification","valueRequired":true,"valueName":"search_term_string"}}],"inLanguage":"sv-SE"},{"@type":"Organization","@id":"https:\/\/www.kompetensforetagen.se\/#organization","name":"Kompetensf\u00f6retagen","url":"https:\/\/www.kompetensforetagen.se\/","logo":{"@type":"ImageObject","inLanguage":"sv-SE","@id":"https:\/\/www.kompetensforetagen.se\/#\/schema\/logo\/image\/","url":"https:\/\/www.kompetensforetagen.se\/app\/uploads\/sites\/5\/2022\/10\/logga_svart.png","contentUrl":"https:\/\/www.kompetensforetagen.se\/app\/uploads\/sites\/5\/2022\/10\/logga_svart.png","width":752,"height":64,"caption":"Kompetensf\u00f6retagen"},"image":{"@id":"https:\/\/www.kompetensforetagen.se\/#\/schema\/logo\/image\/"},"sameAs":["https:\/\/www.linkedin.com\/company\/10540032\/"]},{"@type":"Person","@id":"https:\/\/www.kompetensforetagen.se\/#\/schema\/person\/94b8ea93ef0611b1467f15023d9ebd1b","name":"camillagunnar2","image":{"@type":"ImageObject","inLanguage":"sv-SE","@id":"https:\/\/www.kompetensforetagen.se\/#\/schema\/person\/image\/","url":"https:\/\/secure.gravatar.com\/avatar\/b6f8240666aff929220ce2eb5e5698c1b44b3223ca9f0ac50ecbf5dbdb13dab4?s=96&d=mm&r=g","contentUrl":"https:\/\/secure.gravatar.com\/avatar\/b6f8240666aff929220ce2eb5e5698c1b44b3223ca9f0ac50ecbf5dbdb13dab4?s=96&d=mm&r=g","caption":"camillagunnar2"},"url":"https:\/\/www.kompetensforetagen.se\/person\/camillagunnar2\/"}]}},"_links":{"self":[{"href":"https:\/\/www.kompetensforetagen.se\/api\/wp\/v2\/posts\/15483","targetHints":{"allow":["GET"]}}],"collection":[{"href":"https:\/\/www.kompetensforetagen.se\/api\/wp\/v2\/posts"}],"about":[{"href":"https:\/\/www.kompetensforetagen.se\/api\/wp\/v2\/types\/post"}],"author":[{"embeddable":true,"href":"https:\/\/www.kompetensforetagen.se\/api\/wp\/v2\/users\/14830"}],"replies":[{"embeddable":true,"href":"https:\/\/www.kompetensforetagen.se\/api\/wp\/v2\/comments?post=15483"}],"version-history":[{"count":4,"href":"https:\/\/www.kompetensforetagen.se\/api\/wp\/v2\/posts\/15483\/revisions"}],"predecessor-version":[{"id":15494,"href":"https:\/\/www.kompetensforetagen.se\/api\/wp\/v2\/posts\/15483\/revisions\/15494"}],"wp:featuredmedia":[{"embeddable":true,"href":"https:\/\/www.kompetensforetagen.se\/api\/wp\/v2\/media\/15484"}],"wp:attachment":[{"href":"https:\/\/www.kompetensforetagen.se\/api\/wp\/v2\/media?parent=15483"}],"wp:term":[{"taxonomy":"category","embeddable":true,"href":"https:\/\/www.kompetensforetagen.se\/api\/wp\/v2\/categories?post=15483"},{"taxonomy":"post_tag","embeddable":true,"href":"https:\/\/www.kompetensforetagen.se\/api\/wp\/v2\/tags?post=15483"},{"taxonomy":"type","embeddable":true,"href":"https:\/\/www.kompetensforetagen.se\/api\/wp\/v2\/article_type?post=15483"},{"taxonomy":"agreement","embeddable":true,"href":"https:\/\/www.kompetensforetagen.se\/api\/wp\/v2\/agreement?post=15483"},{"taxonomy":"for-members","embeddable":true,"href":"https:\/\/www.kompetensforetagen.se\/api\/wp\/v2\/for-members?post=15483"}],"curies":[{"name":"wp","href":"https:\/\/api.w.org\/{rel}","templated":true}]}}