{"id":15470,"date":"2023-10-26T16:16:00","date_gmt":"2023-10-26T14:16:00","guid":{"rendered":"https:\/\/www.kompetensforetagen.se\/?p=15470"},"modified":"2023-10-26T16:41:30","modified_gmt":"2023-10-26T14:41:30","slug":"vinnarintervju-med-arets-konsult-blue-collar","status":"publish","type":"post","link":"https:\/\/www.kompetensforetagen.se\/2023\/10\/vinnarintervju-med-arets-konsult-blue-collar\/","title":{"rendered":"Vinnarintervju med \u00c5rets konsult Blue Collar"},"content":{"rendered":"\n<p>Kompetensf\u00f6retagen har delat ut priset \u00c5rets konsult Blue Collar 2023 till Markus Johansson. Vi har intervjuat den glada vinnaren f\u00f6r att f\u00e5 veta lite mer om honom.&nbsp;<\/p>\n\n\n\n<p><strong>F\u00f6rst m\u00e5ste vi ta den klassiska sportfr\u00e5gan. Hur k\u00e4nns det? <\/strong><br>&#8211; Det k\u00e4nns s\u00e5klart superkul, ett bevis p\u00e5 att man har gjort ett bra jobb!\u00a0<\/p>\n\n\n\n<p><strong>Vad g\u00f6r du p\u00e5 jobbet? <\/strong><br>&#8211; Jag jobbar idag p\u00e5 Mathem, d\u00e4r sortering av livsmedel samt truckk\u00f6rning \u00e4r mina huvudsysslor.\u00a0<\/p>\n\n\n\n<p><strong>Hur l\u00e4nge har du jobbat som konsult?<\/strong>\u00a0<br>&#8211; Jag b\u00f6rjade p\u00e5 simplex vid \u00e5rsskiftet ungef\u00e4r.\u00a0<\/p>\n\n\n\n<blockquote class=\"wp-block-quote is-layout-flow wp-block-quote-is-layout-flow\">\n<p>Jag gillar m\u00f6jligheten att kunna variera arbetsplatser om m\u00f6jligheterna erbjuds<\/p>\n<\/blockquote>\n\n\n\n<p><strong>Hur kommer det sig att du b\u00f6rjade jobba som konsult? <\/strong><br>-Jag gillar m\u00f6jligheten att kunna variera arbetsplatser om m\u00f6jligheterna erbjuds, att jobba p\u00e5 ett f\u00f6retag f\u00f6rsta halv\u00e5ret, och \u00e4r man sugen p\u00e5 lite milj\u00f6ombyte s\u00e5 \u00e4r det l\u00e4ttare och byta som konsult.\u00a0<\/p>\n\n\n\n<p><strong>Skulle du rekommendera andra att jobba som konsult? Varf\u00f6r? <\/strong><br>&#8211; Ja, absolut. Som konsult s\u00e5 kan du jobba p\u00e5 s\u00e5 m\u00e5nga arbetsplatser under flera \u00e5r utan att det ska bli en stor process av det, och p\u00e5 s\u00e5 s\u00e4tt l\u00e4r man k\u00e4nna nya kontakter, m\u00f6jligheten att f\u00e5nga upp mer arbetserfarenhet osv.\u00a0<\/p>\n\n\n\n<p><strong>Vad g\u00f6r du n\u00e4r du inte jobbar? <\/strong><br>&#8211; Jag tillbringar min fritid med min familj, tr\u00e4nar g\u00e4rna ocks\u00e5 om det finns tid \u00f6ver.\u00a0<\/p>\n\n\n\n<p><strong>Namn<\/strong>: Markus Johansson<\/p>\n\n\n\n<p><strong>\u00c5lder<\/strong>: 28<\/p>\n\n\n\n<p><strong>Bor<\/strong>: Stockholm<\/p>\n\n\n\n<p><strong>Anst\u00e4lld hos<\/strong>: <a href=\"https:\/\/simplexbemanning.se\/\" target=\"_blank\" rel=\"noreferrer noopener\">Simplex Bemanning<\/a><\/p>\n\n\n\n<p><strong>Aktuell med<\/strong>: Vinnare av \u00c5rets konsult Blue Collar 2023<\/p>\n","protected":false},"excerpt":{"rendered":"<p>Kompetensf\u00f6retagen har delat ut priset \u00c5rets konsult Blue Collar 2023 till Markus Johansson. Vi har intervjuat den glada vinnaren f\u00f6r att f\u00e5 veta lite mer om honom.&nbsp; F\u00f6rst m\u00e5ste vi ta den klassiska sportfr\u00e5gan. Hur &hellip;<\/p>\n","protected":false},"author":14830,"featured_media":15457,"comment_status":"closed","ping_status":"closed","sticky":false,"template":"","format":"standard","meta":{"_acf_changed":false,"footnotes":""},"categories":[204],"tags":[],"article_type":[8],"agreement":[],"for-members":[],"class_list":["post-15470","post","type-post","status-publish","format-standard","has-post-thumbnail","hentry","category-konsult","type-aktuellt"],"acf":[],"yoast_head":"<!-- This site is optimized with the Yoast SEO Premium plugin v26.8 (Yoast SEO v26.8) - https:\/\/yoast.com\/product\/yoast-seo-premium-wordpress\/ -->\n<title>Vinnarintervju med \u00c5rets konsult Blue Collar - Kompetensf\u00f6retagen<\/title>\n<meta name=\"description\" content=\"Kompetensf\u00f6retagens uts\u00e5g \u00c5rets konsult Blue Collar 2023 gick i \u00e5r till Markus Johansson fr\u00e4n Simplex bemanning\" \/>\n<meta name=\"robots\" content=\"index, follow, max-snippet:-1, max-image-preview:large, max-video-preview:-1\" \/>\n<link rel=\"canonical\" href=\"https:\/\/www.kompetensforetagen.se\/2023\/10\/vinnarintervju-med-arets-konsult-blue-collar\/\" \/>\n<meta property=\"og:locale\" content=\"sv_SE\" \/>\n<meta property=\"og:type\" content=\"article\" \/>\n<meta property=\"og:title\" content=\"Vinnarintervju med \u00c5rets konsult Blue Collar\" \/>\n<meta property=\"og:description\" content=\"Kompetensf\u00f6retagens uts\u00e5g \u00c5rets konsult Blue Collar 2023 gick i \u00e5r till Markus Johansson fr\u00e4n Simplex bemanning\" \/>\n<meta property=\"og:url\" content=\"https:\/\/www.kompetensforetagen.se\/2023\/10\/vinnarintervju-med-arets-konsult-blue-collar\/\" \/>\n<meta property=\"og:site_name\" content=\"Kompetensf\u00f6retagen\" \/>\n<meta property=\"article:published_time\" content=\"2023-10-26T14:16:00+00:00\" \/>\n<meta property=\"article:modified_time\" content=\"2023-10-26T14:41:30+00:00\" \/>\n<meta property=\"og:image\" content=\"https:\/\/www.kompetensforetagen.se\/app\/uploads\/sites\/5\/2023\/10\/AS26751.jpg\" \/>\n\t<meta property=\"og:image:width\" content=\"2048\" \/>\n\t<meta property=\"og:image:height\" content=\"1365\" \/>\n\t<meta property=\"og:image:type\" content=\"image\/jpeg\" \/>\n<meta name=\"author\" content=\"camillagunnar2\" \/>\n<meta name=\"twitter:card\" content=\"summary_large_image\" \/>\n<meta name=\"twitter:label1\" content=\"Skriven av\" \/>\n\t<meta name=\"twitter:data1\" content=\"camillagunnar2\" \/>\n\t<meta name=\"twitter:label2\" content=\"Ber\u00e4knad l\u00e4stid\" \/>\n\t<meta name=\"twitter:data2\" content=\"2 minuter\" \/>\n<!-- \/ Yoast SEO Premium plugin. -->","yoast_head_json":{"title":"Vinnarintervju med \u00c5rets konsult Blue Collar - Kompetensf\u00f6retagen","description":"Kompetensf\u00f6retagens uts\u00e5g \u00c5rets konsult Blue Collar 2023 gick i \u00e5r till Markus Johansson fr\u00e4n Simplex bemanning","robots":{"index":"index","follow":"follow","max-snippet":"max-snippet:-1","max-image-preview":"max-image-preview:large","max-video-preview":"max-video-preview:-1"},"canonical":"https:\/\/www.kompetensforetagen.se\/2023\/10\/vinnarintervju-med-arets-konsult-blue-collar\/","og_locale":"sv_SE","og_type":"article","og_title":"Vinnarintervju med \u00c5rets konsult Blue Collar","og_description":"Kompetensf\u00f6retagens uts\u00e5g \u00c5rets konsult Blue Collar 2023 gick i \u00e5r till Markus Johansson fr\u00e4n Simplex bemanning","og_url":"https:\/\/www.kompetensforetagen.se\/2023\/10\/vinnarintervju-med-arets-konsult-blue-collar\/","og_site_name":"Kompetensf\u00f6retagen","article_published_time":"2023-10-26T14:16:00+00:00","article_modified_time":"2023-10-26T14:41:30+00:00","og_image":[{"width":2048,"height":1365,"url":"https:\/\/www.kompetensforetagen.se\/app\/uploads\/sites\/5\/2023\/10\/AS26751.jpg","type":"image\/jpeg"}],"author":"camillagunnar2","twitter_card":"summary_large_image","twitter_misc":{"Skriven av":"camillagunnar2","Ber\u00e4knad l\u00e4stid":"2 minuter"},"schema":{"@context":"https:\/\/schema.org","@graph":[{"@type":"Article","@id":"https:\/\/www.kompetensforetagen.se\/2023\/10\/vinnarintervju-med-arets-konsult-blue-collar\/#article","isPartOf":{"@id":"https:\/\/www.kompetensforetagen.se\/2023\/10\/vinnarintervju-med-arets-konsult-blue-collar\/"},"author":{"name":"camillagunnar2","@id":"https:\/\/www.kompetensforetagen.se\/#\/schema\/person\/94b8ea93ef0611b1467f15023d9ebd1b"},"headline":"Vinnarintervju med \u00c5rets konsult Blue Collar","datePublished":"2023-10-26T14:16:00+00:00","dateModified":"2023-10-26T14:41:30+00:00","mainEntityOfPage":{"@id":"https:\/\/www.kompetensforetagen.se\/2023\/10\/vinnarintervju-med-arets-konsult-blue-collar\/"},"wordCount":273,"publisher":{"@id":"https:\/\/www.kompetensforetagen.se\/#organization"},"image":{"@id":"https:\/\/www.kompetensforetagen.se\/2023\/10\/vinnarintervju-med-arets-konsult-blue-collar\/#primaryimage"},"thumbnailUrl":"https:\/\/www.kompetensforetagen.se\/app\/uploads\/sites\/5\/2023\/10\/AS26751.jpg","articleSection":["Konsult"],"inLanguage":"sv-SE"},{"@type":"WebPage","@id":"https:\/\/www.kompetensforetagen.se\/2023\/10\/vinnarintervju-med-arets-konsult-blue-collar\/","url":"https:\/\/www.kompetensforetagen.se\/2023\/10\/vinnarintervju-med-arets-konsult-blue-collar\/","name":"Vinnarintervju med \u00c5rets konsult Blue Collar - Kompetensf\u00f6retagen","isPartOf":{"@id":"https:\/\/www.kompetensforetagen.se\/#website"},"primaryImageOfPage":{"@id":"https:\/\/www.kompetensforetagen.se\/2023\/10\/vinnarintervju-med-arets-konsult-blue-collar\/#primaryimage"},"image":{"@id":"https:\/\/www.kompetensforetagen.se\/2023\/10\/vinnarintervju-med-arets-konsult-blue-collar\/#primaryimage"},"thumbnailUrl":"https:\/\/www.kompetensforetagen.se\/app\/uploads\/sites\/5\/2023\/10\/AS26751.jpg","datePublished":"2023-10-26T14:16:00+00:00","dateModified":"2023-10-26T14:41:30+00:00","description":"Kompetensf\u00f6retagens uts\u00e5g \u00c5rets konsult Blue Collar 2023 gick i \u00e5r till Markus Johansson fr\u00e4n Simplex bemanning","breadcrumb":{"@id":"https:\/\/www.kompetensforetagen.se\/2023\/10\/vinnarintervju-med-arets-konsult-blue-collar\/#breadcrumb"},"inLanguage":"sv-SE","potentialAction":[{"@type":"ReadAction","target":["https:\/\/www.kompetensforetagen.se\/2023\/10\/vinnarintervju-med-arets-konsult-blue-collar\/"]}]},{"@type":"ImageObject","inLanguage":"sv-SE","@id":"https:\/\/www.kompetensforetagen.se\/2023\/10\/vinnarintervju-med-arets-konsult-blue-collar\/#primaryimage","url":"https:\/\/www.kompetensforetagen.se\/app\/uploads\/sites\/5\/2023\/10\/AS26751.jpg","contentUrl":"https:\/\/www.kompetensforetagen.se\/app\/uploads\/sites\/5\/2023\/10\/AS26751.jpg","width":2048,"height":1365,"caption":"\u00c5rets konsult: Blue collar Marcus Johansson"},{"@type":"BreadcrumbList","@id":"https:\/\/www.kompetensforetagen.se\/2023\/10\/vinnarintervju-med-arets-konsult-blue-collar\/#breadcrumb","itemListElement":[{"@type":"ListItem","position":1,"name":"Home","item":"https:\/\/www.kompetensforetagen.se\/"},{"@type":"ListItem","position":2,"name":"Vinnarintervju med \u00c5rets konsult Blue Collar"}]},{"@type":"WebSite","@id":"https:\/\/www.kompetensforetagen.se\/#website","url":"https:\/\/www.kompetensforetagen.se\/","name":"Kompetensf\u00f6retagen","description":"R\u00e4tt person p\u00e5 r\u00e4tt plats kan f\u00f6r\u00e4ndra v\u00e4rlden","publisher":{"@id":"https:\/\/www.kompetensforetagen.se\/#organization"},"potentialAction":[{"@type":"SearchAction","target":{"@type":"EntryPoint","urlTemplate":"https:\/\/www.kompetensforetagen.se\/?s={search_term_string}"},"query-input":{"@type":"PropertyValueSpecification","valueRequired":true,"valueName":"search_term_string"}}],"inLanguage":"sv-SE"},{"@type":"Organization","@id":"https:\/\/www.kompetensforetagen.se\/#organization","name":"Kompetensf\u00f6retagen","url":"https:\/\/www.kompetensforetagen.se\/","logo":{"@type":"ImageObject","inLanguage":"sv-SE","@id":"https:\/\/www.kompetensforetagen.se\/#\/schema\/logo\/image\/","url":"https:\/\/www.kompetensforetagen.se\/app\/uploads\/sites\/5\/2022\/10\/logga_svart.png","contentUrl":"https:\/\/www.kompetensforetagen.se\/app\/uploads\/sites\/5\/2022\/10\/logga_svart.png","width":752,"height":64,"caption":"Kompetensf\u00f6retagen"},"image":{"@id":"https:\/\/www.kompetensforetagen.se\/#\/schema\/logo\/image\/"},"sameAs":["https:\/\/www.linkedin.com\/company\/10540032\/"]},{"@type":"Person","@id":"https:\/\/www.kompetensforetagen.se\/#\/schema\/person\/94b8ea93ef0611b1467f15023d9ebd1b","name":"camillagunnar2","image":{"@type":"ImageObject","inLanguage":"sv-SE","@id":"https:\/\/www.kompetensforetagen.se\/#\/schema\/person\/image\/","url":"https:\/\/secure.gravatar.com\/avatar\/b6f8240666aff929220ce2eb5e5698c1b44b3223ca9f0ac50ecbf5dbdb13dab4?s=96&d=mm&r=g","contentUrl":"https:\/\/secure.gravatar.com\/avatar\/b6f8240666aff929220ce2eb5e5698c1b44b3223ca9f0ac50ecbf5dbdb13dab4?s=96&d=mm&r=g","caption":"camillagunnar2"},"url":"https:\/\/www.kompetensforetagen.se\/person\/camillagunnar2\/"}]}},"_links":{"self":[{"href":"https:\/\/www.kompetensforetagen.se\/api\/wp\/v2\/posts\/15470","targetHints":{"allow":["GET"]}}],"collection":[{"href":"https:\/\/www.kompetensforetagen.se\/api\/wp\/v2\/posts"}],"about":[{"href":"https:\/\/www.kompetensforetagen.se\/api\/wp\/v2\/types\/post"}],"author":[{"embeddable":true,"href":"https:\/\/www.kompetensforetagen.se\/api\/wp\/v2\/users\/14830"}],"replies":[{"embeddable":true,"href":"https:\/\/www.kompetensforetagen.se\/api\/wp\/v2\/comments?post=15470"}],"version-history":[{"count":5,"href":"https:\/\/www.kompetensforetagen.se\/api\/wp\/v2\/posts\/15470\/revisions"}],"predecessor-version":[{"id":15478,"href":"https:\/\/www.kompetensforetagen.se\/api\/wp\/v2\/posts\/15470\/revisions\/15478"}],"wp:featuredmedia":[{"embeddable":true,"href":"https:\/\/www.kompetensforetagen.se\/api\/wp\/v2\/media\/15457"}],"wp:attachment":[{"href":"https:\/\/www.kompetensforetagen.se\/api\/wp\/v2\/media?parent=15470"}],"wp:term":[{"taxonomy":"category","embeddable":true,"href":"https:\/\/www.kompetensforetagen.se\/api\/wp\/v2\/categories?post=15470"},{"taxonomy":"post_tag","embeddable":true,"href":"https:\/\/www.kompetensforetagen.se\/api\/wp\/v2\/tags?post=15470"},{"taxonomy":"type","embeddable":true,"href":"https:\/\/www.kompetensforetagen.se\/api\/wp\/v2\/article_type?post=15470"},{"taxonomy":"agreement","embeddable":true,"href":"https:\/\/www.kompetensforetagen.se\/api\/wp\/v2\/agreement?post=15470"},{"taxonomy":"for-members","embeddable":true,"href":"https:\/\/www.kompetensforetagen.se\/api\/wp\/v2\/for-members?post=15470"}],"curies":[{"name":"wp","href":"https:\/\/api.w.org\/{rel}","templated":true}]}}