{"id":15328,"date":"2023-09-28T17:00:00","date_gmt":"2023-09-28T15:00:00","guid":{"rendered":"https:\/\/www.kompetensforetagen.se\/?p=15328"},"modified":"2023-10-04T15:38:56","modified_gmt":"2023-10-04T13:38:56","slug":"debattreplik-hyrstopp-ar-domt-att-leda-till-vardskador","status":"publish","type":"post","link":"https:\/\/www.kompetensforetagen.se\/2023\/09\/debattreplik-hyrstopp-ar-domt-att-leda-till-vardskador\/","title":{"rendered":"Debattreplik: Hyrstopp \u00e4r d\u00f6mt att leda till v\u00e5rdskador"},"content":{"rendered":"\n<p>V\u00e5r f\u00f6rhoppning \u00e4r att regionpolitikerna s\u00e4kerst\u00e4ller grundbemanningen.\u00a0Men vid arbetstoppar, semestrar och annan fr\u00e5nvaro beh\u00f6vs inhyrd personal, skriver Eva Domanders och Patrik Eidfelt fr\u00e5n Kompetensf\u00f6retagen.<\/p>\n\n\n\n<p>I ett tufft ekonomiskt l\u00e4ge ska man se \u00f6ver kostnaderna. Men\u00a0<a href=\"https:\/\/www.expressen.se\/debatt\/forsta-halvaret-hyrde-vi--personal-for-46-miljarder\/\" target=\"_blank\" rel=\"noreferrer noopener\">regionernas hyrstopp<\/a>\u00a0\u00e4r sannolikt d\u00f6mt att leda till ekonomiska och v\u00e5rdrelaterade skador. Tillsammans med den auktoriserade branschen kan krisen l\u00f6sas. \u00a0<\/p>\n\n\n\n<p>Flera\u00a0<a href=\"https:\/\/www.svt.se\/nyheter\/lokalt\/halland\/hallands-sjukhus-stoppar-hyrpersonal-har-ar-riskerna-for-personal-och-patienter--244xfr\" target=\"_blank\" rel=\"noreferrer noopener\">sjukhus varnar f\u00f6r konsekvenserna:<\/a>\u00a0f\u00e4rre v\u00e5rdplatser, l\u00e4ngre operationsk\u00f6er och \u00f6kad press p\u00e5 ordinarie personal. Hyrstoppet hotar patients\u00e4kerheten. Hyrstopp har testats tidigare; inget talar f\u00f6r att det kommer att minska kostnaderna. Efter varje hyrstopp har utgifterna f\u00f6r v\u00e5rdbemanningen \u00f6kat. En f\u00f6rklaring \u00e4r att personalen l\u00e4mnar regionerna n\u00e4r arbetsvillkoren f\u00f6rs\u00e4mras.\u00a0<\/p>\n\n\n\n<p>I st\u00e4llet f\u00f6r panik\u00e5tg\u00e4rder m\u00e5ste regionerna se bemanningsbranschen som en strategisk partner. Tillsammans kan vi skapa ordning och kostnadskontroll.<\/p>\n\n\n<a class='Share__link Share__link--url copy-text' href='#' rel='nofollow' data-text='inhyrd-personal-behovs' title='Dela url' data-confirmation='L\u00e4nken kopierades till urklipp'><svg class='icon icon--link'  width='18' height='18' viewBox='0 0 18 18' fill='none' xmlns='http:\/\/www.w3.org\/2000\/svg'>\n            <path d='M10.4142 0.514721L6.87868 4.05025L8.29289 5.46447L11.1213 2.63604L15.364 6.87868L12.5355 9.70711L13.9497 11.1213L17.4853 7.58579C17.8763 7.19476 17.8763 6.5626 17.4853 6.17158L11.8284 0.514721C11.4374 0.123691 10.8052 0.123691 10.4142 0.514721Z' fill='black'\/>\n            <path d='M9.7071 12.5355L6.87868 15.364L2.63604 11.1213L5.46446 8.2929L4.05025 6.87868L0.514716 10.4142C0.123686 10.8052 0.123686 11.4374 0.514716 11.8284L6.17157 17.4853C6.5626 17.8763 7.19475 17.8763 7.58578 17.4853L11.1213 13.9497L9.7071 12.5355Z' fill='black'\/>\n            <path d='M6.17157 11.8284C6.5626 12.2195 7.19475 12.2195 7.58578 11.8284L11.8284 7.58579C12.2195 7.19476 12.2195 6.56261 11.8284 6.17158C11.4374 5.78055 10.8052 5.78055 10.4142 6.17158L6.17157 10.4142C5.78054 10.8052 5.78054 11.4374 6.17157 11.8284Z' fill='black'\/>\n            <\/svg> <\/a>\n<h2 class=\"wp-block-heading\">Inhyrd personal beh\u00f6vs<\/h2>\n\n\n\n<p>Regionerna m\u00e5ste arbeta f\u00f6r att minska antalet direktupphandlingar. Alla exempel p\u00e5 \u00f6verdrivet h\u00f6g ers\u00e4ttning kommer fr\u00e5n \u201dback door buying\u201d utanf\u00f6r ramavtal. Regionerna kan ocks\u00e5 \u00f6ka kvaliteten p\u00e5 upphandlingarna genom att unders\u00f6ka om leverant\u00f6rerna \u00e4r auktoriserade bemanningsf\u00f6retag. Dessa har kollektivavtal, f\u00f6rs\u00e4kringar och pensionsinbetalningar.<\/p>\n\n\n\n<blockquote class=\"wp-block-quote is-layout-flow wp-block-quote-is-layout-flow\">\n<p> Hyrstopp har testats tidigare; inget talar f\u00f6r att det kommer att minska kostnaderna<\/p>\n<\/blockquote>\n\n\n\n<p>Auktorisationen \u00e4r framtagen tillsammans med facket och garanterar seriositet och kvalitet. Men i den regiongemensamma upphandlingen \u00e4r endast 8 av 35 bolag auktoriserade.<\/p>\n\n\n\n<p>V\u00e5r f\u00f6rhoppning \u00e4r att regionpolitikerna s\u00e4kerst\u00e4ller grundbemanningen. Men vid arbetstoppar, semestrar och annan fr\u00e5nvaro beh\u00f6vs inhyrd personal. S\u00e5 skapas en fungerande arbetsmilj\u00f6 och s\u00e4ker v\u00e5rd f\u00f6r patienterna. Det m\u00e5ste trots allt vara v\u00e5rt gemensamma m\u00e5l.<\/p>\n\n\n\n<p>\u00a0Eva Domanders, ordf\u00f6rande Kompetensf\u00f6retagen\u00a0<\/p>\n\n\n\n<p>Patrik Eidfelt, f\u00f6rbundsdirekt\u00f6r Kompetensf\u00f6retagen\u00a0<\/p>\n\n\n\n<p><a href=\"https:\/\/www.expressen.se\/debatt\/hyrstopp-ar-domt-att--leda-till-vardskador--\/\" target=\"_blank\" rel=\"noreferrer noopener\">Debattrepliken publicerades p\u00e5 Expressen debatt 28 september 2023<\/a><\/p>\n","protected":false},"excerpt":{"rendered":"<p>V\u00e5r f\u00f6rhoppning \u00e4r att regionpolitikerna s\u00e4kerst\u00e4ller grundbemanningen.\u00a0Men vid arbetstoppar, semestrar och annan fr\u00e5nvaro beh\u00f6vs inhyrd personal, skriver Eva Domanders och Patrik Eidfelt fr\u00e5n Kompetensf\u00f6retagen. I ett tufft ekonomiskt l\u00e4ge ska man se \u00f6ver kostnaderna. Men\u00a0regionernas &hellip;<\/p>\n","protected":false},"author":6358,"featured_media":7304,"comment_status":"closed","ping_status":"closed","sticky":false,"template":"","format":"standard","meta":{"_acf_changed":false,"footnotes":""},"categories":[5],"tags":[],"article_type":[8,32],"agreement":[],"for-members":[],"class_list":["post-15328","post","type-post","status-publish","format-standard","has-post-thumbnail","hentry","category-vard","type-aktuellt","type-debattartiklar"],"acf":[],"yoast_head":"<!-- This site is optimized with the Yoast SEO Premium plugin v26.8 (Yoast SEO v26.8) - https:\/\/yoast.com\/product\/yoast-seo-premium-wordpress\/ -->\n<title>Debattreplik: Hyrstopp \u00e4r d\u00f6mt att leda till v\u00e5rdskador<\/title>\n<meta name=\"description\" content=\"V\u00e5r f\u00f6rhoppning \u00e4r att regionpolitikerna s\u00e4kerst\u00e4ller grundbemanningen. Hyrstopp i detta utsatta l\u00e4ge kommer att leda till v\u00e5rdskador.\" \/>\n<meta name=\"robots\" content=\"index, follow, max-snippet:-1, max-image-preview:large, max-video-preview:-1\" \/>\n<link rel=\"canonical\" href=\"https:\/\/www.kompetensforetagen.se\/2023\/09\/debattreplik-hyrstopp-ar-domt-att-leda-till-vardskador\/\" \/>\n<meta property=\"og:locale\" content=\"sv_SE\" \/>\n<meta property=\"og:type\" content=\"article\" \/>\n<meta property=\"og:title\" content=\"Debattreplik: Hyrstopp \u00e4r d\u00f6mt att leda till v\u00e5rdskador\" \/>\n<meta property=\"og:description\" content=\"V\u00e5r f\u00f6rhoppning \u00e4r att regionpolitikerna s\u00e4kerst\u00e4ller grundbemanningen. Hyrstopp i detta utsatta l\u00e4ge kommer att leda till v\u00e5rdskador.\" \/>\n<meta property=\"og:url\" content=\"https:\/\/www.kompetensforetagen.se\/2023\/09\/debattreplik-hyrstopp-ar-domt-att-leda-till-vardskador\/\" \/>\n<meta property=\"og:site_name\" content=\"Kompetensf\u00f6retagen\" \/>\n<meta property=\"article:published_time\" content=\"2023-09-28T15:00:00+00:00\" \/>\n<meta property=\"article:modified_time\" content=\"2023-10-04T13:38:56+00:00\" \/>\n<meta property=\"og:image\" content=\"https:\/\/www.kompetensforetagen.se\/app\/uploads\/sites\/5\/2021\/06\/namnlos-design-14.png\" \/>\n\t<meta property=\"og:image:width\" content=\"2000\" \/>\n\t<meta property=\"og:image:height\" content=\"1414\" \/>\n\t<meta property=\"og:image:type\" content=\"image\/png\" \/>\n<meta name=\"twitter:card\" content=\"summary_large_image\" \/>\n<meta name=\"twitter:label1\" content=\"Skriven av\" \/>\n\t<meta name=\"twitter:data1\" content=\"\" \/>\n\t<meta name=\"twitter:label2\" content=\"Ber\u00e4knad l\u00e4stid\" \/>\n\t<meta name=\"twitter:data2\" content=\"2 minuter\" \/>\n<!-- \/ Yoast SEO Premium plugin. -->","yoast_head_json":{"title":"Debattreplik: Hyrstopp \u00e4r d\u00f6mt att leda till v\u00e5rdskador","description":"V\u00e5r f\u00f6rhoppning \u00e4r att regionpolitikerna s\u00e4kerst\u00e4ller grundbemanningen. Hyrstopp i detta utsatta l\u00e4ge kommer att leda till v\u00e5rdskador.","robots":{"index":"index","follow":"follow","max-snippet":"max-snippet:-1","max-image-preview":"max-image-preview:large","max-video-preview":"max-video-preview:-1"},"canonical":"https:\/\/www.kompetensforetagen.se\/2023\/09\/debattreplik-hyrstopp-ar-domt-att-leda-till-vardskador\/","og_locale":"sv_SE","og_type":"article","og_title":"Debattreplik: Hyrstopp \u00e4r d\u00f6mt att leda till v\u00e5rdskador","og_description":"V\u00e5r f\u00f6rhoppning \u00e4r att regionpolitikerna s\u00e4kerst\u00e4ller grundbemanningen. Hyrstopp i detta utsatta l\u00e4ge kommer att leda till v\u00e5rdskador.","og_url":"https:\/\/www.kompetensforetagen.se\/2023\/09\/debattreplik-hyrstopp-ar-domt-att-leda-till-vardskador\/","og_site_name":"Kompetensf\u00f6retagen","article_published_time":"2023-09-28T15:00:00+00:00","article_modified_time":"2023-10-04T13:38:56+00:00","og_image":[{"width":2000,"height":1414,"url":"https:\/\/www.kompetensforetagen.se\/app\/uploads\/sites\/5\/2021\/06\/namnlos-design-14.png","type":"image\/png"}],"twitter_card":"summary_large_image","twitter_misc":{"Skriven av":"","Ber\u00e4knad l\u00e4stid":"2 minuter"},"schema":{"@context":"https:\/\/schema.org","@graph":[{"@type":"Article","@id":"https:\/\/www.kompetensforetagen.se\/2023\/09\/debattreplik-hyrstopp-ar-domt-att-leda-till-vardskador\/#article","isPartOf":{"@id":"https:\/\/www.kompetensforetagen.se\/2023\/09\/debattreplik-hyrstopp-ar-domt-att-leda-till-vardskador\/"},"author":{"name":"","@id":""},"headline":"Debattreplik: Hyrstopp \u00e4r d\u00f6mt att leda till v\u00e5rdskador","datePublished":"2023-09-28T15:00:00+00:00","dateModified":"2023-10-04T13:38:56+00:00","mainEntityOfPage":{"@id":"https:\/\/www.kompetensforetagen.se\/2023\/09\/debattreplik-hyrstopp-ar-domt-att-leda-till-vardskador\/"},"wordCount":323,"publisher":{"@id":"https:\/\/www.kompetensforetagen.se\/#organization"},"image":{"@id":"https:\/\/www.kompetensforetagen.se\/2023\/09\/debattreplik-hyrstopp-ar-domt-att-leda-till-vardskador\/#primaryimage"},"thumbnailUrl":"https:\/\/www.kompetensforetagen.se\/app\/uploads\/sites\/5\/2021\/06\/namnlos-design-14.png","articleSection":["V\u00e5rdbemanning"],"inLanguage":"sv-SE"},{"@type":"WebPage","@id":"https:\/\/www.kompetensforetagen.se\/2023\/09\/debattreplik-hyrstopp-ar-domt-att-leda-till-vardskador\/","url":"https:\/\/www.kompetensforetagen.se\/2023\/09\/debattreplik-hyrstopp-ar-domt-att-leda-till-vardskador\/","name":"Debattreplik: Hyrstopp \u00e4r d\u00f6mt att leda till v\u00e5rdskador","isPartOf":{"@id":"https:\/\/www.kompetensforetagen.se\/#website"},"primaryImageOfPage":{"@id":"https:\/\/www.kompetensforetagen.se\/2023\/09\/debattreplik-hyrstopp-ar-domt-att-leda-till-vardskador\/#primaryimage"},"image":{"@id":"https:\/\/www.kompetensforetagen.se\/2023\/09\/debattreplik-hyrstopp-ar-domt-att-leda-till-vardskador\/#primaryimage"},"thumbnailUrl":"https:\/\/www.kompetensforetagen.se\/app\/uploads\/sites\/5\/2021\/06\/namnlos-design-14.png","datePublished":"2023-09-28T15:00:00+00:00","dateModified":"2023-10-04T13:38:56+00:00","description":"V\u00e5r f\u00f6rhoppning \u00e4r att regionpolitikerna s\u00e4kerst\u00e4ller grundbemanningen. Hyrstopp i detta utsatta l\u00e4ge kommer att leda till v\u00e5rdskador.","breadcrumb":{"@id":"https:\/\/www.kompetensforetagen.se\/2023\/09\/debattreplik-hyrstopp-ar-domt-att-leda-till-vardskador\/#breadcrumb"},"inLanguage":"sv-SE","potentialAction":[{"@type":"ReadAction","target":["https:\/\/www.kompetensforetagen.se\/2023\/09\/debattreplik-hyrstopp-ar-domt-att-leda-till-vardskador\/"]}]},{"@type":"ImageObject","inLanguage":"sv-SE","@id":"https:\/\/www.kompetensforetagen.se\/2023\/09\/debattreplik-hyrstopp-ar-domt-att-leda-till-vardskador\/#primaryimage","url":"https:\/\/www.kompetensforetagen.se\/app\/uploads\/sites\/5\/2021\/06\/namnlos-design-14.png","contentUrl":"https:\/\/www.kompetensforetagen.se\/app\/uploads\/sites\/5\/2021\/06\/namnlos-design-14.png","width":2000,"height":1414,"caption":"\u00c4ldre man ligger i sjukhuss\u00e4ng och f\u00e5r hj\u00e4lp med en Ipad"},{"@type":"BreadcrumbList","@id":"https:\/\/www.kompetensforetagen.se\/2023\/09\/debattreplik-hyrstopp-ar-domt-att-leda-till-vardskador\/#breadcrumb","itemListElement":[{"@type":"ListItem","position":1,"name":"Home","item":"https:\/\/www.kompetensforetagen.se\/"},{"@type":"ListItem","position":2,"name":"Debattreplik: Hyrstopp \u00e4r d\u00f6mt att leda till v\u00e5rdskador"}]},{"@type":"WebSite","@id":"https:\/\/www.kompetensforetagen.se\/#website","url":"https:\/\/www.kompetensforetagen.se\/","name":"Kompetensf\u00f6retagen","description":"R\u00e4tt person p\u00e5 r\u00e4tt plats kan f\u00f6r\u00e4ndra v\u00e4rlden","publisher":{"@id":"https:\/\/www.kompetensforetagen.se\/#organization"},"potentialAction":[{"@type":"SearchAction","target":{"@type":"EntryPoint","urlTemplate":"https:\/\/www.kompetensforetagen.se\/?s={search_term_string}"},"query-input":{"@type":"PropertyValueSpecification","valueRequired":true,"valueName":"search_term_string"}}],"inLanguage":"sv-SE"},{"@type":"Organization","@id":"https:\/\/www.kompetensforetagen.se\/#organization","name":"Kompetensf\u00f6retagen","url":"https:\/\/www.kompetensforetagen.se\/","logo":{"@type":"ImageObject","inLanguage":"sv-SE","@id":"https:\/\/www.kompetensforetagen.se\/#\/schema\/logo\/image\/","url":"https:\/\/www.kompetensforetagen.se\/app\/uploads\/sites\/5\/2022\/10\/logga_svart.png","contentUrl":"https:\/\/www.kompetensforetagen.se\/app\/uploads\/sites\/5\/2022\/10\/logga_svart.png","width":752,"height":64,"caption":"Kompetensf\u00f6retagen"},"image":{"@id":"https:\/\/www.kompetensforetagen.se\/#\/schema\/logo\/image\/"},"sameAs":["https:\/\/www.linkedin.com\/company\/10540032\/"]},{"@type":"Person","@id":"","url":"https:\/\/www.kompetensforetagen.se\/person\/"}]}},"_links":{"self":[{"href":"https:\/\/www.kompetensforetagen.se\/api\/wp\/v2\/posts\/15328","targetHints":{"allow":["GET"]}}],"collection":[{"href":"https:\/\/www.kompetensforetagen.se\/api\/wp\/v2\/posts"}],"about":[{"href":"https:\/\/www.kompetensforetagen.se\/api\/wp\/v2\/types\/post"}],"author":[{"embeddable":true,"href":"https:\/\/www.kompetensforetagen.se\/api\/wp\/v2\/users\/6358"}],"replies":[{"embeddable":true,"href":"https:\/\/www.kompetensforetagen.se\/api\/wp\/v2\/comments?post=15328"}],"version-history":[{"count":1,"href":"https:\/\/www.kompetensforetagen.se\/api\/wp\/v2\/posts\/15328\/revisions"}],"predecessor-version":[{"id":15329,"href":"https:\/\/www.kompetensforetagen.se\/api\/wp\/v2\/posts\/15328\/revisions\/15329"}],"wp:featuredmedia":[{"embeddable":true,"href":"https:\/\/www.kompetensforetagen.se\/api\/wp\/v2\/media\/7304"}],"wp:attachment":[{"href":"https:\/\/www.kompetensforetagen.se\/api\/wp\/v2\/media?parent=15328"}],"wp:term":[{"taxonomy":"category","embeddable":true,"href":"https:\/\/www.kompetensforetagen.se\/api\/wp\/v2\/categories?post=15328"},{"taxonomy":"post_tag","embeddable":true,"href":"https:\/\/www.kompetensforetagen.se\/api\/wp\/v2\/tags?post=15328"},{"taxonomy":"type","embeddable":true,"href":"https:\/\/www.kompetensforetagen.se\/api\/wp\/v2\/article_type?post=15328"},{"taxonomy":"agreement","embeddable":true,"href":"https:\/\/www.kompetensforetagen.se\/api\/wp\/v2\/agreement?post=15328"},{"taxonomy":"for-members","embeddable":true,"href":"https:\/\/www.kompetensforetagen.se\/api\/wp\/v2\/for-members?post=15328"}],"curies":[{"name":"wp","href":"https:\/\/api.w.org\/{rel}","templated":true}]}}