{"id":15253,"date":"2023-09-21T08:49:15","date_gmt":"2023-09-21T06:49:15","guid":{"rendered":"https:\/\/www.kompetensforetagen.se\/?p=15253"},"modified":"2024-04-08T16:44:35","modified_gmt":"2024-04-08T14:44:35","slug":"debatt-utveckla-offentliga-upphandlingar-av-tjanster","status":"publish","type":"post","link":"https:\/\/www.kompetensforetagen.se\/2023\/09\/debatt-utveckla-offentliga-upphandlingar-av-tjanster\/","title":{"rendered":"Debatt: Utveckla offentliga upphandlingar av tj\u00e4nster"},"content":{"rendered":"\n<p>M\u00e5nga f\u00f6retag, inte minst inom tj\u00e4nstesektorn, upplever offentliga upphandlingar som s\u00e5pass kr\u00e5ngliga att de v\u00e4ljer att avst\u00e5, skriver debatt\u00f6rer fr\u00e5n flera branschorgansationer.<\/p>\n\n\n\n<p>Offentlig upphandling&nbsp;\u00e4r av strategisk betydelse f\u00f6r samh\u00e4llet. Genom offentlig upphandling kan offentlig sektor k\u00f6pa varor och tj\u00e4nster fr\u00e5n marknaden. V\u00e4l genomf\u00f6rda upphandlingar f\u00f6rb\u00e4ttrar samh\u00e4llsservicen, bidrar till ett sunt anv\u00e4ndande av skattemedel och skapar nytta f\u00f6r medborgarna. D\u00e4rf\u00f6r \u00e4r det olyckligt att m\u00e5nga f\u00f6retag, inte minst inom tj\u00e4nstesektorn, upplever offentliga upphandlingar som s\u00e5pass kr\u00e5ngliga att de v\u00e4ljer att avst\u00e5.<\/p>\n\n\n\n<p>Almegas unders\u00f6kning <a href=\"https:\/\/www.kompetensforetagen.se\/2022\/05\/rapport-sa-vill-tjansteforetagen-forbattra-offentliga-upphandlingar\/\">\u201dS\u00e5 ser tj\u00e4nstef\u00f6retagen p\u00e5 offentlig upphandling\u201d<\/a> fr\u00e5n 2021 visar att stort prisfokus, tidskr\u00e4vande formalia och irrelevanta krav \u00e4r de fr\u00e4msta orsakerna till att tj\u00e4nstef\u00f6retag inte deltar i offentlig upphandling, trots att offentlig sektor \u00e4r en naturlig kund. Offentlig sektor riskerar d\u00e4rmed att g\u00e5 miste om intressanta anbud, vilket motverkar tanken att genom konkurrensen p\u00e5 marknaden f\u00e5 ut s\u00e5 mycket som m\u00f6jligt av v\u00e5ra skattepengar.<\/p>\n\n\n\n<p>Bland de av v\u00e5ra<strong>&nbsp;<\/strong>medlemmar som deltar i offentliga upphandlingar upplever m\u00e5nga att en stark prispress sker p\u00e5 bekostnad av kvaliteten. En del tj\u00e4nstef\u00f6retag vittnar om uppdrag som inte g\u00e5r att utf\u00f6ra utan att bryta mot regelverk eller kontrakts\u00e5taganden \u2013 och att de d\u00e4rf\u00f6r avst\u00e5r. Givetvis ska priset ha betydelse vid offentliga ink\u00f6p, men det handlar om \u201dr\u00e4tt kvalitet till r\u00e4tt pris\u201d.<\/p>\n\n\n\n<blockquote class=\"wp-block-quote is-layout-flow wp-block-quote-is-layout-flow\">\n<p>Men med v\u00e4l fungerade upphandlingar finns det bara vinnare<\/p>\n<\/blockquote>\n\n\n\n<p>Kravst\u00e4llandet kritiseras ocks\u00e5 av m\u00e5nga anbudsl\u00e4mnande tj\u00e4nstef\u00f6retag i dag. Kraven kan vara inaktuella, sakna koppling till det som upphandlas, bryta mot branschstandarder eller vara alltf\u00f6r l\u00e5ngtg\u00e5ende f\u00f6r sitt syfte. F\u00f6r att den upphandlande organisationens behov ska tillgodoses och leverant\u00f6rerna ska kunna l\u00e4mna \u00e4ndam\u00e5lsenliga anbud kr\u00e4vs genomt\u00e4nkta upphandlingar och relevanta krav som g\u00e5r att f\u00f6lja upp.<\/p>\n\n\n\n<p>Dessv\u00e4rre \u00e4r&nbsp;uppf\u00f6ljningen av upphandlade kontrakt ofta bristf\u00e4llig. D\u00e4rf\u00f6r kr\u00e4vs nya modeller som s\u00e4kerst\u00e4ller leveransernas genomf\u00f6rande och kvalitet. Upphandlande organisationer m\u00e5ste ocks\u00e5 skaffa sig kunskap p\u00e5 branschniv\u00e5 om de f\u00f6ruts\u00e4ttningar som g\u00e4ller f\u00f6r leverans. H\u00e4r \u00e4r l\u00f6sningen en f\u00f6rberedande dialog med akt\u00f6rerna p\u00e5 marknaden. F\u00f6r att kunna genomf\u00f6ra ett bra upphandlings- och uppf\u00f6ljningsarbete kr\u00e4vs \u00e4ndam\u00e5lsenliga organisationer som ges tillr\u00e4ckliga resurser.<\/p>\n\n\n\n<p><a href=\"https:\/\/www.almega.se\/almegas-upphandlingsdag\/\" target=\"_blank\" rel=\"noreferrer noopener\">Den 27 september \u00e4r det dags f\u00f6r Almegas Upphandlingsdag<\/a>. D\u00e5 tr\u00e4ffas upphandlande organisationer, politiker, leverant\u00f6rer med fler, f\u00f6r att diskutera offentliga upphandlingar av tj\u00e4nster. Vi hoppas att denna dag kan bli ett avstamp f\u00f6r en b\u00e4ttre offentlig upphandling.<\/p>\n\n\n\n<p>F\u00f6r att offentlig sektor&nbsp;ska bli en intressant aff\u00e4rspartner f\u00f6r fler tj\u00e4nstef\u00f6retag m\u00e5ste m\u00e5nga pusselbitar falla p\u00e5 plats. Men med v\u00e4l fungerade upphandlingar finns det bara vinnare.<\/p>\n\n\n\n<p>Ulrica Dyrke<br>N\u00e4ringspolitisk expert offentlig upphandling, Almega<\/p>\n\n\n\n<p>Stefan Koskinen<br>F\u00f6rbundsdirekt\u00f6r, Almega Tj\u00e4nstef\u00f6retagen<\/p>\n\n\n\n<p>Ari Kouvonen<br>N\u00e4ringspolitisk expert, Almega Servicef\u00f6retagen<\/p>\n\n\n\n<p>Helena Dahlberg<br>F\u00f6rbundsjurist, Innovationsf\u00f6retagen<\/p>\n\n\n\n<p>Stefan Holm<br>Upphandlingsexpert, Kompetensf\u00f6retagen<\/p>\n\n\n\n<p>Richard Org\u00e5rd<br>F\u00f6rbundsdirekt\u00f6r, S\u00e4kerhetsf\u00f6retagen<\/p>\n\n\n\n<p>Frida Faxborn<br>N\u00e4ringspolitisk expert, Techsverige<\/p>\n\n\n\n<p>Johan Winsborn<br>Sakkunnig, Utbildningsf\u00f6retagen<\/p>\n\n\n\n<p>Johan Lahne<br>N\u00e4ringspolitisk expert, V\u00e5rdf\u00f6retagarna<\/p>\n\n\n\n<p>Debattartikeln publicerades p\u00e5 <a href=\"https:\/\/www.dagenssamhalle.se\/opinion\/debatt\/utveckla-offentliga-upphandlingar-av-tjanster\/\" target=\"_blank\" rel=\"noreferrer noopener\">Dagens samh\u00e4lles webbplats<\/a> 21 september 2023.<\/p>\n","protected":false},"excerpt":{"rendered":"<p>M\u00e5nga f\u00f6retag, inte minst inom tj\u00e4nstesektorn, upplever offentliga upphandlingar som s\u00e5pass kr\u00e5ngliga att de v\u00e4ljer att avst\u00e5, skriver debatt\u00f6rer fr\u00e5n flera branschorgansationer. Offentlig upphandling&nbsp;\u00e4r av strategisk betydelse f\u00f6r samh\u00e4llet. Genom offentlig upphandling kan offentlig sektor &hellip;<\/p>\n","protected":false},"author":6358,"featured_media":0,"comment_status":"closed","ping_status":"closed","sticky":false,"template":"","format":"standard","meta":{"_acf_changed":false,"footnotes":""},"categories":[21],"tags":[],"article_type":[8,32],"agreement":[],"for-members":[],"class_list":["post-15253","post","type-post","status-publish","format-standard","hentry","category-offentlig-upphandling","type-aktuellt","type-debattartiklar"],"acf":[],"yoast_head":"<!-- This site is optimized with the Yoast SEO Premium plugin v26.8 (Yoast SEO v26.8) - https:\/\/yoast.com\/product\/yoast-seo-premium-wordpress\/ -->\n<title>Debatt: Utveckla offentliga upphandlingar av tj\u00e4nster<\/title>\n<meta name=\"description\" content=\"Offentliga upphandlingar upplevs av m\u00e5nga tj\u00e4nstef\u00f6retag som s\u00e5pass kr\u00e5ngliga att de v\u00e4ljer att avst\u00e5, d\u00e4rf\u00f6r beh\u00f6ver de utvecklas.\" \/>\n<meta name=\"robots\" content=\"index, follow, max-snippet:-1, max-image-preview:large, max-video-preview:-1\" \/>\n<link rel=\"canonical\" href=\"https:\/\/www.kompetensforetagen.se\/2023\/09\/debatt-utveckla-offentliga-upphandlingar-av-tjanster\/\" \/>\n<meta property=\"og:locale\" content=\"sv_SE\" \/>\n<meta property=\"og:type\" content=\"article\" \/>\n<meta property=\"og:title\" content=\"Debatt: Utveckla offentliga upphandlingar av tj\u00e4nster\" \/>\n<meta property=\"og:description\" content=\"Offentliga upphandlingar upplevs av m\u00e5nga tj\u00e4nstef\u00f6retag som s\u00e5pass kr\u00e5ngliga att de v\u00e4ljer att avst\u00e5, d\u00e4rf\u00f6r beh\u00f6ver de utvecklas.\" \/>\n<meta property=\"og:url\" content=\"https:\/\/www.kompetensforetagen.se\/2023\/09\/debatt-utveckla-offentliga-upphandlingar-av-tjanster\/\" \/>\n<meta property=\"og:site_name\" content=\"Kompetensf\u00f6retagen\" \/>\n<meta property=\"article:published_time\" content=\"2023-09-21T06:49:15+00:00\" \/>\n<meta property=\"article:modified_time\" content=\"2024-04-08T14:44:35+00:00\" \/>\n<meta name=\"twitter:card\" content=\"summary_large_image\" \/>\n<meta name=\"twitter:label1\" content=\"Skriven av\" \/>\n\t<meta name=\"twitter:data1\" content=\"\" \/>\n\t<meta name=\"twitter:label2\" content=\"Ber\u00e4knad l\u00e4stid\" \/>\n\t<meta name=\"twitter:data2\" content=\"3 minuter\" \/>\n<!-- \/ Yoast SEO Premium plugin. -->","yoast_head_json":{"title":"Debatt: Utveckla offentliga upphandlingar av tj\u00e4nster","description":"Offentliga upphandlingar upplevs av m\u00e5nga tj\u00e4nstef\u00f6retag som s\u00e5pass kr\u00e5ngliga att de v\u00e4ljer att avst\u00e5, d\u00e4rf\u00f6r beh\u00f6ver de utvecklas.","robots":{"index":"index","follow":"follow","max-snippet":"max-snippet:-1","max-image-preview":"max-image-preview:large","max-video-preview":"max-video-preview:-1"},"canonical":"https:\/\/www.kompetensforetagen.se\/2023\/09\/debatt-utveckla-offentliga-upphandlingar-av-tjanster\/","og_locale":"sv_SE","og_type":"article","og_title":"Debatt: Utveckla offentliga upphandlingar av tj\u00e4nster","og_description":"Offentliga upphandlingar upplevs av m\u00e5nga tj\u00e4nstef\u00f6retag som s\u00e5pass kr\u00e5ngliga att de v\u00e4ljer att avst\u00e5, d\u00e4rf\u00f6r beh\u00f6ver de utvecklas.","og_url":"https:\/\/www.kompetensforetagen.se\/2023\/09\/debatt-utveckla-offentliga-upphandlingar-av-tjanster\/","og_site_name":"Kompetensf\u00f6retagen","article_published_time":"2023-09-21T06:49:15+00:00","article_modified_time":"2024-04-08T14:44:35+00:00","twitter_card":"summary_large_image","twitter_misc":{"Skriven av":"","Ber\u00e4knad l\u00e4stid":"3 minuter"},"schema":{"@context":"https:\/\/schema.org","@graph":[{"@type":"Article","@id":"https:\/\/www.kompetensforetagen.se\/2023\/09\/debatt-utveckla-offentliga-upphandlingar-av-tjanster\/#article","isPartOf":{"@id":"https:\/\/www.kompetensforetagen.se\/2023\/09\/debatt-utveckla-offentliga-upphandlingar-av-tjanster\/"},"author":{"name":"","@id":""},"headline":"Debatt: Utveckla offentliga upphandlingar av tj\u00e4nster","datePublished":"2023-09-21T06:49:15+00:00","dateModified":"2024-04-08T14:44:35+00:00","mainEntityOfPage":{"@id":"https:\/\/www.kompetensforetagen.se\/2023\/09\/debatt-utveckla-offentliga-upphandlingar-av-tjanster\/"},"wordCount":578,"publisher":{"@id":"https:\/\/www.kompetensforetagen.se\/#organization"},"articleSection":["Offentlig upphandling"],"inLanguage":"sv-SE"},{"@type":"WebPage","@id":"https:\/\/www.kompetensforetagen.se\/2023\/09\/debatt-utveckla-offentliga-upphandlingar-av-tjanster\/","url":"https:\/\/www.kompetensforetagen.se\/2023\/09\/debatt-utveckla-offentliga-upphandlingar-av-tjanster\/","name":"Debatt: Utveckla offentliga upphandlingar av tj\u00e4nster","isPartOf":{"@id":"https:\/\/www.kompetensforetagen.se\/#website"},"datePublished":"2023-09-21T06:49:15+00:00","dateModified":"2024-04-08T14:44:35+00:00","description":"Offentliga upphandlingar upplevs av m\u00e5nga tj\u00e4nstef\u00f6retag som s\u00e5pass kr\u00e5ngliga att de v\u00e4ljer att avst\u00e5, d\u00e4rf\u00f6r beh\u00f6ver de utvecklas.","breadcrumb":{"@id":"https:\/\/www.kompetensforetagen.se\/2023\/09\/debatt-utveckla-offentliga-upphandlingar-av-tjanster\/#breadcrumb"},"inLanguage":"sv-SE","potentialAction":[{"@type":"ReadAction","target":["https:\/\/www.kompetensforetagen.se\/2023\/09\/debatt-utveckla-offentliga-upphandlingar-av-tjanster\/"]}]},{"@type":"BreadcrumbList","@id":"https:\/\/www.kompetensforetagen.se\/2023\/09\/debatt-utveckla-offentliga-upphandlingar-av-tjanster\/#breadcrumb","itemListElement":[{"@type":"ListItem","position":1,"name":"Home","item":"https:\/\/www.kompetensforetagen.se\/"},{"@type":"ListItem","position":2,"name":"Debatt: Utveckla offentliga upphandlingar av tj\u00e4nster"}]},{"@type":"WebSite","@id":"https:\/\/www.kompetensforetagen.se\/#website","url":"https:\/\/www.kompetensforetagen.se\/","name":"Kompetensf\u00f6retagen","description":"R\u00e4tt person p\u00e5 r\u00e4tt plats kan f\u00f6r\u00e4ndra v\u00e4rlden","publisher":{"@id":"https:\/\/www.kompetensforetagen.se\/#organization"},"potentialAction":[{"@type":"SearchAction","target":{"@type":"EntryPoint","urlTemplate":"https:\/\/www.kompetensforetagen.se\/?s={search_term_string}"},"query-input":{"@type":"PropertyValueSpecification","valueRequired":true,"valueName":"search_term_string"}}],"inLanguage":"sv-SE"},{"@type":"Organization","@id":"https:\/\/www.kompetensforetagen.se\/#organization","name":"Kompetensf\u00f6retagen","url":"https:\/\/www.kompetensforetagen.se\/","logo":{"@type":"ImageObject","inLanguage":"sv-SE","@id":"https:\/\/www.kompetensforetagen.se\/#\/schema\/logo\/image\/","url":"https:\/\/www.kompetensforetagen.se\/app\/uploads\/sites\/5\/2022\/10\/logga_svart.png","contentUrl":"https:\/\/www.kompetensforetagen.se\/app\/uploads\/sites\/5\/2022\/10\/logga_svart.png","width":752,"height":64,"caption":"Kompetensf\u00f6retagen"},"image":{"@id":"https:\/\/www.kompetensforetagen.se\/#\/schema\/logo\/image\/"},"sameAs":["https:\/\/www.linkedin.com\/company\/10540032\/"]},{"@type":"Person","@id":"","url":"https:\/\/www.kompetensforetagen.se\/person\/"}]}},"_links":{"self":[{"href":"https:\/\/www.kompetensforetagen.se\/api\/wp\/v2\/posts\/15253","targetHints":{"allow":["GET"]}}],"collection":[{"href":"https:\/\/www.kompetensforetagen.se\/api\/wp\/v2\/posts"}],"about":[{"href":"https:\/\/www.kompetensforetagen.se\/api\/wp\/v2\/types\/post"}],"author":[{"embeddable":true,"href":"https:\/\/www.kompetensforetagen.se\/api\/wp\/v2\/users\/6358"}],"replies":[{"embeddable":true,"href":"https:\/\/www.kompetensforetagen.se\/api\/wp\/v2\/comments?post=15253"}],"version-history":[{"count":2,"href":"https:\/\/www.kompetensforetagen.se\/api\/wp\/v2\/posts\/15253\/revisions"}],"predecessor-version":[{"id":15845,"href":"https:\/\/www.kompetensforetagen.se\/api\/wp\/v2\/posts\/15253\/revisions\/15845"}],"wp:attachment":[{"href":"https:\/\/www.kompetensforetagen.se\/api\/wp\/v2\/media?parent=15253"}],"wp:term":[{"taxonomy":"category","embeddable":true,"href":"https:\/\/www.kompetensforetagen.se\/api\/wp\/v2\/categories?post=15253"},{"taxonomy":"post_tag","embeddable":true,"href":"https:\/\/www.kompetensforetagen.se\/api\/wp\/v2\/tags?post=15253"},{"taxonomy":"type","embeddable":true,"href":"https:\/\/www.kompetensforetagen.se\/api\/wp\/v2\/article_type?post=15253"},{"taxonomy":"agreement","embeddable":true,"href":"https:\/\/www.kompetensforetagen.se\/api\/wp\/v2\/agreement?post=15253"},{"taxonomy":"for-members","embeddable":true,"href":"https:\/\/www.kompetensforetagen.se\/api\/wp\/v2\/for-members?post=15253"}],"curies":[{"name":"wp","href":"https:\/\/api.w.org\/{rel}","templated":true}]}}