{"id":15238,"date":"2023-09-18T08:21:16","date_gmt":"2023-09-18T06:21:16","guid":{"rendered":"https:\/\/www.kompetensforetagen.se\/?p=15238"},"modified":"2023-09-18T08:21:18","modified_gmt":"2023-09-18T06:21:18","slug":"debattreplik-patienterna-vill-ha-vard-i-tid-av-kompetent-personal","status":"publish","type":"post","link":"https:\/\/www.kompetensforetagen.se\/2023\/09\/debattreplik-patienterna-vill-ha-vard-i-tid-av-kompetent-personal\/","title":{"rendered":"Debattreplik: Patienterna vill ha v\u00e5rd i tid av kompetent personal"},"content":{"rendered":"\n<p>\u00d6stg\u00f6tarna vill ha v\u00e5rd i tid av kompetenta l\u00e4kare och sjuksk\u00f6terskor. F\u00f6r dem \u00e4r det <a href=\"https:\/\/www.kompetensforetagen.se\/2023\/06\/hogt-fortroende-for-hyrlakare-bland-svenska-folket\/\">mindre viktigt om personalen \u00e4r inhyrd eller inte<\/a>. F\u00f6r att s\u00e4kra att patienterna i \u00d6sterg\u00f6tland f\u00e5r den v\u00e5rd de har r\u00e4tt till kr\u00e4vs att alla resurser anv\u00e4nds, utan on\u00f6dig polarisering. Tillsammans kan vi s\u00e4kra v\u00e5rdens kompetensf\u00f6rs\u00f6rjning, skriver Eva Domanders och Patrik Eidfelt fr\u00e5n Kompetensf\u00f6retagen.<\/p>\n\n\n\n<p>Socialdemokraternas oppositionsr\u00e5d Kaisa Karro <a href=\"https:\/\/vimmerbytidning.se\/debatt\/artikel\/kostnaderna-for-hyrpersonal-har-skenat\/rm10536r\" target=\"_blank\" rel=\"noreferrer noopener\">vill stoppa inhyrning i regionens v\u00e5rd<\/a>. Med f\u00e4rre l\u00e4kare och sjuksk\u00f6terskor fr\u00e5n bemanningsf\u00f6retag skulle belastningen p\u00e5 den befintliga personalen \u00f6ka. V\u00e5rdk\u00f6erna skulle bli l\u00e4ngre och m\u00e5nga operationer skulle st\u00e4llas in.<\/p>\n\n\n\n<p>Demoskop har fr\u00e5gat \u00f6stg\u00f6tarna hur de vill ha det. Svaret \u00e4r tydligt. De vill ha v\u00e5rd i tid av kompetent personal. F\u00f6r de allra flesta spelar det ingen roll om sjuksk\u00f6terskan eller l\u00e4karen \u00e4r inhyrd.\u00a0<\/p>\n\n\n\n<blockquote class=\"wp-block-quote is-layout-flow wp-block-quote-is-layout-flow\">\n<p>V\u00e5rdk\u00f6erna skulle bli l\u00e4ngre och m\u00e5nga operationer skulle st\u00e4llas in<\/p>\n<\/blockquote>\n\n\n\n<p>Den \u00f6kande bristen p\u00e5 v\u00e5rdpersonal med r\u00e4tt kompetens p\u00e5verkar kontinuiteten. Att minska antalet inhyrda medarbetare kommer inte n\u00f6dv\u00e4ndigtvis att leda till att fler patienter f\u00e5r tr\u00e4ffa samma l\u00e4kare regelbundet. Inhyrd personal \u00e4r en resurs som avlastar under h\u00f6ga arbetstoppar, sjukfr\u00e5nvaro och semestertider. De skapar en mer h\u00e5llbar arbetsmilj\u00f6 f\u00f6r den ordinarie personalen, vilket gynnar patients\u00e4kerheten. \u201dStress, arbetsbelastning och bristande \u00e5terh\u00e4mtning \u00e4r exempel p\u00e5 faktorer som p\u00e5verkar m\u00f6jligheten att utf\u00f6ra arbetet p\u00e5 ett s\u00e4kert s\u00e4tt.\u201d (Socialstyrelsen)&nbsp;<\/p>\n\n\n\n<p>Personalen som arbetar inom v\u00e5rdbemanning har ofta s\u00f6kt sig bort fr\u00e5n regionerna. Tv\u00e5 av tre skulle inte kunna t\u00e4nka sig att \u00e5terg\u00e5.<\/p>\n\n\n\n<blockquote class=\"wp-block-quote is-layout-flow wp-block-quote-is-layout-flow\">\n<p>Varf\u00f6r finns det inga artiklar d\u00e4r ledare f\u00f6r industrif\u00f6retag klagar p\u00e5 sin inhyrda personal?<\/p>\n<\/blockquote>\n\n\n\n<p>De som kritiserar inhyrd personal som dyrare alternativ gl\u00f6mmer ofta bort de omfattande kostnaderna som \u00e4r f\u00f6rknippade med att anst\u00e4lla och uppr\u00e4tth\u00e5lla en egen vikariepool. Att anst\u00e4lla direkt medf\u00f6r sociala avgifter, pensionskostnader och andra f\u00f6rm\u00e5ner som kan \u00f6ka de totala kostnaderna betydligt. Med det sagt tror vi att den nationella upphandlingen av v\u00e5rdbemanning kommer att skapa b\u00e4ttre f\u00f6ruts\u00e4ttningar f\u00f6r kostnadseffektivitet.<\/p>\n\n\n\n<p>Varf\u00f6r finns det inga artiklar d\u00e4r ledare f\u00f6r industrif\u00f6retag klagar p\u00e5 sin inhyrda personal? Detta trots att tv\u00e5 tredjedelar av dem anv\u00e4nder sig av bemanningsf\u00f6retag. Sk\u00e4let \u00e4r att de ser bemanningen som en strategisk resurs f\u00f6r sin kompetensf\u00f6rs\u00f6rjning. V\u00e5r f\u00f6rhoppning \u00e4r att regionpolitikerna ocks\u00e5 ska n\u00e5 dit. Vi tror d\u00e4rf\u00f6r p\u00e5 ett n\u00e4rmare samarbete mellan v\u00e5rdbemanningsf\u00f6retagen och regionerna. Det \u00e4r v\u00e4gen till en mer kostnadseffektiv och h\u00f6gkvalitativ v\u00e5rd.<\/p>\n\n\n\n<p>Eva Domanders, ordf\u00f6rande Kompetensf\u00f6retagen<\/p>\n\n\n\n<p>Patrik Eidfelt, f\u00f6rbundsdirekt\u00f6r Kompetensf\u00f6retagen<\/p>\n\n\n\n<p><a href=\"https:\/\/vimmerbytidning.se\/debatt\/artikel\/kostnaderna-for-hyrpersonal-har-skenat\/rm10536r\" target=\"_blank\" rel=\"noreferrer noopener\">L\u00e4s debattartikeln p\u00e5 Vimmerby tidnings webbplats.<\/a><\/p>\n","protected":false},"excerpt":{"rendered":"<p>\u00d6stg\u00f6tarna vill ha v\u00e5rd i tid av kompetenta l\u00e4kare och sjuksk\u00f6terskor. F\u00f6r dem \u00e4r det mindre viktigt om personalen \u00e4r inhyrd eller inte. F\u00f6r att s\u00e4kra att patienterna i \u00d6sterg\u00f6tland f\u00e5r den v\u00e5rd de har &hellip;<\/p>\n","protected":false},"author":6358,"featured_media":12634,"comment_status":"closed","ping_status":"closed","sticky":false,"template":"","format":"standard","meta":{"_acf_changed":false,"footnotes":""},"categories":[5],"tags":[],"article_type":[8,32],"agreement":[],"for-members":[],"class_list":["post-15238","post","type-post","status-publish","format-standard","has-post-thumbnail","hentry","category-vard","type-aktuellt","type-debattartiklar"],"acf":[],"yoast_head":"<!-- This site is optimized with the Yoast SEO Premium plugin v26.8 (Yoast SEO v26.8) - https:\/\/yoast.com\/product\/yoast-seo-premium-wordpress\/ -->\n<title>Debattreplik: Patienterna vill ha v\u00e5rd i tid I Kompetensf\u00f6retagen<\/title>\n<meta name=\"description\" content=\"\u00d6stg\u00f6tarna vill ha v\u00e5rd i tid av kompetenta l\u00e4kare och sjuksk\u00f6terskor. Tillsammans kan vi s\u00e4kra v\u00e5rdens kompetensf\u00f6rs\u00f6rjning.\" \/>\n<meta name=\"robots\" content=\"index, follow, max-snippet:-1, max-image-preview:large, max-video-preview:-1\" \/>\n<link rel=\"canonical\" href=\"https:\/\/www.kompetensforetagen.se\/2023\/09\/debattreplik-patienterna-vill-ha-vard-i-tid-av-kompetent-personal\/\" \/>\n<meta property=\"og:locale\" content=\"sv_SE\" \/>\n<meta property=\"og:type\" content=\"article\" \/>\n<meta property=\"og:title\" content=\"Debattreplik: Patienterna vill ha v\u00e5rd i tid av kompetent personal\" \/>\n<meta property=\"og:description\" content=\"\u00d6stg\u00f6tarna vill ha v\u00e5rd i tid av kompetenta l\u00e4kare och sjuksk\u00f6terskor. Tillsammans kan vi s\u00e4kra v\u00e5rdens kompetensf\u00f6rs\u00f6rjning.\" \/>\n<meta property=\"og:url\" content=\"https:\/\/www.kompetensforetagen.se\/2023\/09\/debattreplik-patienterna-vill-ha-vard-i-tid-av-kompetent-personal\/\" \/>\n<meta property=\"og:site_name\" content=\"Kompetensf\u00f6retagen\" \/>\n<meta property=\"article:published_time\" content=\"2023-09-18T06:21:16+00:00\" \/>\n<meta property=\"article:modified_time\" content=\"2023-09-18T06:21:18+00:00\" \/>\n<meta property=\"og:image\" content=\"https:\/\/www.kompetensforetagen.se\/app\/uploads\/sites\/5\/2023\/04\/pexels-jeffrey-paa-kwesi-opare-2813515-edited-scaled.jpg\" \/>\n\t<meta property=\"og:image:width\" content=\"2560\" \/>\n\t<meta property=\"og:image:height\" content=\"1600\" \/>\n\t<meta property=\"og:image:type\" content=\"image\/jpeg\" \/>\n<meta name=\"twitter:card\" content=\"summary_large_image\" \/>\n<meta name=\"twitter:label1\" content=\"Skriven av\" \/>\n\t<meta name=\"twitter:data1\" content=\"\" \/>\n\t<meta name=\"twitter:label2\" content=\"Ber\u00e4knad l\u00e4stid\" \/>\n\t<meta name=\"twitter:data2\" content=\"2 minuter\" \/>\n<!-- \/ Yoast SEO Premium plugin. -->","yoast_head_json":{"title":"Debattreplik: Patienterna vill ha v\u00e5rd i tid I Kompetensf\u00f6retagen","description":"\u00d6stg\u00f6tarna vill ha v\u00e5rd i tid av kompetenta l\u00e4kare och sjuksk\u00f6terskor. Tillsammans kan vi s\u00e4kra v\u00e5rdens kompetensf\u00f6rs\u00f6rjning.","robots":{"index":"index","follow":"follow","max-snippet":"max-snippet:-1","max-image-preview":"max-image-preview:large","max-video-preview":"max-video-preview:-1"},"canonical":"https:\/\/www.kompetensforetagen.se\/2023\/09\/debattreplik-patienterna-vill-ha-vard-i-tid-av-kompetent-personal\/","og_locale":"sv_SE","og_type":"article","og_title":"Debattreplik: Patienterna vill ha v\u00e5rd i tid av kompetent personal","og_description":"\u00d6stg\u00f6tarna vill ha v\u00e5rd i tid av kompetenta l\u00e4kare och sjuksk\u00f6terskor. Tillsammans kan vi s\u00e4kra v\u00e5rdens kompetensf\u00f6rs\u00f6rjning.","og_url":"https:\/\/www.kompetensforetagen.se\/2023\/09\/debattreplik-patienterna-vill-ha-vard-i-tid-av-kompetent-personal\/","og_site_name":"Kompetensf\u00f6retagen","article_published_time":"2023-09-18T06:21:16+00:00","article_modified_time":"2023-09-18T06:21:18+00:00","og_image":[{"width":2560,"height":1600,"url":"https:\/\/www.kompetensforetagen.se\/app\/uploads\/sites\/5\/2023\/04\/pexels-jeffrey-paa-kwesi-opare-2813515-edited-scaled.jpg","type":"image\/jpeg"}],"twitter_card":"summary_large_image","twitter_misc":{"Skriven av":"","Ber\u00e4knad l\u00e4stid":"2 minuter"},"schema":{"@context":"https:\/\/schema.org","@graph":[{"@type":"Article","@id":"https:\/\/www.kompetensforetagen.se\/2023\/09\/debattreplik-patienterna-vill-ha-vard-i-tid-av-kompetent-personal\/#article","isPartOf":{"@id":"https:\/\/www.kompetensforetagen.se\/2023\/09\/debattreplik-patienterna-vill-ha-vard-i-tid-av-kompetent-personal\/"},"author":{"name":"","@id":""},"headline":"Debattreplik: Patienterna vill ha v\u00e5rd i tid av kompetent personal","datePublished":"2023-09-18T06:21:16+00:00","dateModified":"2023-09-18T06:21:18+00:00","mainEntityOfPage":{"@id":"https:\/\/www.kompetensforetagen.se\/2023\/09\/debattreplik-patienterna-vill-ha-vard-i-tid-av-kompetent-personal\/"},"wordCount":513,"publisher":{"@id":"https:\/\/www.kompetensforetagen.se\/#organization"},"image":{"@id":"https:\/\/www.kompetensforetagen.se\/2023\/09\/debattreplik-patienterna-vill-ha-vard-i-tid-av-kompetent-personal\/#primaryimage"},"thumbnailUrl":"https:\/\/www.kompetensforetagen.se\/app\/uploads\/sites\/5\/2023\/04\/pexels-jeffrey-paa-kwesi-opare-2813515-edited-scaled.jpg","articleSection":["V\u00e5rdbemanning"],"inLanguage":"sv-SE"},{"@type":"WebPage","@id":"https:\/\/www.kompetensforetagen.se\/2023\/09\/debattreplik-patienterna-vill-ha-vard-i-tid-av-kompetent-personal\/","url":"https:\/\/www.kompetensforetagen.se\/2023\/09\/debattreplik-patienterna-vill-ha-vard-i-tid-av-kompetent-personal\/","name":"Debattreplik: Patienterna vill ha v\u00e5rd i tid I Kompetensf\u00f6retagen","isPartOf":{"@id":"https:\/\/www.kompetensforetagen.se\/#website"},"primaryImageOfPage":{"@id":"https:\/\/www.kompetensforetagen.se\/2023\/09\/debattreplik-patienterna-vill-ha-vard-i-tid-av-kompetent-personal\/#primaryimage"},"image":{"@id":"https:\/\/www.kompetensforetagen.se\/2023\/09\/debattreplik-patienterna-vill-ha-vard-i-tid-av-kompetent-personal\/#primaryimage"},"thumbnailUrl":"https:\/\/www.kompetensforetagen.se\/app\/uploads\/sites\/5\/2023\/04\/pexels-jeffrey-paa-kwesi-opare-2813515-edited-scaled.jpg","datePublished":"2023-09-18T06:21:16+00:00","dateModified":"2023-09-18T06:21:18+00:00","description":"\u00d6stg\u00f6tarna vill ha v\u00e5rd i tid av kompetenta l\u00e4kare och sjuksk\u00f6terskor. Tillsammans kan vi s\u00e4kra v\u00e5rdens kompetensf\u00f6rs\u00f6rjning.","breadcrumb":{"@id":"https:\/\/www.kompetensforetagen.se\/2023\/09\/debattreplik-patienterna-vill-ha-vard-i-tid-av-kompetent-personal\/#breadcrumb"},"inLanguage":"sv-SE","potentialAction":[{"@type":"ReadAction","target":["https:\/\/www.kompetensforetagen.se\/2023\/09\/debattreplik-patienterna-vill-ha-vard-i-tid-av-kompetent-personal\/"]}]},{"@type":"ImageObject","inLanguage":"sv-SE","@id":"https:\/\/www.kompetensforetagen.se\/2023\/09\/debattreplik-patienterna-vill-ha-vard-i-tid-av-kompetent-personal\/#primaryimage","url":"https:\/\/www.kompetensforetagen.se\/app\/uploads\/sites\/5\/2023\/04\/pexels-jeffrey-paa-kwesi-opare-2813515-edited-scaled.jpg","contentUrl":"https:\/\/www.kompetensforetagen.se\/app\/uploads\/sites\/5\/2023\/04\/pexels-jeffrey-paa-kwesi-opare-2813515-edited-scaled.jpg","width":2560,"height":1600,"caption":"Person i kostym tittar p\u00e5 sitt armbandsur"},{"@type":"BreadcrumbList","@id":"https:\/\/www.kompetensforetagen.se\/2023\/09\/debattreplik-patienterna-vill-ha-vard-i-tid-av-kompetent-personal\/#breadcrumb","itemListElement":[{"@type":"ListItem","position":1,"name":"Home","item":"https:\/\/www.kompetensforetagen.se\/"},{"@type":"ListItem","position":2,"name":"Debattreplik: Patienterna vill ha v\u00e5rd i tid av kompetent personal"}]},{"@type":"WebSite","@id":"https:\/\/www.kompetensforetagen.se\/#website","url":"https:\/\/www.kompetensforetagen.se\/","name":"Kompetensf\u00f6retagen","description":"R\u00e4tt person p\u00e5 r\u00e4tt plats kan f\u00f6r\u00e4ndra v\u00e4rlden","publisher":{"@id":"https:\/\/www.kompetensforetagen.se\/#organization"},"potentialAction":[{"@type":"SearchAction","target":{"@type":"EntryPoint","urlTemplate":"https:\/\/www.kompetensforetagen.se\/?s={search_term_string}"},"query-input":{"@type":"PropertyValueSpecification","valueRequired":true,"valueName":"search_term_string"}}],"inLanguage":"sv-SE"},{"@type":"Organization","@id":"https:\/\/www.kompetensforetagen.se\/#organization","name":"Kompetensf\u00f6retagen","url":"https:\/\/www.kompetensforetagen.se\/","logo":{"@type":"ImageObject","inLanguage":"sv-SE","@id":"https:\/\/www.kompetensforetagen.se\/#\/schema\/logo\/image\/","url":"https:\/\/www.kompetensforetagen.se\/app\/uploads\/sites\/5\/2022\/10\/logga_svart.png","contentUrl":"https:\/\/www.kompetensforetagen.se\/app\/uploads\/sites\/5\/2022\/10\/logga_svart.png","width":752,"height":64,"caption":"Kompetensf\u00f6retagen"},"image":{"@id":"https:\/\/www.kompetensforetagen.se\/#\/schema\/logo\/image\/"},"sameAs":["https:\/\/www.linkedin.com\/company\/10540032\/"]},{"@type":"Person","@id":"","url":"https:\/\/www.kompetensforetagen.se\/person\/"}]}},"_links":{"self":[{"href":"https:\/\/www.kompetensforetagen.se\/api\/wp\/v2\/posts\/15238","targetHints":{"allow":["GET"]}}],"collection":[{"href":"https:\/\/www.kompetensforetagen.se\/api\/wp\/v2\/posts"}],"about":[{"href":"https:\/\/www.kompetensforetagen.se\/api\/wp\/v2\/types\/post"}],"author":[{"embeddable":true,"href":"https:\/\/www.kompetensforetagen.se\/api\/wp\/v2\/users\/6358"}],"replies":[{"embeddable":true,"href":"https:\/\/www.kompetensforetagen.se\/api\/wp\/v2\/comments?post=15238"}],"version-history":[{"count":1,"href":"https:\/\/www.kompetensforetagen.se\/api\/wp\/v2\/posts\/15238\/revisions"}],"predecessor-version":[{"id":15239,"href":"https:\/\/www.kompetensforetagen.se\/api\/wp\/v2\/posts\/15238\/revisions\/15239"}],"wp:featuredmedia":[{"embeddable":true,"href":"https:\/\/www.kompetensforetagen.se\/api\/wp\/v2\/media\/12634"}],"wp:attachment":[{"href":"https:\/\/www.kompetensforetagen.se\/api\/wp\/v2\/media?parent=15238"}],"wp:term":[{"taxonomy":"category","embeddable":true,"href":"https:\/\/www.kompetensforetagen.se\/api\/wp\/v2\/categories?post=15238"},{"taxonomy":"post_tag","embeddable":true,"href":"https:\/\/www.kompetensforetagen.se\/api\/wp\/v2\/tags?post=15238"},{"taxonomy":"type","embeddable":true,"href":"https:\/\/www.kompetensforetagen.se\/api\/wp\/v2\/article_type?post=15238"},{"taxonomy":"agreement","embeddable":true,"href":"https:\/\/www.kompetensforetagen.se\/api\/wp\/v2\/agreement?post=15238"},{"taxonomy":"for-members","embeddable":true,"href":"https:\/\/www.kompetensforetagen.se\/api\/wp\/v2\/for-members?post=15238"}],"curies":[{"name":"wp","href":"https:\/\/api.w.org\/{rel}","templated":true}]}}