{"id":15183,"date":"2023-09-11T13:52:39","date_gmt":"2023-09-11T11:52:39","guid":{"rendered":"https:\/\/www.kompetensforetagen.se\/?p=15183"},"modified":"2023-09-14T11:05:11","modified_gmt":"2023-09-14T09:05:11","slug":"intervju-med-tidigare-forbundsdirektor-eva-ostling-ollen","status":"publish","type":"post","link":"https:\/\/www.kompetensforetagen.se\/2023\/09\/intervju-med-tidigare-forbundsdirektor-eva-ostling-ollen\/","title":{"rendered":"Intervju med tidigare f\u00f6rbundsdirekt\u00f6r Eva \u00d6stling Oll\u00e9n"},"content":{"rendered":"\n<p>Hej, Eva \u00d6stling Oll\u00e9n. I \u00e5r <a href=\"https:\/\/www.kompetensforetagen.se\/kompetensforetagen-firar-20arsjubileum\/\">firar Kompetensf\u00f6retagen 20 \u00e5r som f\u00f6rbund och 30 \u00e5r av avreglerad arbetsf\u00f6rmedling<\/a>. 2003 tilltr\u00e4dde du som allra f\u00f6rsta f\u00f6rbundsdirekt\u00f6r f\u00f6r d\u00e5varande Bemanningsf\u00f6retagen. Idag njuter du mest av livet med lite mer tid f\u00f6r annat \u00e4n bara jobb. Vi \u00e4r v\u00e4ldigt nyfikna p\u00e5 hur det var att starta upp ett helt nytt f\u00f6rbund, och vill st\u00e4lla n\u00e5gra fr\u00e5gor till dig! Men f\u00f6rst, vad g\u00f6r du idag?<\/p>\n\n\n\n<p>-Jag jobbar en del, pluggar portugisiska, \u00e4r ordf\u00f6rande i <a href=\"https:\/\/lissabon.swea.org\/\" target=\"_blank\" rel=\"noreferrer noopener\">SWEA <\/a>i Lissabon sedan 4 \u00e5r tillbaks och \u00e4r nu p\u00e5 sista \u00e5ret i den positionen.<\/p>\n\n\n<a class='Share__link Share__link--url copy-text' href='#' rel='nofollow' data-text='vad-visste-du-om-branschen-innan-du-borjade?' title='Dela url' data-confirmation='L\u00e4nken kopierades till urklipp'><svg class='icon icon--link'  width='18' height='18' viewBox='0 0 18 18' fill='none' xmlns='http:\/\/www.w3.org\/2000\/svg'>\n            <path d='M10.4142 0.514721L6.87868 4.05025L8.29289 5.46447L11.1213 2.63604L15.364 6.87868L12.5355 9.70711L13.9497 11.1213L17.4853 7.58579C17.8763 7.19476 17.8763 6.5626 17.4853 6.17158L11.8284 0.514721C11.4374 0.123691 10.8052 0.123691 10.4142 0.514721Z' fill='black'\/>\n            <path d='M9.7071 12.5355L6.87868 15.364L2.63604 11.1213L5.46446 8.2929L4.05025 6.87868L0.514716 10.4142C0.123686 10.8052 0.123686 11.4374 0.514716 11.8284L6.17157 17.4853C6.5626 17.8763 7.19475 17.8763 7.58578 17.4853L11.1213 13.9497L9.7071 12.5355Z' fill='black'\/>\n            <path d='M6.17157 11.8284C6.5626 12.2195 7.19475 12.2195 7.58578 11.8284L11.8284 7.58579C12.2195 7.19476 12.2195 6.56261 11.8284 6.17158C11.4374 5.78055 10.8052 5.78055 10.4142 6.17158L6.17157 10.4142C5.78054 10.8052 5.78054 11.4374 6.17157 11.8284Z' fill='black'\/>\n            <\/svg> <\/a>\n<h2 class=\"wp-block-heading\">Vad visste du om branschen innan du b\u00f6rjade?<\/h2>\n\n\n\n<p>&#8211; En hel del. Jag b\u00f6rjade i branschen 1996 som regionchef f\u00f6r Proffice i s\u00f6dra Sverige och satt i Proffice ledningsgrupp tillsammans med kollegorna i de andra regionerna samt VD och \u00f6vrig ledning. I s\u00f6dra Sverige arbetade jag i 5 \u00e5r f\u00f6r att sedan f\u00e5 m\u00f6jligheten att axla vd-jobbet f\u00f6r Proffice Danmark.<\/p>\n\n\n\n<blockquote class=\"wp-block-quote is-layout-flow wp-block-quote-is-layout-flow\">\n<p>2003 tilltr\u00e4dde du som allra f\u00f6rsta f\u00f6rbundsdirekt\u00f6r f\u00f6r d\u00e5varande Bemanningsf\u00f6retagen<\/p>\n<\/blockquote>\n\n\n\n<p>Efter 3 \u00e5r i Danmark ringde d\u00e5varande ordf\u00f6rande f\u00f6r SPUR, Mats S\u00e4vstam, tillika VD f\u00f6r Manpower, upp mig och undrade om jag kunde t\u00e4nka mig att starta upp bransch- och arbetsgivarorganisationen f\u00f6r bemanningsf\u00f6retag, inom Almega. V\u00e4ldigt kul att f\u00e5 den fr\u00e5gan, s\u00e5 jag tackade ja. Jag fick 14 dagar p\u00e5 mig fr\u00e5n start till att den nya organisationen skulle vara klar. Det gick!<\/p>\n\n\n\n<p>Hela perioden fr\u00e5n 1996 och fram\u00e5t var branschen i en enorm expansion. Jag kommer ih\u00e5g att jag f\u00f6rs\u00f6kte hitta ett s\u00e4tt att beskriva tillv\u00e4xten f\u00f6r nyanst\u00e4llda, kunder, media och andra. F\u00f6r hur beskriver man att man \u00f6kat antalet anst\u00e4llda fr\u00e5n 15 till 600 bara p\u00e5 n\u00e5gra \u00e5r. Det \u00e4r sv\u00e5rt att ta in och blir l\u00e4tt bara siffror som egentligen inte s\u00e4ger s\u00e5 mycket.<\/p>\n\n\n<a class='Share__link Share__link--url copy-text' href='#' rel='nofollow' data-text='hur-var-det-att-satta-tanderna-i-ett-omrade-som-precis-avreglerats?' title='Dela url' data-confirmation='L\u00e4nken kopierades till urklipp'><svg class='icon icon--link'  width='18' height='18' viewBox='0 0 18 18' fill='none' xmlns='http:\/\/www.w3.org\/2000\/svg'>\n            <path d='M10.4142 0.514721L6.87868 4.05025L8.29289 5.46447L11.1213 2.63604L15.364 6.87868L12.5355 9.70711L13.9497 11.1213L17.4853 7.58579C17.8763 7.19476 17.8763 6.5626 17.4853 6.17158L11.8284 0.514721C11.4374 0.123691 10.8052 0.123691 10.4142 0.514721Z' fill='black'\/>\n            <path d='M9.7071 12.5355L6.87868 15.364L2.63604 11.1213L5.46446 8.2929L4.05025 6.87868L0.514716 10.4142C0.123686 10.8052 0.123686 11.4374 0.514716 11.8284L6.17157 17.4853C6.5626 17.8763 7.19475 17.8763 7.58578 17.4853L11.1213 13.9497L9.7071 12.5355Z' fill='black'\/>\n            <path d='M6.17157 11.8284C6.5626 12.2195 7.19475 12.2195 7.58578 11.8284L11.8284 7.58579C12.2195 7.19476 12.2195 6.56261 11.8284 6.17158C11.4374 5.78055 10.8052 5.78055 10.4142 6.17158L6.17157 10.4142C5.78054 10.8052 5.78054 11.4374 6.17157 11.8284Z' fill='black'\/>\n            <\/svg> <\/a>\n<h2 class=\"wp-block-heading\">Hur var det att s\u00e4tta t\u00e4nderna i ett omr\u00e5de som precis avreglerats?<\/h2>\n\n\n\n<p>V\u00e4ldigt sp\u00e4nnande, utmanande och tufft. Det var m\u00e5nga strider att ta, speciellt med det offentliga och f\u00f6retr\u00e4desvis med Arbetsf\u00f6rmedlingen &#8211; som var v\u00e4ldigt starkt emot &#8211; och politiken. Men ocks\u00e5 massor av roliga m\u00f6ten. Kontakterna var m\u00e5nga med de offentliga och politiken. M\u00e5nga av de ledande positionerna p\u00e5 Arbetsf\u00f6rmedlingen i Sk\u00e5ne innehades av tidigare kollegor i Kommunfullm\u00e4ktige i Malm\u00f6, dock var de vanligtvis socialdemokrater och inte s\u00e5 positiva till bemanningsf\u00f6retag.<\/p>\n\n\n\n<p>Att bli inbjuden som talare p\u00e5 Arbetsf\u00f6rmedlingens rikskonferens inf\u00f6r \u00e5r 2000, d\u00e4r 2 000 arbetsf\u00f6rmedlare fr\u00e5n hela Sverige satt som \u00e5h\u00f6rare var stort. I presentationen av mig sa den d\u00e5varande gd:n Anders L Johansson att \u201dH\u00e4r st\u00e5r en person som representerar ett bemanningsf\u00f6retag och st\u00e5r mycket n\u00e4rmare n\u00e4ringslivet \u00e4n vad Arbetsf\u00f6rmedlingen g\u00f6r, s\u00e5 nu ska ni lyssna\u201d. Det blev inte helt positivt mottaget av \u00e5h\u00f6rarna men vi fr\u00e5n branschen var riktigt n\u00f6jda. Ett steg fram\u00e5t men m\u00e5nga steg var kvar att ta.<\/p>\n\n\n\n<blockquote class=\"wp-block-quote is-layout-flow wp-block-quote-is-layout-flow\">\n<p>Det var d\u00e4r vi kom p\u00e5 att en auktorisation f\u00f6r bemanningsf\u00f6retag kunde vara nyckeln<\/p>\n<\/blockquote>\n\n\n<a class='Share__link Share__link--url copy-text' href='#' rel='nofollow' data-text='vad-forvanade-dig-mest?' title='Dela url' data-confirmation='L\u00e4nken kopierades till urklipp'><svg class='icon icon--link'  width='18' height='18' viewBox='0 0 18 18' fill='none' xmlns='http:\/\/www.w3.org\/2000\/svg'>\n            <path d='M10.4142 0.514721L6.87868 4.05025L8.29289 5.46447L11.1213 2.63604L15.364 6.87868L12.5355 9.70711L13.9497 11.1213L17.4853 7.58579C17.8763 7.19476 17.8763 6.5626 17.4853 6.17158L11.8284 0.514721C11.4374 0.123691 10.8052 0.123691 10.4142 0.514721Z' fill='black'\/>\n            <path d='M9.7071 12.5355L6.87868 15.364L2.63604 11.1213L5.46446 8.2929L4.05025 6.87868L0.514716 10.4142C0.123686 10.8052 0.123686 11.4374 0.514716 11.8284L6.17157 17.4853C6.5626 17.8763 7.19475 17.8763 7.58578 17.4853L11.1213 13.9497L9.7071 12.5355Z' fill='black'\/>\n            <path d='M6.17157 11.8284C6.5626 12.2195 7.19475 12.2195 7.58578 11.8284L11.8284 7.58579C12.2195 7.19476 12.2195 6.56261 11.8284 6.17158C11.4374 5.78055 10.8052 5.78055 10.4142 6.17158L6.17157 10.4142C5.78054 10.8052 5.78054 11.4374 6.17157 11.8284Z' fill='black'\/>\n            <\/svg> <\/a>\n<h2 class=\"wp-block-heading\">Vad f\u00f6rv\u00e5nade dig mest?<\/h2>\n\n\n\n<p>-R\u00e4dslan f\u00f6r f\u00f6r\u00e4ndring\/utmaningar som fanns hos det offentliga. Man var r\u00e4dd f\u00f6r att bli konkurrensutsatt, r\u00e4dd f\u00f6r att se att n\u00e5gon annan kunde g\u00f6ra matchningen b\u00e5de b\u00e4ttre och effektivare. Vi tittade mycket p\u00e5 hur man gjort i andra l\u00e4nder, d\u00e4r England och Australien var l\u00e5ngt framme och talade ofta om det och om hur positivt de arbetss\u00f6kande tyckte att det systemet var.<\/p>\n\n\n<a class='Share__link Share__link--url copy-text' href='#' rel='nofollow' data-text='vad-var-roligast-med-att-jobba-i-branschen?' title='Dela url' data-confirmation='L\u00e4nken kopierades till urklipp'><svg class='icon icon--link'  width='18' height='18' viewBox='0 0 18 18' fill='none' xmlns='http:\/\/www.w3.org\/2000\/svg'>\n            <path d='M10.4142 0.514721L6.87868 4.05025L8.29289 5.46447L11.1213 2.63604L15.364 6.87868L12.5355 9.70711L13.9497 11.1213L17.4853 7.58579C17.8763 7.19476 17.8763 6.5626 17.4853 6.17158L11.8284 0.514721C11.4374 0.123691 10.8052 0.123691 10.4142 0.514721Z' fill='black'\/>\n            <path d='M9.7071 12.5355L6.87868 15.364L2.63604 11.1213L5.46446 8.2929L4.05025 6.87868L0.514716 10.4142C0.123686 10.8052 0.123686 11.4374 0.514716 11.8284L6.17157 17.4853C6.5626 17.8763 7.19475 17.8763 7.58578 17.4853L11.1213 13.9497L9.7071 12.5355Z' fill='black'\/>\n            <path d='M6.17157 11.8284C6.5626 12.2195 7.19475 12.2195 7.58578 11.8284L11.8284 7.58579C12.2195 7.19476 12.2195 6.56261 11.8284 6.17158C11.4374 5.78055 10.8052 5.78055 10.4142 6.17158L6.17157 10.4142C5.78054 10.8052 5.78054 11.4374 6.17157 11.8284Z' fill='black'\/>\n            <\/svg> <\/a>\n<h2 class=\"wp-block-heading\">Vad var roligast med att jobba i branschen?<\/h2>\n\n\n\n<p>-Dynamiken, kreativiteten, inget \u00e4r om\u00f6jligt. Alla underbara m\u00e4nniskor som s\u00f6kte sig till den h\u00e4r fantastiskt roliga, sp\u00e4nnande och kreativa branschen. Vi var lite av samma skrot och korn vi som s\u00f6kte oss till n\u00e4ringen. Vi hade verkligen vansinnigt roligt \u00e4ven om alla f\u00f6retag vara verkliga konkurrenter, s\u00e5 fanns det en otrolig sammanh\u00e5llning. Det var ju lite av nybyggaranda, vi plogade f\u00f6r n\u00e5got nytt. Och vi beh\u00f6vde varandra. S\u00e5 kul och vilka kontakter man fick f\u00f6r livet.<\/p>\n\n\n<a class='Share__link Share__link--url copy-text' href='#' rel='nofollow' data-text='hur-sag-samarbetet-med-facken-ut?' title='Dela url' data-confirmation='L\u00e4nken kopierades till urklipp'><svg class='icon icon--link'  width='18' height='18' viewBox='0 0 18 18' fill='none' xmlns='http:\/\/www.w3.org\/2000\/svg'>\n            <path d='M10.4142 0.514721L6.87868 4.05025L8.29289 5.46447L11.1213 2.63604L15.364 6.87868L12.5355 9.70711L13.9497 11.1213L17.4853 7.58579C17.8763 7.19476 17.8763 6.5626 17.4853 6.17158L11.8284 0.514721C11.4374 0.123691 10.8052 0.123691 10.4142 0.514721Z' fill='black'\/>\n            <path d='M9.7071 12.5355L6.87868 15.364L2.63604 11.1213L5.46446 8.2929L4.05025 6.87868L0.514716 10.4142C0.123686 10.8052 0.123686 11.4374 0.514716 11.8284L6.17157 17.4853C6.5626 17.8763 7.19475 17.8763 7.58578 17.4853L11.1213 13.9497L9.7071 12.5355Z' fill='black'\/>\n            <path d='M6.17157 11.8284C6.5626 12.2195 7.19475 12.2195 7.58578 11.8284L11.8284 7.58579C12.2195 7.19476 12.2195 6.56261 11.8284 6.17158C11.4374 5.78055 10.8052 5.78055 10.4142 6.17158L6.17157 10.4142C5.78054 10.8052 5.78054 11.4374 6.17157 11.8284Z' fill='black'\/>\n            <\/svg> <\/a>\n<h2 class=\"wp-block-heading\">Hur s\u00e5g samarbetet med facken ut?<\/h2>\n\n\n\n<p>-Nja, det var inte enkelt i b\u00f6rjan. De tyckte ju generellt att bemanningsf\u00f6retag var n\u00e5got som katten sl\u00e4pat in och att branschen var oseri\u00f6s. Det var d\u00e4r vi kom p\u00e5 att en auktorisation f\u00f6r bemanningsf\u00f6retag kunde vara nyckeln. S\u00e5 vi skapade den, med en auktorisationsn\u00e4mnd d\u00e4r fack och arbetsgivare fattade gemensamt beslut om vem som skulle kunna bli auktoriserad alternativt \u00e4ven bli av med auktorisationen. N\u00e4mnden hade en opartisk ordf\u00f6rande som tillika var medlare, Olof Johansson. Det blev bra \u00e4ven om processen var n\u00e5got tungrodd, s\u00e5 minimerade vi konflikterna med facket.<\/p>\n\n\n\n<blockquote class=\"wp-block-quote is-layout-flow wp-block-quote-is-layout-flow\">\n<p>Branschen fyller ett stort behov i s\u00e5v\u00e4l uppg\u00e5ng som nedg\u00e5ng<\/p>\n<\/blockquote>\n\n\n<a class='Share__link Share__link--url copy-text' href='#' rel='nofollow' data-text='vilka-erfarenheter-tog-du-med-dig-fran-dina-ar-som-forbundsdirektor?' title='Dela url' data-confirmation='L\u00e4nken kopierades till urklipp'><svg class='icon icon--link'  width='18' height='18' viewBox='0 0 18 18' fill='none' xmlns='http:\/\/www.w3.org\/2000\/svg'>\n            <path d='M10.4142 0.514721L6.87868 4.05025L8.29289 5.46447L11.1213 2.63604L15.364 6.87868L12.5355 9.70711L13.9497 11.1213L17.4853 7.58579C17.8763 7.19476 17.8763 6.5626 17.4853 6.17158L11.8284 0.514721C11.4374 0.123691 10.8052 0.123691 10.4142 0.514721Z' fill='black'\/>\n            <path d='M9.7071 12.5355L6.87868 15.364L2.63604 11.1213L5.46446 8.2929L4.05025 6.87868L0.514716 10.4142C0.123686 10.8052 0.123686 11.4374 0.514716 11.8284L6.17157 17.4853C6.5626 17.8763 7.19475 17.8763 7.58578 17.4853L11.1213 13.9497L9.7071 12.5355Z' fill='black'\/>\n            <path d='M6.17157 11.8284C6.5626 12.2195 7.19475 12.2195 7.58578 11.8284L11.8284 7.58579C12.2195 7.19476 12.2195 6.56261 11.8284 6.17158C11.4374 5.78055 10.8052 5.78055 10.4142 6.17158L6.17157 10.4142C5.78054 10.8052 5.78054 11.4374 6.17157 11.8284Z' fill='black'\/>\n            <\/svg> <\/a>\n<h2 class=\"wp-block-heading\">Vilka erfarenheter tog du med dig fr\u00e5n dina \u00e5r som f\u00f6rbundsdirekt\u00f6r?<\/h2>\n\n\n\n<p>-Det blev m\u00e5nga! Hitta l\u00f6sningar, bearbeta media, politiker andra beslutsfattare till exempel Svenskt N\u00e4ringsliv och LO. Sprida kunskapen om branschen som en seri\u00f6s och viktig bransch f\u00f6r att bist\u00e5 arbetslivet med kompetens. Och ocks\u00e5 en mycket bra integrationsmotor, d\u00e5 personer som kommit till Sverige beh\u00f6vde en v\u00e4g att komma in p\u00e5 arbetsmarknaden f\u00f6r att kunna visa hur bra man. Mycket lyckat.<\/p>\n\n\n<a class='Share__link Share__link--url copy-text' href='#' rel='nofollow' data-text='hur-ser-du-pa-branschens-framtid?' title='Dela url' data-confirmation='L\u00e4nken kopierades till urklipp'><svg class='icon icon--link'  width='18' height='18' viewBox='0 0 18 18' fill='none' xmlns='http:\/\/www.w3.org\/2000\/svg'>\n            <path d='M10.4142 0.514721L6.87868 4.05025L8.29289 5.46447L11.1213 2.63604L15.364 6.87868L12.5355 9.70711L13.9497 11.1213L17.4853 7.58579C17.8763 7.19476 17.8763 6.5626 17.4853 6.17158L11.8284 0.514721C11.4374 0.123691 10.8052 0.123691 10.4142 0.514721Z' fill='black'\/>\n            <path d='M9.7071 12.5355L6.87868 15.364L2.63604 11.1213L5.46446 8.2929L4.05025 6.87868L0.514716 10.4142C0.123686 10.8052 0.123686 11.4374 0.514716 11.8284L6.17157 17.4853C6.5626 17.8763 7.19475 17.8763 7.58578 17.4853L11.1213 13.9497L9.7071 12.5355Z' fill='black'\/>\n            <path d='M6.17157 11.8284C6.5626 12.2195 7.19475 12.2195 7.58578 11.8284L11.8284 7.58579C12.2195 7.19476 12.2195 6.56261 11.8284 6.17158C11.4374 5.78055 10.8052 5.78055 10.4142 6.17158L6.17157 10.4142C5.78054 10.8052 5.78054 11.4374 6.17157 11.8284Z' fill='black'\/>\n            <\/svg> <\/a>\n<h2 class=\"wp-block-heading\">Hur ser du p\u00e5 branschens framtid?<\/h2>\n\n\n\n<p>-Jag tror att det forts\u00e4ttningsvis finns stor potential men det kr\u00e4ver att branschen hela tiden ser \u00f6ver utvecklingen, att de som \u00e4r etablerade i n\u00e4ringen forts\u00e4ttningsvis kr\u00e4ver att f\u00f6retagen ska vara seri\u00f6sa, att utbilda upphandlarna i kommuner, regioner och p\u00e5 f\u00f6retagen, s\u00e5 att man vet hur man r\u00e4knar ut ett timpris med kollektivavtal och p\u00e5slag f\u00f6r f\u00f6retaget. Ingen gynnas av att priset per timme \u00e4r l\u00e4gre \u00e4n till exempel ett kollektivavtal. Det blir oseri\u00f6st. Branschen ska konkurrera med kompetens, bra arbetsvillkor, m\u00f6jligheter att p\u00e5verka sin arbetstid och arbetsinneh\u00e5ll och bra och flexibel kompetensleverans till f\u00f6retagen.<\/p>\n\n\n<a class='Share__link Share__link--url copy-text' href='#' rel='nofollow' data-text='vad-vill-du-halsa-till-alla-medlemsforetag-och-alla-de-som-jobbar-i-branschen?' title='Dela url' data-confirmation='L\u00e4nken kopierades till urklipp'><svg class='icon icon--link'  width='18' height='18' viewBox='0 0 18 18' fill='none' xmlns='http:\/\/www.w3.org\/2000\/svg'>\n            <path d='M10.4142 0.514721L6.87868 4.05025L8.29289 5.46447L11.1213 2.63604L15.364 6.87868L12.5355 9.70711L13.9497 11.1213L17.4853 7.58579C17.8763 7.19476 17.8763 6.5626 17.4853 6.17158L11.8284 0.514721C11.4374 0.123691 10.8052 0.123691 10.4142 0.514721Z' fill='black'\/>\n            <path d='M9.7071 12.5355L6.87868 15.364L2.63604 11.1213L5.46446 8.2929L4.05025 6.87868L0.514716 10.4142C0.123686 10.8052 0.123686 11.4374 0.514716 11.8284L6.17157 17.4853C6.5626 17.8763 7.19475 17.8763 7.58578 17.4853L11.1213 13.9497L9.7071 12.5355Z' fill='black'\/>\n            <path d='M6.17157 11.8284C6.5626 12.2195 7.19475 12.2195 7.58578 11.8284L11.8284 7.58579C12.2195 7.19476 12.2195 6.56261 11.8284 6.17158C11.4374 5.78055 10.8052 5.78055 10.4142 6.17158L6.17157 10.4142C5.78054 10.8052 5.78054 11.4374 6.17157 11.8284Z' fill='black'\/>\n            <\/svg> <\/a>\n<h2 class=\"wp-block-heading\">Vad vill du h\u00e4lsa till alla medlemsf\u00f6retag och alla de som jobbar i branschen?<\/h2>\n\n\n\n<p>-Forts\u00e4tt att h\u00e5lla branschen ren, skapa f\u00f6ruts\u00e4ttningar f\u00f6r m\u00e4nniskor att sj\u00e4lva p\u00e5verka sitt arbete och f\u00f6r f\u00f6retagen att hitta b\u00e4sta t\u00e4nkbara medarbetare fast eller tillf\u00e4lligt. Branschen fyller ett stort behov i s\u00e5v\u00e4l uppg\u00e5ng som nedg\u00e5ng i konjunkturen och f\u00f6r det enskilda f\u00f6retaget. En grym bransch!<\/p>\n","protected":false},"excerpt":{"rendered":"<p>Hej, Eva \u00d6stling Oll\u00e9n. I \u00e5r firar Kompetensf\u00f6retagen 20 \u00e5r som f\u00f6rbund och 30 \u00e5r av avreglerad arbetsf\u00f6rmedling. 2003 tilltr\u00e4dde du som allra f\u00f6rsta f\u00f6rbundsdirekt\u00f6r f\u00f6r d\u00e5varande Bemanningsf\u00f6retagen. Idag njuter du mest av livet med &hellip;<\/p>\n","protected":false},"author":6358,"featured_media":15221,"comment_status":"closed","ping_status":"closed","sticky":false,"template":"","format":"standard","meta":{"_acf_changed":false,"footnotes":""},"categories":[199,1],"tags":[],"article_type":[8,219],"agreement":[],"for-members":[],"class_list":["post-15183","post","type-post","status-publish","format-standard","has-post-thumbnail","hentry","category-historia","category-okategoriserade","type-aktuellt","type-nyhet"],"acf":[],"yoast_head":"<!-- This site is optimized with the Yoast SEO Premium plugin v26.8 (Yoast SEO v26.8) - https:\/\/yoast.com\/product\/yoast-seo-premium-wordpress\/ -->\n<title>Intervju med tidigare f\u00f6rbundsdirekt\u00f6r Eva \u00d6stling Oll\u00e9n<\/title>\n<meta name=\"description\" content=\"Eva \u00d6stling Oll\u00e9n tilltr\u00e4dde 2003 som allra f\u00f6rsta f\u00f6rbundsdirekt\u00f6r f\u00f6r d\u00e5varande Bemanningsf\u00f6retagen. Hon ber\u00e4ttar om en tuff och rolig tid.\" \/>\n<meta name=\"robots\" content=\"index, follow, max-snippet:-1, max-image-preview:large, max-video-preview:-1\" \/>\n<link rel=\"canonical\" href=\"https:\/\/www.kompetensforetagen.se\/2023\/09\/intervju-med-tidigare-forbundsdirektor-eva-ostling-ollen\/\" \/>\n<meta property=\"og:locale\" content=\"sv_SE\" \/>\n<meta property=\"og:type\" content=\"article\" \/>\n<meta property=\"og:title\" content=\"Intervju med tidigare f\u00f6rbundsdirekt\u00f6r Eva \u00d6stling Oll\u00e9n\" \/>\n<meta property=\"og:description\" content=\"Eva \u00d6stling Oll\u00e9n tilltr\u00e4dde 2003 som allra f\u00f6rsta f\u00f6rbundsdirekt\u00f6r f\u00f6r d\u00e5varande Bemanningsf\u00f6retagen. Hon ber\u00e4ttar om en tuff och rolig tid.\" \/>\n<meta property=\"og:url\" content=\"https:\/\/www.kompetensforetagen.se\/2023\/09\/intervju-med-tidigare-forbundsdirektor-eva-ostling-ollen\/\" \/>\n<meta property=\"og:site_name\" content=\"Kompetensf\u00f6retagen\" \/>\n<meta property=\"article:published_time\" content=\"2023-09-11T11:52:39+00:00\" \/>\n<meta property=\"article:modified_time\" content=\"2023-09-14T09:05:11+00:00\" \/>\n<meta property=\"og:image\" content=\"https:\/\/www.kompetensforetagen.se\/app\/uploads\/sites\/5\/2023\/09\/Namnlos-design-6.png\" \/>\n\t<meta property=\"og:image:width\" content=\"1920\" \/>\n\t<meta property=\"og:image:height\" content=\"1080\" \/>\n\t<meta property=\"og:image:type\" content=\"image\/png\" \/>\n<meta name=\"twitter:card\" content=\"summary_large_image\" \/>\n<meta name=\"twitter:label1\" content=\"Skriven av\" \/>\n\t<meta name=\"twitter:data1\" content=\"\" \/>\n\t<meta name=\"twitter:label2\" content=\"Ber\u00e4knad l\u00e4stid\" \/>\n\t<meta name=\"twitter:data2\" content=\"5 minuter\" \/>\n<!-- \/ Yoast SEO Premium plugin. -->","yoast_head_json":{"title":"Intervju med tidigare f\u00f6rbundsdirekt\u00f6r Eva \u00d6stling Oll\u00e9n","description":"Eva \u00d6stling Oll\u00e9n tilltr\u00e4dde 2003 som allra f\u00f6rsta f\u00f6rbundsdirekt\u00f6r f\u00f6r d\u00e5varande Bemanningsf\u00f6retagen. Hon ber\u00e4ttar om en tuff och rolig tid.","robots":{"index":"index","follow":"follow","max-snippet":"max-snippet:-1","max-image-preview":"max-image-preview:large","max-video-preview":"max-video-preview:-1"},"canonical":"https:\/\/www.kompetensforetagen.se\/2023\/09\/intervju-med-tidigare-forbundsdirektor-eva-ostling-ollen\/","og_locale":"sv_SE","og_type":"article","og_title":"Intervju med tidigare f\u00f6rbundsdirekt\u00f6r Eva \u00d6stling Oll\u00e9n","og_description":"Eva \u00d6stling Oll\u00e9n tilltr\u00e4dde 2003 som allra f\u00f6rsta f\u00f6rbundsdirekt\u00f6r f\u00f6r d\u00e5varande Bemanningsf\u00f6retagen. Hon ber\u00e4ttar om en tuff och rolig tid.","og_url":"https:\/\/www.kompetensforetagen.se\/2023\/09\/intervju-med-tidigare-forbundsdirektor-eva-ostling-ollen\/","og_site_name":"Kompetensf\u00f6retagen","article_published_time":"2023-09-11T11:52:39+00:00","article_modified_time":"2023-09-14T09:05:11+00:00","og_image":[{"width":1920,"height":1080,"url":"https:\/\/www.kompetensforetagen.se\/app\/uploads\/sites\/5\/2023\/09\/Namnlos-design-6.png","type":"image\/png"}],"twitter_card":"summary_large_image","twitter_misc":{"Skriven av":"","Ber\u00e4knad l\u00e4stid":"5 minuter"},"schema":{"@context":"https:\/\/schema.org","@graph":[{"@type":"Article","@id":"https:\/\/www.kompetensforetagen.se\/2023\/09\/intervju-med-tidigare-forbundsdirektor-eva-ostling-ollen\/#article","isPartOf":{"@id":"https:\/\/www.kompetensforetagen.se\/2023\/09\/intervju-med-tidigare-forbundsdirektor-eva-ostling-ollen\/"},"author":{"name":"","@id":""},"headline":"Intervju med tidigare f\u00f6rbundsdirekt\u00f6r Eva \u00d6stling Oll\u00e9n","datePublished":"2023-09-11T11:52:39+00:00","dateModified":"2023-09-14T09:05:11+00:00","mainEntityOfPage":{"@id":"https:\/\/www.kompetensforetagen.se\/2023\/09\/intervju-med-tidigare-forbundsdirektor-eva-ostling-ollen\/"},"wordCount":1158,"publisher":{"@id":"https:\/\/www.kompetensforetagen.se\/#organization"},"image":{"@id":"https:\/\/www.kompetensforetagen.se\/2023\/09\/intervju-med-tidigare-forbundsdirektor-eva-ostling-ollen\/#primaryimage"},"thumbnailUrl":"https:\/\/www.kompetensforetagen.se\/app\/uploads\/sites\/5\/2023\/09\/Namnlos-design-6.png","articleSection":["Historia"],"inLanguage":"sv-SE"},{"@type":"WebPage","@id":"https:\/\/www.kompetensforetagen.se\/2023\/09\/intervju-med-tidigare-forbundsdirektor-eva-ostling-ollen\/","url":"https:\/\/www.kompetensforetagen.se\/2023\/09\/intervju-med-tidigare-forbundsdirektor-eva-ostling-ollen\/","name":"Intervju med tidigare f\u00f6rbundsdirekt\u00f6r Eva \u00d6stling Oll\u00e9n","isPartOf":{"@id":"https:\/\/www.kompetensforetagen.se\/#website"},"primaryImageOfPage":{"@id":"https:\/\/www.kompetensforetagen.se\/2023\/09\/intervju-med-tidigare-forbundsdirektor-eva-ostling-ollen\/#primaryimage"},"image":{"@id":"https:\/\/www.kompetensforetagen.se\/2023\/09\/intervju-med-tidigare-forbundsdirektor-eva-ostling-ollen\/#primaryimage"},"thumbnailUrl":"https:\/\/www.kompetensforetagen.se\/app\/uploads\/sites\/5\/2023\/09\/Namnlos-design-6.png","datePublished":"2023-09-11T11:52:39+00:00","dateModified":"2023-09-14T09:05:11+00:00","description":"Eva \u00d6stling Oll\u00e9n tilltr\u00e4dde 2003 som allra f\u00f6rsta f\u00f6rbundsdirekt\u00f6r f\u00f6r d\u00e5varande Bemanningsf\u00f6retagen. Hon ber\u00e4ttar om en tuff och rolig tid.","breadcrumb":{"@id":"https:\/\/www.kompetensforetagen.se\/2023\/09\/intervju-med-tidigare-forbundsdirektor-eva-ostling-ollen\/#breadcrumb"},"inLanguage":"sv-SE","potentialAction":[{"@type":"ReadAction","target":["https:\/\/www.kompetensforetagen.se\/2023\/09\/intervju-med-tidigare-forbundsdirektor-eva-ostling-ollen\/"]}]},{"@type":"ImageObject","inLanguage":"sv-SE","@id":"https:\/\/www.kompetensforetagen.se\/2023\/09\/intervju-med-tidigare-forbundsdirektor-eva-ostling-ollen\/#primaryimage","url":"https:\/\/www.kompetensforetagen.se\/app\/uploads\/sites\/5\/2023\/09\/Namnlos-design-6.png","contentUrl":"https:\/\/www.kompetensforetagen.se\/app\/uploads\/sites\/5\/2023\/09\/Namnlos-design-6.png","width":1920,"height":1080,"caption":"F\u00f6rsta f\u00f6rbundsdirekt\u00f6r f\u00f6r Bemanningsf\u00f6retagen Eva \u00d6stling"},{"@type":"BreadcrumbList","@id":"https:\/\/www.kompetensforetagen.se\/2023\/09\/intervju-med-tidigare-forbundsdirektor-eva-ostling-ollen\/#breadcrumb","itemListElement":[{"@type":"ListItem","position":1,"name":"Home","item":"https:\/\/www.kompetensforetagen.se\/"},{"@type":"ListItem","position":2,"name":"Intervju med tidigare f\u00f6rbundsdirekt\u00f6r Eva \u00d6stling Oll\u00e9n"}]},{"@type":"WebSite","@id":"https:\/\/www.kompetensforetagen.se\/#website","url":"https:\/\/www.kompetensforetagen.se\/","name":"Kompetensf\u00f6retagen","description":"R\u00e4tt person p\u00e5 r\u00e4tt plats kan f\u00f6r\u00e4ndra v\u00e4rlden","publisher":{"@id":"https:\/\/www.kompetensforetagen.se\/#organization"},"potentialAction":[{"@type":"SearchAction","target":{"@type":"EntryPoint","urlTemplate":"https:\/\/www.kompetensforetagen.se\/?s={search_term_string}"},"query-input":{"@type":"PropertyValueSpecification","valueRequired":true,"valueName":"search_term_string"}}],"inLanguage":"sv-SE"},{"@type":"Organization","@id":"https:\/\/www.kompetensforetagen.se\/#organization","name":"Kompetensf\u00f6retagen","url":"https:\/\/www.kompetensforetagen.se\/","logo":{"@type":"ImageObject","inLanguage":"sv-SE","@id":"https:\/\/www.kompetensforetagen.se\/#\/schema\/logo\/image\/","url":"https:\/\/www.kompetensforetagen.se\/app\/uploads\/sites\/5\/2022\/10\/logga_svart.png","contentUrl":"https:\/\/www.kompetensforetagen.se\/app\/uploads\/sites\/5\/2022\/10\/logga_svart.png","width":752,"height":64,"caption":"Kompetensf\u00f6retagen"},"image":{"@id":"https:\/\/www.kompetensforetagen.se\/#\/schema\/logo\/image\/"},"sameAs":["https:\/\/www.linkedin.com\/company\/10540032\/"]},{"@type":"Person","@id":"","url":"https:\/\/www.kompetensforetagen.se\/person\/"}]}},"_links":{"self":[{"href":"https:\/\/www.kompetensforetagen.se\/api\/wp\/v2\/posts\/15183","targetHints":{"allow":["GET"]}}],"collection":[{"href":"https:\/\/www.kompetensforetagen.se\/api\/wp\/v2\/posts"}],"about":[{"href":"https:\/\/www.kompetensforetagen.se\/api\/wp\/v2\/types\/post"}],"author":[{"embeddable":true,"href":"https:\/\/www.kompetensforetagen.se\/api\/wp\/v2\/users\/6358"}],"replies":[{"embeddable":true,"href":"https:\/\/www.kompetensforetagen.se\/api\/wp\/v2\/comments?post=15183"}],"version-history":[{"count":6,"href":"https:\/\/www.kompetensforetagen.se\/api\/wp\/v2\/posts\/15183\/revisions"}],"predecessor-version":[{"id":15201,"href":"https:\/\/www.kompetensforetagen.se\/api\/wp\/v2\/posts\/15183\/revisions\/15201"}],"wp:featuredmedia":[{"embeddable":true,"href":"https:\/\/www.kompetensforetagen.se\/api\/wp\/v2\/media\/15221"}],"wp:attachment":[{"href":"https:\/\/www.kompetensforetagen.se\/api\/wp\/v2\/media?parent=15183"}],"wp:term":[{"taxonomy":"category","embeddable":true,"href":"https:\/\/www.kompetensforetagen.se\/api\/wp\/v2\/categories?post=15183"},{"taxonomy":"post_tag","embeddable":true,"href":"https:\/\/www.kompetensforetagen.se\/api\/wp\/v2\/tags?post=15183"},{"taxonomy":"type","embeddable":true,"href":"https:\/\/www.kompetensforetagen.se\/api\/wp\/v2\/article_type?post=15183"},{"taxonomy":"agreement","embeddable":true,"href":"https:\/\/www.kompetensforetagen.se\/api\/wp\/v2\/agreement?post=15183"},{"taxonomy":"for-members","embeddable":true,"href":"https:\/\/www.kompetensforetagen.se\/api\/wp\/v2\/for-members?post=15183"}],"curies":[{"name":"wp","href":"https:\/\/api.w.org\/{rel}","templated":true}]}}