{"id":15112,"date":"2023-11-24T11:52:15","date_gmt":"2023-11-24T10:52:15","guid":{"rendered":"https:\/\/www.kompetensforetagen.se\/?p=15112"},"modified":"2023-11-24T11:52:32","modified_gmt":"2023-11-24T10:52:32","slug":"anton-maxar-sina-karriarmojligheter-som-konsult","status":"publish","type":"post","link":"https:\/\/www.kompetensforetagen.se\/2023\/11\/anton-maxar-sina-karriarmojligheter-som-konsult\/","title":{"rendered":"<strong>Anton maxar sina karri\u00e4rm\u00f6jligheter som konsult<\/strong>"},"content":{"rendered":"\n<p>Anton Bj\u00f6rkegren \u00e4r UX-designern och friluftsfantasten som s\u00f6kte sig till Lernia efter att ha jobbat som publikredakt\u00f6r hos ett massmedief\u00f6retag. P\u00e5 Antons nuvarande jobb arbetar han med kundsupport ur ett globalt perspektiv p\u00e5 ett teknikf\u00f6retag, och maxar sina karri\u00e4rm\u00f6jligheter.<\/p>\n\n\n\n<p>-Jag l\u00e4r mig grejer dagligen om olika produkter, men en inst\u00e4llning som jag har haft med mig sedan start \u00e4r att st\u00e4lla s\u00e5 m\u00e5nga fr\u00e5gor som jag bara kan. Det finns s\u00e5 mycket kompetens h\u00e4r s\u00e5 det kan man bara tj\u00e4na p\u00e5. Det g\u00e5r att fr\u00e5ga vem som helst om vad som helst. F\u00f6r mig som inte har en bakgrund i el eller teknik s\u00e5 \u00e4r det v\u00e4ldigt viktigt.<\/p>\n\n\n\n<p>Anton arbetar b\u00e5de i team och sj\u00e4lvst\u00e4ndigt. Han beskriver att vissa problem tar l\u00e4ngre tid att l\u00f6sa d\u00e5 \u00e4ndringar ofta m\u00e5ste g\u00e5 genom olika led inom f\u00f6retaget. Det kan d\u00e4rf\u00f6r ta l\u00e5ng tid \u00e4ven vid sm\u00e5 \u00e4ndringar av arbetsprocesser. Samtidigt \u00e4r det l\u00e4tt att hamna i ett flow d\u00e4r att g\u00f6ra-listan betas av under dagen.<\/p>\n\n\n\n<blockquote class=\"wp-block-quote is-layout-flow wp-block-quote-is-layout-flow\">\n<p>Det finns m\u00e5nga m\u00f6jliga v\u00e4gar att g\u00e5 och karri\u00e4rm\u00f6jligheterna \u00e4r inte inrutade eller begr\u00e4nsade<\/p>\n<\/blockquote>\n\n\n\n<p>Eftersom Anton fortfarande k\u00e4nner sig ny p\u00e5 jobbet s\u00e5 menar han att st\u00e4lla m\u00e5nga fr\u00e5gor \u00e4r nyckeln till att snabbt f\u00f6rst\u00e5 verksamheten, produkterna han jobbar med och sitt eget jobb.<\/p>\n\n\n\n<p>-Processen \u00e4r inte alltid l\u00e4tt, men det utmanar ens probleml\u00f6sningsf\u00f6rm\u00e5ga. Och det k\u00e4nns v\u00e4rdefullt att bocka av en lista i slutet av dagen och k\u00e4nna att man gjort ett produktivt arbete. S\u00e5 hj\u00e4lper det ocks\u00e5 att det \u00e4r bra kollegor som jag kan bolla med och det \u00e4r h\u00f6gt i tak p\u00e5 jobbet.<\/p>\n\n\n<a class='Share__link Share__link--url copy-text' href='#' rel='nofollow' data-text='maxar-sina-karriarmojligheter' title='Dela url' data-confirmation='L\u00e4nken kopierades till urklipp'><svg class='icon icon--link'  width='18' height='18' viewBox='0 0 18 18' fill='none' xmlns='http:\/\/www.w3.org\/2000\/svg'>\n            <path d='M10.4142 0.514721L6.87868 4.05025L8.29289 5.46447L11.1213 2.63604L15.364 6.87868L12.5355 9.70711L13.9497 11.1213L17.4853 7.58579C17.8763 7.19476 17.8763 6.5626 17.4853 6.17158L11.8284 0.514721C11.4374 0.123691 10.8052 0.123691 10.4142 0.514721Z' fill='black'\/>\n            <path d='M9.7071 12.5355L6.87868 15.364L2.63604 11.1213L5.46446 8.2929L4.05025 6.87868L0.514716 10.4142C0.123686 10.8052 0.123686 11.4374 0.514716 11.8284L6.17157 17.4853C6.5626 17.8763 7.19475 17.8763 7.58578 17.4853L11.1213 13.9497L9.7071 12.5355Z' fill='black'\/>\n            <path d='M6.17157 11.8284C6.5626 12.2195 7.19475 12.2195 7.58578 11.8284L11.8284 7.58579C12.2195 7.19476 12.2195 6.56261 11.8284 6.17158C11.4374 5.78055 10.8052 5.78055 10.4142 6.17158L6.17157 10.4142C5.78054 10.8052 5.78054 11.4374 6.17157 11.8284Z' fill='black'\/>\n            <\/svg> <\/a>\n<h2 class=\"wp-block-heading\">Maxar sina karri\u00e4rm\u00f6jligheter<\/h2>\n\n\n\n<p>Anton ser f\u00f6rdelar med att<a href=\"https:\/\/www.kompetensforetagen.se\/att-jobba-som-bemanningskonsult\/\"> jobba som konsult<\/a> hos ett st\u00f6rre f\u00f6retag. Det finns m\u00e5nga m\u00f6jliga v\u00e4gar att g\u00e5 och karri\u00e4rm\u00f6jligheterna \u00e4r inte inrutade eller begr\u00e4nsade.<\/p>\n\n\n\n<p>-Jag skulle kunna t\u00e4nka mig att i framtiden jobba mer med projektledning och m\u00e4nniskor, eller anv\u00e4nda kunskaper fr\u00e5n min UX-utbildning f\u00f6r att utveckla system s\u00e5 att de bli mer anv\u00e4ndarv\u00e4nliga. Det skulle b\u00e5de \u00f6ka effektiviteten och g\u00f6ra jobbet l\u00e4ttare och roligare. &nbsp;<\/p>\n\n\n\n<p>Utanf\u00f6r den digitala v\u00e4rlden har Anton ett intresse av att vara ute i naturen. F\u00f6rra \u00e5ret vandrade han i Alperna och i \u00e5r lutar planerna mot att vandra i Sverige l\u00e4ngs H\u00f6ga Kusten.<\/p>\n\n\n\n<p>-Det \u00e4r frisk luft, man ser n\u00e5got annat \u00e4n v\u00e4ggar och tak. Framf\u00f6r allt \u00e4r det meditativt, s\u00e4rskilt om man \u00e4r ute l\u00e4ngre, sover i t\u00e4lt och lagar mat \u00f6ver \u00f6ppen eld. Det \u00e4r v\u00e4ldigt bel\u00f6nande och vardagsstressen rinner av en.<\/p>\n\n\n\n<figure class=\"wp-block-table\"><table class=\"has-primary-background-color has-background\"><tbody><tr><td><strong>Namn<\/strong>: Anton Bj\u00f6rkegren<br><strong>\u00c5lder<\/strong>: 28<br><strong>Ort<\/strong>: V\u00e4ster\u00e5s<br><strong>Konsultf\u00f6retag<\/strong>: <a href=\"https:\/\/www.lernia.se\/?utm_campaign=brand&amp;gclid=CjwKCAjw6eWnBhAKEiwADpnw9s51R0cMLW0T0XTy5K8hKkbGOST9ECa0O5mGLw0zndYZzTNDw4vTUhoCCX4QAvD_BwE\" target=\"_blank\" rel=\"noreferrer noopener\">Lernia<\/a><br><strong>Kundf\u00f6retag<\/strong>: <a href=\"https:\/\/new.abb.com\/se\" target=\"_blank\" rel=\"noreferrer noopener\">ABB<\/a><br><strong>Tj\u00e4nst<\/strong>: Customer Support Specialist<br>G\u00f6r helst p\u00e5 fritiden: Tr\u00e4ffar v\u00e4nner, tr\u00e4nar eller \u00e4r ute p\u00e5 vandringstur<\/td><\/tr><\/tbody><\/table><\/figure>\n","protected":false},"excerpt":{"rendered":"<p>Anton Bj\u00f6rkegren \u00e4r UX-designern och friluftsfantasten som s\u00f6kte sig till Lernia efter att ha jobbat som publikredakt\u00f6r hos ett massmedief\u00f6retag. P\u00e5 Antons nuvarande jobb arbetar han med kundsupport ur ett globalt perspektiv p\u00e5 ett teknikf\u00f6retag, &hellip;<\/p>\n","protected":false},"author":6358,"featured_media":15202,"comment_status":"closed","ping_status":"closed","sticky":false,"template":"","format":"standard","meta":{"_acf_changed":false,"footnotes":""},"categories":[204],"tags":[],"article_type":[8,219],"agreement":[],"for-members":[],"class_list":["post-15112","post","type-post","status-publish","format-standard","has-post-thumbnail","hentry","category-konsult","type-aktuellt","type-nyhet"],"acf":[],"yoast_head":"<!-- This site is optimized with the Yoast SEO Premium plugin v26.8 (Yoast SEO v26.8) - https:\/\/yoast.com\/product\/yoast-seo-premium-wordpress\/ -->\n<title>Anton maxar sina karri\u00e4rm\u00f6jligheter som konsult<\/title>\n<meta name=\"description\" content=\"P\u00e5 Antons nuvarande jobb arbetar han med kundsupport ur ett globalt perspektiv p\u00e5 ett teknikf\u00f6retag, och maxar sina karri\u00e4rm\u00f6jligheter\" \/>\n<meta name=\"robots\" content=\"index, follow, max-snippet:-1, max-image-preview:large, max-video-preview:-1\" \/>\n<link rel=\"canonical\" href=\"https:\/\/www.kompetensforetagen.se\/2023\/11\/anton-maxar-sina-karriarmojligheter-som-konsult\/\" \/>\n<meta property=\"og:locale\" content=\"sv_SE\" \/>\n<meta property=\"og:type\" content=\"article\" \/>\n<meta property=\"og:title\" content=\"Anton maxar sina karri\u00e4rm\u00f6jligheter som konsult\" \/>\n<meta property=\"og:description\" content=\"P\u00e5 Antons nuvarande jobb arbetar han med kundsupport ur ett globalt perspektiv p\u00e5 ett teknikf\u00f6retag, och maxar sina karri\u00e4rm\u00f6jligheter\" \/>\n<meta property=\"og:url\" content=\"https:\/\/www.kompetensforetagen.se\/2023\/11\/anton-maxar-sina-karriarmojligheter-som-konsult\/\" \/>\n<meta property=\"og:site_name\" content=\"Kompetensf\u00f6retagen\" \/>\n<meta property=\"article:published_time\" content=\"2023-11-24T10:52:15+00:00\" \/>\n<meta property=\"article:modified_time\" content=\"2023-11-24T10:52:32+00:00\" \/>\n<meta property=\"og:image\" content=\"https:\/\/www.kompetensforetagen.se\/app\/uploads\/sites\/5\/2023\/09\/Anton-jorkegren.png\" \/>\n\t<meta property=\"og:image:width\" content=\"1366\" \/>\n\t<meta property=\"og:image:height\" content=\"768\" \/>\n\t<meta property=\"og:image:type\" content=\"image\/png\" \/>\n<meta name=\"twitter:card\" content=\"summary_large_image\" \/>\n<meta name=\"twitter:label1\" content=\"Skriven av\" \/>\n\t<meta name=\"twitter:data1\" content=\"\" \/>\n\t<meta name=\"twitter:label2\" content=\"Ber\u00e4knad l\u00e4stid\" \/>\n\t<meta name=\"twitter:data2\" content=\"3 minuter\" \/>\n<!-- \/ Yoast SEO Premium plugin. -->","yoast_head_json":{"title":"Anton maxar sina karri\u00e4rm\u00f6jligheter som konsult","description":"P\u00e5 Antons nuvarande jobb arbetar han med kundsupport ur ett globalt perspektiv p\u00e5 ett teknikf\u00f6retag, och maxar sina karri\u00e4rm\u00f6jligheter","robots":{"index":"index","follow":"follow","max-snippet":"max-snippet:-1","max-image-preview":"max-image-preview:large","max-video-preview":"max-video-preview:-1"},"canonical":"https:\/\/www.kompetensforetagen.se\/2023\/11\/anton-maxar-sina-karriarmojligheter-som-konsult\/","og_locale":"sv_SE","og_type":"article","og_title":"Anton maxar sina karri\u00e4rm\u00f6jligheter som konsult","og_description":"P\u00e5 Antons nuvarande jobb arbetar han med kundsupport ur ett globalt perspektiv p\u00e5 ett teknikf\u00f6retag, och maxar sina karri\u00e4rm\u00f6jligheter","og_url":"https:\/\/www.kompetensforetagen.se\/2023\/11\/anton-maxar-sina-karriarmojligheter-som-konsult\/","og_site_name":"Kompetensf\u00f6retagen","article_published_time":"2023-11-24T10:52:15+00:00","article_modified_time":"2023-11-24T10:52:32+00:00","og_image":[{"width":1366,"height":768,"url":"https:\/\/www.kompetensforetagen.se\/app\/uploads\/sites\/5\/2023\/09\/Anton-jorkegren.png","type":"image\/png"}],"twitter_card":"summary_large_image","twitter_misc":{"Skriven av":"","Ber\u00e4knad l\u00e4stid":"3 minuter"},"schema":{"@context":"https:\/\/schema.org","@graph":[{"@type":"Article","@id":"https:\/\/www.kompetensforetagen.se\/2023\/11\/anton-maxar-sina-karriarmojligheter-som-konsult\/#article","isPartOf":{"@id":"https:\/\/www.kompetensforetagen.se\/2023\/11\/anton-maxar-sina-karriarmojligheter-som-konsult\/"},"author":{"name":"","@id":""},"headline":"Anton maxar sina karri\u00e4rm\u00f6jligheter som konsult","datePublished":"2023-11-24T10:52:15+00:00","dateModified":"2023-11-24T10:52:32+00:00","mainEntityOfPage":{"@id":"https:\/\/www.kompetensforetagen.se\/2023\/11\/anton-maxar-sina-karriarmojligheter-som-konsult\/"},"wordCount":533,"publisher":{"@id":"https:\/\/www.kompetensforetagen.se\/#organization"},"image":{"@id":"https:\/\/www.kompetensforetagen.se\/2023\/11\/anton-maxar-sina-karriarmojligheter-som-konsult\/#primaryimage"},"thumbnailUrl":"https:\/\/www.kompetensforetagen.se\/app\/uploads\/sites\/5\/2023\/09\/Anton-jorkegren.png","articleSection":["Konsult"],"inLanguage":"sv-SE"},{"@type":"WebPage","@id":"https:\/\/www.kompetensforetagen.se\/2023\/11\/anton-maxar-sina-karriarmojligheter-som-konsult\/","url":"https:\/\/www.kompetensforetagen.se\/2023\/11\/anton-maxar-sina-karriarmojligheter-som-konsult\/","name":"Anton maxar sina karri\u00e4rm\u00f6jligheter som konsult","isPartOf":{"@id":"https:\/\/www.kompetensforetagen.se\/#website"},"primaryImageOfPage":{"@id":"https:\/\/www.kompetensforetagen.se\/2023\/11\/anton-maxar-sina-karriarmojligheter-som-konsult\/#primaryimage"},"image":{"@id":"https:\/\/www.kompetensforetagen.se\/2023\/11\/anton-maxar-sina-karriarmojligheter-som-konsult\/#primaryimage"},"thumbnailUrl":"https:\/\/www.kompetensforetagen.se\/app\/uploads\/sites\/5\/2023\/09\/Anton-jorkegren.png","datePublished":"2023-11-24T10:52:15+00:00","dateModified":"2023-11-24T10:52:32+00:00","description":"P\u00e5 Antons nuvarande jobb arbetar han med kundsupport ur ett globalt perspektiv p\u00e5 ett teknikf\u00f6retag, och maxar sina karri\u00e4rm\u00f6jligheter","breadcrumb":{"@id":"https:\/\/www.kompetensforetagen.se\/2023\/11\/anton-maxar-sina-karriarmojligheter-som-konsult\/#breadcrumb"},"inLanguage":"sv-SE","potentialAction":[{"@type":"ReadAction","target":["https:\/\/www.kompetensforetagen.se\/2023\/11\/anton-maxar-sina-karriarmojligheter-som-konsult\/"]}]},{"@type":"ImageObject","inLanguage":"sv-SE","@id":"https:\/\/www.kompetensforetagen.se\/2023\/11\/anton-maxar-sina-karriarmojligheter-som-konsult\/#primaryimage","url":"https:\/\/www.kompetensforetagen.se\/app\/uploads\/sites\/5\/2023\/09\/Anton-jorkegren.png","contentUrl":"https:\/\/www.kompetensforetagen.se\/app\/uploads\/sites\/5\/2023\/09\/Anton-jorkegren.png","width":1366,"height":768,"caption":"Anton J\u00f6rkegren, profil verksam inom kompetensbranschen."},{"@type":"BreadcrumbList","@id":"https:\/\/www.kompetensforetagen.se\/2023\/11\/anton-maxar-sina-karriarmojligheter-som-konsult\/#breadcrumb","itemListElement":[{"@type":"ListItem","position":1,"name":"Home","item":"https:\/\/www.kompetensforetagen.se\/"},{"@type":"ListItem","position":2,"name":"Anton maxar sina karri\u00e4rm\u00f6jligheter som konsult"}]},{"@type":"WebSite","@id":"https:\/\/www.kompetensforetagen.se\/#website","url":"https:\/\/www.kompetensforetagen.se\/","name":"Kompetensf\u00f6retagen","description":"R\u00e4tt person p\u00e5 r\u00e4tt plats kan f\u00f6r\u00e4ndra v\u00e4rlden","publisher":{"@id":"https:\/\/www.kompetensforetagen.se\/#organization"},"potentialAction":[{"@type":"SearchAction","target":{"@type":"EntryPoint","urlTemplate":"https:\/\/www.kompetensforetagen.se\/?s={search_term_string}"},"query-input":{"@type":"PropertyValueSpecification","valueRequired":true,"valueName":"search_term_string"}}],"inLanguage":"sv-SE"},{"@type":"Organization","@id":"https:\/\/www.kompetensforetagen.se\/#organization","name":"Kompetensf\u00f6retagen","url":"https:\/\/www.kompetensforetagen.se\/","logo":{"@type":"ImageObject","inLanguage":"sv-SE","@id":"https:\/\/www.kompetensforetagen.se\/#\/schema\/logo\/image\/","url":"https:\/\/www.kompetensforetagen.se\/app\/uploads\/sites\/5\/2022\/10\/logga_svart.png","contentUrl":"https:\/\/www.kompetensforetagen.se\/app\/uploads\/sites\/5\/2022\/10\/logga_svart.png","width":752,"height":64,"caption":"Kompetensf\u00f6retagen"},"image":{"@id":"https:\/\/www.kompetensforetagen.se\/#\/schema\/logo\/image\/"},"sameAs":["https:\/\/www.linkedin.com\/company\/10540032\/"]},{"@type":"Person","@id":"","url":"https:\/\/www.kompetensforetagen.se\/person\/"}]}},"_links":{"self":[{"href":"https:\/\/www.kompetensforetagen.se\/api\/wp\/v2\/posts\/15112","targetHints":{"allow":["GET"]}}],"collection":[{"href":"https:\/\/www.kompetensforetagen.se\/api\/wp\/v2\/posts"}],"about":[{"href":"https:\/\/www.kompetensforetagen.se\/api\/wp\/v2\/types\/post"}],"author":[{"embeddable":true,"href":"https:\/\/www.kompetensforetagen.se\/api\/wp\/v2\/users\/6358"}],"replies":[{"embeddable":true,"href":"https:\/\/www.kompetensforetagen.se\/api\/wp\/v2\/comments?post=15112"}],"version-history":[{"count":3,"href":"https:\/\/www.kompetensforetagen.se\/api\/wp\/v2\/posts\/15112\/revisions"}],"predecessor-version":[{"id":15203,"href":"https:\/\/www.kompetensforetagen.se\/api\/wp\/v2\/posts\/15112\/revisions\/15203"}],"wp:featuredmedia":[{"embeddable":true,"href":"https:\/\/www.kompetensforetagen.se\/api\/wp\/v2\/media\/15202"}],"wp:attachment":[{"href":"https:\/\/www.kompetensforetagen.se\/api\/wp\/v2\/media?parent=15112"}],"wp:term":[{"taxonomy":"category","embeddable":true,"href":"https:\/\/www.kompetensforetagen.se\/api\/wp\/v2\/categories?post=15112"},{"taxonomy":"post_tag","embeddable":true,"href":"https:\/\/www.kompetensforetagen.se\/api\/wp\/v2\/tags?post=15112"},{"taxonomy":"type","embeddable":true,"href":"https:\/\/www.kompetensforetagen.se\/api\/wp\/v2\/article_type?post=15112"},{"taxonomy":"agreement","embeddable":true,"href":"https:\/\/www.kompetensforetagen.se\/api\/wp\/v2\/agreement?post=15112"},{"taxonomy":"for-members","embeddable":true,"href":"https:\/\/www.kompetensforetagen.se\/api\/wp\/v2\/for-members?post=15112"}],"curies":[{"name":"wp","href":"https:\/\/api.w.org\/{rel}","templated":true}]}}