{"id":14917,"date":"2023-08-22T08:59:24","date_gmt":"2023-08-22T06:59:24","guid":{"rendered":"https:\/\/www.kompetensforetagen.se\/?p=14917"},"modified":"2025-12-12T11:07:57","modified_gmt":"2025-12-12T10:07:57","slug":"positiv-tillvaxt-positiv-framtidssyn","status":"publish","type":"post","link":"https:\/\/www.kompetensforetagen.se\/2023\/08\/positiv-tillvaxt-positiv-framtidssyn\/","title":{"rendered":"Positiv tillv\u00e4xt, positiv framtidssyn"},"content":{"rendered":"\n<p>Insamlingen av oms\u00e4ttningsuppgifter fr\u00e5n Kompetensf\u00f6retagens medlemsf\u00f6retag f\u00f6r \u00e5rets andra kvartal visar p\u00e5 en positiv tillv\u00e4xt med 0,8 procent j\u00e4mf\u00f6rt med samma period 2022. I kronor inneb\u00e4r det 8,9 miljarder kronor, och i praktiken att medlemsf\u00f6retagens betydelse f\u00f6r arbetsmarknaden \u00e4r fortsatt stark.&nbsp;<\/p>\n\n\n\n<p>Den svagaste oms\u00e4ttningsutvecklingen finns i Mellansverige som minskade med 6,2 procent. S\u00f6dra Sverige \u00f6kade med 0,5 procent och V\u00e4stra Sverige minskade med 1,8 procent. Norra Sverige, Stockholm samt S\u00f6dra Sverige var de regioner som uppvisade en positiv utveckling under andra kvartalet 2023.&nbsp;&nbsp;<\/p>\n\n\n\n<p>De till oms\u00e4ttningen st\u00f6rsta yrkesomr\u00e5dena under andra kvartalet 2023 var Industri &amp; Tillverkning med 31 procent av oms\u00e4ttningen, Lager &amp; Logistik med 23 procent av oms\u00e4ttningen samt IT och Administration &amp; Service med 10 respektive 8 procent av oms\u00e4ttningen.\u00a0<\/p>\n\n\n\n<blockquote class=\"wp-block-quote is-layout-flow wp-block-quote-is-layout-flow\">\n<p> R\u00f6rande utsikterna p\u00e5 ett \u00e5rs sikt ser 53 procent positivt p\u00e5 framtiden<\/p>\n<\/blockquote>\n\n\n\n<p>Under andra kvartalet 2023 \u00f6kade oms\u00e4ttningen i Omst\u00e4llning med 7,0 procent. Bemanning \u00f6kade med 1,2 procent fr\u00e5n f\u00f6reg\u00e5ende \u00e5r och Rekrytering minskade med 11,0 procent fr\u00e5n f\u00f6reg\u00e5ende \u00e5r. Tj\u00e4nsteomr\u00e5det Bemanning \u00e4r fortsatt klart st\u00f6rst med en oms\u00e4ttningsandel p\u00e5 94 procent av den totala oms\u00e4ttningen i branschen.&nbsp;&nbsp;<\/p>\n\n\n\n<p>Sedan f\u00f6rra \u00e5ret f\u00e5r medlemsf\u00f6retagen svara p\u00e5 hur de ser p\u00e5 framtiden p\u00e5 kort och l\u00e5ng sikt, och h\u00e4r ses en \u00f6kad optimism. Andelen som uppger att f\u00f6retaget kommer att g\u00e5 mycket eller n\u00e5got b\u00e4ttre under det tredje kvartalet 2023 j\u00e4mf\u00f6rt med det g\u00e5ngna kvartalet uppg\u00e5r till 37 procent. I j\u00e4mf\u00f6relse tror 27 procent att det kommer att g\u00e5 n\u00e5got eller mycket s\u00e4mre. R\u00f6rande utsikterna p\u00e5 ett \u00e5rs sikt ser 53 procent positivt p\u00e5 framtiden. Betydligt f\u00e4rre \u00e4n under f\u00f6rra kvartalet, endast 14 procent, uppger en negativ syn i det l\u00e4ngre perspektivet.\u00a0<\/p>\n\n\n\n<p><a href=\"https:\/\/www.kompetensforetagen.se\/rapporter\/kompetensforetagens-rapporter-och-statistik-2-3\/\">L\u00e4s rapporten<\/a><\/p>\n","protected":false},"excerpt":{"rendered":"<p>Insamlingen av oms\u00e4ttningsuppgifter fr\u00e5n Kompetensf\u00f6retagens medlemsf\u00f6retag f\u00f6r \u00e5rets andra kvartal visar p\u00e5 en positiv tillv\u00e4xt med 0,8 procent j\u00e4mf\u00f6rt med samma period 2022. I kronor inneb\u00e4r det 8,9 miljarder kronor, och i praktiken att medlemsf\u00f6retagens &hellip;<\/p>\n","protected":false},"author":6358,"featured_media":14918,"comment_status":"closed","ping_status":"closed","sticky":false,"template":"","format":"standard","meta":{"_acf_changed":false,"footnotes":""},"categories":[1,15],"tags":[],"article_type":[8,219],"agreement":[],"for-members":[],"class_list":["post-14917","post","type-post","status-publish","format-standard","has-post-thumbnail","hentry","category-okategoriserade","category-statistik","type-aktuellt","type-nyhet"],"acf":[],"yoast_head":"<!-- This site is optimized with the Yoast SEO Premium plugin v26.8 (Yoast SEO v26.8) - https:\/\/yoast.com\/product\/yoast-seo-premium-wordpress\/ -->\n<title>Positiv tillv\u00e4xt, positiv framtidssyn - Kompetensf\u00f6retagen<\/title>\n<meta name=\"description\" content=\"Positiv tillv\u00e4xt och framtidssyn. Trots omv\u00e4rldsl\u00e4get visar branschen styrka. L\u00e4s v\u00e5r analys av utvecklingen.\" \/>\n<meta name=\"robots\" content=\"index, follow, max-snippet:-1, max-image-preview:large, max-video-preview:-1\" \/>\n<link rel=\"canonical\" href=\"https:\/\/www.kompetensforetagen.se\/2023\/08\/positiv-tillvaxt-positiv-framtidssyn\/\" \/>\n<meta property=\"og:locale\" content=\"sv_SE\" \/>\n<meta property=\"og:type\" content=\"article\" \/>\n<meta property=\"og:title\" content=\"Positiv tillv\u00e4xt, positiv framtidssyn\" \/>\n<meta property=\"og:description\" content=\"Positiv tillv\u00e4xt och framtidssyn. Trots omv\u00e4rldsl\u00e4get visar branschen styrka. L\u00e4s v\u00e5r analys av utvecklingen.\" \/>\n<meta property=\"og:url\" content=\"https:\/\/www.kompetensforetagen.se\/2023\/08\/positiv-tillvaxt-positiv-framtidssyn\/\" \/>\n<meta property=\"og:site_name\" content=\"Kompetensf\u00f6retagen\" \/>\n<meta property=\"article:published_time\" content=\"2023-08-22T06:59:24+00:00\" \/>\n<meta property=\"article:modified_time\" content=\"2025-12-12T10:07:57+00:00\" \/>\n<meta property=\"og:image\" content=\"https:\/\/www.kompetensforetagen.se\/app\/uploads\/sites\/5\/2023\/08\/Kvartalsrapport_q2.png\" \/>\n\t<meta property=\"og:image:width\" content=\"1200\" \/>\n\t<meta property=\"og:image:height\" content=\"628\" \/>\n\t<meta property=\"og:image:type\" content=\"image\/png\" \/>\n<meta name=\"twitter:card\" content=\"summary_large_image\" \/>\n<meta name=\"twitter:label1\" content=\"Skriven av\" \/>\n\t<meta name=\"twitter:data1\" content=\"\" \/>\n\t<meta name=\"twitter:label2\" content=\"Ber\u00e4knad l\u00e4stid\" \/>\n\t<meta name=\"twitter:data2\" content=\"2 minuter\" \/>\n<!-- \/ Yoast SEO Premium plugin. -->","yoast_head_json":{"title":"Positiv tillv\u00e4xt, positiv framtidssyn - Kompetensf\u00f6retagen","description":"Positiv tillv\u00e4xt och framtidssyn. Trots omv\u00e4rldsl\u00e4get visar branschen styrka. L\u00e4s v\u00e5r analys av utvecklingen.","robots":{"index":"index","follow":"follow","max-snippet":"max-snippet:-1","max-image-preview":"max-image-preview:large","max-video-preview":"max-video-preview:-1"},"canonical":"https:\/\/www.kompetensforetagen.se\/2023\/08\/positiv-tillvaxt-positiv-framtidssyn\/","og_locale":"sv_SE","og_type":"article","og_title":"Positiv tillv\u00e4xt, positiv framtidssyn","og_description":"Positiv tillv\u00e4xt och framtidssyn. Trots omv\u00e4rldsl\u00e4get visar branschen styrka. L\u00e4s v\u00e5r analys av utvecklingen.","og_url":"https:\/\/www.kompetensforetagen.se\/2023\/08\/positiv-tillvaxt-positiv-framtidssyn\/","og_site_name":"Kompetensf\u00f6retagen","article_published_time":"2023-08-22T06:59:24+00:00","article_modified_time":"2025-12-12T10:07:57+00:00","og_image":[{"width":1200,"height":628,"url":"https:\/\/www.kompetensforetagen.se\/app\/uploads\/sites\/5\/2023\/08\/Kvartalsrapport_q2.png","type":"image\/png"}],"twitter_card":"summary_large_image","twitter_misc":{"Skriven av":"","Ber\u00e4knad l\u00e4stid":"2 minuter"},"schema":{"@context":"https:\/\/schema.org","@graph":[{"@type":"Article","@id":"https:\/\/www.kompetensforetagen.se\/2023\/08\/positiv-tillvaxt-positiv-framtidssyn\/#article","isPartOf":{"@id":"https:\/\/www.kompetensforetagen.se\/2023\/08\/positiv-tillvaxt-positiv-framtidssyn\/"},"author":{"name":"","@id":""},"headline":"Positiv tillv\u00e4xt, positiv framtidssyn","datePublished":"2023-08-22T06:59:24+00:00","dateModified":"2025-12-12T10:07:57+00:00","mainEntityOfPage":{"@id":"https:\/\/www.kompetensforetagen.se\/2023\/08\/positiv-tillvaxt-positiv-framtidssyn\/"},"wordCount":317,"publisher":{"@id":"https:\/\/www.kompetensforetagen.se\/#organization"},"image":{"@id":"https:\/\/www.kompetensforetagen.se\/2023\/08\/positiv-tillvaxt-positiv-framtidssyn\/#primaryimage"},"thumbnailUrl":"https:\/\/www.kompetensforetagen.se\/app\/uploads\/sites\/5\/2023\/08\/Kvartalsrapport_q2.png","articleSection":{"1":"Statistik"},"inLanguage":"sv-SE"},{"@type":"WebPage","@id":"https:\/\/www.kompetensforetagen.se\/2023\/08\/positiv-tillvaxt-positiv-framtidssyn\/","url":"https:\/\/www.kompetensforetagen.se\/2023\/08\/positiv-tillvaxt-positiv-framtidssyn\/","name":"Positiv tillv\u00e4xt, positiv framtidssyn - Kompetensf\u00f6retagen","isPartOf":{"@id":"https:\/\/www.kompetensforetagen.se\/#website"},"primaryImageOfPage":{"@id":"https:\/\/www.kompetensforetagen.se\/2023\/08\/positiv-tillvaxt-positiv-framtidssyn\/#primaryimage"},"image":{"@id":"https:\/\/www.kompetensforetagen.se\/2023\/08\/positiv-tillvaxt-positiv-framtidssyn\/#primaryimage"},"thumbnailUrl":"https:\/\/www.kompetensforetagen.se\/app\/uploads\/sites\/5\/2023\/08\/Kvartalsrapport_q2.png","datePublished":"2023-08-22T06:59:24+00:00","dateModified":"2025-12-12T10:07:57+00:00","description":"Positiv tillv\u00e4xt och framtidssyn. Trots omv\u00e4rldsl\u00e4get visar branschen styrka. L\u00e4s v\u00e5r analys av utvecklingen.","breadcrumb":{"@id":"https:\/\/www.kompetensforetagen.se\/2023\/08\/positiv-tillvaxt-positiv-framtidssyn\/#breadcrumb"},"inLanguage":"sv-SE","potentialAction":[{"@type":"ReadAction","target":["https:\/\/www.kompetensforetagen.se\/2023\/08\/positiv-tillvaxt-positiv-framtidssyn\/"]}]},{"@type":"ImageObject","inLanguage":"sv-SE","@id":"https:\/\/www.kompetensforetagen.se\/2023\/08\/positiv-tillvaxt-positiv-framtidssyn\/#primaryimage","url":"https:\/\/www.kompetensforetagen.se\/app\/uploads\/sites\/5\/2023\/08\/Kvartalsrapport_q2.png","contentUrl":"https:\/\/www.kompetensforetagen.se\/app\/uploads\/sites\/5\/2023\/08\/Kvartalsrapport_q2.png","width":1200,"height":628,"caption":"Omslag f\u00f6r Kvartalsrapport Q2 2023 \u2013 branschens ekonomiska l\u00e4ge."},{"@type":"BreadcrumbList","@id":"https:\/\/www.kompetensforetagen.se\/2023\/08\/positiv-tillvaxt-positiv-framtidssyn\/#breadcrumb","itemListElement":[{"@type":"ListItem","position":1,"name":"Home","item":"https:\/\/www.kompetensforetagen.se\/"},{"@type":"ListItem","position":2,"name":"Positiv tillv\u00e4xt, positiv framtidssyn"}]},{"@type":"WebSite","@id":"https:\/\/www.kompetensforetagen.se\/#website","url":"https:\/\/www.kompetensforetagen.se\/","name":"Kompetensf\u00f6retagen","description":"R\u00e4tt person p\u00e5 r\u00e4tt plats kan f\u00f6r\u00e4ndra v\u00e4rlden","publisher":{"@id":"https:\/\/www.kompetensforetagen.se\/#organization"},"potentialAction":[{"@type":"SearchAction","target":{"@type":"EntryPoint","urlTemplate":"https:\/\/www.kompetensforetagen.se\/?s={search_term_string}"},"query-input":{"@type":"PropertyValueSpecification","valueRequired":true,"valueName":"search_term_string"}}],"inLanguage":"sv-SE"},{"@type":"Organization","@id":"https:\/\/www.kompetensforetagen.se\/#organization","name":"Kompetensf\u00f6retagen","url":"https:\/\/www.kompetensforetagen.se\/","logo":{"@type":"ImageObject","inLanguage":"sv-SE","@id":"https:\/\/www.kompetensforetagen.se\/#\/schema\/logo\/image\/","url":"https:\/\/www.kompetensforetagen.se\/app\/uploads\/sites\/5\/2022\/10\/logga_svart.png","contentUrl":"https:\/\/www.kompetensforetagen.se\/app\/uploads\/sites\/5\/2022\/10\/logga_svart.png","width":752,"height":64,"caption":"Kompetensf\u00f6retagen"},"image":{"@id":"https:\/\/www.kompetensforetagen.se\/#\/schema\/logo\/image\/"},"sameAs":["https:\/\/www.linkedin.com\/company\/10540032\/"]},{"@type":"Person","@id":"","url":"https:\/\/www.kompetensforetagen.se\/person\/"}]}},"_links":{"self":[{"href":"https:\/\/www.kompetensforetagen.se\/api\/wp\/v2\/posts\/14917","targetHints":{"allow":["GET"]}}],"collection":[{"href":"https:\/\/www.kompetensforetagen.se\/api\/wp\/v2\/posts"}],"about":[{"href":"https:\/\/www.kompetensforetagen.se\/api\/wp\/v2\/types\/post"}],"author":[{"embeddable":true,"href":"https:\/\/www.kompetensforetagen.se\/api\/wp\/v2\/users\/6358"}],"replies":[{"embeddable":true,"href":"https:\/\/www.kompetensforetagen.se\/api\/wp\/v2\/comments?post=14917"}],"version-history":[{"count":1,"href":"https:\/\/www.kompetensforetagen.se\/api\/wp\/v2\/posts\/14917\/revisions"}],"predecessor-version":[{"id":14938,"href":"https:\/\/www.kompetensforetagen.se\/api\/wp\/v2\/posts\/14917\/revisions\/14938"}],"wp:featuredmedia":[{"embeddable":true,"href":"https:\/\/www.kompetensforetagen.se\/api\/wp\/v2\/media\/14918"}],"wp:attachment":[{"href":"https:\/\/www.kompetensforetagen.se\/api\/wp\/v2\/media?parent=14917"}],"wp:term":[{"taxonomy":"category","embeddable":true,"href":"https:\/\/www.kompetensforetagen.se\/api\/wp\/v2\/categories?post=14917"},{"taxonomy":"post_tag","embeddable":true,"href":"https:\/\/www.kompetensforetagen.se\/api\/wp\/v2\/tags?post=14917"},{"taxonomy":"type","embeddable":true,"href":"https:\/\/www.kompetensforetagen.se\/api\/wp\/v2\/article_type?post=14917"},{"taxonomy":"agreement","embeddable":true,"href":"https:\/\/www.kompetensforetagen.se\/api\/wp\/v2\/agreement?post=14917"},{"taxonomy":"for-members","embeddable":true,"href":"https:\/\/www.kompetensforetagen.se\/api\/wp\/v2\/for-members?post=14917"}],"curies":[{"name":"wp","href":"https:\/\/api.w.org\/{rel}","templated":true}]}}