{"id":14285,"date":"2023-07-07T10:34:52","date_gmt":"2023-07-07T08:34:52","guid":{"rendered":"https:\/\/www.kompetensforetagen.se\/?p=14285"},"modified":"2023-11-03T11:12:12","modified_gmt":"2023-11-03T10:12:12","slug":"debattreplik-skattefinansierad-kompetensforsorjning-kraver-ordning-och-reda","status":"publish","type":"post","link":"https:\/\/www.kompetensforetagen.se\/2023\/07\/debattreplik-skattefinansierad-kompetensforsorjning-kraver-ordning-och-reda\/","title":{"rendered":"Debattreplik: Skattefinansierad kompetensf\u00f6rs\u00f6rjning kr\u00e4ver ordning och reda"},"content":{"rendered":"\n<p>Skattefinansierad kompetensf\u00f6rs\u00f6rjning kr\u00e4ver ordning och reda, skriver Kompetensf\u00f6retagens Eva Domanders och Patrik Eidfelt i en replik.<\/p>\n\n\n\n<p>Relationerna m\u00e5ste bli b\u00e4ttre och samtalen fler,&nbsp;<a href=\"https:\/\/www.dagensmedicin.se\/opinion\/debatt\/lat-oss-motas-om-kollektivavtal-i-vardbemanningsbranschen\/\" target=\"_blank\" rel=\"noreferrer noopener\">skriver representanter f\u00f6r KD om inhyrning i v\u00e5rden i en debattreplik<\/a>&nbsp;till oss. F\u00e5 svar hade varit mer v\u00e4lkomna. Just dialog och en \u00f6kad kvalitet i upphandlingar \u00e4r vad branschen l\u00e4nge efterlyst.<\/p>\n\n\n\n<p>Kompetensf\u00f6retagen har st\u00e4llt goda f\u00f6rhoppningar till regiongemensamma avtal f\u00f6r upphandling av v\u00e5rdbemanning. De skulle kunna skapa mer ordning och reda i de offentliga upphandlingarna och minska p\u00e5 kostnadsdrivande aff\u00e4rer utanf\u00f6r ramavtal.<\/p>\n\n\n\n<p>KD efterlyser \u00e4ven trygghet f\u00f6r dem som jobbar i branschen. Kompetensf\u00f6retagen tecknar kollektivavtal f\u00f6r v\u00e5rdbemanningsf\u00f6retag, och erbjuder dessutom en <a href=\"https:\/\/www.kompetensforetagen.se\/auktorisation-for-bemanningsforetag\/\">auktorisation <\/a>som fungerar som en kvalitetsst\u00e4mpel.<\/p>\n\n\n\n<p>Cirka en tredjedel av landets v\u00e5rdbemanningsf\u00f6retag \u00e4r auktoriserade medlemmar i f\u00f6rbundet, och garanterar bland annat goda villkor f\u00f6r de anst\u00e4llda och att f\u00f6retagen har ordnad ekonomi n\u00e4r de deltar i offentliga upphandlingar. Att vara medlem hos oss \u00e4r inget krav i en offentlig upphandling. Det g\u00e5r inte heller att st\u00e4lla krav p\u00e5 kollektivavtal eller auktorisation.<\/p>\n\n\n\n<p>Den regionsgemensamma upphandlingen har \u00f6verklagats, bland annat i relation till de sociala krav och arbetsr\u00e4ttsliga villkor som den inneh\u00e5ller. \u00d6verklagan har avslagits. Vi anser att det \u00e4r angel\u00e4get att beh\u00e5lla dessa krav och villkor, \u00e4ven om det finns utrymme f\u00f6r en \u00f6kad tydlighet. S\u00e4rskilt inom v\u00e5rden \u00e4r detta viktigt f\u00f6r en b\u00e4ttre samverkan s\u00e5 att vi f\u00f6r l\u00e5ngsiktigt kan l\u00f6sa kompetensf\u00f6rs\u00f6rjningen.<\/p>\n\n\n\n<p>Med otaliga inst\u00e4llda operationer, l\u00e5nga v\u00e5rdk\u00f6er, och en kompetensbrist som hotar att bli allt v\u00e4rre \u00e4r det kritiskt f\u00f6r svensk v\u00e5rd att kunna utvecklas. Vi s\u00e4tter oss g\u00e4rna i samtal med KD, Sverige Kommuner och Regioner och alla andra som str\u00e4var mot ansvarfull och h\u00e5llbar v\u00e5rdleverans. Vi ser att det borde finnas goda f\u00f6ruts\u00e4ttningar f\u00f6r detta.<\/p>\n\n\n\n<p>Eva Domanders, ordf\u00f6rande Kompetensf\u00f6retagen<\/p>\n\n\n\n<p>Patrik Eidfelt, f\u00f6rbundsdirekt\u00f6r Kompetensf\u00f6retagen<\/p>\n","protected":false},"excerpt":{"rendered":"<p>Skattefinansierad kompetensf\u00f6rs\u00f6rjning kr\u00e4ver ordning och reda, skriver Kompetensf\u00f6retagens Eva Domanders och Patrik Eidfelt i en replik. Relationerna m\u00e5ste bli b\u00e4ttre och samtalen fler,&nbsp;skriver representanter f\u00f6r KD om inhyrning i v\u00e5rden i en debattreplik&nbsp;till oss. F\u00e5 &hellip;<\/p>\n","protected":false},"author":6358,"featured_media":10095,"comment_status":"closed","ping_status":"closed","sticky":false,"template":"","format":"standard","meta":{"_acf_changed":false,"footnotes":""},"categories":[5],"tags":[],"article_type":[8,32],"agreement":[],"for-members":[],"class_list":["post-14285","post","type-post","status-publish","format-standard","has-post-thumbnail","hentry","category-vard","type-aktuellt","type-debattartiklar"],"acf":[],"yoast_head":"<!-- This site is optimized with the Yoast SEO Premium plugin v26.8 (Yoast SEO v26.8) - https:\/\/yoast.com\/product\/yoast-seo-premium-wordpress\/ -->\n<title>Skattefinansierad kompetensf\u00f6rs\u00f6rjning kr\u00e4ver ordning och reda<\/title>\n<meta name=\"description\" content=\"Skattefinansierad kompetensf\u00f6rs\u00f6rjning kr\u00e4ver ordning och reda, skriver Kompetensf\u00f6retagens Eva Domanders och Patrik Eidfelt i en replik.\" \/>\n<meta name=\"robots\" content=\"index, follow, max-snippet:-1, max-image-preview:large, max-video-preview:-1\" \/>\n<link rel=\"canonical\" href=\"https:\/\/www.kompetensforetagen.se\/2023\/07\/debattreplik-skattefinansierad-kompetensforsorjning-kraver-ordning-och-reda\/\" \/>\n<meta property=\"og:locale\" content=\"sv_SE\" \/>\n<meta property=\"og:type\" content=\"article\" \/>\n<meta property=\"og:title\" content=\"Debattreplik: Skattefinansierad kompetensf\u00f6rs\u00f6rjning kr\u00e4ver ordning och reda\" \/>\n<meta property=\"og:description\" content=\"Skattefinansierad kompetensf\u00f6rs\u00f6rjning kr\u00e4ver ordning och reda, skriver Kompetensf\u00f6retagens Eva Domanders och Patrik Eidfelt i en replik.\" \/>\n<meta property=\"og:url\" content=\"https:\/\/www.kompetensforetagen.se\/2023\/07\/debattreplik-skattefinansierad-kompetensforsorjning-kraver-ordning-och-reda\/\" \/>\n<meta property=\"og:site_name\" content=\"Kompetensf\u00f6retagen\" \/>\n<meta property=\"article:published_time\" content=\"2023-07-07T08:34:52+00:00\" \/>\n<meta property=\"article:modified_time\" content=\"2023-11-03T10:12:12+00:00\" \/>\n<meta property=\"og:image\" content=\"https:\/\/www.kompetensforetagen.se\/app\/uploads\/sites\/5\/2022\/09\/eva_pat.jpg\" \/>\n\t<meta property=\"og:image:width\" content=\"1980\" \/>\n\t<meta property=\"og:image:height\" content=\"1320\" \/>\n\t<meta property=\"og:image:type\" content=\"image\/jpeg\" \/>\n<meta name=\"twitter:card\" content=\"summary_large_image\" \/>\n<meta name=\"twitter:label1\" content=\"Skriven av\" \/>\n\t<meta name=\"twitter:data1\" content=\"\" \/>\n\t<meta name=\"twitter:label2\" content=\"Ber\u00e4knad l\u00e4stid\" \/>\n\t<meta name=\"twitter:data2\" content=\"2 minuter\" \/>\n<!-- \/ Yoast SEO Premium plugin. -->","yoast_head_json":{"title":"Skattefinansierad kompetensf\u00f6rs\u00f6rjning kr\u00e4ver ordning och reda","description":"Skattefinansierad kompetensf\u00f6rs\u00f6rjning kr\u00e4ver ordning och reda, skriver Kompetensf\u00f6retagens Eva Domanders och Patrik Eidfelt i en replik.","robots":{"index":"index","follow":"follow","max-snippet":"max-snippet:-1","max-image-preview":"max-image-preview:large","max-video-preview":"max-video-preview:-1"},"canonical":"https:\/\/www.kompetensforetagen.se\/2023\/07\/debattreplik-skattefinansierad-kompetensforsorjning-kraver-ordning-och-reda\/","og_locale":"sv_SE","og_type":"article","og_title":"Debattreplik: Skattefinansierad kompetensf\u00f6rs\u00f6rjning kr\u00e4ver ordning och reda","og_description":"Skattefinansierad kompetensf\u00f6rs\u00f6rjning kr\u00e4ver ordning och reda, skriver Kompetensf\u00f6retagens Eva Domanders och Patrik Eidfelt i en replik.","og_url":"https:\/\/www.kompetensforetagen.se\/2023\/07\/debattreplik-skattefinansierad-kompetensforsorjning-kraver-ordning-och-reda\/","og_site_name":"Kompetensf\u00f6retagen","article_published_time":"2023-07-07T08:34:52+00:00","article_modified_time":"2023-11-03T10:12:12+00:00","og_image":[{"width":1980,"height":1320,"url":"https:\/\/www.kompetensforetagen.se\/app\/uploads\/sites\/5\/2022\/09\/eva_pat.jpg","type":"image\/jpeg"}],"twitter_card":"summary_large_image","twitter_misc":{"Skriven av":"","Ber\u00e4knad l\u00e4stid":"2 minuter"},"schema":{"@context":"https:\/\/schema.org","@graph":[{"@type":"Article","@id":"https:\/\/www.kompetensforetagen.se\/2023\/07\/debattreplik-skattefinansierad-kompetensforsorjning-kraver-ordning-och-reda\/#article","isPartOf":{"@id":"https:\/\/www.kompetensforetagen.se\/2023\/07\/debattreplik-skattefinansierad-kompetensforsorjning-kraver-ordning-och-reda\/"},"author":{"name":"","@id":""},"headline":"Debattreplik: Skattefinansierad kompetensf\u00f6rs\u00f6rjning kr\u00e4ver ordning och reda","datePublished":"2023-07-07T08:34:52+00:00","dateModified":"2023-11-03T10:12:12+00:00","mainEntityOfPage":{"@id":"https:\/\/www.kompetensforetagen.se\/2023\/07\/debattreplik-skattefinansierad-kompetensforsorjning-kraver-ordning-och-reda\/"},"wordCount":369,"publisher":{"@id":"https:\/\/www.kompetensforetagen.se\/#organization"},"image":{"@id":"https:\/\/www.kompetensforetagen.se\/2023\/07\/debattreplik-skattefinansierad-kompetensforsorjning-kraver-ordning-och-reda\/#primaryimage"},"thumbnailUrl":"https:\/\/www.kompetensforetagen.se\/app\/uploads\/sites\/5\/2022\/09\/eva_pat.jpg","articleSection":["V\u00e5rdbemanning"],"inLanguage":"sv-SE"},{"@type":"WebPage","@id":"https:\/\/www.kompetensforetagen.se\/2023\/07\/debattreplik-skattefinansierad-kompetensforsorjning-kraver-ordning-och-reda\/","url":"https:\/\/www.kompetensforetagen.se\/2023\/07\/debattreplik-skattefinansierad-kompetensforsorjning-kraver-ordning-och-reda\/","name":"Skattefinansierad kompetensf\u00f6rs\u00f6rjning kr\u00e4ver ordning och reda","isPartOf":{"@id":"https:\/\/www.kompetensforetagen.se\/#website"},"primaryImageOfPage":{"@id":"https:\/\/www.kompetensforetagen.se\/2023\/07\/debattreplik-skattefinansierad-kompetensforsorjning-kraver-ordning-och-reda\/#primaryimage"},"image":{"@id":"https:\/\/www.kompetensforetagen.se\/2023\/07\/debattreplik-skattefinansierad-kompetensforsorjning-kraver-ordning-och-reda\/#primaryimage"},"thumbnailUrl":"https:\/\/www.kompetensforetagen.se\/app\/uploads\/sites\/5\/2022\/09\/eva_pat.jpg","datePublished":"2023-07-07T08:34:52+00:00","dateModified":"2023-11-03T10:12:12+00:00","description":"Skattefinansierad kompetensf\u00f6rs\u00f6rjning kr\u00e4ver ordning och reda, skriver Kompetensf\u00f6retagens Eva Domanders och Patrik Eidfelt i en replik.","breadcrumb":{"@id":"https:\/\/www.kompetensforetagen.se\/2023\/07\/debattreplik-skattefinansierad-kompetensforsorjning-kraver-ordning-och-reda\/#breadcrumb"},"inLanguage":"sv-SE","potentialAction":[{"@type":"ReadAction","target":["https:\/\/www.kompetensforetagen.se\/2023\/07\/debattreplik-skattefinansierad-kompetensforsorjning-kraver-ordning-och-reda\/"]}]},{"@type":"ImageObject","inLanguage":"sv-SE","@id":"https:\/\/www.kompetensforetagen.se\/2023\/07\/debattreplik-skattefinansierad-kompetensforsorjning-kraver-ordning-och-reda\/#primaryimage","url":"https:\/\/www.kompetensforetagen.se\/app\/uploads\/sites\/5\/2022\/09\/eva_pat.jpg","contentUrl":"https:\/\/www.kompetensforetagen.se\/app\/uploads\/sites\/5\/2022\/09\/eva_pat.jpg","width":1980,"height":1320,"caption":"patrik eidfelt och eva domanders i dialog om framtidens arbetsmarknad."},{"@type":"BreadcrumbList","@id":"https:\/\/www.kompetensforetagen.se\/2023\/07\/debattreplik-skattefinansierad-kompetensforsorjning-kraver-ordning-och-reda\/#breadcrumb","itemListElement":[{"@type":"ListItem","position":1,"name":"Home","item":"https:\/\/www.kompetensforetagen.se\/"},{"@type":"ListItem","position":2,"name":"Debattreplik: Skattefinansierad kompetensf\u00f6rs\u00f6rjning kr\u00e4ver ordning och reda"}]},{"@type":"WebSite","@id":"https:\/\/www.kompetensforetagen.se\/#website","url":"https:\/\/www.kompetensforetagen.se\/","name":"Kompetensf\u00f6retagen","description":"R\u00e4tt person p\u00e5 r\u00e4tt plats kan f\u00f6r\u00e4ndra v\u00e4rlden","publisher":{"@id":"https:\/\/www.kompetensforetagen.se\/#organization"},"potentialAction":[{"@type":"SearchAction","target":{"@type":"EntryPoint","urlTemplate":"https:\/\/www.kompetensforetagen.se\/?s={search_term_string}"},"query-input":{"@type":"PropertyValueSpecification","valueRequired":true,"valueName":"search_term_string"}}],"inLanguage":"sv-SE"},{"@type":"Organization","@id":"https:\/\/www.kompetensforetagen.se\/#organization","name":"Kompetensf\u00f6retagen","url":"https:\/\/www.kompetensforetagen.se\/","logo":{"@type":"ImageObject","inLanguage":"sv-SE","@id":"https:\/\/www.kompetensforetagen.se\/#\/schema\/logo\/image\/","url":"https:\/\/www.kompetensforetagen.se\/app\/uploads\/sites\/5\/2022\/10\/logga_svart.png","contentUrl":"https:\/\/www.kompetensforetagen.se\/app\/uploads\/sites\/5\/2022\/10\/logga_svart.png","width":752,"height":64,"caption":"Kompetensf\u00f6retagen"},"image":{"@id":"https:\/\/www.kompetensforetagen.se\/#\/schema\/logo\/image\/"},"sameAs":["https:\/\/www.linkedin.com\/company\/10540032\/"]},{"@type":"Person","@id":"","url":"https:\/\/www.kompetensforetagen.se\/person\/"}]}},"_links":{"self":[{"href":"https:\/\/www.kompetensforetagen.se\/api\/wp\/v2\/posts\/14285","targetHints":{"allow":["GET"]}}],"collection":[{"href":"https:\/\/www.kompetensforetagen.se\/api\/wp\/v2\/posts"}],"about":[{"href":"https:\/\/www.kompetensforetagen.se\/api\/wp\/v2\/types\/post"}],"author":[{"embeddable":true,"href":"https:\/\/www.kompetensforetagen.se\/api\/wp\/v2\/users\/6358"}],"replies":[{"embeddable":true,"href":"https:\/\/www.kompetensforetagen.se\/api\/wp\/v2\/comments?post=14285"}],"version-history":[{"count":5,"href":"https:\/\/www.kompetensforetagen.se\/api\/wp\/v2\/posts\/14285\/revisions"}],"predecessor-version":[{"id":14427,"href":"https:\/\/www.kompetensforetagen.se\/api\/wp\/v2\/posts\/14285\/revisions\/14427"}],"wp:featuredmedia":[{"embeddable":true,"href":"https:\/\/www.kompetensforetagen.se\/api\/wp\/v2\/media\/10095"}],"wp:attachment":[{"href":"https:\/\/www.kompetensforetagen.se\/api\/wp\/v2\/media?parent=14285"}],"wp:term":[{"taxonomy":"category","embeddable":true,"href":"https:\/\/www.kompetensforetagen.se\/api\/wp\/v2\/categories?post=14285"},{"taxonomy":"post_tag","embeddable":true,"href":"https:\/\/www.kompetensforetagen.se\/api\/wp\/v2\/tags?post=14285"},{"taxonomy":"type","embeddable":true,"href":"https:\/\/www.kompetensforetagen.se\/api\/wp\/v2\/article_type?post=14285"},{"taxonomy":"agreement","embeddable":true,"href":"https:\/\/www.kompetensforetagen.se\/api\/wp\/v2\/agreement?post=14285"},{"taxonomy":"for-members","embeddable":true,"href":"https:\/\/www.kompetensforetagen.se\/api\/wp\/v2\/for-members?post=14285"}],"curies":[{"name":"wp","href":"https:\/\/api.w.org\/{rel}","templated":true}]}}