{"id":14219,"date":"2023-07-05T11:43:58","date_gmt":"2023-07-05T09:43:58","guid":{"rendered":"https:\/\/www.kompetensforetagen.se\/?p=14219"},"modified":"2023-10-24T13:19:05","modified_gmt":"2023-10-24T11:19:05","slug":"kompetensforetagen-i-almedalen-2023","status":"publish","type":"post","link":"https:\/\/www.kompetensforetagen.se\/2023\/07\/kompetensforetagen-i-almedalen-2023\/","title":{"rendered":"Kompetens&shy;f\u00f6retagen i Almedalen 2023"},"content":{"rendered":"\n<p>Politikerveckan i <a href=\"https:\/\/almedalsveckan.info\/\" target=\"_blank\" rel=\"noreferrer noopener\">Almedalen <\/a>\u00e4r en institution f\u00f6r oss som jobbar med arbetsmarknadsfr\u00e5gor. Under n\u00e5gra julidagar, oftast mycket varma, samlas m\u00e4nniskor fr\u00e5n hela landet f\u00f6r att lyssna till och tala om vad som h\u00e4nder och vad som beh\u00f6ver h\u00e4nda p\u00e5 arbetsmarknaden. Visst \u00e4r Almedalen mycket mer \u00e4n s\u00e5, men d\u00e4r ligger v\u00e5rt fokus. I \u00e5r skapade Kompetensf\u00f6retagen flera m\u00f6tesplatser f\u00f6r viktiga samtal och diskussioner, som inspirerade och banade v\u00e4g f\u00f6r mer samverkan.<\/p>\n\n\n\n<p>Kompetensf\u00f6retagen ordnade ett seminarium med den n\u00e5got kaxiga titeln Beh\u00f6ver Sverige bemanningsbranschen? <a href=\"https:\/\/demoskop.se\/\" target=\"_blank\" rel=\"noreferrer noopener\">Demoskop <\/a>presenterade d\u00e4r en <a href=\"https:\/\/www.kompetensforetagen.se\/2023\/06\/rapport-visar-att-sverige-behover-bemanningsbranschen\/\">rapport <\/a>som sammanst\u00e4ller siffror fr\u00e5n unders\u00f6kningar bland inhyrande f\u00f6retag, politiker fr\u00e5n regioner och kommuner, och konsulterna i branschen. Inneh\u00e5llet stod sedan som grund f\u00f6r en diskussion i en tung panel best\u00e5ende av Teresa Carvalho (S), vice ordf\u00f6rande Arbetsmarknadsutskottet, Jesper Hedin utredare kompetensf\u00f6rs\u00f6rjning Industriarbetsgivarna, Johan Lindholm, f\u00f6rbundsordf\u00f6rande Byggnads, Patric Palm, Managing Director Manpower Enterprise, Oliver Rosengren riksdagsledamot (M), Veronica R\u00f6rsg\u00e5rd, vd Lernia och Irene Wennemo, generaldirekt\u00f6r p\u00e5 Medlingsinstitutet.<\/p>\n\n\n\n<p>Svaret p\u00e5 fr\u00e5gan om bemanningsbranschen beh\u00f6vs var i stort sett ett rungande ja. Johan Lindholm anser att det \u00e4r ett komplement som beh\u00f6vs, men menade att i byggsektorn ser det annorlunda ut. D\u00e4r saknas i h\u00f6g grad den typen av<a href=\"https:\/\/www.kompetensforetagen.se\/auktorisationsvillkor-2\/\"> auktoriserade f\u00f6retag <\/a>som Kompetensf\u00f6retagen f\u00f6retr\u00e4der. Om du vill l\u00e4sa mer finns en <a href=\"https:\/\/www.kompetensforetagen.se\/2023\/07\/inhyrning-ar-ett-uttryck-for-bra-anstallningsskydd\/\">sammanfattning av seminariet<\/a>.<\/p>\n\n\n\n<blockquote class=\"wp-block-quote is-layout-flow wp-block-quote-is-layout-flow\">\n<p>Svaret p\u00e5 fr\u00e5gan om bemanningsbranschen beh\u00f6vs var i stort sett ett rungande ja<\/p>\n<\/blockquote>\n\n\n\n<p>Med s\u00e5 m\u00e5nga nyckelfunktioner p\u00e5 plats i Visby finns goda chanser att ordna runda bords-samtal. D\u00e4r kan man skapa dialog mellan parter som annars skulle vara sv\u00e5ra att sammanf\u00f6ra p\u00e5 grund av tidsbrist och skillnad i geografi. Bland dem som kom och deltog i viktiga samtal fanns bland andra bitr\u00e4dande arbetsmarknadsminister Paulina Brandberg, Martin Linder fr\u00e5n Unionen och Ulrika Lindstrand fr\u00e5n Sveriges Ingenj\u00f6rer med vilka vi diskuterade vilka nya krav distansarbete st\u00e4ller p\u00e5 arbetsmilj\u00f6arbetet. Med Maria Mindhammar fr\u00e5n Arbetsf\u00f6rmedlingen, Saila Quicklund fr\u00e5n Moderaterna riksdagsgrupp och flera medlemsf\u00f6retag diskuterade vi hur bryter l\u00e5ngtidsarbetsl\u00f6sheten. Med flera regionpolitiker, SKR, V\u00e5rdf\u00f6rbundet och L\u00e4karf\u00f6rbundet samtalade vi kring utmaningarna med kompetensf\u00f6rs\u00f6rjningen i v\u00e5rden. Veckan avslutades sedan med ett samtal med Sophia Metelius, statssekreterare hos arbetsmarknads- och integrationsminister Johan Pehrson och Martin Kruse fr\u00e5n Arbetsf\u00f6rmedlingen kring bemanningsbranschens roll p\u00e5 arbetsmarknaden.<\/p>\n\n\n\n<p>I Almedalen h\u00f6lls ocks\u00e5 ett seminarium kring rapporten <a href=\"https:\/\/www.kompetensforetagen.se\/2023\/06\/effektivare-arbetsmarknad-med-komptensbranschen\/\">S\u00e5 bryter vi l\u00e5ngtidsarbetsl\u00f6sheten<\/a>, som Kompetensf\u00f6retagen, Utbildningsf\u00f6retagen och Almega st\u00e5r bakom. <\/p>\n\n\n\n<p>Med god dialog och \u00f6dmjukhet inf\u00f6r stora och komplexa fr\u00e5gor \u00e4r v\u00e4gen oftast l\u00e4ttare att ta sig fram p\u00e5. Jag \u00e4r \u00f6vertygad om att vi under Almedalen 2023 har banat lite mer v\u00e4g f\u00f6r en v\u00e4l fungerande svensk arbetsmarknad!<\/p>\n\n\n\n<p>Med de orden \u00f6nskar jag alla en trevlig sommar.<\/p>\n","protected":false},"excerpt":{"rendered":"<p>Politikerveckan i Almedalen \u00e4r en institution f\u00f6r oss som jobbar med arbetsmarknadsfr\u00e5gor. Under n\u00e5gra julidagar, oftast mycket varma, samlas m\u00e4nniskor fr\u00e5n hela landet f\u00f6r att lyssna till och tala om vad som h\u00e4nder och vad &hellip;<\/p>\n","protected":false},"author":6358,"featured_media":5770,"comment_status":"closed","ping_status":"closed","sticky":false,"template":"","format":"standard","meta":{"_acf_changed":false,"footnotes":""},"categories":[1],"tags":[],"article_type":[211],"agreement":[],"for-members":[],"class_list":["post-14219","post","type-post","status-publish","format-standard","has-post-thumbnail","hentry","category-okategoriserade","type-blogg"],"acf":[],"yoast_head":"<!-- This site is optimized with the Yoast SEO Premium plugin v26.8 (Yoast SEO v26.8) - https:\/\/yoast.com\/product\/yoast-seo-premium-wordpress\/ -->\n<title>Kompetensf\u00f6retagen i Almedalen 2023<\/title>\n<meta name=\"description\" content=\"Under Almedalen 2023 har Kompetensf\u00f6retagen har banat lite mer v\u00e4g f\u00f6r en v\u00e4l fungerande arbetsmarknad genom att ordna m\u00f6ten och seminarium.\" \/>\n<meta name=\"robots\" content=\"index, follow, max-snippet:-1, max-image-preview:large, max-video-preview:-1\" \/>\n<link rel=\"canonical\" href=\"https:\/\/www.kompetensforetagen.se\/2023\/07\/kompetensforetagen-i-almedalen-2023\/\" \/>\n<meta property=\"og:locale\" content=\"sv_SE\" \/>\n<meta property=\"og:type\" content=\"article\" \/>\n<meta property=\"og:title\" content=\"Kompetensf\u00f6retagen i Almedalen 2023\" \/>\n<meta property=\"og:description\" content=\"Under Almedalen 2023 har Kompetensf\u00f6retagen har banat lite mer v\u00e4g f\u00f6r en v\u00e4l fungerande arbetsmarknad genom att ordna m\u00f6ten och seminarium.\" \/>\n<meta property=\"og:url\" content=\"https:\/\/www.kompetensforetagen.se\/2023\/07\/kompetensforetagen-i-almedalen-2023\/\" \/>\n<meta property=\"og:site_name\" content=\"Kompetensf\u00f6retagen\" \/>\n<meta property=\"article:published_time\" content=\"2023-07-05T09:43:58+00:00\" \/>\n<meta property=\"article:modified_time\" content=\"2023-10-24T11:19:05+00:00\" \/>\n<meta property=\"og:image\" content=\"https:\/\/www.kompetensforetagen.se\/app\/uploads\/sites\/5\/2020\/12\/dsc0113-scaled.jpg\" \/>\n\t<meta property=\"og:image:width\" content=\"2560\" \/>\n\t<meta property=\"og:image:height\" content=\"1706\" \/>\n\t<meta property=\"og:image:type\" content=\"image\/jpeg\" \/>\n<meta name=\"twitter:card\" content=\"summary_large_image\" \/>\n<meta name=\"twitter:label1\" content=\"Skriven av\" \/>\n\t<meta name=\"twitter:data1\" content=\"\" \/>\n\t<meta name=\"twitter:label2\" content=\"Ber\u00e4knad l\u00e4stid\" \/>\n\t<meta name=\"twitter:data2\" content=\"3 minuter\" \/>\n<!-- \/ Yoast SEO Premium plugin. -->","yoast_head_json":{"title":"Kompetensf\u00f6retagen i Almedalen 2023","description":"Under Almedalen 2023 har Kompetensf\u00f6retagen har banat lite mer v\u00e4g f\u00f6r en v\u00e4l fungerande arbetsmarknad genom att ordna m\u00f6ten och seminarium.","robots":{"index":"index","follow":"follow","max-snippet":"max-snippet:-1","max-image-preview":"max-image-preview:large","max-video-preview":"max-video-preview:-1"},"canonical":"https:\/\/www.kompetensforetagen.se\/2023\/07\/kompetensforetagen-i-almedalen-2023\/","og_locale":"sv_SE","og_type":"article","og_title":"Kompetensf\u00f6retagen i Almedalen 2023","og_description":"Under Almedalen 2023 har Kompetensf\u00f6retagen har banat lite mer v\u00e4g f\u00f6r en v\u00e4l fungerande arbetsmarknad genom att ordna m\u00f6ten och seminarium.","og_url":"https:\/\/www.kompetensforetagen.se\/2023\/07\/kompetensforetagen-i-almedalen-2023\/","og_site_name":"Kompetensf\u00f6retagen","article_published_time":"2023-07-05T09:43:58+00:00","article_modified_time":"2023-10-24T11:19:05+00:00","og_image":[{"width":2560,"height":1706,"url":"https:\/\/www.kompetensforetagen.se\/app\/uploads\/sites\/5\/2020\/12\/dsc0113-scaled.jpg","type":"image\/jpeg"}],"twitter_card":"summary_large_image","twitter_misc":{"Skriven av":"","Ber\u00e4knad l\u00e4stid":"3 minuter"},"schema":{"@context":"https:\/\/schema.org","@graph":[{"@type":"Article","@id":"https:\/\/www.kompetensforetagen.se\/2023\/07\/kompetensforetagen-i-almedalen-2023\/#article","isPartOf":{"@id":"https:\/\/www.kompetensforetagen.se\/2023\/07\/kompetensforetagen-i-almedalen-2023\/"},"author":{"name":"","@id":""},"headline":"Kompetens&shy;f\u00f6retagen i Almedalen 2023","datePublished":"2023-07-05T09:43:58+00:00","dateModified":"2023-10-24T11:19:05+00:00","mainEntityOfPage":{"@id":"https:\/\/www.kompetensforetagen.se\/2023\/07\/kompetensforetagen-i-almedalen-2023\/"},"wordCount":511,"publisher":{"@id":"https:\/\/www.kompetensforetagen.se\/#organization"},"image":{"@id":"https:\/\/www.kompetensforetagen.se\/2023\/07\/kompetensforetagen-i-almedalen-2023\/#primaryimage"},"thumbnailUrl":"https:\/\/www.kompetensforetagen.se\/app\/uploads\/sites\/5\/2020\/12\/dsc0113-scaled.jpg","inLanguage":"sv-SE"},{"@type":"WebPage","@id":"https:\/\/www.kompetensforetagen.se\/2023\/07\/kompetensforetagen-i-almedalen-2023\/","url":"https:\/\/www.kompetensforetagen.se\/2023\/07\/kompetensforetagen-i-almedalen-2023\/","name":"Kompetensf\u00f6retagen i Almedalen 2023","isPartOf":{"@id":"https:\/\/www.kompetensforetagen.se\/#website"},"primaryImageOfPage":{"@id":"https:\/\/www.kompetensforetagen.se\/2023\/07\/kompetensforetagen-i-almedalen-2023\/#primaryimage"},"image":{"@id":"https:\/\/www.kompetensforetagen.se\/2023\/07\/kompetensforetagen-i-almedalen-2023\/#primaryimage"},"thumbnailUrl":"https:\/\/www.kompetensforetagen.se\/app\/uploads\/sites\/5\/2020\/12\/dsc0113-scaled.jpg","datePublished":"2023-07-05T09:43:58+00:00","dateModified":"2023-10-24T11:19:05+00:00","description":"Under Almedalen 2023 har Kompetensf\u00f6retagen har banat lite mer v\u00e4g f\u00f6r en v\u00e4l fungerande arbetsmarknad genom att ordna m\u00f6ten och seminarium.","breadcrumb":{"@id":"https:\/\/www.kompetensforetagen.se\/2023\/07\/kompetensforetagen-i-almedalen-2023\/#breadcrumb"},"inLanguage":"sv-SE","potentialAction":[{"@type":"ReadAction","target":["https:\/\/www.kompetensforetagen.se\/2023\/07\/kompetensforetagen-i-almedalen-2023\/"]}]},{"@type":"ImageObject","inLanguage":"sv-SE","@id":"https:\/\/www.kompetensforetagen.se\/2023\/07\/kompetensforetagen-i-almedalen-2023\/#primaryimage","url":"https:\/\/www.kompetensforetagen.se\/app\/uploads\/sites\/5\/2020\/12\/dsc0113-scaled.jpg","contentUrl":"https:\/\/www.kompetensforetagen.se\/app\/uploads\/sites\/5\/2020\/12\/dsc0113-scaled.jpg","width":2560,"height":1706,"caption":"Patrik Eidfelt, f\u00f6rbundsordf\u00f6rande i Kompetensf\u00f6retagen, med stort leende"},{"@type":"BreadcrumbList","@id":"https:\/\/www.kompetensforetagen.se\/2023\/07\/kompetensforetagen-i-almedalen-2023\/#breadcrumb","itemListElement":[{"@type":"ListItem","position":1,"name":"Home","item":"https:\/\/www.kompetensforetagen.se\/"},{"@type":"ListItem","position":2,"name":"Kompetens&shy;f\u00f6retagen i Almedalen 2023"}]},{"@type":"WebSite","@id":"https:\/\/www.kompetensforetagen.se\/#website","url":"https:\/\/www.kompetensforetagen.se\/","name":"Kompetensf\u00f6retagen","description":"R\u00e4tt person p\u00e5 r\u00e4tt plats kan f\u00f6r\u00e4ndra v\u00e4rlden","publisher":{"@id":"https:\/\/www.kompetensforetagen.se\/#organization"},"potentialAction":[{"@type":"SearchAction","target":{"@type":"EntryPoint","urlTemplate":"https:\/\/www.kompetensforetagen.se\/?s={search_term_string}"},"query-input":{"@type":"PropertyValueSpecification","valueRequired":true,"valueName":"search_term_string"}}],"inLanguage":"sv-SE"},{"@type":"Organization","@id":"https:\/\/www.kompetensforetagen.se\/#organization","name":"Kompetensf\u00f6retagen","url":"https:\/\/www.kompetensforetagen.se\/","logo":{"@type":"ImageObject","inLanguage":"sv-SE","@id":"https:\/\/www.kompetensforetagen.se\/#\/schema\/logo\/image\/","url":"https:\/\/www.kompetensforetagen.se\/app\/uploads\/sites\/5\/2022\/10\/logga_svart.png","contentUrl":"https:\/\/www.kompetensforetagen.se\/app\/uploads\/sites\/5\/2022\/10\/logga_svart.png","width":752,"height":64,"caption":"Kompetensf\u00f6retagen"},"image":{"@id":"https:\/\/www.kompetensforetagen.se\/#\/schema\/logo\/image\/"},"sameAs":["https:\/\/www.linkedin.com\/company\/10540032\/"]},{"@type":"Person","@id":"","url":"https:\/\/www.kompetensforetagen.se\/person\/"}]}},"_links":{"self":[{"href":"https:\/\/www.kompetensforetagen.se\/api\/wp\/v2\/posts\/14219","targetHints":{"allow":["GET"]}}],"collection":[{"href":"https:\/\/www.kompetensforetagen.se\/api\/wp\/v2\/posts"}],"about":[{"href":"https:\/\/www.kompetensforetagen.se\/api\/wp\/v2\/types\/post"}],"author":[{"embeddable":true,"href":"https:\/\/www.kompetensforetagen.se\/api\/wp\/v2\/users\/6358"}],"replies":[{"embeddable":true,"href":"https:\/\/www.kompetensforetagen.se\/api\/wp\/v2\/comments?post=14219"}],"version-history":[{"count":8,"href":"https:\/\/www.kompetensforetagen.se\/api\/wp\/v2\/posts\/14219\/revisions"}],"predecessor-version":[{"id":15439,"href":"https:\/\/www.kompetensforetagen.se\/api\/wp\/v2\/posts\/14219\/revisions\/15439"}],"wp:featuredmedia":[{"embeddable":true,"href":"https:\/\/www.kompetensforetagen.se\/api\/wp\/v2\/media\/5770"}],"wp:attachment":[{"href":"https:\/\/www.kompetensforetagen.se\/api\/wp\/v2\/media?parent=14219"}],"wp:term":[{"taxonomy":"category","embeddable":true,"href":"https:\/\/www.kompetensforetagen.se\/api\/wp\/v2\/categories?post=14219"},{"taxonomy":"post_tag","embeddable":true,"href":"https:\/\/www.kompetensforetagen.se\/api\/wp\/v2\/tags?post=14219"},{"taxonomy":"type","embeddable":true,"href":"https:\/\/www.kompetensforetagen.se\/api\/wp\/v2\/article_type?post=14219"},{"taxonomy":"agreement","embeddable":true,"href":"https:\/\/www.kompetensforetagen.se\/api\/wp\/v2\/agreement?post=14219"},{"taxonomy":"for-members","embeddable":true,"href":"https:\/\/www.kompetensforetagen.se\/api\/wp\/v2\/for-members?post=14219"}],"curies":[{"name":"wp","href":"https:\/\/api.w.org\/{rel}","templated":true}]}}