{"id":14202,"date":"2023-07-05T11:42:35","date_gmt":"2023-07-05T09:42:35","guid":{"rendered":"https:\/\/www.kompetensforetagen.se\/?p=14202"},"modified":"2023-07-05T11:42:50","modified_gmt":"2023-07-05T09:42:50","slug":"inhyrning-ar-ett-uttryck-for-bra-anstallningsskydd","status":"publish","type":"post","link":"https:\/\/www.kompetensforetagen.se\/2023\/07\/inhyrning-ar-ett-uttryck-for-bra-anstallningsskydd\/","title":{"rendered":"\u201dInhyrning \u00e4r ett uttryck f\u00f6r bra anst\u00e4llnings&shy;skydd\u201d"},"content":{"rendered":"\n<p>Kompetensf\u00f6retagen ordnade i Almedalen 2023 ett seminarium med titeln Beh\u00f6ver Sverige bemanningsbranschen? <a href=\"https:\/\/demoskop.se\/\" target=\"_blank\" rel=\"noreferrer noopener\">Demoskop <\/a>presenterade d\u00e4r en <a href=\"https:\/\/www.kompetensforetagen.se\/2023\/06\/rapport-visar-att-sverige-behover-bemanningsbranschen\/\">rapport <\/a>som sammanst\u00e4ller siffror fr\u00e5n unders\u00f6kningar bland inhyrande f\u00f6retag, politiker fr\u00e5n regioner och kommuner, och konsulterna i branschen. Inneh\u00e5llet stod sedan som grund f\u00f6r en diskussion i en tung panel best\u00e5ende av Teresa Carvalho (S), vice ordf\u00f6rande Arbetsmarknadsutskottet, Jesper Hedin utredare kompetensf\u00f6rs\u00f6rjning Industriarbetsgivarna, Johan Lindholm, f\u00f6rbundsordf\u00f6rande Byggnads, Patric Palm, Managing Director Manpower Enterprise, Oliver Rosengren riksdagsledamot (M), Veronica R\u00f6rsg\u00e5rd, vd Lernia och Irene Wennemo, generaldirekt\u00f6r p\u00e5 Medlingsinstitutet.<\/p>\n\n\n\n<p>Veronica R\u00f6rsg\u00e5rd lyfte den nyckelfr\u00e5ga f\u00f6r arbetsmarknaden som kompetensf\u00f6rs\u00f6rjning utg\u00f6r, och att bemanningsf\u00f6retag d\u00e4r \u00e4r ett av de b\u00e4st fungerande verktygen. Precis som Demoskops rapport visar sa hon att de som anv\u00e4nder tj\u00e4nsten \u00e4r n\u00f6jda och de som jobbar \u00e4r n\u00f6jda.<br>&#8211; Branschen ger trygghet n\u00e4r f\u00f6r\u00e4ndringstakten \u00e4r h\u00f6g, och st\u00f6ttar till exempel dessutom industrins uppdrag att \u00f6ka m\u00e5ngfalden.<\/p>\n\n\n\n<blockquote class=\"wp-block-quote is-layout-flow wp-block-quote-is-layout-flow\">\n<p>Bemanningsbranschen g\u00f6r stor skillnad f\u00f6r att avhj\u00e4lpa kompetensbristen<\/p>\n<\/blockquote>\n\n\n\n<p>Patric Palm p\u00e5pekade att den svenska modellen, som bemanningsbranschen \u00e4r en del av, skapar trygghet. i f\u00f6rh\u00e5llande till de utl\u00e4ndska akt\u00f6rer Johan Lindholm pratade om uttryckte Palm ocks\u00e5 en frustration, men menade att med en god etisk kompass kan oseri\u00f6sa akt\u00f6rer h\u00e5llas borta.<\/p>\n\n\n\n<p>-Bemanningsbranschen g\u00f6r stor skillnad f\u00f6r att avhj\u00e4lpa kompetensbristen, och bidrar till att g\u00f6ra Sverige attraktivt. Branschen \u00e4r dessutom v\u00e4l rustad med anst\u00e4llningstrygghet och plattformar f\u00f6r dialog.<\/p>\n\n\n\n<p>Oliver Rosengren inledde med att s\u00e4ga att ett riktigt jobb \u00e4r chansen till egen f\u00f6rs\u00f6rjning, gemenskap och andra viktiga aspekter som kommer att ha ett arbete att g\u00e5 till. Man f\u00e5r inte gl\u00f6mma otryggheten i att inte alls ha ett arbete!<\/p>\n\n\n\n<p>-Branschen s\u00e4nker tr\u00f6skeln in p\u00e5 arbetsmarknaden &#8211; det \u00e4r helt centralt. M\u00e5nga f\u00f6retag beskriver bemanning som en del av den strategiska kompetensprocessen. P\u00e5 sommaren kan 40 personer hyras in, och sen blir tio av dem kvar i verksamheten. En s\u00e5n funktion \u00e4r del av den svenska modellen!<\/p>\n\n\n\n<p>Teresa Carvalho sa att bemanningsbranschen \u00e4r h\u00e4r f\u00f6r att stanna, och att den bidrar till n\u00e5got positivt. D\u00e4r det brister, oavsett var p\u00e5 arbetsmarknaden, m\u00e5ste vi k\u00e4mpa. Socialdemokraterna vill inte f\u00f6rbjuda eller inskr\u00e4nka branschen.<\/p>\n\n\n\n<p>-Mitt medskick att det \u00e4r viktigt f\u00f6r politiken och parterna att ha \u00f6kad trygghet med \u00f6kad flexibilitet p\u00e5 arbetsmarknaden &#8211; parterna klarar av att leverera l\u00f6sningar och samarbete.<\/p>\n\n\n\n<blockquote class=\"wp-block-quote is-layout-flow wp-block-quote-is-layout-flow\">\n<p>Branschen s\u00e4nker tr\u00f6skeln in p\u00e5 arbetsmarknaden &#8211; det \u00e4r helt centralt<\/p>\n<\/blockquote>\n\n\n\n<p>Jesper Hedin ber\u00e4ttade att bemanningsbranschen \u00e4r svaret p\u00e5 kompetensf\u00f6rs\u00f6rjningsfr\u00e5gan inom industrin. &#8211; Det utbildas f\u00f6r f\u00e5 inom industriyrken, m\u00e5nga hyr in och d\u00e5 tar bemanningsf\u00f6retagen utbildningsansvaret. Dessutom hyr man inom industrin in tj\u00e4nstem\u00e4n med specialkompetens inom projekt.<\/p>\n\n\n\n<p>Johan Lindholm menar att med inhyrning finns det de som avh\u00e4nder sig arbetsgivaransvaret f\u00f6r exempelvis arbetsmilj\u00f6. Han sa ocks\u00e5 att det finns bemanningsf\u00f6retag som inte f\u00f6ljer kollektivavtal, l\u00f6neniv\u00e5er och st\u00e5r f\u00f6r seriositet.<\/p>\n\n\n\n<p>-Det leder till osund konkurrens och kriminalitet. Det finns m\u00e5nga utl\u00e4ndska f\u00f6retag som inte f\u00f6ljer v\u00e5ra regler och avtal, och inte betalar skatt. Ofta \u00e4r det bemanningsf\u00f6retag. \u00a0<\/p>\n\n\n\n<blockquote class=\"wp-block-quote is-layout-flow wp-block-quote-is-layout-flow\">\n<p>Att det finns inhyrning p\u00e5 ett f\u00f6retag \u00e4r ett uttryck f\u00f6r bra anst\u00e4llningsskydd<\/p>\n<\/blockquote>\n\n\n\n<p>Irene Wennemo tyckte att det var bra kommentarer fr\u00e5n deltagarna. Industrin med 100 procent kollektivavtal beh\u00f6ver hantera st\u00f6rningar i kompetensf\u00f6rs\u00f6rjning, bygg med problem d\u00e4r kriminalitet kommit in \u2013 men det senare \u00e4r inget svenskt fenomen.<\/p>\n\n\n\n<p>-Att det finns akt\u00f6rer som anv\u00e4nder bemanningsf\u00f6retag som front handlar inte om er verksamhet.<\/p>\n\n\n\n<p>Wennemo sa ocks\u00e5 att alla n\u00f6jda med bemanningsavtalet. Dyker det upp saker som skaver hanteras de, som en v\u00e4l reglerad och fungerande del av arbetsmarknaden.<\/p>\n\n\n\n<p>-Att det finns inhyrning p\u00e5 ett f\u00f6retag \u00e4r ett uttryck f\u00f6r bra anst\u00e4llningsskydd. Det beh\u00f6vs f\u00f6r att hantera flexibilitet vid vissa tidpunkter, sektorer med s\u00e4mre skydd anv\u00e4nder inte bemanning.<\/p>\n","protected":false},"excerpt":{"rendered":"<p>Kompetensf\u00f6retagen ordnade i Almedalen 2023 ett seminarium med titeln Beh\u00f6ver Sverige bemanningsbranschen? Demoskop presenterade d\u00e4r en rapport som sammanst\u00e4ller siffror fr\u00e5n unders\u00f6kningar bland inhyrande f\u00f6retag, politiker fr\u00e5n regioner och kommuner, och konsulterna i branschen. Inneh\u00e5llet &hellip;<\/p>\n","protected":false},"author":6358,"featured_media":14125,"comment_status":"closed","ping_status":"closed","sticky":false,"template":"","format":"standard","meta":{"_acf_changed":false,"footnotes":""},"categories":[25,1],"tags":[],"article_type":[8,219],"agreement":[],"for-members":[],"class_list":["post-14202","post","type-post","status-publish","format-standard","has-post-thumbnail","hentry","category-almedalen","category-okategoriserade","type-aktuellt","type-nyhet"],"acf":[],"yoast_head":"<!-- This site is optimized with the Yoast SEO Premium plugin v26.8 (Yoast SEO v26.8) - https:\/\/yoast.com\/product\/yoast-seo-premium-wordpress\/ -->\n<title>Inhyrning \u00e4r ett uttryck f\u00f6r bra anst\u00e4llningsskydd<\/title>\n<meta name=\"description\" content=\"Inhyrning \u00e4r ett uttryck f\u00f6r bra anst\u00e4llningsskydd \u00e4r bara ett av citaten under almedalsseminariet som belyste behovet bemanningsbranschen.\" \/>\n<meta name=\"robots\" content=\"index, follow, max-snippet:-1, max-image-preview:large, max-video-preview:-1\" \/>\n<link rel=\"canonical\" href=\"https:\/\/www.kompetensforetagen.se\/2023\/07\/inhyrning-ar-ett-uttryck-for-bra-anstallningsskydd\/\" \/>\n<meta property=\"og:locale\" content=\"sv_SE\" \/>\n<meta property=\"og:type\" content=\"article\" \/>\n<meta property=\"og:title\" content=\"\u201dInhyrning \u00e4r ett uttryck f\u00f6r bra anst\u00e4llningsskydd\u201d\" \/>\n<meta property=\"og:description\" content=\"Inhyrning \u00e4r ett uttryck f\u00f6r bra anst\u00e4llningsskydd \u00e4r bara ett av citaten under almedalsseminariet som belyste behovet bemanningsbranschen.\" \/>\n<meta property=\"og:url\" content=\"https:\/\/www.kompetensforetagen.se\/2023\/07\/inhyrning-ar-ett-uttryck-for-bra-anstallningsskydd\/\" \/>\n<meta property=\"og:site_name\" content=\"Kompetensf\u00f6retagen\" \/>\n<meta property=\"article:published_time\" content=\"2023-07-05T09:42:35+00:00\" \/>\n<meta property=\"article:modified_time\" content=\"2023-07-05T09:42:50+00:00\" \/>\n<meta property=\"og:image\" content=\"https:\/\/www.kompetensforetagen.se\/app\/uploads\/sites\/5\/2023\/06\/Behover-Sverige-bemanningsbranschen_.png\" \/>\n\t<meta property=\"og:image:width\" content=\"1440\" \/>\n\t<meta property=\"og:image:height\" content=\"900\" \/>\n\t<meta property=\"og:image:type\" content=\"image\/png\" \/>\n<meta name=\"twitter:card\" content=\"summary_large_image\" \/>\n<meta name=\"twitter:label1\" content=\"Skriven av\" \/>\n\t<meta name=\"twitter:data1\" content=\"\" \/>\n\t<meta name=\"twitter:label2\" content=\"Ber\u00e4knad l\u00e4stid\" \/>\n\t<meta name=\"twitter:data2\" content=\"3 minuter\" \/>\n<!-- \/ Yoast SEO Premium plugin. -->","yoast_head_json":{"title":"Inhyrning \u00e4r ett uttryck f\u00f6r bra anst\u00e4llningsskydd","description":"Inhyrning \u00e4r ett uttryck f\u00f6r bra anst\u00e4llningsskydd \u00e4r bara ett av citaten under almedalsseminariet som belyste behovet bemanningsbranschen.","robots":{"index":"index","follow":"follow","max-snippet":"max-snippet:-1","max-image-preview":"max-image-preview:large","max-video-preview":"max-video-preview:-1"},"canonical":"https:\/\/www.kompetensforetagen.se\/2023\/07\/inhyrning-ar-ett-uttryck-for-bra-anstallningsskydd\/","og_locale":"sv_SE","og_type":"article","og_title":"\u201dInhyrning \u00e4r ett uttryck f\u00f6r bra anst\u00e4llningsskydd\u201d","og_description":"Inhyrning \u00e4r ett uttryck f\u00f6r bra anst\u00e4llningsskydd \u00e4r bara ett av citaten under almedalsseminariet som belyste behovet bemanningsbranschen.","og_url":"https:\/\/www.kompetensforetagen.se\/2023\/07\/inhyrning-ar-ett-uttryck-for-bra-anstallningsskydd\/","og_site_name":"Kompetensf\u00f6retagen","article_published_time":"2023-07-05T09:42:35+00:00","article_modified_time":"2023-07-05T09:42:50+00:00","og_image":[{"width":1440,"height":900,"url":"https:\/\/www.kompetensforetagen.se\/app\/uploads\/sites\/5\/2023\/06\/Behover-Sverige-bemanningsbranschen_.png","type":"image\/png"}],"twitter_card":"summary_large_image","twitter_misc":{"Skriven av":"","Ber\u00e4knad l\u00e4stid":"3 minuter"},"schema":{"@context":"https:\/\/schema.org","@graph":[{"@type":"Article","@id":"https:\/\/www.kompetensforetagen.se\/2023\/07\/inhyrning-ar-ett-uttryck-for-bra-anstallningsskydd\/#article","isPartOf":{"@id":"https:\/\/www.kompetensforetagen.se\/2023\/07\/inhyrning-ar-ett-uttryck-for-bra-anstallningsskydd\/"},"author":{"name":"","@id":""},"headline":"\u201dInhyrning \u00e4r ett uttryck f\u00f6r bra anst\u00e4llnings&shy;skydd\u201d","datePublished":"2023-07-05T09:42:35+00:00","dateModified":"2023-07-05T09:42:50+00:00","mainEntityOfPage":{"@id":"https:\/\/www.kompetensforetagen.se\/2023\/07\/inhyrning-ar-ett-uttryck-for-bra-anstallningsskydd\/"},"wordCount":720,"publisher":{"@id":"https:\/\/www.kompetensforetagen.se\/#organization"},"image":{"@id":"https:\/\/www.kompetensforetagen.se\/2023\/07\/inhyrning-ar-ett-uttryck-for-bra-anstallningsskydd\/#primaryimage"},"thumbnailUrl":"https:\/\/www.kompetensforetagen.se\/app\/uploads\/sites\/5\/2023\/06\/Behover-Sverige-bemanningsbranschen_.png","articleSection":["Almedalen"],"inLanguage":"sv-SE"},{"@type":"WebPage","@id":"https:\/\/www.kompetensforetagen.se\/2023\/07\/inhyrning-ar-ett-uttryck-for-bra-anstallningsskydd\/","url":"https:\/\/www.kompetensforetagen.se\/2023\/07\/inhyrning-ar-ett-uttryck-for-bra-anstallningsskydd\/","name":"Inhyrning \u00e4r ett uttryck f\u00f6r bra anst\u00e4llningsskydd","isPartOf":{"@id":"https:\/\/www.kompetensforetagen.se\/#website"},"primaryImageOfPage":{"@id":"https:\/\/www.kompetensforetagen.se\/2023\/07\/inhyrning-ar-ett-uttryck-for-bra-anstallningsskydd\/#primaryimage"},"image":{"@id":"https:\/\/www.kompetensforetagen.se\/2023\/07\/inhyrning-ar-ett-uttryck-for-bra-anstallningsskydd\/#primaryimage"},"thumbnailUrl":"https:\/\/www.kompetensforetagen.se\/app\/uploads\/sites\/5\/2023\/06\/Behover-Sverige-bemanningsbranschen_.png","datePublished":"2023-07-05T09:42:35+00:00","dateModified":"2023-07-05T09:42:50+00:00","description":"Inhyrning \u00e4r ett uttryck f\u00f6r bra anst\u00e4llningsskydd \u00e4r bara ett av citaten under almedalsseminariet som belyste behovet bemanningsbranschen.","breadcrumb":{"@id":"https:\/\/www.kompetensforetagen.se\/2023\/07\/inhyrning-ar-ett-uttryck-for-bra-anstallningsskydd\/#breadcrumb"},"inLanguage":"sv-SE","potentialAction":[{"@type":"ReadAction","target":["https:\/\/www.kompetensforetagen.se\/2023\/07\/inhyrning-ar-ett-uttryck-for-bra-anstallningsskydd\/"]}]},{"@type":"ImageObject","inLanguage":"sv-SE","@id":"https:\/\/www.kompetensforetagen.se\/2023\/07\/inhyrning-ar-ett-uttryck-for-bra-anstallningsskydd\/#primaryimage","url":"https:\/\/www.kompetensforetagen.se\/app\/uploads\/sites\/5\/2023\/06\/Behover-Sverige-bemanningsbranschen_.png","contentUrl":"https:\/\/www.kompetensforetagen.se\/app\/uploads\/sites\/5\/2023\/06\/Behover-Sverige-bemanningsbranschen_.png","width":1440,"height":900,"caption":"Grafik: Beh\u00f6ver Sverige bemanningsbranschen? En analys av marknaden."},{"@type":"BreadcrumbList","@id":"https:\/\/www.kompetensforetagen.se\/2023\/07\/inhyrning-ar-ett-uttryck-for-bra-anstallningsskydd\/#breadcrumb","itemListElement":[{"@type":"ListItem","position":1,"name":"Home","item":"https:\/\/www.kompetensforetagen.se\/"},{"@type":"ListItem","position":2,"name":"\u201dInhyrning \u00e4r ett uttryck f\u00f6r bra anst\u00e4llnings&shy;skydd\u201d"}]},{"@type":"WebSite","@id":"https:\/\/www.kompetensforetagen.se\/#website","url":"https:\/\/www.kompetensforetagen.se\/","name":"Kompetensf\u00f6retagen","description":"R\u00e4tt person p\u00e5 r\u00e4tt plats kan f\u00f6r\u00e4ndra v\u00e4rlden","publisher":{"@id":"https:\/\/www.kompetensforetagen.se\/#organization"},"potentialAction":[{"@type":"SearchAction","target":{"@type":"EntryPoint","urlTemplate":"https:\/\/www.kompetensforetagen.se\/?s={search_term_string}"},"query-input":{"@type":"PropertyValueSpecification","valueRequired":true,"valueName":"search_term_string"}}],"inLanguage":"sv-SE"},{"@type":"Organization","@id":"https:\/\/www.kompetensforetagen.se\/#organization","name":"Kompetensf\u00f6retagen","url":"https:\/\/www.kompetensforetagen.se\/","logo":{"@type":"ImageObject","inLanguage":"sv-SE","@id":"https:\/\/www.kompetensforetagen.se\/#\/schema\/logo\/image\/","url":"https:\/\/www.kompetensforetagen.se\/app\/uploads\/sites\/5\/2022\/10\/logga_svart.png","contentUrl":"https:\/\/www.kompetensforetagen.se\/app\/uploads\/sites\/5\/2022\/10\/logga_svart.png","width":752,"height":64,"caption":"Kompetensf\u00f6retagen"},"image":{"@id":"https:\/\/www.kompetensforetagen.se\/#\/schema\/logo\/image\/"},"sameAs":["https:\/\/www.linkedin.com\/company\/10540032\/"]},{"@type":"Person","@id":"","url":"https:\/\/www.kompetensforetagen.se\/person\/"}]}},"_links":{"self":[{"href":"https:\/\/www.kompetensforetagen.se\/api\/wp\/v2\/posts\/14202","targetHints":{"allow":["GET"]}}],"collection":[{"href":"https:\/\/www.kompetensforetagen.se\/api\/wp\/v2\/posts"}],"about":[{"href":"https:\/\/www.kompetensforetagen.se\/api\/wp\/v2\/types\/post"}],"author":[{"embeddable":true,"href":"https:\/\/www.kompetensforetagen.se\/api\/wp\/v2\/users\/6358"}],"replies":[{"embeddable":true,"href":"https:\/\/www.kompetensforetagen.se\/api\/wp\/v2\/comments?post=14202"}],"version-history":[{"count":2,"href":"https:\/\/www.kompetensforetagen.se\/api\/wp\/v2\/posts\/14202\/revisions"}],"predecessor-version":[{"id":14222,"href":"https:\/\/www.kompetensforetagen.se\/api\/wp\/v2\/posts\/14202\/revisions\/14222"}],"wp:featuredmedia":[{"embeddable":true,"href":"https:\/\/www.kompetensforetagen.se\/api\/wp\/v2\/media\/14125"}],"wp:attachment":[{"href":"https:\/\/www.kompetensforetagen.se\/api\/wp\/v2\/media?parent=14202"}],"wp:term":[{"taxonomy":"category","embeddable":true,"href":"https:\/\/www.kompetensforetagen.se\/api\/wp\/v2\/categories?post=14202"},{"taxonomy":"post_tag","embeddable":true,"href":"https:\/\/www.kompetensforetagen.se\/api\/wp\/v2\/tags?post=14202"},{"taxonomy":"type","embeddable":true,"href":"https:\/\/www.kompetensforetagen.se\/api\/wp\/v2\/article_type?post=14202"},{"taxonomy":"agreement","embeddable":true,"href":"https:\/\/www.kompetensforetagen.se\/api\/wp\/v2\/agreement?post=14202"},{"taxonomy":"for-members","embeddable":true,"href":"https:\/\/www.kompetensforetagen.se\/api\/wp\/v2\/for-members?post=14202"}],"curies":[{"name":"wp","href":"https:\/\/api.w.org\/{rel}","templated":true}]}}