{"id":14152,"date":"2023-06-29T09:08:43","date_gmt":"2023-06-29T07:08:43","guid":{"rendered":"https:\/\/www.kompetensforetagen.se\/?p=14152"},"modified":"2023-12-01T09:46:36","modified_gmt":"2023-12-01T08:46:36","slug":"rapport-visar-att-sverige-behover-bemanningsbranschen","status":"publish","type":"post","link":"https:\/\/www.kompetensforetagen.se\/2023\/06\/rapport-visar-att-sverige-behover-bemanningsbranschen\/","title":{"rendered":"<strong>Rapport visar att Sverige beh\u00f6ver bemannings&shy;branschen<\/strong>"},"content":{"rendered":"\n<p>Demoskop har kompilerat ett antal unders\u00f6kningar som r\u00f6r bemanningsbranschen och hur behovet av den ser ut. Unders\u00f6kningarna \u00e4r gjorda bland:<\/p>\n\n\n\n<ul class=\"wp-block-list\">\n<li>Politiker i kommuner och regioner i Sverige<\/li>\n\n\n\n<li>Medlemmar i Svenskt N\u00e4ringsliv<\/li>\n\n\n\n<li>Konsulter som arbetar i bemanningsbranschen<\/li>\n<\/ul>\n\n\n\n<p>Sammanfattningsvis s\u00e4ger den att bemanningsbranschen fyller en viktig funktion f\u00f6r arbetsmarknad, privata f\u00f6retag och f\u00f6r att offentlig verksamhet ska kunna fungera.<\/p>\n\n\n\n      <a href=\"https:\/\/www.kompetensforetagen.se\/app\/uploads\/sites\/5\/2023\/06\/Kompetensforetagen-rapport-Almedalen-Juni-2023.pdf\" target=\"_blank\" class=\"Button is-button is-style-fill has-green-background-color has-green-border-color has-white-color Button--external-link\">\n      \n        L\u00e4s hela rapporten\n      \n      \n                <svg class='icon icon--external-link'  width=\"16\" height=\"16\" viewBox=\"0 0 16 16\" fill=\"none\" xmlns=\"http:\/\/www.w3.org\/2000\/svg\">\n<path d=\"M9 1H15V7\" stroke=\"black\" stroke-width=\"2\" stroke-miterlimit=\"10\"\/>\n<path d=\"M5 2H1V15H14V11\" stroke=\"black\" stroke-width=\"2\" stroke-miterlimit=\"10\"\/>\n<path d=\"M15 1L6 10\" stroke=\"black\" stroke-width=\"2\" stroke-miterlimit=\"10\"\/>\n<\/svg>\n\n        \n    <\/a>\n  \n\n\n\n<p><strong>Positiva politiker<\/strong><br>Bland politikerna upplevs behov av bemanningsf\u00f6retag i b\u00e5de kommuner och regioner. Inst\u00e4llningen till kompetensf\u00f6rs\u00f6rjning via bemanningsf\u00f6retag \u00e4r mer positiv i privata verksamheter \u00e4n i offentliga.<\/p>\n\n\n\n<p>Det finns stora variationer i behov av och inst\u00e4llning till bemanningsbranschen i olika delar av landet.<\/p>\n\n\n\n<p><strong>Viktigt f\u00f6r f\u00f6retagen<\/strong><br>Bland Svenskt N\u00e4ringslivs medlemmar har mer \u00e4n h\u00e4lften hyrt in personal de senaste tv\u00e5 \u00e5ren och de allra flesta upplever m\u00f6jligheten som viktig. Fr\u00e4msta sk\u00e4len handlar om att kompetensf\u00f6rs\u00f6rjning. Utan m\u00f6jligheten anger flera att belastningen skulle \u00f6ka p\u00e5 befintlig personal och att f\u00f6retagen skulle beh\u00f6va tacka nej till order och best\u00e4llningar.<\/p>\n\n\n\n<p><strong>N\u00f6jda konsulter<\/strong><br>\u00d6verlag har konsulterna en positiv bild av sin arbetssituation. Tre av fyra konsulter skulle rekommendera sitt arbete till en v\u00e4n eller bekant. En klar majoritet k\u00e4nner sig uppskattade, ser sin erfarenhet av konsultjobbet som positivt, och \u00e4r n\u00f6jd med sina arbetsuppgifter. Majoriteten skulle vilja ha en tillsvidareanst\u00e4llning p\u00e5 den arbetsplats d\u00e4r de arbetar idag.<\/p>\n\n\n\n<p>F\u00f6r majoriteten var sk\u00e4let till att man b\u00f6rjade arbeta som konsult att det var ett s\u00e4tt att f\u00e5 jobb. Inga st\u00f6rre skillnader mellan k\u00f6nen. I den \u00e4ldsta \u00e5ldersgruppen, 60+ \u00e5r, \u00e4r det betydligt fler \u00e4n snittet (20%) som ville vara lediga i l\u00e4ngre perioder. Bland dem som var arbetsl\u00f6sa innan de blev konsulter v\u00e4gde att f\u00e5 jobb betydligt tyngre (75%) \u00e4n f\u00f6r de med n\u00e5gon form av syssels\u00e4ttning.<\/p>\n","protected":false},"excerpt":{"rendered":"<p>Demoskop har kompilerat ett antal unders\u00f6kningar som r\u00f6r bemanningsbranschen och hur behovet av den ser ut. Unders\u00f6kningarna \u00e4r gjorda bland: Sammanfattningsvis s\u00e4ger den att bemanningsbranschen fyller en viktig funktion f\u00f6r arbetsmarknad, privata f\u00f6retag och f\u00f6r &hellip;<\/p>\n","protected":false},"author":14830,"featured_media":14153,"comment_status":"closed","ping_status":"closed","sticky":false,"template":"","format":"standard","meta":{"_acf_changed":false,"footnotes":""},"categories":[25],"tags":[202],"article_type":[219],"agreement":[],"for-members":[],"class_list":["post-14152","post","type-post","status-publish","format-standard","has-post-thumbnail","hentry","category-almedalen","tag-bemanning","type-nyhet"],"acf":[],"yoast_head":"<!-- This site is optimized with the Yoast SEO Premium plugin v26.8 (Yoast SEO v26.8) - https:\/\/yoast.com\/product\/yoast-seo-premium-wordpress\/ -->\n<title>Sverige beh\u00f6ver bemanningsbranschen<\/title>\n<meta name=\"description\" content=\"bemanningsbranschen fyller en viktig funktion f\u00f6r arbetsmarknad, privata f\u00f6retag och f\u00f6r att offentlig verksamhet ska kunna fungera.\" \/>\n<meta name=\"robots\" content=\"index, follow, max-snippet:-1, max-image-preview:large, max-video-preview:-1\" \/>\n<link rel=\"canonical\" href=\"https:\/\/www.kompetensforetagen.se\/2023\/06\/rapport-visar-att-sverige-behover-bemanningsbranschen\/\" \/>\n<meta property=\"og:locale\" content=\"sv_SE\" \/>\n<meta property=\"og:type\" content=\"article\" \/>\n<meta property=\"og:title\" content=\"Rapport visar att Sverige beh\u00f6ver bemanningsbranschen\" \/>\n<meta property=\"og:description\" content=\"bemanningsbranschen fyller en viktig funktion f\u00f6r arbetsmarknad, privata f\u00f6retag och f\u00f6r att offentlig verksamhet ska kunna fungera.\" \/>\n<meta property=\"og:url\" content=\"https:\/\/www.kompetensforetagen.se\/2023\/06\/rapport-visar-att-sverige-behover-bemanningsbranschen\/\" \/>\n<meta property=\"og:site_name\" content=\"Kompetensf\u00f6retagen\" \/>\n<meta property=\"article:published_time\" content=\"2023-06-29T07:08:43+00:00\" \/>\n<meta property=\"article:modified_time\" content=\"2023-12-01T08:46:36+00:00\" \/>\n<meta property=\"og:image\" content=\"https:\/\/www.kompetensforetagen.se\/app\/uploads\/sites\/5\/2023\/06\/pexels-alexander-suhorucov-6457552-scaled.jpg\" \/>\n\t<meta property=\"og:image:width\" content=\"2560\" \/>\n\t<meta property=\"og:image:height\" content=\"1706\" \/>\n\t<meta property=\"og:image:type\" content=\"image\/jpeg\" \/>\n<meta name=\"author\" content=\"camillagunnar2\" \/>\n<meta name=\"twitter:card\" content=\"summary_large_image\" \/>\n<meta name=\"twitter:label1\" content=\"Skriven av\" \/>\n\t<meta name=\"twitter:data1\" content=\"camillagunnar2\" \/>\n\t<meta name=\"twitter:label2\" content=\"Ber\u00e4knad l\u00e4stid\" \/>\n\t<meta name=\"twitter:data2\" content=\"2 minuter\" \/>\n<!-- \/ Yoast SEO Premium plugin. -->","yoast_head_json":{"title":"Sverige beh\u00f6ver bemanningsbranschen","description":"bemanningsbranschen fyller en viktig funktion f\u00f6r arbetsmarknad, privata f\u00f6retag och f\u00f6r att offentlig verksamhet ska kunna fungera.","robots":{"index":"index","follow":"follow","max-snippet":"max-snippet:-1","max-image-preview":"max-image-preview:large","max-video-preview":"max-video-preview:-1"},"canonical":"https:\/\/www.kompetensforetagen.se\/2023\/06\/rapport-visar-att-sverige-behover-bemanningsbranschen\/","og_locale":"sv_SE","og_type":"article","og_title":"Rapport visar att Sverige beh\u00f6ver bemanningsbranschen","og_description":"bemanningsbranschen fyller en viktig funktion f\u00f6r arbetsmarknad, privata f\u00f6retag och f\u00f6r att offentlig verksamhet ska kunna fungera.","og_url":"https:\/\/www.kompetensforetagen.se\/2023\/06\/rapport-visar-att-sverige-behover-bemanningsbranschen\/","og_site_name":"Kompetensf\u00f6retagen","article_published_time":"2023-06-29T07:08:43+00:00","article_modified_time":"2023-12-01T08:46:36+00:00","og_image":[{"width":2560,"height":1706,"url":"https:\/\/www.kompetensforetagen.se\/app\/uploads\/sites\/5\/2023\/06\/pexels-alexander-suhorucov-6457552-scaled.jpg","type":"image\/jpeg"}],"author":"camillagunnar2","twitter_card":"summary_large_image","twitter_misc":{"Skriven av":"camillagunnar2","Ber\u00e4knad l\u00e4stid":"2 minuter"},"schema":{"@context":"https:\/\/schema.org","@graph":[{"@type":"Article","@id":"https:\/\/www.kompetensforetagen.se\/2023\/06\/rapport-visar-att-sverige-behover-bemanningsbranschen\/#article","isPartOf":{"@id":"https:\/\/www.kompetensforetagen.se\/2023\/06\/rapport-visar-att-sverige-behover-bemanningsbranschen\/"},"author":{"name":"camillagunnar2","@id":"https:\/\/www.kompetensforetagen.se\/#\/schema\/person\/94b8ea93ef0611b1467f15023d9ebd1b"},"headline":"Rapport visar att Sverige beh\u00f6ver bemannings&shy;branschen","datePublished":"2023-06-29T07:08:43+00:00","dateModified":"2023-12-01T08:46:36+00:00","mainEntityOfPage":{"@id":"https:\/\/www.kompetensforetagen.se\/2023\/06\/rapport-visar-att-sverige-behover-bemanningsbranschen\/"},"wordCount":328,"publisher":{"@id":"https:\/\/www.kompetensforetagen.se\/#organization"},"image":{"@id":"https:\/\/www.kompetensforetagen.se\/2023\/06\/rapport-visar-att-sverige-behover-bemanningsbranschen\/#primaryimage"},"thumbnailUrl":"https:\/\/www.kompetensforetagen.se\/app\/uploads\/sites\/5\/2023\/06\/pexels-alexander-suhorucov-6457552-scaled.jpg","keywords":["bemanning"],"articleSection":["Almedalen"],"inLanguage":"sv-SE"},{"@type":"WebPage","@id":"https:\/\/www.kompetensforetagen.se\/2023\/06\/rapport-visar-att-sverige-behover-bemanningsbranschen\/","url":"https:\/\/www.kompetensforetagen.se\/2023\/06\/rapport-visar-att-sverige-behover-bemanningsbranschen\/","name":"Sverige beh\u00f6ver bemanningsbranschen","isPartOf":{"@id":"https:\/\/www.kompetensforetagen.se\/#website"},"primaryImageOfPage":{"@id":"https:\/\/www.kompetensforetagen.se\/2023\/06\/rapport-visar-att-sverige-behover-bemanningsbranschen\/#primaryimage"},"image":{"@id":"https:\/\/www.kompetensforetagen.se\/2023\/06\/rapport-visar-att-sverige-behover-bemanningsbranschen\/#primaryimage"},"thumbnailUrl":"https:\/\/www.kompetensforetagen.se\/app\/uploads\/sites\/5\/2023\/06\/pexels-alexander-suhorucov-6457552-scaled.jpg","datePublished":"2023-06-29T07:08:43+00:00","dateModified":"2023-12-01T08:46:36+00:00","description":"bemanningsbranschen fyller en viktig funktion f\u00f6r arbetsmarknad, privata f\u00f6retag och f\u00f6r att offentlig verksamhet ska kunna fungera.","breadcrumb":{"@id":"https:\/\/www.kompetensforetagen.se\/2023\/06\/rapport-visar-att-sverige-behover-bemanningsbranschen\/#breadcrumb"},"inLanguage":"sv-SE","potentialAction":[{"@type":"ReadAction","target":["https:\/\/www.kompetensforetagen.se\/2023\/06\/rapport-visar-att-sverige-behover-bemanningsbranschen\/"]}]},{"@type":"ImageObject","inLanguage":"sv-SE","@id":"https:\/\/www.kompetensforetagen.se\/2023\/06\/rapport-visar-att-sverige-behover-bemanningsbranschen\/#primaryimage","url":"https:\/\/www.kompetensforetagen.se\/app\/uploads\/sites\/5\/2023\/06\/pexels-alexander-suhorucov-6457552-scaled.jpg","contentUrl":"https:\/\/www.kompetensforetagen.se\/app\/uploads\/sites\/5\/2023\/06\/pexels-alexander-suhorucov-6457552-scaled.jpg","width":2560,"height":1706,"caption":"Tre glada kvinnor samlade runt laptop"},{"@type":"BreadcrumbList","@id":"https:\/\/www.kompetensforetagen.se\/2023\/06\/rapport-visar-att-sverige-behover-bemanningsbranschen\/#breadcrumb","itemListElement":[{"@type":"ListItem","position":1,"name":"Home","item":"https:\/\/www.kompetensforetagen.se\/"},{"@type":"ListItem","position":2,"name":"Rapport visar att Sverige beh\u00f6ver bemannings&shy;branschen"}]},{"@type":"WebSite","@id":"https:\/\/www.kompetensforetagen.se\/#website","url":"https:\/\/www.kompetensforetagen.se\/","name":"Kompetensf\u00f6retagen","description":"R\u00e4tt person p\u00e5 r\u00e4tt plats kan f\u00f6r\u00e4ndra v\u00e4rlden","publisher":{"@id":"https:\/\/www.kompetensforetagen.se\/#organization"},"potentialAction":[{"@type":"SearchAction","target":{"@type":"EntryPoint","urlTemplate":"https:\/\/www.kompetensforetagen.se\/?s={search_term_string}"},"query-input":{"@type":"PropertyValueSpecification","valueRequired":true,"valueName":"search_term_string"}}],"inLanguage":"sv-SE"},{"@type":"Organization","@id":"https:\/\/www.kompetensforetagen.se\/#organization","name":"Kompetensf\u00f6retagen","url":"https:\/\/www.kompetensforetagen.se\/","logo":{"@type":"ImageObject","inLanguage":"sv-SE","@id":"https:\/\/www.kompetensforetagen.se\/#\/schema\/logo\/image\/","url":"https:\/\/www.kompetensforetagen.se\/app\/uploads\/sites\/5\/2022\/10\/logga_svart.png","contentUrl":"https:\/\/www.kompetensforetagen.se\/app\/uploads\/sites\/5\/2022\/10\/logga_svart.png","width":752,"height":64,"caption":"Kompetensf\u00f6retagen"},"image":{"@id":"https:\/\/www.kompetensforetagen.se\/#\/schema\/logo\/image\/"},"sameAs":["https:\/\/www.linkedin.com\/company\/10540032\/"]},{"@type":"Person","@id":"https:\/\/www.kompetensforetagen.se\/#\/schema\/person\/94b8ea93ef0611b1467f15023d9ebd1b","name":"camillagunnar2","image":{"@type":"ImageObject","inLanguage":"sv-SE","@id":"https:\/\/www.kompetensforetagen.se\/#\/schema\/person\/image\/","url":"https:\/\/secure.gravatar.com\/avatar\/b6f8240666aff929220ce2eb5e5698c1b44b3223ca9f0ac50ecbf5dbdb13dab4?s=96&d=mm&r=g","contentUrl":"https:\/\/secure.gravatar.com\/avatar\/b6f8240666aff929220ce2eb5e5698c1b44b3223ca9f0ac50ecbf5dbdb13dab4?s=96&d=mm&r=g","caption":"camillagunnar2"},"url":"https:\/\/www.kompetensforetagen.se\/person\/camillagunnar2\/"}]}},"_links":{"self":[{"href":"https:\/\/www.kompetensforetagen.se\/api\/wp\/v2\/posts\/14152","targetHints":{"allow":["GET"]}}],"collection":[{"href":"https:\/\/www.kompetensforetagen.se\/api\/wp\/v2\/posts"}],"about":[{"href":"https:\/\/www.kompetensforetagen.se\/api\/wp\/v2\/types\/post"}],"author":[{"embeddable":true,"href":"https:\/\/www.kompetensforetagen.se\/api\/wp\/v2\/users\/14830"}],"replies":[{"embeddable":true,"href":"https:\/\/www.kompetensforetagen.se\/api\/wp\/v2\/comments?post=14152"}],"version-history":[{"count":5,"href":"https:\/\/www.kompetensforetagen.se\/api\/wp\/v2\/posts\/14152\/revisions"}],"predecessor-version":[{"id":14159,"href":"https:\/\/www.kompetensforetagen.se\/api\/wp\/v2\/posts\/14152\/revisions\/14159"}],"wp:featuredmedia":[{"embeddable":true,"href":"https:\/\/www.kompetensforetagen.se\/api\/wp\/v2\/media\/14153"}],"wp:attachment":[{"href":"https:\/\/www.kompetensforetagen.se\/api\/wp\/v2\/media?parent=14152"}],"wp:term":[{"taxonomy":"category","embeddable":true,"href":"https:\/\/www.kompetensforetagen.se\/api\/wp\/v2\/categories?post=14152"},{"taxonomy":"post_tag","embeddable":true,"href":"https:\/\/www.kompetensforetagen.se\/api\/wp\/v2\/tags?post=14152"},{"taxonomy":"type","embeddable":true,"href":"https:\/\/www.kompetensforetagen.se\/api\/wp\/v2\/article_type?post=14152"},{"taxonomy":"agreement","embeddable":true,"href":"https:\/\/www.kompetensforetagen.se\/api\/wp\/v2\/agreement?post=14152"},{"taxonomy":"for-members","embeddable":true,"href":"https:\/\/www.kompetensforetagen.se\/api\/wp\/v2\/for-members?post=14152"}],"curies":[{"name":"wp","href":"https:\/\/api.w.org\/{rel}","templated":true}]}}