{"id":14086,"date":"2023-06-26T15:10:56","date_gmt":"2023-06-26T13:10:56","guid":{"rendered":"https:\/\/www.kompetensforetagen.se\/?p=14086"},"modified":"2023-10-24T13:22:20","modified_gmt":"2023-10-24T11:22:20","slug":"seminarium-i-almedalen-behover-sverige-bemanningsbranschen","status":"publish","type":"post","link":"https:\/\/www.kompetensforetagen.se\/2023\/06\/seminarium-i-almedalen-behover-sverige-bemanningsbranschen\/","title":{"rendered":"<strong>Seminarium i Almedalen: Beh\u00f6ver Sverige bemannings&shy;branschen?<\/strong>"},"content":{"rendered":"\n<p>Beh\u00f6ver Sverige bemanningsbranschen? Det ska en panel av namnkunniga personer borra i utifr\u00e5n ett flertal unders\u00f6kningar under ett seminarium i <a href=\"https:\/\/almedalsveckan.info\/\" target=\"_blank\" rel=\"noreferrer noopener\">Almedalen<\/a>.<\/p>\n\n\n\n<p>Det har g\u00e5tt trettio \u00e5r sedan arbetsf\u00f6rmedlande avreglerades, och tjugo \u00e5r sedan d\u00e5varande f\u00f6rbundet Bemanningsf\u00f6retagen bildades. Bemanningsbranschen \u00e4r idag en etablerad del av den svenska modellen, med <a href=\"https:\/\/www.kompetensforetagen.se\/medlemskap\/kollektivavtal\/\">kollektivavtal <\/a>och branschens egen kvalitetsst\u00e4mpel i form av <a href=\"https:\/\/www.kompetensforetagen.se\/auktorisationsvillkor-2\/\">auktorisation<\/a>. Kollektivavtal och auktorisation \u00e4r de tv\u00e5 vanligaste orsakerna till medlemskap i Kompetensf\u00f6retagen. F\u00f6retagen vill h\u00e5lla en h\u00f6g standard, f\u00f6lja arbetsmarknadens spelregler och bidra till utvecklingen av en v\u00e4l fungerande arbetsmarknad. \u00a0<\/p>\n\n\n\n<blockquote class=\"wp-block-quote is-layout-flow wp-block-quote-is-layout-flow\">\n<p>Skulle fler begr\u00e4nsningar och f\u00f6rbud gagna svenska f\u00f6retag, arbetstillf\u00e4llen och dem som idag jobbar i branschen?<\/p>\n<\/blockquote>\n\n\n\n<p>I och med LAS-reformen inf\u00f6rdes en tidsbegr\u00e4nsning f\u00f6r inhyrning i uthyrningslagen. Trots att IF Metalls avtalssekreterare Veli-Pekka S\u00e4ikk\u00e4l\u00e4 sagt att det svenska bemanningsavtalet f\u00f6rmodligen \u00e4r det b\u00e4sta i v\u00e4rlden, finns r\u00f6ster f\u00f6r fler begr\u00e4nsningar och till och med f\u00f6rbud.<\/p>\n\n\n\n<p><strong>Beh\u00f6ver Sverige bemanningsbranschen?<\/strong><\/p>\n\n\n\n<p>I Almedalen kommer Demoskop att presentera resultat fr\u00e5n unders\u00f6kningar som kopplar till fr\u00e5gan; de konsult- och attitydunders\u00f6kningar och den politikerpanel som de gjort p\u00e5 uppdrag av Kompetensf\u00f6retagen, tillsammans med siffror fr\u00e5n Svenskt N\u00e4ringslivs f\u00f6retagarpanel. I tidigare unders\u00f6kningar har resultaten pekat i positiv riktning f\u00f6r bemanningsbranschen. Majoriteten av konsulterna rekommenderar sina jobb, ser att det leder till kompetensutveckling och vidare p\u00e5 arbetsmarknaden. De f\u00f6retag som hyr in anser att det \u00e4r viktigt f\u00f6r verksamheten att kunna g\u00f6ra det f\u00f6r att uppr\u00e4tth\u00e5lla produktion och inte belasta sina tillsvidareanst\u00e4llda medarbetare. Svenskt N\u00e4ringslivs senast rekryteringsenk\u00e4t visade att tre av tio rekryteringsf\u00f6rs\u00f6k misslyckades under 2021. Efter anv\u00e4ndandet av informella kontakter var de som anv\u00e4nt sig av bemannings- eller rekryteringsf\u00f6retag mest n\u00f6jda med sina resultat.<\/p>\n\n\n\n<p>Skulle fler begr\u00e4nsningar och f\u00f6rbud gagna svenska f\u00f6retag, arbetstillf\u00e4llen och dem som idag jobbar i branschen? Det ska panelen f\u00f6rs\u00f6ka svara p\u00e5: <\/p>\n\n\n\n<ul class=\"wp-block-list\">\n<li>Teresa Carvalho, vice ordf\u00f6rande, Arbetsmarknadsutskottet, Socialdemokraterna<\/li>\n\n\n\n<li>Jesper Hedin&nbsp;utredare kompetensf\u00f6rs\u00f6rjning Industriarbetsgivarna<\/li>\n\n\n\n<li>Johan Lindholm, F\u00f6rbundsordf\u00f6rande, Byggnads<\/li>\n\n\n\n<li>Patric Palm, Managing Director, Manpower Enterprise<\/li>\n\n\n\n<li>Oliver Rosengren riksdagsledamot (M)<\/li>\n\n\n\n<li>Veronica R\u00f6rsg\u00e5rd, vd Lernia<\/li>\n\n\n\n<li>Irene Wennemo generaldirekt\u00f6r Medlingsinstitutet<\/li>\n<\/ul>\n\n\n\n<p><\/p>\n","protected":false},"excerpt":{"rendered":"<p>Beh\u00f6ver Sverige bemanningsbranschen? Det ska en panel av namnkunniga personer borra i utifr\u00e5n ett flertal unders\u00f6kningar under ett seminarium i Almedalen. Det har g\u00e5tt trettio \u00e5r sedan arbetsf\u00f6rmedlande avreglerades, och tjugo \u00e5r sedan d\u00e5varande f\u00f6rbundet &hellip;<\/p>\n","protected":false},"author":6358,"featured_media":14111,"comment_status":"closed","ping_status":"closed","sticky":false,"template":"","format":"standard","meta":{"_acf_changed":false,"footnotes":""},"categories":[1],"tags":[],"article_type":[],"agreement":[],"for-members":[],"class_list":["post-14086","post","type-post","status-publish","format-standard","has-post-thumbnail","hentry","category-okategoriserade"],"acf":[],"yoast_head":"<!-- This site is optimized with the Yoast SEO Premium plugin v26.8 (Yoast SEO v26.8) - https:\/\/yoast.com\/product\/yoast-seo-premium-wordpress\/ -->\n<title>Seminarium i Almedalen: Beh\u00f6ver Sverige bemanningsbranschen<\/title>\n<meta name=\"description\" content=\"Beh\u00f6ver Sverige bemanningsbranschen? Det ska en panel av namnkunniga personer borra i under ett seminarium i Almedalen.\" \/>\n<meta name=\"robots\" content=\"index, follow, max-snippet:-1, max-image-preview:large, max-video-preview:-1\" \/>\n<link rel=\"canonical\" href=\"https:\/\/www.kompetensforetagen.se\/2023\/06\/seminarium-i-almedalen-behover-sverige-bemanningsbranschen\/\" \/>\n<meta property=\"og:locale\" content=\"sv_SE\" \/>\n<meta property=\"og:type\" content=\"article\" \/>\n<meta property=\"og:title\" content=\"Seminarium i Almedalen: Beh\u00f6ver Sverige bemanningsbranschen?\" \/>\n<meta property=\"og:description\" content=\"Beh\u00f6ver Sverige bemanningsbranschen? Det ska en panel av namnkunniga personer borra i under ett seminarium i Almedalen.\" \/>\n<meta property=\"og:url\" content=\"https:\/\/www.kompetensforetagen.se\/2023\/06\/seminarium-i-almedalen-behover-sverige-bemanningsbranschen\/\" \/>\n<meta property=\"og:site_name\" content=\"Kompetensf\u00f6retagen\" \/>\n<meta property=\"article:published_time\" content=\"2023-06-26T13:10:56+00:00\" \/>\n<meta property=\"article:modified_time\" content=\"2023-10-24T11:22:20+00:00\" \/>\n<meta property=\"og:image\" content=\"https:\/\/www.kompetensforetagen.se\/app\/uploads\/sites\/5\/2023\/06\/pexels-karolina-grabowska-7875891-scaled.jpg\" \/>\n\t<meta property=\"og:image:width\" content=\"2560\" \/>\n\t<meta property=\"og:image:height\" content=\"1707\" \/>\n\t<meta property=\"og:image:type\" content=\"image\/jpeg\" \/>\n<meta name=\"twitter:card\" content=\"summary_large_image\" \/>\n<meta name=\"twitter:label1\" content=\"Skriven av\" \/>\n\t<meta name=\"twitter:data1\" content=\"\" \/>\n\t<meta name=\"twitter:label2\" content=\"Ber\u00e4knad l\u00e4stid\" \/>\n\t<meta name=\"twitter:data2\" content=\"2 minuter\" \/>\n<!-- \/ Yoast SEO Premium plugin. -->","yoast_head_json":{"title":"Seminarium i Almedalen: Beh\u00f6ver Sverige bemanningsbranschen","description":"Beh\u00f6ver Sverige bemanningsbranschen? Det ska en panel av namnkunniga personer borra i under ett seminarium i Almedalen.","robots":{"index":"index","follow":"follow","max-snippet":"max-snippet:-1","max-image-preview":"max-image-preview:large","max-video-preview":"max-video-preview:-1"},"canonical":"https:\/\/www.kompetensforetagen.se\/2023\/06\/seminarium-i-almedalen-behover-sverige-bemanningsbranschen\/","og_locale":"sv_SE","og_type":"article","og_title":"Seminarium i Almedalen: Beh\u00f6ver Sverige bemanningsbranschen?","og_description":"Beh\u00f6ver Sverige bemanningsbranschen? Det ska en panel av namnkunniga personer borra i under ett seminarium i Almedalen.","og_url":"https:\/\/www.kompetensforetagen.se\/2023\/06\/seminarium-i-almedalen-behover-sverige-bemanningsbranschen\/","og_site_name":"Kompetensf\u00f6retagen","article_published_time":"2023-06-26T13:10:56+00:00","article_modified_time":"2023-10-24T11:22:20+00:00","og_image":[{"width":2560,"height":1707,"url":"https:\/\/www.kompetensforetagen.se\/app\/uploads\/sites\/5\/2023\/06\/pexels-karolina-grabowska-7875891-scaled.jpg","type":"image\/jpeg"}],"twitter_card":"summary_large_image","twitter_misc":{"Skriven av":"","Ber\u00e4knad l\u00e4stid":"2 minuter"},"schema":{"@context":"https:\/\/schema.org","@graph":[{"@type":"Article","@id":"https:\/\/www.kompetensforetagen.se\/2023\/06\/seminarium-i-almedalen-behover-sverige-bemanningsbranschen\/#article","isPartOf":{"@id":"https:\/\/www.kompetensforetagen.se\/2023\/06\/seminarium-i-almedalen-behover-sverige-bemanningsbranschen\/"},"author":{"name":"","@id":""},"headline":"Seminarium i Almedalen: Beh\u00f6ver Sverige bemannings&shy;branschen?","datePublished":"2023-06-26T13:10:56+00:00","dateModified":"2023-10-24T11:22:20+00:00","mainEntityOfPage":{"@id":"https:\/\/www.kompetensforetagen.se\/2023\/06\/seminarium-i-almedalen-behover-sverige-bemanningsbranschen\/"},"wordCount":397,"publisher":{"@id":"https:\/\/www.kompetensforetagen.se\/#organization"},"image":{"@id":"https:\/\/www.kompetensforetagen.se\/2023\/06\/seminarium-i-almedalen-behover-sverige-bemanningsbranschen\/#primaryimage"},"thumbnailUrl":"https:\/\/www.kompetensforetagen.se\/app\/uploads\/sites\/5\/2023\/06\/pexels-karolina-grabowska-7875891-scaled.jpg","inLanguage":"sv-SE"},{"@type":"WebPage","@id":"https:\/\/www.kompetensforetagen.se\/2023\/06\/seminarium-i-almedalen-behover-sverige-bemanningsbranschen\/","url":"https:\/\/www.kompetensforetagen.se\/2023\/06\/seminarium-i-almedalen-behover-sverige-bemanningsbranschen\/","name":"Seminarium i Almedalen: Beh\u00f6ver Sverige bemanningsbranschen","isPartOf":{"@id":"https:\/\/www.kompetensforetagen.se\/#website"},"primaryImageOfPage":{"@id":"https:\/\/www.kompetensforetagen.se\/2023\/06\/seminarium-i-almedalen-behover-sverige-bemanningsbranschen\/#primaryimage"},"image":{"@id":"https:\/\/www.kompetensforetagen.se\/2023\/06\/seminarium-i-almedalen-behover-sverige-bemanningsbranschen\/#primaryimage"},"thumbnailUrl":"https:\/\/www.kompetensforetagen.se\/app\/uploads\/sites\/5\/2023\/06\/pexels-karolina-grabowska-7875891-scaled.jpg","datePublished":"2023-06-26T13:10:56+00:00","dateModified":"2023-10-24T11:22:20+00:00","description":"Beh\u00f6ver Sverige bemanningsbranschen? Det ska en panel av namnkunniga personer borra i under ett seminarium i Almedalen.","breadcrumb":{"@id":"https:\/\/www.kompetensforetagen.se\/2023\/06\/seminarium-i-almedalen-behover-sverige-bemanningsbranschen\/#breadcrumb"},"inLanguage":"sv-SE","potentialAction":[{"@type":"ReadAction","target":["https:\/\/www.kompetensforetagen.se\/2023\/06\/seminarium-i-almedalen-behover-sverige-bemanningsbranschen\/"]}]},{"@type":"ImageObject","inLanguage":"sv-SE","@id":"https:\/\/www.kompetensforetagen.se\/2023\/06\/seminarium-i-almedalen-behover-sverige-bemanningsbranschen\/#primaryimage","url":"https:\/\/www.kompetensforetagen.se\/app\/uploads\/sites\/5\/2023\/06\/pexels-karolina-grabowska-7875891-scaled.jpg","contentUrl":"https:\/\/www.kompetensforetagen.se\/app\/uploads\/sites\/5\/2023\/06\/pexels-karolina-grabowska-7875891-scaled.jpg","width":2560,"height":1707,"caption":"Tre m\u00e4n och en kvinna samtalar \u00f6ver en tjock uppslagen bok p\u00e5 ett bord mellan dem"},{"@type":"BreadcrumbList","@id":"https:\/\/www.kompetensforetagen.se\/2023\/06\/seminarium-i-almedalen-behover-sverige-bemanningsbranschen\/#breadcrumb","itemListElement":[{"@type":"ListItem","position":1,"name":"Home","item":"https:\/\/www.kompetensforetagen.se\/"},{"@type":"ListItem","position":2,"name":"Seminarium i Almedalen: Beh\u00f6ver Sverige bemannings&shy;branschen?"}]},{"@type":"WebSite","@id":"https:\/\/www.kompetensforetagen.se\/#website","url":"https:\/\/www.kompetensforetagen.se\/","name":"Kompetensf\u00f6retagen","description":"R\u00e4tt person p\u00e5 r\u00e4tt plats kan f\u00f6r\u00e4ndra v\u00e4rlden","publisher":{"@id":"https:\/\/www.kompetensforetagen.se\/#organization"},"potentialAction":[{"@type":"SearchAction","target":{"@type":"EntryPoint","urlTemplate":"https:\/\/www.kompetensforetagen.se\/?s={search_term_string}"},"query-input":{"@type":"PropertyValueSpecification","valueRequired":true,"valueName":"search_term_string"}}],"inLanguage":"sv-SE"},{"@type":"Organization","@id":"https:\/\/www.kompetensforetagen.se\/#organization","name":"Kompetensf\u00f6retagen","url":"https:\/\/www.kompetensforetagen.se\/","logo":{"@type":"ImageObject","inLanguage":"sv-SE","@id":"https:\/\/www.kompetensforetagen.se\/#\/schema\/logo\/image\/","url":"https:\/\/www.kompetensforetagen.se\/app\/uploads\/sites\/5\/2022\/10\/logga_svart.png","contentUrl":"https:\/\/www.kompetensforetagen.se\/app\/uploads\/sites\/5\/2022\/10\/logga_svart.png","width":752,"height":64,"caption":"Kompetensf\u00f6retagen"},"image":{"@id":"https:\/\/www.kompetensforetagen.se\/#\/schema\/logo\/image\/"},"sameAs":["https:\/\/www.linkedin.com\/company\/10540032\/"]},{"@type":"Person","@id":"","url":"https:\/\/www.kompetensforetagen.se\/person\/"}]}},"_links":{"self":[{"href":"https:\/\/www.kompetensforetagen.se\/api\/wp\/v2\/posts\/14086","targetHints":{"allow":["GET"]}}],"collection":[{"href":"https:\/\/www.kompetensforetagen.se\/api\/wp\/v2\/posts"}],"about":[{"href":"https:\/\/www.kompetensforetagen.se\/api\/wp\/v2\/types\/post"}],"author":[{"embeddable":true,"href":"https:\/\/www.kompetensforetagen.se\/api\/wp\/v2\/users\/6358"}],"replies":[{"embeddable":true,"href":"https:\/\/www.kompetensforetagen.se\/api\/wp\/v2\/comments?post=14086"}],"version-history":[{"count":6,"href":"https:\/\/www.kompetensforetagen.se\/api\/wp\/v2\/posts\/14086\/revisions"}],"predecessor-version":[{"id":15440,"href":"https:\/\/www.kompetensforetagen.se\/api\/wp\/v2\/posts\/14086\/revisions\/15440"}],"wp:featuredmedia":[{"embeddable":true,"href":"https:\/\/www.kompetensforetagen.se\/api\/wp\/v2\/media\/14111"}],"wp:attachment":[{"href":"https:\/\/www.kompetensforetagen.se\/api\/wp\/v2\/media?parent=14086"}],"wp:term":[{"taxonomy":"category","embeddable":true,"href":"https:\/\/www.kompetensforetagen.se\/api\/wp\/v2\/categories?post=14086"},{"taxonomy":"post_tag","embeddable":true,"href":"https:\/\/www.kompetensforetagen.se\/api\/wp\/v2\/tags?post=14086"},{"taxonomy":"type","embeddable":true,"href":"https:\/\/www.kompetensforetagen.se\/api\/wp\/v2\/article_type?post=14086"},{"taxonomy":"agreement","embeddable":true,"href":"https:\/\/www.kompetensforetagen.se\/api\/wp\/v2\/agreement?post=14086"},{"taxonomy":"for-members","embeddable":true,"href":"https:\/\/www.kompetensforetagen.se\/api\/wp\/v2\/for-members?post=14086"}],"curies":[{"name":"wp","href":"https:\/\/api.w.org\/{rel}","templated":true}]}}