{"id":13885,"date":"2023-06-16T13:22:28","date_gmt":"2023-06-16T11:22:28","guid":{"rendered":"https:\/\/www.kompetensforetagen.se\/?p=13885"},"modified":"2023-11-22T15:34:38","modified_gmt":"2023-11-22T14:34:38","slug":"effektivare-arbetsmarknad-med-komptensbranschen","status":"publish","type":"post","link":"https:\/\/www.kompetensforetagen.se\/2023\/06\/effektivare-arbetsmarknad-med-komptensbranschen\/","title":{"rendered":"Effektivare arbetsmarknad med kompetens&shy;branschen"},"content":{"rendered":"\n<p>Alla har en plats p\u00e5 arbetsmarknaden, men alla arbetss\u00f6kande f\u00e5r inte tillg\u00e5ng till de mest effektiva insatserna. 85 000 personer har varit arbetss\u00f6kande i \u00f6ver tv\u00e5 \u00e5r. Bara var fj\u00e4rde f\u00e5r hj\u00e4lp av ett matchningsf\u00f6retag. M\u00e5nga f\u00e5r inget st\u00f6d alls f\u00f6r att komma ur sin arbetsl\u00f6shet. Detta g\u00e4ller s\u00e4rskilt personer som st\u00e5r l\u00e5ngt ifr\u00e5n arbetsmarknaden, till exempel de med funktionsneds\u00e4ttning eller de med l\u00e5g utbildning. Dessa grupper har ofta inte f\u00e5tt det st\u00f6d som kr\u00e4vs f\u00f6r att komma i arbete eller p\u00e5b\u00f6rja en utbildning. Det skriver <a href=\"http:\/\/www.almega.se\" target=\"_blank\" rel=\"noreferrer noopener\">Almega<\/a>, Kompetensf\u00f6retagen och <a href=\"http:\/\/www.utbildningsforetagen.se\" target=\"_blank\" rel=\"noreferrer noopener\">Utbildningsf\u00f6retagen <\/a>i en ny rapport, <a href=\"https:\/\/www.almega.se\/app\/uploads\/2023\/06\/2306-Sa-bryter-vi-langtidsarbetslosheten.pdf\" target=\"_blank\" rel=\"noreferrer noopener\">S\u00e5 bryter vi l\u00e5ngtidsarbetsl\u00f6sheten. <\/a><\/p>\n\n\n\n<p>\u2013 Varje \u00e5r hj\u00e4lper kompetensbranschen tiotusentals m\u00e4nniskor att f\u00e5 in en fot p\u00e5 arbetsmarknaden. Det st\u00f6det m\u00e5ste ocks\u00e5 personer med funktionsneds\u00e4ttning f\u00e5, s\u00e4ger Fredric Sk\u00e4lstad, n\u00e4ringspolitisk chef p\u00e5 Kompetensf\u00f6retagen.<\/p>\n\n\n\n<p>Rapporten visar att Arbetsf\u00f6rmedlingens arbete f\u00f6r att bryta l\u00e5ngtidsarbetsl\u00f6sheten kan f\u00f6rb\u00e4ttras. F\u00f6r en person med funktionsneds\u00e4ttning \u00e4r processen fr\u00e5n inskrivning till insats s\u00e5 l\u00e5ng att den arbetss\u00f6kande hinner bli l\u00e5ngtidsarbetsl\u00f6s innan st\u00f6det s\u00e4tts in.<\/p>\n\n\n\n<p>\u2013 Vi vill f\u00f6renkla och effektivisera v\u00e4gen till arbete och egenmakt. Det \u00e4r orimligt att det tar ett helt \u00e5r innan st\u00f6det fr\u00e5n Arbetsf\u00f6rmedlingen s\u00e4tts in, s\u00e4ger Fredric Sk\u00e4lstad.<\/p>\n\n\n\n<blockquote class=\"wp-block-quote is-layout-flow wp-block-quote-is-layout-flow\">\n<p>Valfriheten \u00e4r viktigast f\u00f6r dem som upplever de st\u00f6rsta begr\u00e4nsningarna i sin vardag<\/p>\n<\/blockquote>\n\n\n\n<p>I rapporten f\u00f6resl\u00e5r Almega, Kompetensf\u00f6retagen och Utbildningsf\u00f6retagen en ny tj\u00e4nst f\u00f6r personer med funktionsneds\u00e4ttning, <em>St\u00f6d till arbete+<\/em>. Tj\u00e4nsten ska utf\u00f6ras av <a href=\"https:\/\/www.kompetensforetagen.se\/2021\/03\/de-fristaende-leverantorerna-krom\/\">frist\u00e5ende leverant\u00f6rer<\/a> och f\u00f6lja den senaste forskningen p\u00e5 omr\u00e5det. Det ska vara h\u00f6ga tr\u00f6sklar in och akt\u00f6rer som inte levererar tillr\u00e4ckligt goda resultat ska uteslutas.<\/p>\n\n\n<a class='Share__link Share__link--url copy-text' href='#' rel='nofollow' data-text='effektivare-arbetsmarknad-med-kompetensbranschen' title='Dela url' data-confirmation='L\u00e4nken kopierades till urklipp'><svg class='icon icon--link'  width='18' height='18' viewBox='0 0 18 18' fill='none' xmlns='http:\/\/www.w3.org\/2000\/svg'>\n            <path d='M10.4142 0.514721L6.87868 4.05025L8.29289 5.46447L11.1213 2.63604L15.364 6.87868L12.5355 9.70711L13.9497 11.1213L17.4853 7.58579C17.8763 7.19476 17.8763 6.5626 17.4853 6.17158L11.8284 0.514721C11.4374 0.123691 10.8052 0.123691 10.4142 0.514721Z' fill='black'\/>\n            <path d='M9.7071 12.5355L6.87868 15.364L2.63604 11.1213L5.46446 8.2929L4.05025 6.87868L0.514716 10.4142C0.123686 10.8052 0.123686 11.4374 0.514716 11.8284L6.17157 17.4853C6.5626 17.8763 7.19475 17.8763 7.58578 17.4853L11.1213 13.9497L9.7071 12.5355Z' fill='black'\/>\n            <path d='M6.17157 11.8284C6.5626 12.2195 7.19475 12.2195 7.58578 11.8284L11.8284 7.58579C12.2195 7.19476 12.2195 6.56261 11.8284 6.17158C11.4374 5.78055 10.8052 5.78055 10.4142 6.17158L6.17157 10.4142C5.78054 10.8052 5.78054 11.4374 6.17157 11.8284Z' fill='black'\/>\n            <\/svg> <\/a>\n<h2 class=\"wp-block-heading\">Effektivare arbetsmarknad med kompetensbranschen<\/h2>\n\n\n\n<p>I rapporten framg\u00e5r att reformen av arbetsmarknadspolitiken har varit framg\u00e5ngsrik. Statistiken visar att b\u00e5de l\u00e5ngtidsarbetsl\u00f6sa och personer med funktionsneds\u00e4ttning har f\u00e5tt arbete efter den nya matchningstj\u00e4nsten <a href=\"https:\/\/www.kompetensforetagen.se\/arbetsformedlingen\/krom-rusta-och-matcha\/\">Rusta och matcha<\/a>.<\/p>\n\n\n\n<p>\u2013 Valfriheten \u00e4r viktigast f\u00f6r dem som upplever de st\u00f6rsta begr\u00e4nsningarna i sin vardag. Personer med funktionsneds\u00e4ttning ska kunna v\u00e4lja mellan olika akt\u00f6rer som \u00e4r specialister p\u00e5 just deras behov. Inom kompetensbranschen finns seri\u00f6sa och auktoriserade omst\u00e4llningsf\u00f6retag som \u00e4r experter p\u00e5 att hj\u00e4lpa m\u00e5lgruppen till arbete, s\u00e4ger Fredric Sk\u00e4lstad.<\/p>\n","protected":false},"excerpt":{"rendered":"<p>Alla har en plats p\u00e5 arbetsmarknaden, men alla arbetss\u00f6kande f\u00e5r inte tillg\u00e5ng till de mest effektiva insatserna. 85 000 personer har varit arbetss\u00f6kande i \u00f6ver tv\u00e5 \u00e5r. Bara var fj\u00e4rde f\u00e5r hj\u00e4lp av ett matchningsf\u00f6retag. &hellip;<\/p>\n","protected":false},"author":6358,"featured_media":13985,"comment_status":"closed","ping_status":"closed","sticky":false,"template":"","format":"standard","meta":{"_acf_changed":false,"footnotes":""},"categories":[19],"tags":[],"article_type":[8,219,16],"agreement":[],"for-members":[],"class_list":["post-13885","post","type-post","status-publish","format-standard","has-post-thumbnail","hentry","category-omstallning","type-aktuellt","type-nyhet","type-rapporter"],"acf":[],"yoast_head":"<!-- This site is optimized with the Yoast SEO Premium plugin v26.8 (Yoast SEO v26.8) - https:\/\/yoast.com\/product\/yoast-seo-premium-wordpress\/ -->\n<title>Effektivare arbetsmarknad med fortsatt reform av Arbetsf\u00f6rmedlingen<\/title>\n<meta name=\"description\" content=\"En ny rapport ger f\u00f6rslag p\u00e5 hur vi f\u00e5r en effektivare arbetsmarknad. Bland annat m\u00e5ste det bli enklare att hj\u00e4lpa personer med funktionsneds\u00e4ttning. \u00a0\" \/>\n<meta name=\"robots\" content=\"index, follow, max-snippet:-1, max-image-preview:large, max-video-preview:-1\" \/>\n<link rel=\"canonical\" href=\"https:\/\/www.kompetensforetagen.se\/2023\/06\/effektivare-arbetsmarknad-med-komptensbranschen\/\" \/>\n<meta property=\"og:locale\" content=\"sv_SE\" \/>\n<meta property=\"og:type\" content=\"article\" \/>\n<meta property=\"og:title\" content=\"Effektivare arbetsmarknad med kompetensbranschen\" \/>\n<meta property=\"og:description\" content=\"En ny rapport ger f\u00f6rslag p\u00e5 hur vi f\u00e5r en effektivare arbetsmarknad. Bland annat m\u00e5ste det bli enklare att hj\u00e4lpa personer med funktionsneds\u00e4ttning. \u00a0\" \/>\n<meta property=\"og:url\" content=\"https:\/\/www.kompetensforetagen.se\/2023\/06\/effektivare-arbetsmarknad-med-komptensbranschen\/\" \/>\n<meta property=\"og:site_name\" content=\"Kompetensf\u00f6retagen\" \/>\n<meta property=\"article:published_time\" content=\"2023-06-16T11:22:28+00:00\" \/>\n<meta property=\"article:modified_time\" content=\"2023-11-22T14:34:38+00:00\" \/>\n<meta property=\"og:image\" content=\"https:\/\/www.kompetensforetagen.se\/app\/uploads\/sites\/5\/2023\/06\/pexels-jopwell-2422293-scaled.jpg\" \/>\n\t<meta property=\"og:image:width\" content=\"2560\" \/>\n\t<meta property=\"og:image:height\" content=\"1819\" \/>\n\t<meta property=\"og:image:type\" content=\"image\/jpeg\" \/>\n<meta name=\"twitter:card\" content=\"summary_large_image\" \/>\n<meta name=\"twitter:label1\" content=\"Skriven av\" \/>\n\t<meta name=\"twitter:data1\" content=\"\" \/>\n\t<meta name=\"twitter:label2\" content=\"Ber\u00e4knad l\u00e4stid\" \/>\n\t<meta name=\"twitter:data2\" content=\"2 minuter\" \/>\n<!-- \/ Yoast SEO Premium plugin. -->","yoast_head_json":{"title":"Effektivare arbetsmarknad med fortsatt reform av Arbetsf\u00f6rmedlingen","description":"En ny rapport ger f\u00f6rslag p\u00e5 hur vi f\u00e5r en effektivare arbetsmarknad. Bland annat m\u00e5ste det bli enklare att hj\u00e4lpa personer med funktionsneds\u00e4ttning. \u00a0","robots":{"index":"index","follow":"follow","max-snippet":"max-snippet:-1","max-image-preview":"max-image-preview:large","max-video-preview":"max-video-preview:-1"},"canonical":"https:\/\/www.kompetensforetagen.se\/2023\/06\/effektivare-arbetsmarknad-med-komptensbranschen\/","og_locale":"sv_SE","og_type":"article","og_title":"Effektivare arbetsmarknad med kompetensbranschen","og_description":"En ny rapport ger f\u00f6rslag p\u00e5 hur vi f\u00e5r en effektivare arbetsmarknad. Bland annat m\u00e5ste det bli enklare att hj\u00e4lpa personer med funktionsneds\u00e4ttning. \u00a0","og_url":"https:\/\/www.kompetensforetagen.se\/2023\/06\/effektivare-arbetsmarknad-med-komptensbranschen\/","og_site_name":"Kompetensf\u00f6retagen","article_published_time":"2023-06-16T11:22:28+00:00","article_modified_time":"2023-11-22T14:34:38+00:00","og_image":[{"width":2560,"height":1819,"url":"https:\/\/www.kompetensforetagen.se\/app\/uploads\/sites\/5\/2023\/06\/pexels-jopwell-2422293-scaled.jpg","type":"image\/jpeg"}],"twitter_card":"summary_large_image","twitter_misc":{"Skriven av":"","Ber\u00e4knad l\u00e4stid":"2 minuter"},"schema":{"@context":"https:\/\/schema.org","@graph":[{"@type":"Article","@id":"https:\/\/www.kompetensforetagen.se\/2023\/06\/effektivare-arbetsmarknad-med-komptensbranschen\/#article","isPartOf":{"@id":"https:\/\/www.kompetensforetagen.se\/2023\/06\/effektivare-arbetsmarknad-med-komptensbranschen\/"},"author":{"name":"","@id":""},"headline":"Effektivare arbetsmarknad med kompetens&shy;branschen","datePublished":"2023-06-16T11:22:28+00:00","dateModified":"2023-11-22T14:34:38+00:00","mainEntityOfPage":{"@id":"https:\/\/www.kompetensforetagen.se\/2023\/06\/effektivare-arbetsmarknad-med-komptensbranschen\/"},"wordCount":434,"publisher":{"@id":"https:\/\/www.kompetensforetagen.se\/#organization"},"image":{"@id":"https:\/\/www.kompetensforetagen.se\/2023\/06\/effektivare-arbetsmarknad-med-komptensbranschen\/#primaryimage"},"thumbnailUrl":"https:\/\/www.kompetensforetagen.se\/app\/uploads\/sites\/5\/2023\/06\/pexels-jopwell-2422293-scaled.jpg","articleSection":["Omst\u00e4llning"],"inLanguage":"sv-SE"},{"@type":"WebPage","@id":"https:\/\/www.kompetensforetagen.se\/2023\/06\/effektivare-arbetsmarknad-med-komptensbranschen\/","url":"https:\/\/www.kompetensforetagen.se\/2023\/06\/effektivare-arbetsmarknad-med-komptensbranschen\/","name":"Effektivare arbetsmarknad med fortsatt reform av Arbetsf\u00f6rmedlingen","isPartOf":{"@id":"https:\/\/www.kompetensforetagen.se\/#website"},"primaryImageOfPage":{"@id":"https:\/\/www.kompetensforetagen.se\/2023\/06\/effektivare-arbetsmarknad-med-komptensbranschen\/#primaryimage"},"image":{"@id":"https:\/\/www.kompetensforetagen.se\/2023\/06\/effektivare-arbetsmarknad-med-komptensbranschen\/#primaryimage"},"thumbnailUrl":"https:\/\/www.kompetensforetagen.se\/app\/uploads\/sites\/5\/2023\/06\/pexels-jopwell-2422293-scaled.jpg","datePublished":"2023-06-16T11:22:28+00:00","dateModified":"2023-11-22T14:34:38+00:00","description":"En ny rapport ger f\u00f6rslag p\u00e5 hur vi f\u00e5r en effektivare arbetsmarknad. Bland annat m\u00e5ste det bli enklare att hj\u00e4lpa personer med funktionsneds\u00e4ttning. \u00a0","breadcrumb":{"@id":"https:\/\/www.kompetensforetagen.se\/2023\/06\/effektivare-arbetsmarknad-med-komptensbranschen\/#breadcrumb"},"inLanguage":"sv-SE","potentialAction":[{"@type":"ReadAction","target":["https:\/\/www.kompetensforetagen.se\/2023\/06\/effektivare-arbetsmarknad-med-komptensbranschen\/"]}]},{"@type":"ImageObject","inLanguage":"sv-SE","@id":"https:\/\/www.kompetensforetagen.se\/2023\/06\/effektivare-arbetsmarknad-med-komptensbranschen\/#primaryimage","url":"https:\/\/www.kompetensforetagen.se\/app\/uploads\/sites\/5\/2023\/06\/pexels-jopwell-2422293-scaled.jpg","contentUrl":"https:\/\/www.kompetensforetagen.se\/app\/uploads\/sites\/5\/2023\/06\/pexels-jopwell-2422293-scaled.jpg","width":2560,"height":1819,"caption":"Kvinna sitter framf\u00f6r laptop och ler mot man som sitter bredvid"},{"@type":"BreadcrumbList","@id":"https:\/\/www.kompetensforetagen.se\/2023\/06\/effektivare-arbetsmarknad-med-komptensbranschen\/#breadcrumb","itemListElement":[{"@type":"ListItem","position":1,"name":"Home","item":"https:\/\/www.kompetensforetagen.se\/"},{"@type":"ListItem","position":2,"name":"Effektivare arbetsmarknad med kompetens&shy;branschen"}]},{"@type":"WebSite","@id":"https:\/\/www.kompetensforetagen.se\/#website","url":"https:\/\/www.kompetensforetagen.se\/","name":"Kompetensf\u00f6retagen","description":"R\u00e4tt person p\u00e5 r\u00e4tt plats kan f\u00f6r\u00e4ndra v\u00e4rlden","publisher":{"@id":"https:\/\/www.kompetensforetagen.se\/#organization"},"potentialAction":[{"@type":"SearchAction","target":{"@type":"EntryPoint","urlTemplate":"https:\/\/www.kompetensforetagen.se\/?s={search_term_string}"},"query-input":{"@type":"PropertyValueSpecification","valueRequired":true,"valueName":"search_term_string"}}],"inLanguage":"sv-SE"},{"@type":"Organization","@id":"https:\/\/www.kompetensforetagen.se\/#organization","name":"Kompetensf\u00f6retagen","url":"https:\/\/www.kompetensforetagen.se\/","logo":{"@type":"ImageObject","inLanguage":"sv-SE","@id":"https:\/\/www.kompetensforetagen.se\/#\/schema\/logo\/image\/","url":"https:\/\/www.kompetensforetagen.se\/app\/uploads\/sites\/5\/2022\/10\/logga_svart.png","contentUrl":"https:\/\/www.kompetensforetagen.se\/app\/uploads\/sites\/5\/2022\/10\/logga_svart.png","width":752,"height":64,"caption":"Kompetensf\u00f6retagen"},"image":{"@id":"https:\/\/www.kompetensforetagen.se\/#\/schema\/logo\/image\/"},"sameAs":["https:\/\/www.linkedin.com\/company\/10540032\/"]},{"@type":"Person","@id":"","url":"https:\/\/www.kompetensforetagen.se\/person\/"}]}},"_links":{"self":[{"href":"https:\/\/www.kompetensforetagen.se\/api\/wp\/v2\/posts\/13885","targetHints":{"allow":["GET"]}}],"collection":[{"href":"https:\/\/www.kompetensforetagen.se\/api\/wp\/v2\/posts"}],"about":[{"href":"https:\/\/www.kompetensforetagen.se\/api\/wp\/v2\/types\/post"}],"author":[{"embeddable":true,"href":"https:\/\/www.kompetensforetagen.se\/api\/wp\/v2\/users\/6358"}],"replies":[{"embeddable":true,"href":"https:\/\/www.kompetensforetagen.se\/api\/wp\/v2\/comments?post=13885"}],"version-history":[{"count":10,"href":"https:\/\/www.kompetensforetagen.se\/api\/wp\/v2\/posts\/13885\/revisions"}],"predecessor-version":[{"id":15497,"href":"https:\/\/www.kompetensforetagen.se\/api\/wp\/v2\/posts\/13885\/revisions\/15497"}],"wp:featuredmedia":[{"embeddable":true,"href":"https:\/\/www.kompetensforetagen.se\/api\/wp\/v2\/media\/13985"}],"wp:attachment":[{"href":"https:\/\/www.kompetensforetagen.se\/api\/wp\/v2\/media?parent=13885"}],"wp:term":[{"taxonomy":"category","embeddable":true,"href":"https:\/\/www.kompetensforetagen.se\/api\/wp\/v2\/categories?post=13885"},{"taxonomy":"post_tag","embeddable":true,"href":"https:\/\/www.kompetensforetagen.se\/api\/wp\/v2\/tags?post=13885"},{"taxonomy":"type","embeddable":true,"href":"https:\/\/www.kompetensforetagen.se\/api\/wp\/v2\/article_type?post=13885"},{"taxonomy":"agreement","embeddable":true,"href":"https:\/\/www.kompetensforetagen.se\/api\/wp\/v2\/agreement?post=13885"},{"taxonomy":"for-members","embeddable":true,"href":"https:\/\/www.kompetensforetagen.se\/api\/wp\/v2\/for-members?post=13885"}],"curies":[{"name":"wp","href":"https:\/\/api.w.org\/{rel}","templated":true}]}}