{"id":13855,"date":"2023-08-16T09:59:59","date_gmt":"2023-08-16T07:59:59","guid":{"rendered":"https:\/\/dev.kompetensforetagen.se\/?p=13855"},"modified":"2023-10-31T14:33:12","modified_gmt":"2023-10-31T13:33:12","slug":"christoffer-nilsson-ny-naringspolitisk-expert-hos-kompetensforetagen","status":"publish","type":"post","link":"https:\/\/www.kompetensforetagen.se\/2023\/08\/christoffer-nilsson-ny-naringspolitisk-expert-hos-kompetensforetagen\/","title":{"rendered":"Christoffer Nilsson ny n\u00e4ringspolitisk expert hos Kompetens&shy;f\u00f6retagen"},"content":{"rendered":"\n<p>Kompetensf\u00f6retagen forts\u00e4tter <a href=\"https:\/\/www.kompetensforetagen.se\/2023\/02\/kompetensforetagen-storsatsar-pa-naringspolitiken\/\">satsningen p\u00e5 det n\u00e4ringspolitiska arbetet.<\/a> Den 21 augusti ansluter Christoffer Nilsson till det n\u00e4ringspolitiska teamet. Christoffer \u00e4r i dag konsult p\u00e5 The Labyrinth Public Affairs och har en bakgrund inom Centerpartiet.<\/p>\n\n\n\n<p>\u2013 F\u00f6retagen i kompetensbranschen skapar arbete och tillv\u00e4xt, och \u00e4r en viktig best\u00e5ndsdel i att s\u00e4kra Sveriges kompetensf\u00f6rs\u00f6rjning. Jag ser fram emot att driva medlemmarnas fr\u00e5gor fram\u00e5t tillsammans med teamet p\u00e5 Kompetensf\u00f6retagen, s\u00e4ger Christoffer Nilsson.<\/p>\n\n\n\n<p>Ett av Kompetensf\u00f6retagens viktigaste uppdrag \u00e4r att f\u00f6rb\u00e4ttra villkoren f\u00f6r f\u00f6retag inom bemanning, rekrytering och omst\u00e4llning. Under 2023 bygger f\u00f6rbundet ett n\u00e4ringspolitiskt team under ledning av Fredric Sk\u00e4lstad. Ambitionen \u00e4r att medlemsf\u00f6retagens fr\u00e5gor ska komma h\u00f6gt p\u00e5 den politiska dagordningen och att f\u00f6rb\u00e4ttra n\u00e4rvaron i Bryssel.<\/p>\n\n\n\n<blockquote class=\"wp-block-quote is-layout-flow wp-block-quote-is-layout-flow\">\n<p>F\u00f6retagen i kompetensbranschen skapar arbete och tillv\u00e4xt, och \u00e4r en viktig best\u00e5ndsdel i att s\u00e4kra Sveriges kompetensf\u00f6rs\u00f6rjning.<\/p>\n<\/blockquote>\n\n\n\n<p>\u2013 Kompetensbranschen fyller en oerh\u00f6rt viktig funktion p\u00e5 arbetsmarknaden. Det \u00e4r mycket gl\u00e4djande att Christoffer Nilsson kommer till oss med sina erfarenheter och bidrar till att sprida den kunskapen. Han kommer att bli en viktig del av Kompetensf\u00f6retagens n\u00e4ringspolitiska arbete, s\u00e4ger Patrik Eidfelt, f\u00f6rbundsdirekt\u00f6r Kompetensf\u00f6retagen.<\/p>\n\n\n\n<p>L\u00e4s mer om Kompetensf\u00f6retagens <a href=\"https:\/\/www.kompetensforetagen.se\/vara-fragor\/\">fokusfr\u00e5gor<\/a>.<\/p>\n","protected":false},"excerpt":{"rendered":"<p>Kompetensf\u00f6retagen forts\u00e4tter satsningen p\u00e5 det n\u00e4ringspolitiska arbetet. Den 21 augusti ansluter Christoffer Nilsson till det n\u00e4ringspolitiska teamet. Christoffer \u00e4r i dag konsult p\u00e5 The Labyrinth Public Affairs och har en bakgrund inom Centerpartiet. \u2013 F\u00f6retagen &hellip;<\/p>\n","protected":false},"author":6358,"featured_media":14879,"comment_status":"closed","ping_status":"closed","sticky":false,"template":"","format":"standard","meta":{"_acf_changed":false,"footnotes":""},"categories":[1],"tags":[],"article_type":[8,219],"agreement":[],"for-members":[],"class_list":["post-13855","post","type-post","status-publish","format-standard","has-post-thumbnail","hentry","category-okategoriserade","type-aktuellt","type-nyhet"],"acf":[],"yoast_head":"<!-- This site is optimized with the Yoast SEO Premium plugin v26.8 (Yoast SEO v26.8) - https:\/\/yoast.com\/product\/yoast-seo-premium-wordpress\/ -->\n<title>Christoffer Nilsson ny n\u00e4ringspolitisk expert hos Kompetensf\u00f6retagen<\/title>\n<meta name=\"description\" content=\"Med rekryteringen av Christoffer Nilsson som n\u00e4ringspolitisk expert forts\u00e4tter Kompetensf\u00f6retagens satsning p\u00e5 det n\u00e4ringspolitiska arbetet.\" \/>\n<meta name=\"robots\" content=\"index, follow, max-snippet:-1, max-image-preview:large, max-video-preview:-1\" \/>\n<link rel=\"canonical\" href=\"https:\/\/www.kompetensforetagen.se\/2023\/08\/christoffer-nilsson-ny-naringspolitisk-expert-hos-kompetensforetagen\/\" \/>\n<meta property=\"og:locale\" content=\"sv_SE\" \/>\n<meta property=\"og:type\" content=\"article\" \/>\n<meta property=\"og:title\" content=\"Christoffer Nilsson ny n\u00e4ringspolitisk expert hos Kompetensf\u00f6retagen\" \/>\n<meta property=\"og:description\" content=\"Med rekryteringen av Christoffer Nilsson som n\u00e4ringspolitisk expert forts\u00e4tter Kompetensf\u00f6retagens satsning p\u00e5 det n\u00e4ringspolitiska arbetet.\" \/>\n<meta property=\"og:url\" content=\"https:\/\/www.kompetensforetagen.se\/2023\/08\/christoffer-nilsson-ny-naringspolitisk-expert-hos-kompetensforetagen\/\" \/>\n<meta property=\"og:site_name\" content=\"Kompetensf\u00f6retagen\" \/>\n<meta property=\"article:published_time\" content=\"2023-08-16T07:59:59+00:00\" \/>\n<meta property=\"article:modified_time\" content=\"2023-10-31T13:33:12+00:00\" \/>\n<meta property=\"og:image\" content=\"https:\/\/www.kompetensforetagen.se\/app\/uploads\/sites\/5\/2023\/08\/Christoffer_Nilsson_2.png\" \/>\n\t<meta property=\"og:image:width\" content=\"1024\" \/>\n\t<meta property=\"og:image:height\" content=\"666\" \/>\n\t<meta property=\"og:image:type\" content=\"image\/png\" \/>\n<meta name=\"twitter:card\" content=\"summary_large_image\" \/>\n<meta name=\"twitter:label1\" content=\"Skriven av\" \/>\n\t<meta name=\"twitter:data1\" content=\"\" \/>\n\t<meta name=\"twitter:label2\" content=\"Ber\u00e4knad l\u00e4stid\" \/>\n\t<meta name=\"twitter:data2\" content=\"1 minut\" \/>\n<!-- \/ Yoast SEO Premium plugin. -->","yoast_head_json":{"title":"Christoffer Nilsson ny n\u00e4ringspolitisk expert hos Kompetensf\u00f6retagen","description":"Med rekryteringen av Christoffer Nilsson som n\u00e4ringspolitisk expert forts\u00e4tter Kompetensf\u00f6retagens satsning p\u00e5 det n\u00e4ringspolitiska arbetet.","robots":{"index":"index","follow":"follow","max-snippet":"max-snippet:-1","max-image-preview":"max-image-preview:large","max-video-preview":"max-video-preview:-1"},"canonical":"https:\/\/www.kompetensforetagen.se\/2023\/08\/christoffer-nilsson-ny-naringspolitisk-expert-hos-kompetensforetagen\/","og_locale":"sv_SE","og_type":"article","og_title":"Christoffer Nilsson ny n\u00e4ringspolitisk expert hos Kompetensf\u00f6retagen","og_description":"Med rekryteringen av Christoffer Nilsson som n\u00e4ringspolitisk expert forts\u00e4tter Kompetensf\u00f6retagens satsning p\u00e5 det n\u00e4ringspolitiska arbetet.","og_url":"https:\/\/www.kompetensforetagen.se\/2023\/08\/christoffer-nilsson-ny-naringspolitisk-expert-hos-kompetensforetagen\/","og_site_name":"Kompetensf\u00f6retagen","article_published_time":"2023-08-16T07:59:59+00:00","article_modified_time":"2023-10-31T13:33:12+00:00","og_image":[{"width":1024,"height":666,"url":"https:\/\/www.kompetensforetagen.se\/app\/uploads\/sites\/5\/2023\/08\/Christoffer_Nilsson_2.png","type":"image\/png"}],"twitter_card":"summary_large_image","twitter_misc":{"Skriven av":"","Ber\u00e4knad l\u00e4stid":"1 minut"},"schema":{"@context":"https:\/\/schema.org","@graph":[{"@type":"Article","@id":"https:\/\/www.kompetensforetagen.se\/2023\/08\/christoffer-nilsson-ny-naringspolitisk-expert-hos-kompetensforetagen\/#article","isPartOf":{"@id":"https:\/\/www.kompetensforetagen.se\/2023\/08\/christoffer-nilsson-ny-naringspolitisk-expert-hos-kompetensforetagen\/"},"author":{"name":"","@id":""},"headline":"Christoffer Nilsson ny n\u00e4ringspolitisk expert hos Kompetens&shy;f\u00f6retagen","datePublished":"2023-08-16T07:59:59+00:00","dateModified":"2023-10-31T13:33:12+00:00","mainEntityOfPage":{"@id":"https:\/\/www.kompetensforetagen.se\/2023\/08\/christoffer-nilsson-ny-naringspolitisk-expert-hos-kompetensforetagen\/"},"wordCount":232,"publisher":{"@id":"https:\/\/www.kompetensforetagen.se\/#organization"},"image":{"@id":"https:\/\/www.kompetensforetagen.se\/2023\/08\/christoffer-nilsson-ny-naringspolitisk-expert-hos-kompetensforetagen\/#primaryimage"},"thumbnailUrl":"https:\/\/www.kompetensforetagen.se\/app\/uploads\/sites\/5\/2023\/08\/Christoffer_Nilsson_2.png","inLanguage":"sv-SE"},{"@type":"WebPage","@id":"https:\/\/www.kompetensforetagen.se\/2023\/08\/christoffer-nilsson-ny-naringspolitisk-expert-hos-kompetensforetagen\/","url":"https:\/\/www.kompetensforetagen.se\/2023\/08\/christoffer-nilsson-ny-naringspolitisk-expert-hos-kompetensforetagen\/","name":"Christoffer Nilsson ny n\u00e4ringspolitisk expert hos Kompetensf\u00f6retagen","isPartOf":{"@id":"https:\/\/www.kompetensforetagen.se\/#website"},"primaryImageOfPage":{"@id":"https:\/\/www.kompetensforetagen.se\/2023\/08\/christoffer-nilsson-ny-naringspolitisk-expert-hos-kompetensforetagen\/#primaryimage"},"image":{"@id":"https:\/\/www.kompetensforetagen.se\/2023\/08\/christoffer-nilsson-ny-naringspolitisk-expert-hos-kompetensforetagen\/#primaryimage"},"thumbnailUrl":"https:\/\/www.kompetensforetagen.se\/app\/uploads\/sites\/5\/2023\/08\/Christoffer_Nilsson_2.png","datePublished":"2023-08-16T07:59:59+00:00","dateModified":"2023-10-31T13:33:12+00:00","description":"Med rekryteringen av Christoffer Nilsson som n\u00e4ringspolitisk expert forts\u00e4tter Kompetensf\u00f6retagens satsning p\u00e5 det n\u00e4ringspolitiska arbetet.","breadcrumb":{"@id":"https:\/\/www.kompetensforetagen.se\/2023\/08\/christoffer-nilsson-ny-naringspolitisk-expert-hos-kompetensforetagen\/#breadcrumb"},"inLanguage":"sv-SE","potentialAction":[{"@type":"ReadAction","target":["https:\/\/www.kompetensforetagen.se\/2023\/08\/christoffer-nilsson-ny-naringspolitisk-expert-hos-kompetensforetagen\/"]}]},{"@type":"ImageObject","inLanguage":"sv-SE","@id":"https:\/\/www.kompetensforetagen.se\/2023\/08\/christoffer-nilsson-ny-naringspolitisk-expert-hos-kompetensforetagen\/#primaryimage","url":"https:\/\/www.kompetensforetagen.se\/app\/uploads\/sites\/5\/2023\/08\/Christoffer_Nilsson_2.png","contentUrl":"https:\/\/www.kompetensforetagen.se\/app\/uploads\/sites\/5\/2023\/08\/Christoffer_Nilsson_2.png","width":1024,"height":666,"caption":"Christoffer Nilsson ny n\u00e4ringspolitisk expert hos Kompetensf\u00f6retagen"},{"@type":"BreadcrumbList","@id":"https:\/\/www.kompetensforetagen.se\/2023\/08\/christoffer-nilsson-ny-naringspolitisk-expert-hos-kompetensforetagen\/#breadcrumb","itemListElement":[{"@type":"ListItem","position":1,"name":"Home","item":"https:\/\/www.kompetensforetagen.se\/"},{"@type":"ListItem","position":2,"name":"Christoffer Nilsson ny n\u00e4ringspolitisk expert hos Kompetens&shy;f\u00f6retagen"}]},{"@type":"WebSite","@id":"https:\/\/www.kompetensforetagen.se\/#website","url":"https:\/\/www.kompetensforetagen.se\/","name":"Kompetensf\u00f6retagen","description":"R\u00e4tt person p\u00e5 r\u00e4tt plats kan f\u00f6r\u00e4ndra v\u00e4rlden","publisher":{"@id":"https:\/\/www.kompetensforetagen.se\/#organization"},"potentialAction":[{"@type":"SearchAction","target":{"@type":"EntryPoint","urlTemplate":"https:\/\/www.kompetensforetagen.se\/?s={search_term_string}"},"query-input":{"@type":"PropertyValueSpecification","valueRequired":true,"valueName":"search_term_string"}}],"inLanguage":"sv-SE"},{"@type":"Organization","@id":"https:\/\/www.kompetensforetagen.se\/#organization","name":"Kompetensf\u00f6retagen","url":"https:\/\/www.kompetensforetagen.se\/","logo":{"@type":"ImageObject","inLanguage":"sv-SE","@id":"https:\/\/www.kompetensforetagen.se\/#\/schema\/logo\/image\/","url":"https:\/\/www.kompetensforetagen.se\/app\/uploads\/sites\/5\/2022\/10\/logga_svart.png","contentUrl":"https:\/\/www.kompetensforetagen.se\/app\/uploads\/sites\/5\/2022\/10\/logga_svart.png","width":752,"height":64,"caption":"Kompetensf\u00f6retagen"},"image":{"@id":"https:\/\/www.kompetensforetagen.se\/#\/schema\/logo\/image\/"},"sameAs":["https:\/\/www.linkedin.com\/company\/10540032\/"]},{"@type":"Person","@id":"","url":"https:\/\/www.kompetensforetagen.se\/person\/"}]}},"_links":{"self":[{"href":"https:\/\/www.kompetensforetagen.se\/api\/wp\/v2\/posts\/13855","targetHints":{"allow":["GET"]}}],"collection":[{"href":"https:\/\/www.kompetensforetagen.se\/api\/wp\/v2\/posts"}],"about":[{"href":"https:\/\/www.kompetensforetagen.se\/api\/wp\/v2\/types\/post"}],"author":[{"embeddable":true,"href":"https:\/\/www.kompetensforetagen.se\/api\/wp\/v2\/users\/6358"}],"replies":[{"embeddable":true,"href":"https:\/\/www.kompetensforetagen.se\/api\/wp\/v2\/comments?post=13855"}],"version-history":[{"count":10,"href":"https:\/\/www.kompetensforetagen.se\/api\/wp\/v2\/posts\/13855\/revisions"}],"predecessor-version":[{"id":15532,"href":"https:\/\/www.kompetensforetagen.se\/api\/wp\/v2\/posts\/13855\/revisions\/15532"}],"wp:featuredmedia":[{"embeddable":true,"href":"https:\/\/www.kompetensforetagen.se\/api\/wp\/v2\/media\/14879"}],"wp:attachment":[{"href":"https:\/\/www.kompetensforetagen.se\/api\/wp\/v2\/media?parent=13855"}],"wp:term":[{"taxonomy":"category","embeddable":true,"href":"https:\/\/www.kompetensforetagen.se\/api\/wp\/v2\/categories?post=13855"},{"taxonomy":"post_tag","embeddable":true,"href":"https:\/\/www.kompetensforetagen.se\/api\/wp\/v2\/tags?post=13855"},{"taxonomy":"type","embeddable":true,"href":"https:\/\/www.kompetensforetagen.se\/api\/wp\/v2\/article_type?post=13855"},{"taxonomy":"agreement","embeddable":true,"href":"https:\/\/www.kompetensforetagen.se\/api\/wp\/v2\/agreement?post=13855"},{"taxonomy":"for-members","embeddable":true,"href":"https:\/\/www.kompetensforetagen.se\/api\/wp\/v2\/for-members?post=13855"}],"curies":[{"name":"wp","href":"https:\/\/api.w.org\/{rel}","templated":true}]}}