{"id":13781,"date":"2023-06-13T13:25:20","date_gmt":"2023-06-13T11:25:20","guid":{"rendered":"https:\/\/dev.kompetensforetagen.se\/?p=13781"},"modified":"2023-07-14T10:59:28","modified_gmt":"2023-07-14T08:59:28","slug":"hogt-fortroende-for-hyrlakare-bland-svenska-folket","status":"publish","type":"post","link":"https:\/\/www.kompetensforetagen.se\/2023\/06\/hogt-fortroende-for-hyrlakare-bland-svenska-folket\/","title":{"rendered":"H\u00f6gt f\u00f6rtroende f\u00f6r hyrl\u00e4kare bland svenska folket"},"content":{"rendered":"\n<p>F\u00f6r sex av tio svenska spelar det ingen roll om l\u00e4karen \u00e4r inhyrd fr\u00e5n ett bemanningsf\u00f6retag s\u00e5 l\u00e4nge de f\u00e5r v\u00e5rd av kompetent personal. Det visar en unders\u00f6kning fr\u00e5n Demoskop, som utf\u00f6rts p\u00e5 uppdrag av Kompetensf\u00f6retagen. I samma unders\u00f6kning s\u00e4ger fem av tio att de prioriterar v\u00e5rd i tid \u00f6ver l\u00e4karens anst\u00e4llningsform.<\/p>\n\n\n\n<p>Svensk v\u00e5rd befinner sig i ett pressat l\u00e4ge p\u00e5 grund av pandemin och demografiska utmaningar. Kompetensf\u00f6retagens medlemsf\u00f6retag \u00e4r ett viktigt komplement till v\u00e5rden, men vi saknar t\u00e4tare dialog och f\u00f6rtroendefullt samarbete f\u00f6r f\u00f6rb\u00e4ttrad v\u00e5rdleverans fr\u00e5n regioner och SKR. Ist\u00e4llet ligger <a href=\"https:\/\/www.dagensmedicin.se\/opinion\/debatt\/fokus-for-vardens-kompetensforsorjning-maste-skifta\/\" target=\"_blank\" rel=\"noreferrer noopener\">fokus f\u00f6r dessa p\u00e5 att minska p\u00e5 inhyrning<\/a>, med riskfyllda konsekvenser som minskade v\u00e5rdplatser och l\u00e5nga v\u00e5rdk\u00f6er. I vissa regioner inf\u00f6rs till och med hyrstopp, trots att medborgarna prioriterar att faktiskt f\u00e5 v\u00e5rd, och i tid.<\/p>\n\n\n<a class='Share__link Share__link--url copy-text' href='#' rel='nofollow' data-text='hogt-fortroende-for-hyrlakare' title='Dela url' data-confirmation='L\u00e4nken kopierades till urklipp'><svg class='icon icon--link'  width='18' height='18' viewBox='0 0 18 18' fill='none' xmlns='http:\/\/www.w3.org\/2000\/svg'>\n            <path d='M10.4142 0.514721L6.87868 4.05025L8.29289 5.46447L11.1213 2.63604L15.364 6.87868L12.5355 9.70711L13.9497 11.1213L17.4853 7.58579C17.8763 7.19476 17.8763 6.5626 17.4853 6.17158L11.8284 0.514721C11.4374 0.123691 10.8052 0.123691 10.4142 0.514721Z' fill='black'\/>\n            <path d='M9.7071 12.5355L6.87868 15.364L2.63604 11.1213L5.46446 8.2929L4.05025 6.87868L0.514716 10.4142C0.123686 10.8052 0.123686 11.4374 0.514716 11.8284L6.17157 17.4853C6.5626 17.8763 7.19475 17.8763 7.58578 17.4853L11.1213 13.9497L9.7071 12.5355Z' fill='black'\/>\n            <path d='M6.17157 11.8284C6.5626 12.2195 7.19475 12.2195 7.58578 11.8284L11.8284 7.58579C12.2195 7.19476 12.2195 6.56261 11.8284 6.17158C11.4374 5.78055 10.8052 5.78055 10.4142 6.17158L6.17157 10.4142C5.78054 10.8052 5.78054 11.4374 6.17157 11.8284Z' fill='black'\/>\n            <\/svg> <\/a>\n<h2 class=\"wp-block-heading\">H\u00f6gt f\u00f6rtroende f\u00f6r hyrl\u00e4kare<\/h2>\n\n\n\n<p>-Allm\u00e4nhetens f\u00f6rtroende f\u00f6r inhyrd personal i v\u00e5rden \u00e4r stort. Sex av tio ser v\u00e5rdpersonalens kompetens som det viktigaste, d\u00e5 spelar det ingen roll om v\u00e5rden utf\u00f6rs av en l\u00e4kare fr\u00e5n ett bemanningsf\u00f6retag, s\u00e4ger Kompetensf\u00f6retagens ordf\u00f6rande Eva Domanders.<\/p>\n\n\n\n<blockquote class=\"wp-block-quote is-layout-flow wp-block-quote-is-layout-flow\">\n<p>F\u00f6r sex av tio svenska spelar det ingen roll om l\u00e4karen \u00e4r inhyrd fr\u00e5n ett bemanningsf\u00f6retag s\u00e5 l\u00e4nge de f\u00e5r v\u00e5rd av kompetent personal<\/p>\n<\/blockquote>\n\n\n\n<p>Kompetensf\u00f6retagen arbetar f\u00f6r att komma ifr\u00e5n snabba och ostyriga best\u00e4llningsprocesser som medf\u00f6r fokus p\u00e5 l\u00e4gsta pris och inhyrning utanf\u00f6r ramavtal. <a>Ett t\u00e4tare samarbete mellan regionerna, Kompetensf\u00f6retagen och dess medlemsf\u00f6retag skulle b\u00e5de bidra till en b\u00e4ttre planering och en fungerande kompetensf\u00f6rs\u00f6rjning i v\u00e5rden. D\u00e5 f\u00e5r regionerna mer kontroll \u00f6ver kostnaderna och patienterna f\u00e5r den v\u00e5rd de beh\u00f6ver<\/a>.<\/p>\n\n\n<a class='Share__link Share__link--url copy-text' href='#' rel='nofollow' data-text='den-viktiga-auktorisationen' title='Dela url' data-confirmation='L\u00e4nken kopierades till urklipp'><svg class='icon icon--link'  width='18' height='18' viewBox='0 0 18 18' fill='none' xmlns='http:\/\/www.w3.org\/2000\/svg'>\n            <path d='M10.4142 0.514721L6.87868 4.05025L8.29289 5.46447L11.1213 2.63604L15.364 6.87868L12.5355 9.70711L13.9497 11.1213L17.4853 7.58579C17.8763 7.19476 17.8763 6.5626 17.4853 6.17158L11.8284 0.514721C11.4374 0.123691 10.8052 0.123691 10.4142 0.514721Z' fill='black'\/>\n            <path d='M9.7071 12.5355L6.87868 15.364L2.63604 11.1213L5.46446 8.2929L4.05025 6.87868L0.514716 10.4142C0.123686 10.8052 0.123686 11.4374 0.514716 11.8284L6.17157 17.4853C6.5626 17.8763 7.19475 17.8763 7.58578 17.4853L11.1213 13.9497L9.7071 12.5355Z' fill='black'\/>\n            <path d='M6.17157 11.8284C6.5626 12.2195 7.19475 12.2195 7.58578 11.8284L11.8284 7.58579C12.2195 7.19476 12.2195 6.56261 11.8284 6.17158C11.4374 5.78055 10.8052 5.78055 10.4142 6.17158L6.17157 10.4142C5.78054 10.8052 5.78054 11.4374 6.17157 11.8284Z' fill='black'\/>\n            <\/svg> <\/a>\n<h2 class=\"wp-block-heading\">Den viktiga auktorisationen<\/h2>\n\n\n\n<p>-Historiska brister i regionernas upphandlingar har \u00f6ppnat marknaden f\u00f6r mindre seri\u00f6sa leverant\u00f6rer. F\u00f6r att undvika dessa b\u00f6r regionerna anlita <a href=\"https:\/\/www.kompetensforetagen.se\/auktorisation-for-bemanningsforetag\/\">auktoriserade <\/a>v\u00e5rdbemanningsf\u00f6retag. Den \u00e4r framtagen av branschen och facket. Den \u00e4r en garanti f\u00f6r ordnade aff\u00e4rer och anst\u00e4llningstrygghet, s\u00e4ger Eva Domanders.<\/p>\n\n\n\n<figure class=\"wp-block-table\"><table class=\"has-secondary-background-color has-background\"><tbody><tr><td><strong>Om unders\u00f6kningen<\/strong><br>Unders\u00f6kningen \u00e4r gjord av Demoskop p\u00e5 uppdrag av Kompetensf\u00f6retagen inom ramen f\u00f6r Iniziopanelen som speglar svenska folket. M\u00e5lgruppen \u00e4r allm\u00e4nheten 16-79 \u00e5r. Unders\u00f6kningen omfattar 1 827 intervjuer under perioden 21 mars &#8211; 3 april 2023 och \u00e4r genomf\u00f6rd som en webbunders\u00f6kning.<\/td><\/tr><\/tbody><\/table><\/figure>\n","protected":false},"excerpt":{"rendered":"<p>F\u00f6r sex av tio svenska spelar det ingen roll om l\u00e4karen \u00e4r inhyrd fr\u00e5n ett bemanningsf\u00f6retag s\u00e5 l\u00e4nge de f\u00e5r v\u00e5rd av kompetent personal. Det visar en unders\u00f6kning fr\u00e5n Demoskop, som utf\u00f6rts p\u00e5 uppdrag av &hellip;<\/p>\n","protected":false},"author":6358,"featured_media":13987,"comment_status":"closed","ping_status":"closed","sticky":false,"template":"","format":"standard","meta":{"_acf_changed":false,"footnotes":""},"categories":[1,5],"tags":[],"article_type":[8],"agreement":[],"for-members":[],"class_list":["post-13781","post","type-post","status-publish","format-standard","has-post-thumbnail","hentry","category-okategoriserade","category-vard","type-aktuellt"],"acf":[],"yoast_head":"<!-- This site is optimized with the Yoast SEO Premium plugin v26.8 (Yoast SEO v26.8) - https:\/\/yoast.com\/product\/yoast-seo-premium-wordpress\/ -->\n<title>H\u00f6gt f\u00f6rtroende f\u00f6r hyrl\u00e4kare bland svenska folket<\/title>\n<meta name=\"description\" content=\"Allm\u00e4nhetens f\u00f6rtroende f\u00f6r hyrl\u00e4kare \u00e4r stort. Sex av tio ser v\u00e5rdpersonalens kompetens som viktigast. Fem av tio prioriterar v\u00e5rd i tid.\" \/>\n<meta name=\"robots\" content=\"index, follow, max-snippet:-1, max-image-preview:large, max-video-preview:-1\" \/>\n<link rel=\"canonical\" href=\"https:\/\/www.kompetensforetagen.se\/2023\/06\/hogt-fortroende-for-hyrlakare-bland-svenska-folket\/\" \/>\n<meta property=\"og:locale\" content=\"sv_SE\" \/>\n<meta property=\"og:type\" content=\"article\" \/>\n<meta property=\"og:title\" content=\"H\u00f6gt f\u00f6rtroende f\u00f6r hyrl\u00e4kare bland svenska folket\" \/>\n<meta property=\"og:description\" content=\"Allm\u00e4nhetens f\u00f6rtroende f\u00f6r hyrl\u00e4kare \u00e4r stort. Sex av tio ser v\u00e5rdpersonalens kompetens som viktigast. Fem av tio prioriterar v\u00e5rd i tid.\" \/>\n<meta property=\"og:url\" content=\"https:\/\/www.kompetensforetagen.se\/2023\/06\/hogt-fortroende-for-hyrlakare-bland-svenska-folket\/\" \/>\n<meta property=\"og:site_name\" content=\"Kompetensf\u00f6retagen\" \/>\n<meta property=\"article:published_time\" content=\"2023-06-13T11:25:20+00:00\" \/>\n<meta property=\"article:modified_time\" content=\"2023-07-14T08:59:28+00:00\" \/>\n<meta property=\"og:image\" content=\"https:\/\/www.kompetensforetagen.se\/app\/uploads\/sites\/5\/2023\/06\/jubileum.png\" \/>\n\t<meta property=\"og:image:width\" content=\"1920\" \/>\n\t<meta property=\"og:image:height\" content=\"1080\" \/>\n\t<meta property=\"og:image:type\" content=\"image\/png\" \/>\n<meta name=\"twitter:card\" content=\"summary_large_image\" \/>\n<meta name=\"twitter:label1\" content=\"Skriven av\" \/>\n\t<meta name=\"twitter:data1\" content=\"\" \/>\n\t<meta name=\"twitter:label2\" content=\"Ber\u00e4knad l\u00e4stid\" \/>\n\t<meta name=\"twitter:data2\" content=\"2 minuter\" \/>\n<!-- \/ Yoast SEO Premium plugin. -->","yoast_head_json":{"title":"H\u00f6gt f\u00f6rtroende f\u00f6r hyrl\u00e4kare bland svenska folket","description":"Allm\u00e4nhetens f\u00f6rtroende f\u00f6r hyrl\u00e4kare \u00e4r stort. Sex av tio ser v\u00e5rdpersonalens kompetens som viktigast. Fem av tio prioriterar v\u00e5rd i tid.","robots":{"index":"index","follow":"follow","max-snippet":"max-snippet:-1","max-image-preview":"max-image-preview:large","max-video-preview":"max-video-preview:-1"},"canonical":"https:\/\/www.kompetensforetagen.se\/2023\/06\/hogt-fortroende-for-hyrlakare-bland-svenska-folket\/","og_locale":"sv_SE","og_type":"article","og_title":"H\u00f6gt f\u00f6rtroende f\u00f6r hyrl\u00e4kare bland svenska folket","og_description":"Allm\u00e4nhetens f\u00f6rtroende f\u00f6r hyrl\u00e4kare \u00e4r stort. Sex av tio ser v\u00e5rdpersonalens kompetens som viktigast. Fem av tio prioriterar v\u00e5rd i tid.","og_url":"https:\/\/www.kompetensforetagen.se\/2023\/06\/hogt-fortroende-for-hyrlakare-bland-svenska-folket\/","og_site_name":"Kompetensf\u00f6retagen","article_published_time":"2023-06-13T11:25:20+00:00","article_modified_time":"2023-07-14T08:59:28+00:00","og_image":[{"width":1920,"height":1080,"url":"https:\/\/www.kompetensforetagen.se\/app\/uploads\/sites\/5\/2023\/06\/jubileum.png","type":"image\/png"}],"twitter_card":"summary_large_image","twitter_misc":{"Skriven av":"","Ber\u00e4knad l\u00e4stid":"2 minuter"},"schema":{"@context":"https:\/\/schema.org","@graph":[{"@type":"Article","@id":"https:\/\/www.kompetensforetagen.se\/2023\/06\/hogt-fortroende-for-hyrlakare-bland-svenska-folket\/#article","isPartOf":{"@id":"https:\/\/www.kompetensforetagen.se\/2023\/06\/hogt-fortroende-for-hyrlakare-bland-svenska-folket\/"},"author":{"name":"","@id":""},"headline":"H\u00f6gt f\u00f6rtroende f\u00f6r hyrl\u00e4kare bland svenska folket","datePublished":"2023-06-13T11:25:20+00:00","dateModified":"2023-07-14T08:59:28+00:00","mainEntityOfPage":{"@id":"https:\/\/www.kompetensforetagen.se\/2023\/06\/hogt-fortroende-for-hyrlakare-bland-svenska-folket\/"},"wordCount":440,"publisher":{"@id":"https:\/\/www.kompetensforetagen.se\/#organization"},"image":{"@id":"https:\/\/www.kompetensforetagen.se\/2023\/06\/hogt-fortroende-for-hyrlakare-bland-svenska-folket\/#primaryimage"},"thumbnailUrl":"https:\/\/www.kompetensforetagen.se\/app\/uploads\/sites\/5\/2023\/06\/jubileum.png","articleSection":{"1":"V\u00e5rdbemanning"},"inLanguage":"sv-SE"},{"@type":"WebPage","@id":"https:\/\/www.kompetensforetagen.se\/2023\/06\/hogt-fortroende-for-hyrlakare-bland-svenska-folket\/","url":"https:\/\/www.kompetensforetagen.se\/2023\/06\/hogt-fortroende-for-hyrlakare-bland-svenska-folket\/","name":"H\u00f6gt f\u00f6rtroende f\u00f6r hyrl\u00e4kare bland svenska folket","isPartOf":{"@id":"https:\/\/www.kompetensforetagen.se\/#website"},"primaryImageOfPage":{"@id":"https:\/\/www.kompetensforetagen.se\/2023\/06\/hogt-fortroende-for-hyrlakare-bland-svenska-folket\/#primaryimage"},"image":{"@id":"https:\/\/www.kompetensforetagen.se\/2023\/06\/hogt-fortroende-for-hyrlakare-bland-svenska-folket\/#primaryimage"},"thumbnailUrl":"https:\/\/www.kompetensforetagen.se\/app\/uploads\/sites\/5\/2023\/06\/jubileum.png","datePublished":"2023-06-13T11:25:20+00:00","dateModified":"2023-07-14T08:59:28+00:00","description":"Allm\u00e4nhetens f\u00f6rtroende f\u00f6r hyrl\u00e4kare \u00e4r stort. Sex av tio ser v\u00e5rdpersonalens kompetens som viktigast. Fem av tio prioriterar v\u00e5rd i tid.","breadcrumb":{"@id":"https:\/\/www.kompetensforetagen.se\/2023\/06\/hogt-fortroende-for-hyrlakare-bland-svenska-folket\/#breadcrumb"},"inLanguage":"sv-SE","potentialAction":[{"@type":"ReadAction","target":["https:\/\/www.kompetensforetagen.se\/2023\/06\/hogt-fortroende-for-hyrlakare-bland-svenska-folket\/"]}]},{"@type":"ImageObject","inLanguage":"sv-SE","@id":"https:\/\/www.kompetensforetagen.se\/2023\/06\/hogt-fortroende-for-hyrlakare-bland-svenska-folket\/#primaryimage","url":"https:\/\/www.kompetensforetagen.se\/app\/uploads\/sites\/5\/2023\/06\/jubileum.png","contentUrl":"https:\/\/www.kompetensforetagen.se\/app\/uploads\/sites\/5\/2023\/06\/jubileum.png","width":1920,"height":1080,"caption":"Gult stetoskop och grafik med streckgubbar: H\u00f6gt f\u00f6rtroende f\u00f6r hyrl\u00e4kare bland svenska folket"},{"@type":"BreadcrumbList","@id":"https:\/\/www.kompetensforetagen.se\/2023\/06\/hogt-fortroende-for-hyrlakare-bland-svenska-folket\/#breadcrumb","itemListElement":[{"@type":"ListItem","position":1,"name":"Home","item":"https:\/\/www.kompetensforetagen.se\/"},{"@type":"ListItem","position":2,"name":"H\u00f6gt f\u00f6rtroende f\u00f6r hyrl\u00e4kare bland svenska folket"}]},{"@type":"WebSite","@id":"https:\/\/www.kompetensforetagen.se\/#website","url":"https:\/\/www.kompetensforetagen.se\/","name":"Kompetensf\u00f6retagen","description":"R\u00e4tt person p\u00e5 r\u00e4tt plats kan f\u00f6r\u00e4ndra v\u00e4rlden","publisher":{"@id":"https:\/\/www.kompetensforetagen.se\/#organization"},"potentialAction":[{"@type":"SearchAction","target":{"@type":"EntryPoint","urlTemplate":"https:\/\/www.kompetensforetagen.se\/?s={search_term_string}"},"query-input":{"@type":"PropertyValueSpecification","valueRequired":true,"valueName":"search_term_string"}}],"inLanguage":"sv-SE"},{"@type":"Organization","@id":"https:\/\/www.kompetensforetagen.se\/#organization","name":"Kompetensf\u00f6retagen","url":"https:\/\/www.kompetensforetagen.se\/","logo":{"@type":"ImageObject","inLanguage":"sv-SE","@id":"https:\/\/www.kompetensforetagen.se\/#\/schema\/logo\/image\/","url":"https:\/\/www.kompetensforetagen.se\/app\/uploads\/sites\/5\/2022\/10\/logga_svart.png","contentUrl":"https:\/\/www.kompetensforetagen.se\/app\/uploads\/sites\/5\/2022\/10\/logga_svart.png","width":752,"height":64,"caption":"Kompetensf\u00f6retagen"},"image":{"@id":"https:\/\/www.kompetensforetagen.se\/#\/schema\/logo\/image\/"},"sameAs":["https:\/\/www.linkedin.com\/company\/10540032\/"]},{"@type":"Person","@id":"","url":"https:\/\/www.kompetensforetagen.se\/person\/"}]}},"_links":{"self":[{"href":"https:\/\/www.kompetensforetagen.se\/api\/wp\/v2\/posts\/13781","targetHints":{"allow":["GET"]}}],"collection":[{"href":"https:\/\/www.kompetensforetagen.se\/api\/wp\/v2\/posts"}],"about":[{"href":"https:\/\/www.kompetensforetagen.se\/api\/wp\/v2\/types\/post"}],"author":[{"embeddable":true,"href":"https:\/\/www.kompetensforetagen.se\/api\/wp\/v2\/users\/6358"}],"replies":[{"embeddable":true,"href":"https:\/\/www.kompetensforetagen.se\/api\/wp\/v2\/comments?post=13781"}],"version-history":[{"count":3,"href":"https:\/\/www.kompetensforetagen.se\/api\/wp\/v2\/posts\/13781\/revisions"}],"predecessor-version":[{"id":14676,"href":"https:\/\/www.kompetensforetagen.se\/api\/wp\/v2\/posts\/13781\/revisions\/14676"}],"wp:featuredmedia":[{"embeddable":true,"href":"https:\/\/www.kompetensforetagen.se\/api\/wp\/v2\/media\/13987"}],"wp:attachment":[{"href":"https:\/\/www.kompetensforetagen.se\/api\/wp\/v2\/media?parent=13781"}],"wp:term":[{"taxonomy":"category","embeddable":true,"href":"https:\/\/www.kompetensforetagen.se\/api\/wp\/v2\/categories?post=13781"},{"taxonomy":"post_tag","embeddable":true,"href":"https:\/\/www.kompetensforetagen.se\/api\/wp\/v2\/tags?post=13781"},{"taxonomy":"type","embeddable":true,"href":"https:\/\/www.kompetensforetagen.se\/api\/wp\/v2\/article_type?post=13781"},{"taxonomy":"agreement","embeddable":true,"href":"https:\/\/www.kompetensforetagen.se\/api\/wp\/v2\/agreement?post=13781"},{"taxonomy":"for-members","embeddable":true,"href":"https:\/\/www.kompetensforetagen.se\/api\/wp\/v2\/for-members?post=13781"}],"curies":[{"name":"wp","href":"https:\/\/api.w.org\/{rel}","templated":true}]}}