{"id":13518,"date":"2023-06-01T12:10:52","date_gmt":"2023-06-01T10:10:52","guid":{"rendered":"https:\/\/dev.kompetensforetagen.se\/?p=13518"},"modified":"2023-06-01T12:10:53","modified_gmt":"2023-06-01T10:10:53","slug":"nya-kollektivavtal-med-unionen-och-akademikerforbunden-for-tjansteman","status":"publish","type":"post","link":"https:\/\/www.kompetensforetagen.se\/2023\/06\/nya-kollektivavtal-med-unionen-och-akademikerforbunden-for-tjansteman\/","title":{"rendered":"Nya kollektivavtal med Unionen och Akademiker\u00adf\u00f6rbunden f\u00f6r tj\u00e4nstem\u00e4n"},"content":{"rendered":"<p class=\"intro\">Kompetensf\u00f6retagen inom Almega har idag tecknat\u00a0<a href=\"https:\/\/www.kompetensforetagen.se\/medlemskap\/kollektivavtal\/\" target=\"_blank\" rel=\"noreferrer noopener\">kollektivavtal<\/a>\u00a0f\u00f6r tj\u00e4nstem\u00e4n med Akademikerf\u00f6rbunden och Unionen.<\/p>\n\n<p>Kompetensf\u00f6retagen inom Almega har idag tecknat&nbsp;<a href=\"https:\/\/www.kompetensforetagen.se\/medlemskap\/kollektivavtal\/\" target=\"_blank\" rel=\"noreferrer noopener\">kollektivavtal<\/a>&nbsp;f\u00f6r tj\u00e4nstem\u00e4n med Akademikerf\u00f6rbunden och Unionen. De tv\u00e5 avtalen g\u00e4ller tj\u00e4nstem\u00e4n inom bemanning, rekrytering och omst\u00e4llning och str\u00e4cker sig \u00f6ver 24 m\u00e5nader med ett totalt avtalsv\u00e4rde p\u00e5 7,4 procent.<\/p>\n\n\n\n<p>\u2013 Tillsammans med v\u00e5ra fackliga motparter har vi haft konstruktiva diskussioner. R\u00f6rande Unionen kom parterna f\u00f6rst efter frivillig medling till en \u00f6verenskommelse. Vi beklagar att avtalsf\u00f6rhandlingarna dragit ut p\u00e5 tiden men det \u00e4r gl\u00e4djande att vi nu \u00e4r \u00f6verens om ett avtal d\u00e4r \u00e4ven d\u00e4r avtalsv\u00e4rdet f\u00f6ljer det s\u00e5 kallade m\u00e4rket.<\/p>\n\n\n\n<p>Det nya avtalet med Unionen inneb\u00e4r bland annat att Kompetensf\u00f6retagens medlemmar f\u00e5r en avr\u00e4kning f\u00f6r de \u00f6kade kostnader som branschen f\u00e5r med anledning av fackens krav p\u00e5 h\u00f6jda l\u00e4gstal\u00f6ner.<\/p>\n\n\n\n<p>Kompetensf\u00f6retagens tidigare Tj\u00e4nstemannaavtal l\u00f6pte ut den 30 april 2023 och de nya kollektivavtalen med s\u00e5v\u00e4l Unionen som Akademikerf\u00f6rbunden g\u00e4ller fr\u00e5n och med den 1 maj 2023 till och med den 30 april 2025. Kollektivavtalet med Unionen ber\u00f6r drygt 29 000 \u00e5rsanst\u00e4llda medarbetare vid cirka 900 f\u00f6retag.<\/p>\n","protected":false},"excerpt":{"rendered":"<p>Kompetensf\u00f6retagen inom Almega har idag tecknat&nbsp;kollektivavtal&nbsp;f\u00f6r tj\u00e4nstem\u00e4n med Akademikerf\u00f6rbunden och Unionen. De tv\u00e5 avtalen g\u00e4ller tj\u00e4nstem\u00e4n inom bemanning, rekrytering och omst\u00e4llning och str\u00e4cker sig \u00f6ver 24 m\u00e5nader med ett totalt avtalsv\u00e4rde p\u00e5 7,4 procent. \u2013 &hellip;<\/p>\n","protected":false},"author":14830,"featured_media":13337,"comment_status":"closed","ping_status":"closed","sticky":false,"template":"","format":"standard","meta":{"_acf_changed":false,"footnotes":""},"categories":[13,166,1],"tags":[],"article_type":[],"agreement":[],"for-members":[],"class_list":["post-13518","post","type-post","status-publish","format-standard","has-post-thumbnail","hentry","category-avtalsrorelse","category-kollektivavtal","category-okategoriserade"],"acf":[],"yoast_head":"<!-- This site is optimized with the Yoast SEO Premium plugin v26.8 (Yoast SEO v26.8) - https:\/\/yoast.com\/product\/yoast-seo-premium-wordpress\/ -->\n<title>Nya kollektivavtal med Unionen och Akademiker\u00adf\u00f6rbunden f\u00f6r tj\u00e4nstem\u00e4n - Kompetensf\u00f6retagen<\/title>\n<meta name=\"description\" content=\"Kompetensf\u00f6retagen inom Almega har idag tecknat kollektivavtal f\u00f6r tj\u00e4nstem\u00e4n med Akademikerf\u00f6rbunden och Unionen.\" \/>\n<meta name=\"robots\" content=\"index, follow, max-snippet:-1, max-image-preview:large, max-video-preview:-1\" \/>\n<link rel=\"canonical\" href=\"https:\/\/www.kompetensforetagen.se\/2023\/06\/nya-kollektivavtal-med-unionen-och-akademikerforbunden-for-tjansteman\/\" \/>\n<meta property=\"og:locale\" content=\"sv_SE\" \/>\n<meta property=\"og:type\" content=\"article\" \/>\n<meta property=\"og:title\" content=\"Nya kollektivavtal med Unionen och Akademiker\u00adf\u00f6rbunden f\u00f6r tj\u00e4nstem\u00e4n\" \/>\n<meta property=\"og:description\" content=\"Kompetensf\u00f6retagen inom Almega har idag tecknat kollektivavtal f\u00f6r tj\u00e4nstem\u00e4n med Akademikerf\u00f6rbunden och Unionen.\" \/>\n<meta property=\"og:url\" content=\"https:\/\/www.kompetensforetagen.se\/2023\/06\/nya-kollektivavtal-med-unionen-och-akademikerforbunden-for-tjansteman\/\" \/>\n<meta property=\"og:site_name\" content=\"Kompetensf\u00f6retagen\" \/>\n<meta property=\"article:published_time\" content=\"2023-06-01T10:10:52+00:00\" \/>\n<meta property=\"article:modified_time\" content=\"2023-06-01T10:10:53+00:00\" \/>\n<meta property=\"og:image\" content=\"https:\/\/www.kompetensforetagen.se\/app\/uploads\/sites\/5\/2023\/05\/joahn_hult.jpg\" \/>\n\t<meta property=\"og:image:width\" content=\"1180\" \/>\n\t<meta property=\"og:image:height\" content=\"787\" \/>\n\t<meta property=\"og:image:type\" content=\"image\/jpeg\" \/>\n<meta name=\"author\" content=\"camillagunnar2\" \/>\n<meta name=\"twitter:card\" content=\"summary_large_image\" \/>\n<meta name=\"twitter:label1\" content=\"Skriven av\" \/>\n\t<meta name=\"twitter:data1\" content=\"camillagunnar2\" \/>\n\t<meta name=\"twitter:label2\" content=\"Ber\u00e4knad l\u00e4stid\" \/>\n\t<meta name=\"twitter:data2\" content=\"1 minut\" \/>\n<!-- \/ Yoast SEO Premium plugin. -->","yoast_head_json":{"title":"Nya kollektivavtal med Unionen och Akademiker\u00adf\u00f6rbunden f\u00f6r tj\u00e4nstem\u00e4n - Kompetensf\u00f6retagen","description":"Kompetensf\u00f6retagen inom Almega har idag tecknat kollektivavtal f\u00f6r tj\u00e4nstem\u00e4n med Akademikerf\u00f6rbunden och Unionen.","robots":{"index":"index","follow":"follow","max-snippet":"max-snippet:-1","max-image-preview":"max-image-preview:large","max-video-preview":"max-video-preview:-1"},"canonical":"https:\/\/www.kompetensforetagen.se\/2023\/06\/nya-kollektivavtal-med-unionen-och-akademikerforbunden-for-tjansteman\/","og_locale":"sv_SE","og_type":"article","og_title":"Nya kollektivavtal med Unionen och Akademiker\u00adf\u00f6rbunden f\u00f6r tj\u00e4nstem\u00e4n","og_description":"Kompetensf\u00f6retagen inom Almega har idag tecknat kollektivavtal f\u00f6r tj\u00e4nstem\u00e4n med Akademikerf\u00f6rbunden och Unionen.","og_url":"https:\/\/www.kompetensforetagen.se\/2023\/06\/nya-kollektivavtal-med-unionen-och-akademikerforbunden-for-tjansteman\/","og_site_name":"Kompetensf\u00f6retagen","article_published_time":"2023-06-01T10:10:52+00:00","article_modified_time":"2023-06-01T10:10:53+00:00","og_image":[{"width":1180,"height":787,"url":"https:\/\/www.kompetensforetagen.se\/app\/uploads\/sites\/5\/2023\/05\/joahn_hult.jpg","type":"image\/jpeg"}],"author":"camillagunnar2","twitter_card":"summary_large_image","twitter_misc":{"Skriven av":"camillagunnar2","Ber\u00e4knad l\u00e4stid":"1 minut"},"schema":{"@context":"https:\/\/schema.org","@graph":[{"@type":"Article","@id":"https:\/\/www.kompetensforetagen.se\/2023\/06\/nya-kollektivavtal-med-unionen-och-akademikerforbunden-for-tjansteman\/#article","isPartOf":{"@id":"https:\/\/www.kompetensforetagen.se\/2023\/06\/nya-kollektivavtal-med-unionen-och-akademikerforbunden-for-tjansteman\/"},"author":{"name":"camillagunnar2","@id":"https:\/\/www.kompetensforetagen.se\/#\/schema\/person\/94b8ea93ef0611b1467f15023d9ebd1b"},"headline":"Nya kollektivavtal med Unionen och Akademiker\u00adf\u00f6rbunden f\u00f6r tj\u00e4nstem\u00e4n","datePublished":"2023-06-01T10:10:52+00:00","dateModified":"2023-06-01T10:10:53+00:00","mainEntityOfPage":{"@id":"https:\/\/www.kompetensforetagen.se\/2023\/06\/nya-kollektivavtal-med-unionen-och-akademikerforbunden-for-tjansteman\/"},"wordCount":207,"publisher":{"@id":"https:\/\/www.kompetensforetagen.se\/#organization"},"image":{"@id":"https:\/\/www.kompetensforetagen.se\/2023\/06\/nya-kollektivavtal-med-unionen-och-akademikerforbunden-for-tjansteman\/#primaryimage"},"thumbnailUrl":"https:\/\/www.kompetensforetagen.se\/app\/uploads\/sites\/5\/2023\/05\/joahn_hult.jpg","articleSection":["Avtalsr\u00f6relse","Kollektivavtal"],"inLanguage":"sv-SE"},{"@type":"WebPage","@id":"https:\/\/www.kompetensforetagen.se\/2023\/06\/nya-kollektivavtal-med-unionen-och-akademikerforbunden-for-tjansteman\/","url":"https:\/\/www.kompetensforetagen.se\/2023\/06\/nya-kollektivavtal-med-unionen-och-akademikerforbunden-for-tjansteman\/","name":"Nya kollektivavtal med Unionen och Akademiker\u00adf\u00f6rbunden f\u00f6r tj\u00e4nstem\u00e4n - Kompetensf\u00f6retagen","isPartOf":{"@id":"https:\/\/www.kompetensforetagen.se\/#website"},"primaryImageOfPage":{"@id":"https:\/\/www.kompetensforetagen.se\/2023\/06\/nya-kollektivavtal-med-unionen-och-akademikerforbunden-for-tjansteman\/#primaryimage"},"image":{"@id":"https:\/\/www.kompetensforetagen.se\/2023\/06\/nya-kollektivavtal-med-unionen-och-akademikerforbunden-for-tjansteman\/#primaryimage"},"thumbnailUrl":"https:\/\/www.kompetensforetagen.se\/app\/uploads\/sites\/5\/2023\/05\/joahn_hult.jpg","datePublished":"2023-06-01T10:10:52+00:00","dateModified":"2023-06-01T10:10:53+00:00","description":"Kompetensf\u00f6retagen inom Almega har idag tecknat kollektivavtal f\u00f6r tj\u00e4nstem\u00e4n med Akademikerf\u00f6rbunden och Unionen.","breadcrumb":{"@id":"https:\/\/www.kompetensforetagen.se\/2023\/06\/nya-kollektivavtal-med-unionen-och-akademikerforbunden-for-tjansteman\/#breadcrumb"},"inLanguage":"sv-SE","potentialAction":[{"@type":"ReadAction","target":["https:\/\/www.kompetensforetagen.se\/2023\/06\/nya-kollektivavtal-med-unionen-och-akademikerforbunden-for-tjansteman\/"]}]},{"@type":"ImageObject","inLanguage":"sv-SE","@id":"https:\/\/www.kompetensforetagen.se\/2023\/06\/nya-kollektivavtal-med-unionen-och-akademikerforbunden-for-tjansteman\/#primaryimage","url":"https:\/\/www.kompetensforetagen.se\/app\/uploads\/sites\/5\/2023\/05\/joahn_hult.jpg","contentUrl":"https:\/\/www.kompetensforetagen.se\/app\/uploads\/sites\/5\/2023\/05\/joahn_hult.jpg","width":1180,"height":787,"caption":"Johan huldt, F\u00f6rhandlingschef f\u00f6r kompetensf\u00f6retagen"},{"@type":"BreadcrumbList","@id":"https:\/\/www.kompetensforetagen.se\/2023\/06\/nya-kollektivavtal-med-unionen-och-akademikerforbunden-for-tjansteman\/#breadcrumb","itemListElement":[{"@type":"ListItem","position":1,"name":"Home","item":"https:\/\/www.kompetensforetagen.se\/"},{"@type":"ListItem","position":2,"name":"Nya kollektivavtal med Unionen och Akademiker\u00adf\u00f6rbunden f\u00f6r tj\u00e4nstem\u00e4n"}]},{"@type":"WebSite","@id":"https:\/\/www.kompetensforetagen.se\/#website","url":"https:\/\/www.kompetensforetagen.se\/","name":"Kompetensf\u00f6retagen","description":"R\u00e4tt person p\u00e5 r\u00e4tt plats kan f\u00f6r\u00e4ndra v\u00e4rlden","publisher":{"@id":"https:\/\/www.kompetensforetagen.se\/#organization"},"potentialAction":[{"@type":"SearchAction","target":{"@type":"EntryPoint","urlTemplate":"https:\/\/www.kompetensforetagen.se\/?s={search_term_string}"},"query-input":{"@type":"PropertyValueSpecification","valueRequired":true,"valueName":"search_term_string"}}],"inLanguage":"sv-SE"},{"@type":"Organization","@id":"https:\/\/www.kompetensforetagen.se\/#organization","name":"Kompetensf\u00f6retagen","url":"https:\/\/www.kompetensforetagen.se\/","logo":{"@type":"ImageObject","inLanguage":"sv-SE","@id":"https:\/\/www.kompetensforetagen.se\/#\/schema\/logo\/image\/","url":"https:\/\/www.kompetensforetagen.se\/app\/uploads\/sites\/5\/2022\/10\/logga_svart.png","contentUrl":"https:\/\/www.kompetensforetagen.se\/app\/uploads\/sites\/5\/2022\/10\/logga_svart.png","width":752,"height":64,"caption":"Kompetensf\u00f6retagen"},"image":{"@id":"https:\/\/www.kompetensforetagen.se\/#\/schema\/logo\/image\/"},"sameAs":["https:\/\/www.linkedin.com\/company\/10540032\/"]},{"@type":"Person","@id":"https:\/\/www.kompetensforetagen.se\/#\/schema\/person\/94b8ea93ef0611b1467f15023d9ebd1b","name":"camillagunnar2","image":{"@type":"ImageObject","inLanguage":"sv-SE","@id":"https:\/\/www.kompetensforetagen.se\/#\/schema\/person\/image\/","url":"https:\/\/secure.gravatar.com\/avatar\/b6f8240666aff929220ce2eb5e5698c1b44b3223ca9f0ac50ecbf5dbdb13dab4?s=96&d=mm&r=g","contentUrl":"https:\/\/secure.gravatar.com\/avatar\/b6f8240666aff929220ce2eb5e5698c1b44b3223ca9f0ac50ecbf5dbdb13dab4?s=96&d=mm&r=g","caption":"camillagunnar2"},"url":"https:\/\/www.kompetensforetagen.se\/person\/camillagunnar2\/"}]}},"_links":{"self":[{"href":"https:\/\/www.kompetensforetagen.se\/api\/wp\/v2\/posts\/13518","targetHints":{"allow":["GET"]}}],"collection":[{"href":"https:\/\/www.kompetensforetagen.se\/api\/wp\/v2\/posts"}],"about":[{"href":"https:\/\/www.kompetensforetagen.se\/api\/wp\/v2\/types\/post"}],"author":[{"embeddable":true,"href":"https:\/\/www.kompetensforetagen.se\/api\/wp\/v2\/users\/14830"}],"replies":[{"embeddable":true,"href":"https:\/\/www.kompetensforetagen.se\/api\/wp\/v2\/comments?post=13518"}],"version-history":[{"count":2,"href":"https:\/\/www.kompetensforetagen.se\/api\/wp\/v2\/posts\/13518\/revisions"}],"predecessor-version":[{"id":13520,"href":"https:\/\/www.kompetensforetagen.se\/api\/wp\/v2\/posts\/13518\/revisions\/13520"}],"wp:featuredmedia":[{"embeddable":true,"href":"https:\/\/www.kompetensforetagen.se\/api\/wp\/v2\/media\/13337"}],"wp:attachment":[{"href":"https:\/\/www.kompetensforetagen.se\/api\/wp\/v2\/media?parent=13518"}],"wp:term":[{"taxonomy":"category","embeddable":true,"href":"https:\/\/www.kompetensforetagen.se\/api\/wp\/v2\/categories?post=13518"},{"taxonomy":"post_tag","embeddable":true,"href":"https:\/\/www.kompetensforetagen.se\/api\/wp\/v2\/tags?post=13518"},{"taxonomy":"type","embeddable":true,"href":"https:\/\/www.kompetensforetagen.se\/api\/wp\/v2\/article_type?post=13518"},{"taxonomy":"agreement","embeddable":true,"href":"https:\/\/www.kompetensforetagen.se\/api\/wp\/v2\/agreement?post=13518"},{"taxonomy":"for-members","embeddable":true,"href":"https:\/\/www.kompetensforetagen.se\/api\/wp\/v2\/for-members?post=13518"}],"curies":[{"name":"wp","href":"https:\/\/api.w.org\/{rel}","templated":true}]}}