{"id":13503,"date":"2023-06-01T11:25:43","date_gmt":"2023-06-01T09:25:43","guid":{"rendered":"https:\/\/dev.kompetensforetagen.se\/?p=13503"},"modified":"2023-07-07T15:34:37","modified_gmt":"2023-07-07T13:34:37","slug":"april-2023-verksamhetsberattelse","status":"publish","type":"post","link":"https:\/\/www.kompetensforetagen.se\/2023\/06\/april-2023-verksamhetsberattelse\/","title":{"rendered":"April 2023 verksamhetsber\u00e4ttelse"},"content":{"rendered":"<p class=\"intro\">5 april publiceras som en del av Kompetensf\u00f6retagens jubileumsspecial en\u00a0nyhet om n\u00e4r \u00a0auktorisation f\u00f6r rekryteringsf\u00f6retag inf\u00f6rdes.<\/p>\n\n<p>5 april publiceras som en del av Kompetensf\u00f6retagens jubileumsspecial en\u00a0<a href=\"https:\/\/www.kompetensforetagen.se\/2023\/04\/jubileumsspecial-da-infordes-auktorisation-for-rekryteringsforetag\/\">nyhet om n\u00e4r \u00a0auktorisation f\u00f6r rekryteringsf\u00f6retag inf\u00f6rdes.<\/a><\/p>\n\n\n\n<p>11 april delas forts\u00e4ttningen p\u00e5 internationella branschorganisationens Social Impact Report, om hur\u00a0<a href=\"https:\/\/www.kompetensforetagen.se\/2023\/01\/sa-yttrar-sig-global-kompetensbrist\/\">global kompetensbrist yttrar sig<\/a>.<\/p>\n\n\n\n<p>13 april tr\u00e4ffar Kompetensf\u00f6retagen Malin Sj\u00f6berg H\u00f6grell, Liberalerna, region Uppsala.<\/p>\n\n\n\n<p>13 april tr\u00e4ffar Kompetensf\u00f6retagen&nbsp;Emelie Orring, Moderaterna, region Uppsala.<\/p>\n\n\n\n<p>17 april sammantr\u00e4der\u00a0<a href=\"https:\/\/www.kompetensforetagen.se\/auktorisation\/kompetensforetagens-auktorisationsnamnd\/\">auktorisationsn\u00e4mnden<\/a>.<\/p>\n\n\n\n<p>18 april tr\u00e4ffar Kompetensf\u00f6retagen Irene Svenonius, Moderaterna, oppositionsborgarr\u00e5d, region Stockholm.<\/p>\n\n\n\n<p>18 april tr\u00e4ffades n\u00e4tverket\u00a0<a href=\"https:\/\/www.kompetensforetagen.se\/kompetensforetagens-medlemsnatverk\/\">Omst\u00e4llningsgruppen<\/a>.<\/p>\n\n\n\n<p>18 april tilltr\u00e4der Fredric Sk\u00e4lstad som n\u00e4ringspolitisk chef.<\/p>\n\n\n\n<p>19 april m\u00f6ter bland andra f\u00f6rbundsdirekt\u00f6r\u00a0<a href=\"https:\/\/www.linkedin.com\/feed\/update\/urn:li:activity:7054450496400465920\">Patrik Eidfelt tr\u00e4ffade arbetsmarknadsutskottets ordf\u00f6rande Magnus Persson, riksdagsledamot Ann-Christine From Utterstedt och politisk sekreterare Sofie Bergqvist<\/a>\u00a0(alla SD) med budskapet att kompetensbranschen l\u00f6ser problemen p\u00e5 den svenska arbetsmarknaden!<\/p>\n\n\n\n<p>25 april kan Kompetensf\u00f6retagen meddela att auktoriserade f\u00f6retag f\u00e5r\u00a0tio procents rabatt p\u00e5 f\u00f6retagsf\u00f6rs\u00e4kringar hos S\u00f6derberg&amp;Partners.<\/p>\n\n\n\n<p>25 april kommer ocks\u00e5\u00a0<a href=\"https:\/\/www.kompetensforetagen.se\/2023\/04\/arsrapport-2022-okad-omsattning-och-fler-jobb-i-kompetensbranschen\/\">\u00c5rsrapporten\u00a02022<\/a>, som visar p\u00e5 \u00f6kad oms\u00e4ttning och fler jobb i kompetensbranschen.<\/p>\n\n\n\n<p>28 april\u00a0tecknas avtal\u00a0med alla LO-f\u00f6rbund f\u00f6r 40 000 bemanningskonsulter.<\/p>\n","protected":false},"excerpt":{"rendered":"<p>5 april publiceras som en del av Kompetensf\u00f6retagens jubileumsspecial en\u00a0nyhet om n\u00e4r \u00a0auktorisation f\u00f6r rekryteringsf\u00f6retag inf\u00f6rdes. 11 april delas forts\u00e4ttningen p\u00e5 internationella branschorganisationens Social Impact Report, om hur\u00a0global kompetensbrist yttrar sig. 13 april tr\u00e4ffar Kompetensf\u00f6retagen &hellip;<\/p>\n","protected":false},"author":14830,"featured_media":9637,"comment_status":"closed","ping_status":"closed","sticky":false,"template":"","format":"standard","meta":{"_acf_changed":false,"footnotes":""},"categories":[1,213],"tags":[],"article_type":[],"agreement":[],"for-members":[],"class_list":["post-13503","post","type-post","status-publish","format-standard","has-post-thumbnail","hentry","category-okategoriserade","category-verksamhetsberattelse"],"acf":[],"yoast_head":"<!-- This site is optimized with the Yoast SEO Premium plugin v26.8 (Yoast SEO v26.8) - https:\/\/yoast.com\/product\/yoast-seo-premium-wordpress\/ -->\n<title>April 2023 verksamhetsber\u00e4ttelse - Kompetensf\u00f6retagen<\/title>\n<meta name=\"description\" content=\"5 april publiceras som en del av Kompetensf\u00f6retagens jubileumsspecial en\u00a0nyhet om n\u00e4r \u00a0auktorisation f\u00f6r rekryteringsf\u00f6retag inf\u00f6rdes.\" \/>\n<meta name=\"robots\" content=\"index, follow, max-snippet:-1, max-image-preview:large, max-video-preview:-1\" \/>\n<link rel=\"canonical\" href=\"https:\/\/www.kompetensforetagen.se\/2023\/06\/april-2023-verksamhetsberattelse\/\" \/>\n<meta property=\"og:locale\" content=\"sv_SE\" \/>\n<meta property=\"og:type\" content=\"article\" \/>\n<meta property=\"og:title\" content=\"April 2023 verksamhetsber\u00e4ttelse\" \/>\n<meta property=\"og:description\" content=\"5 april publiceras som en del av Kompetensf\u00f6retagens jubileumsspecial en\u00a0nyhet om n\u00e4r \u00a0auktorisation f\u00f6r rekryteringsf\u00f6retag inf\u00f6rdes.\" \/>\n<meta property=\"og:url\" content=\"https:\/\/www.kompetensforetagen.se\/2023\/06\/april-2023-verksamhetsberattelse\/\" \/>\n<meta property=\"og:site_name\" content=\"Kompetensf\u00f6retagen\" \/>\n<meta property=\"article:published_time\" content=\"2023-06-01T09:25:43+00:00\" \/>\n<meta property=\"article:modified_time\" content=\"2023-07-07T13:34:37+00:00\" \/>\n<meta property=\"og:image\" content=\"https:\/\/www.kompetensforetagen.se\/app\/uploads\/sites\/5\/2022\/06\/april-1.png\" \/>\n\t<meta property=\"og:image:width\" content=\"945\" \/>\n\t<meta property=\"og:image:height\" content=\"945\" \/>\n\t<meta property=\"og:image:type\" content=\"image\/png\" \/>\n<meta name=\"author\" content=\"camillagunnar2\" \/>\n<meta name=\"twitter:card\" content=\"summary_large_image\" \/>\n<meta name=\"twitter:label1\" content=\"Skriven av\" \/>\n\t<meta name=\"twitter:data1\" content=\"camillagunnar2\" \/>\n\t<meta name=\"twitter:label2\" content=\"Ber\u00e4knad l\u00e4stid\" \/>\n\t<meta name=\"twitter:data2\" content=\"1 minut\" \/>\n<!-- \/ Yoast SEO Premium plugin. -->","yoast_head_json":{"title":"April 2023 verksamhetsber\u00e4ttelse - Kompetensf\u00f6retagen","description":"5 april publiceras som en del av Kompetensf\u00f6retagens jubileumsspecial en\u00a0nyhet om n\u00e4r \u00a0auktorisation f\u00f6r rekryteringsf\u00f6retag inf\u00f6rdes.","robots":{"index":"index","follow":"follow","max-snippet":"max-snippet:-1","max-image-preview":"max-image-preview:large","max-video-preview":"max-video-preview:-1"},"canonical":"https:\/\/www.kompetensforetagen.se\/2023\/06\/april-2023-verksamhetsberattelse\/","og_locale":"sv_SE","og_type":"article","og_title":"April 2023 verksamhetsber\u00e4ttelse","og_description":"5 april publiceras som en del av Kompetensf\u00f6retagens jubileumsspecial en\u00a0nyhet om n\u00e4r \u00a0auktorisation f\u00f6r rekryteringsf\u00f6retag inf\u00f6rdes.","og_url":"https:\/\/www.kompetensforetagen.se\/2023\/06\/april-2023-verksamhetsberattelse\/","og_site_name":"Kompetensf\u00f6retagen","article_published_time":"2023-06-01T09:25:43+00:00","article_modified_time":"2023-07-07T13:34:37+00:00","og_image":[{"width":945,"height":945,"url":"https:\/\/www.kompetensforetagen.se\/app\/uploads\/sites\/5\/2022\/06\/april-1.png","type":"image\/png"}],"author":"camillagunnar2","twitter_card":"summary_large_image","twitter_misc":{"Skriven av":"camillagunnar2","Ber\u00e4knad l\u00e4stid":"1 minut"},"schema":{"@context":"https:\/\/schema.org","@graph":[{"@type":"Article","@id":"https:\/\/www.kompetensforetagen.se\/2023\/06\/april-2023-verksamhetsberattelse\/#article","isPartOf":{"@id":"https:\/\/www.kompetensforetagen.se\/2023\/06\/april-2023-verksamhetsberattelse\/"},"author":{"name":"camillagunnar2","@id":"https:\/\/www.kompetensforetagen.se\/#\/schema\/person\/94b8ea93ef0611b1467f15023d9ebd1b"},"headline":"April 2023 verksamhetsber\u00e4ttelse","datePublished":"2023-06-01T09:25:43+00:00","dateModified":"2023-07-07T13:34:37+00:00","mainEntityOfPage":{"@id":"https:\/\/www.kompetensforetagen.se\/2023\/06\/april-2023-verksamhetsberattelse\/"},"wordCount":186,"publisher":{"@id":"https:\/\/www.kompetensforetagen.se\/#organization"},"image":{"@id":"https:\/\/www.kompetensforetagen.se\/2023\/06\/april-2023-verksamhetsberattelse\/#primaryimage"},"thumbnailUrl":"https:\/\/www.kompetensforetagen.se\/app\/uploads\/sites\/5\/2022\/06\/april-1.png","articleSection":{"1":"Verksamhetsber\u00e4ttelse"},"inLanguage":"sv-SE"},{"@type":"WebPage","@id":"https:\/\/www.kompetensforetagen.se\/2023\/06\/april-2023-verksamhetsberattelse\/","url":"https:\/\/www.kompetensforetagen.se\/2023\/06\/april-2023-verksamhetsberattelse\/","name":"April 2023 verksamhetsber\u00e4ttelse - Kompetensf\u00f6retagen","isPartOf":{"@id":"https:\/\/www.kompetensforetagen.se\/#website"},"primaryImageOfPage":{"@id":"https:\/\/www.kompetensforetagen.se\/2023\/06\/april-2023-verksamhetsberattelse\/#primaryimage"},"image":{"@id":"https:\/\/www.kompetensforetagen.se\/2023\/06\/april-2023-verksamhetsberattelse\/#primaryimage"},"thumbnailUrl":"https:\/\/www.kompetensforetagen.se\/app\/uploads\/sites\/5\/2022\/06\/april-1.png","datePublished":"2023-06-01T09:25:43+00:00","dateModified":"2023-07-07T13:34:37+00:00","description":"5 april publiceras som en del av Kompetensf\u00f6retagens jubileumsspecial en\u00a0nyhet om n\u00e4r \u00a0auktorisation f\u00f6r rekryteringsf\u00f6retag inf\u00f6rdes.","breadcrumb":{"@id":"https:\/\/www.kompetensforetagen.se\/2023\/06\/april-2023-verksamhetsberattelse\/#breadcrumb"},"inLanguage":"sv-SE","potentialAction":[{"@type":"ReadAction","target":["https:\/\/www.kompetensforetagen.se\/2023\/06\/april-2023-verksamhetsberattelse\/"]}]},{"@type":"ImageObject","inLanguage":"sv-SE","@id":"https:\/\/www.kompetensforetagen.se\/2023\/06\/april-2023-verksamhetsberattelse\/#primaryimage","url":"https:\/\/www.kompetensforetagen.se\/app\/uploads\/sites\/5\/2022\/06\/april-1.png","contentUrl":"https:\/\/www.kompetensforetagen.se\/app\/uploads\/sites\/5\/2022\/06\/april-1.png","width":945,"height":945,"caption":"M\u00e5nadsgrafik: April \u2013 nyheter och h\u00e4ndelser fr\u00e5n Kompetensf\u00f6retagen."},{"@type":"BreadcrumbList","@id":"https:\/\/www.kompetensforetagen.se\/2023\/06\/april-2023-verksamhetsberattelse\/#breadcrumb","itemListElement":[{"@type":"ListItem","position":1,"name":"Home","item":"https:\/\/www.kompetensforetagen.se\/"},{"@type":"ListItem","position":2,"name":"April 2023 verksamhetsber\u00e4ttelse"}]},{"@type":"WebSite","@id":"https:\/\/www.kompetensforetagen.se\/#website","url":"https:\/\/www.kompetensforetagen.se\/","name":"Kompetensf\u00f6retagen","description":"R\u00e4tt person p\u00e5 r\u00e4tt plats kan f\u00f6r\u00e4ndra v\u00e4rlden","publisher":{"@id":"https:\/\/www.kompetensforetagen.se\/#organization"},"potentialAction":[{"@type":"SearchAction","target":{"@type":"EntryPoint","urlTemplate":"https:\/\/www.kompetensforetagen.se\/?s={search_term_string}"},"query-input":{"@type":"PropertyValueSpecification","valueRequired":true,"valueName":"search_term_string"}}],"inLanguage":"sv-SE"},{"@type":"Organization","@id":"https:\/\/www.kompetensforetagen.se\/#organization","name":"Kompetensf\u00f6retagen","url":"https:\/\/www.kompetensforetagen.se\/","logo":{"@type":"ImageObject","inLanguage":"sv-SE","@id":"https:\/\/www.kompetensforetagen.se\/#\/schema\/logo\/image\/","url":"https:\/\/www.kompetensforetagen.se\/app\/uploads\/sites\/5\/2022\/10\/logga_svart.png","contentUrl":"https:\/\/www.kompetensforetagen.se\/app\/uploads\/sites\/5\/2022\/10\/logga_svart.png","width":752,"height":64,"caption":"Kompetensf\u00f6retagen"},"image":{"@id":"https:\/\/www.kompetensforetagen.se\/#\/schema\/logo\/image\/"},"sameAs":["https:\/\/www.linkedin.com\/company\/10540032\/"]},{"@type":"Person","@id":"https:\/\/www.kompetensforetagen.se\/#\/schema\/person\/94b8ea93ef0611b1467f15023d9ebd1b","name":"camillagunnar2","image":{"@type":"ImageObject","inLanguage":"sv-SE","@id":"https:\/\/www.kompetensforetagen.se\/#\/schema\/person\/image\/","url":"https:\/\/secure.gravatar.com\/avatar\/b6f8240666aff929220ce2eb5e5698c1b44b3223ca9f0ac50ecbf5dbdb13dab4?s=96&d=mm&r=g","contentUrl":"https:\/\/secure.gravatar.com\/avatar\/b6f8240666aff929220ce2eb5e5698c1b44b3223ca9f0ac50ecbf5dbdb13dab4?s=96&d=mm&r=g","caption":"camillagunnar2"},"url":"https:\/\/www.kompetensforetagen.se\/person\/camillagunnar2\/"}]}},"_links":{"self":[{"href":"https:\/\/www.kompetensforetagen.se\/api\/wp\/v2\/posts\/13503","targetHints":{"allow":["GET"]}}],"collection":[{"href":"https:\/\/www.kompetensforetagen.se\/api\/wp\/v2\/posts"}],"about":[{"href":"https:\/\/www.kompetensforetagen.se\/api\/wp\/v2\/types\/post"}],"author":[{"embeddable":true,"href":"https:\/\/www.kompetensforetagen.se\/api\/wp\/v2\/users\/14830"}],"replies":[{"embeddable":true,"href":"https:\/\/www.kompetensforetagen.se\/api\/wp\/v2\/comments?post=13503"}],"version-history":[{"count":5,"href":"https:\/\/www.kompetensforetagen.se\/api\/wp\/v2\/posts\/13503\/revisions"}],"predecessor-version":[{"id":14354,"href":"https:\/\/www.kompetensforetagen.se\/api\/wp\/v2\/posts\/13503\/revisions\/14354"}],"wp:featuredmedia":[{"embeddable":true,"href":"https:\/\/www.kompetensforetagen.se\/api\/wp\/v2\/media\/9637"}],"wp:attachment":[{"href":"https:\/\/www.kompetensforetagen.se\/api\/wp\/v2\/media?parent=13503"}],"wp:term":[{"taxonomy":"category","embeddable":true,"href":"https:\/\/www.kompetensforetagen.se\/api\/wp\/v2\/categories?post=13503"},{"taxonomy":"post_tag","embeddable":true,"href":"https:\/\/www.kompetensforetagen.se\/api\/wp\/v2\/tags?post=13503"},{"taxonomy":"type","embeddable":true,"href":"https:\/\/www.kompetensforetagen.se\/api\/wp\/v2\/article_type?post=13503"},{"taxonomy":"agreement","embeddable":true,"href":"https:\/\/www.kompetensforetagen.se\/api\/wp\/v2\/agreement?post=13503"},{"taxonomy":"for-members","embeddable":true,"href":"https:\/\/www.kompetensforetagen.se\/api\/wp\/v2\/for-members?post=13503"}],"curies":[{"name":"wp","href":"https:\/\/api.w.org\/{rel}","templated":true}]}}