{"id":13500,"date":"2023-06-01T11:24:42","date_gmt":"2023-06-01T09:24:42","guid":{"rendered":"https:\/\/dev.kompetensforetagen.se\/?p=13500"},"modified":"2023-10-31T14:41:17","modified_gmt":"2023-10-31T13:41:17","slug":"mars-2023-verksamhetsberattelse","status":"publish","type":"post","link":"https:\/\/www.kompetensforetagen.se\/2023\/06\/mars-2023-verksamhetsberattelse\/","title":{"rendered":"Mars 2023"},"content":{"rendered":"<p class=\"intro\">3 mars debatterar ordf\u00f6rande Eva Domanders och f\u00f6rbundsdirekt\u00f6r Patrik Eidfelt i Ystads Allehanda.<\/p>\n\n<p>3 mars debatterar ordf\u00f6rande Eva Domanders och f\u00f6rbundsdirekt\u00f6r Patrik Eidfelt i Ystads Allehanda:&nbsp;<a href=\"https:\/\/www.ystadsallehanda.se\/insandare\/kompetensforetagen-overanstallningar-blir-dyrare-an-hyrpersonal-ce256660\/\" target=\"_blank\" rel=\"noreferrer noopener\">\u00d6veranst\u00e4llningar blir dyrare \u00e4n hyrpersonal.<\/a><\/p>\n\n\n\n<p>7 mars h\u00e5lls leverant\u00f6rsforum med Arbetsf\u00f6rmedlingen.<\/p>\n\n\n\n<p>7 mars tr\u00e4ffades&nbsp;<a href=\"https:\/\/www.kompetensforetagen.se\/kompetensforetagens-medlemsnatverk\/\" target=\"_blank\" rel=\"noreferrer noopener\">V\u00e5rdbemanningsn\u00e4tverket<\/a>.<\/p>\n\n\n\n<p>8 mars, p\u00e5 Internationella kvinnodagen,<a href=\"https:\/\/www.kompetensforetagen.se\/2023\/03\/bemanningsbranschen-skapades-av-kvinnor-for-kvinnor\/\" target=\"_blank\" rel=\"noreferrer noopener\">&nbsp;portr\u00e4tteras bemanningsbranschens grand old lady Ulla Murman<\/a>, och Kompetensf\u00f6retagens LinkedIn f\u00e5r delningsrekord.<\/p>\n\n\n\n<p>9-10 mars tog Kompetensf\u00f6retagen emot de nordiska branschorganisationerna f\u00f6r ett m\u00f6te i Stockholm.<\/p>\n\n\n\n<p>13 mars debatterar ordf\u00f6rande Eva Domanders och f\u00f6rbundsdirekt\u00f6r Patrik Eidfelt p\u00e5 sundsvallstidning.se:&nbsp;<a href=\"https:\/\/www.st.nu\/2023-03-13\/kompetensforetagen-samarbete-och-ordning-ger-god-vard\" target=\"_blank\" rel=\"noreferrer noopener\">Samarbete och ordning ger god v\u00e5rd.<\/a><\/p>\n\n\n\n<p>13 mars som en del av Kompetensf\u00f6retagens jubileum&nbsp;<a href=\"https:\/\/www.kompetensforetagen.se\/2023\/03\/intervju-med-henrik-backstrom\/\" target=\"_blank\" rel=\"noreferrer noopener\">intervjuas tidigare f\u00f6rbundsdirekt\u00f6r Henrik B\u00e4ckstr\u00f6m.<\/a><\/p>\n\n\n\n<p>21 mars publiceras ett sammandrag av internationella branschorganisationen&nbsp;<a href=\"https:\/\/wecglobal.org\/\" target=\"_blank\" rel=\"noreferrer noopener\">WEC:s<\/a>&nbsp;rapport&nbsp;<a href=\"https:\/\/www.kompetensforetagen.se\/social-impact-report-sammanfattning\/\" target=\"_blank\" rel=\"noreferrer noopener\">Social Impact Report.<\/a><\/p>\n\n\n\n<p>27 mars replikerar ordf\u00f6rande Eva Domanders och f\u00f6rbundsdirekt\u00f6r Patrik Eidfelt p\u00e5 sundsvallstidning.se:&nbsp;<a href=\"https:\/\/www.st.nu\/2023-03-27\/oovertankt-att-pa-politisk-vag-reglera-vardbemanningen\" target=\"_blank\" rel=\"noreferrer noopener\">O\u00f6vert\u00e4nkt att p\u00e5 politisk v\u00e4g reglera v\u00e5rdbemanningen.<\/a><\/p>\n\n\n\n<p>27-29 deltog f\u00f6rbundsdirekt\u00f6r Patrik Eidfelt, Magnus Bergqvist, Lernia, och Fredric Sk\u00e4lstad p\u00e5 kompetensbranschens internationella medlemsorganisation&nbsp;<a href=\"https:\/\/www.kompetensforetagen.se\/internationellt\/\" target=\"_blank\" rel=\"noreferrer noopener\">WEC:s<\/a>&nbsp;\u00e5rliga konferens i Bryssel.<\/p>\n\n\n\n<p>30 mars tr\u00e4ffades&nbsp;<a href=\"https:\/\/www.kompetensforetagen.se\/kompetensforetagens-medlemsnatverk\/\" target=\"_blank\" rel=\"noreferrer noopener\">Bemanningsn\u00e4tverket<\/a>.<\/p>\n\n\n\n<p>31 mars&nbsp;<a href=\"https:\/\/www.kompetensforetagen.se\/2023\/04\/framtidssakra-arbetsmarknaden-med-kompetensbranschen\/\" target=\"_blank\" rel=\"noreferrer noopener\">bloggar f\u00f6rbundsdirekt\u00f6r Patrik Eidfelt<\/a>&nbsp;om att framtidss\u00e4kra arbetsmarknaden med kompetensbranschen.<\/p>\n","protected":false},"excerpt":{"rendered":"<p>3 mars debatterar ordf\u00f6rande Eva Domanders och f\u00f6rbundsdirekt\u00f6r Patrik Eidfelt i Ystads Allehanda:&nbsp;\u00d6veranst\u00e4llningar blir dyrare \u00e4n hyrpersonal. 7 mars h\u00e5lls leverant\u00f6rsforum med Arbetsf\u00f6rmedlingen. 7 mars tr\u00e4ffades&nbsp;V\u00e5rdbemanningsn\u00e4tverket. 8 mars, p\u00e5 Internationella kvinnodagen,&nbsp;portr\u00e4tteras bemanningsbranschens grand old lady &hellip;<\/p>\n","protected":false},"author":14830,"featured_media":9636,"comment_status":"closed","ping_status":"closed","sticky":false,"template":"","format":"standard","meta":{"_acf_changed":false,"footnotes":""},"categories":[1,213],"tags":[],"article_type":[],"agreement":[],"for-members":[],"class_list":["post-13500","post","type-post","status-publish","format-standard","has-post-thumbnail","hentry","category-okategoriserade","category-verksamhetsberattelse"],"acf":[],"yoast_head":"<!-- This site is optimized with the Yoast SEO Premium plugin v26.8 (Yoast SEO v26.8) - https:\/\/yoast.com\/product\/yoast-seo-premium-wordpress\/ -->\n<title>Mars 2023 I Verksamhetsber\u00e4ttelse<\/title>\n<meta name=\"description\" content=\"I mars 2023 debatterar ordf\u00f6rande Eva Domanders och f\u00f6rbundsdirekt\u00f6r Patrik Eidfelt i Ystads Allehanda:\" \/>\n<meta name=\"robots\" content=\"index, follow, max-snippet:-1, max-image-preview:large, max-video-preview:-1\" \/>\n<link rel=\"canonical\" href=\"https:\/\/www.kompetensforetagen.se\/2023\/06\/mars-2023-verksamhetsberattelse\/\" \/>\n<meta property=\"og:locale\" content=\"sv_SE\" \/>\n<meta property=\"og:type\" content=\"article\" \/>\n<meta property=\"og:title\" content=\"Mars 2023\" \/>\n<meta property=\"og:description\" content=\"I mars 2023 debatterar ordf\u00f6rande Eva Domanders och f\u00f6rbundsdirekt\u00f6r Patrik Eidfelt i Ystads Allehanda:\" \/>\n<meta property=\"og:url\" content=\"https:\/\/www.kompetensforetagen.se\/2023\/06\/mars-2023-verksamhetsberattelse\/\" \/>\n<meta property=\"og:site_name\" content=\"Kompetensf\u00f6retagen\" \/>\n<meta property=\"article:published_time\" content=\"2023-06-01T09:24:42+00:00\" \/>\n<meta property=\"article:modified_time\" content=\"2023-10-31T13:41:17+00:00\" \/>\n<meta property=\"og:image\" content=\"https:\/\/www.kompetensforetagen.se\/app\/uploads\/sites\/5\/2022\/06\/mars-1.png\" \/>\n\t<meta property=\"og:image:width\" content=\"945\" \/>\n\t<meta property=\"og:image:height\" content=\"945\" \/>\n\t<meta property=\"og:image:type\" content=\"image\/png\" \/>\n<meta name=\"author\" content=\"camillagunnar2\" \/>\n<meta name=\"twitter:card\" content=\"summary_large_image\" \/>\n<meta name=\"twitter:label1\" content=\"Skriven av\" \/>\n\t<meta name=\"twitter:data1\" content=\"camillagunnar2\" \/>\n\t<meta name=\"twitter:label2\" content=\"Ber\u00e4knad l\u00e4stid\" \/>\n\t<meta name=\"twitter:data2\" content=\"1 minut\" \/>\n<!-- \/ Yoast SEO Premium plugin. -->","yoast_head_json":{"title":"Mars 2023 I Verksamhetsber\u00e4ttelse","description":"I mars 2023 debatterar ordf\u00f6rande Eva Domanders och f\u00f6rbundsdirekt\u00f6r Patrik Eidfelt i Ystads Allehanda:","robots":{"index":"index","follow":"follow","max-snippet":"max-snippet:-1","max-image-preview":"max-image-preview:large","max-video-preview":"max-video-preview:-1"},"canonical":"https:\/\/www.kompetensforetagen.se\/2023\/06\/mars-2023-verksamhetsberattelse\/","og_locale":"sv_SE","og_type":"article","og_title":"Mars 2023","og_description":"I mars 2023 debatterar ordf\u00f6rande Eva Domanders och f\u00f6rbundsdirekt\u00f6r Patrik Eidfelt i Ystads Allehanda:","og_url":"https:\/\/www.kompetensforetagen.se\/2023\/06\/mars-2023-verksamhetsberattelse\/","og_site_name":"Kompetensf\u00f6retagen","article_published_time":"2023-06-01T09:24:42+00:00","article_modified_time":"2023-10-31T13:41:17+00:00","og_image":[{"width":945,"height":945,"url":"https:\/\/www.kompetensforetagen.se\/app\/uploads\/sites\/5\/2022\/06\/mars-1.png","type":"image\/png"}],"author":"camillagunnar2","twitter_card":"summary_large_image","twitter_misc":{"Skriven av":"camillagunnar2","Ber\u00e4knad l\u00e4stid":"1 minut"},"schema":{"@context":"https:\/\/schema.org","@graph":[{"@type":"Article","@id":"https:\/\/www.kompetensforetagen.se\/2023\/06\/mars-2023-verksamhetsberattelse\/#article","isPartOf":{"@id":"https:\/\/www.kompetensforetagen.se\/2023\/06\/mars-2023-verksamhetsberattelse\/"},"author":{"name":"camillagunnar2","@id":"https:\/\/www.kompetensforetagen.se\/#\/schema\/person\/94b8ea93ef0611b1467f15023d9ebd1b"},"headline":"Mars 2023","datePublished":"2023-06-01T09:24:42+00:00","dateModified":"2023-10-31T13:41:17+00:00","mainEntityOfPage":{"@id":"https:\/\/www.kompetensforetagen.se\/2023\/06\/mars-2023-verksamhetsberattelse\/"},"wordCount":206,"publisher":{"@id":"https:\/\/www.kompetensforetagen.se\/#organization"},"image":{"@id":"https:\/\/www.kompetensforetagen.se\/2023\/06\/mars-2023-verksamhetsberattelse\/#primaryimage"},"thumbnailUrl":"https:\/\/www.kompetensforetagen.se\/app\/uploads\/sites\/5\/2022\/06\/mars-1.png","articleSection":{"1":"Verksamhetsber\u00e4ttelse"},"inLanguage":"sv-SE"},{"@type":"WebPage","@id":"https:\/\/www.kompetensforetagen.se\/2023\/06\/mars-2023-verksamhetsberattelse\/","url":"https:\/\/www.kompetensforetagen.se\/2023\/06\/mars-2023-verksamhetsberattelse\/","name":"Mars 2023 I Verksamhetsber\u00e4ttelse","isPartOf":{"@id":"https:\/\/www.kompetensforetagen.se\/#website"},"primaryImageOfPage":{"@id":"https:\/\/www.kompetensforetagen.se\/2023\/06\/mars-2023-verksamhetsberattelse\/#primaryimage"},"image":{"@id":"https:\/\/www.kompetensforetagen.se\/2023\/06\/mars-2023-verksamhetsberattelse\/#primaryimage"},"thumbnailUrl":"https:\/\/www.kompetensforetagen.se\/app\/uploads\/sites\/5\/2022\/06\/mars-1.png","datePublished":"2023-06-01T09:24:42+00:00","dateModified":"2023-10-31T13:41:17+00:00","description":"I mars 2023 debatterar ordf\u00f6rande Eva Domanders och f\u00f6rbundsdirekt\u00f6r Patrik Eidfelt i Ystads Allehanda:","breadcrumb":{"@id":"https:\/\/www.kompetensforetagen.se\/2023\/06\/mars-2023-verksamhetsberattelse\/#breadcrumb"},"inLanguage":"sv-SE","potentialAction":[{"@type":"ReadAction","target":["https:\/\/www.kompetensforetagen.se\/2023\/06\/mars-2023-verksamhetsberattelse\/"]}]},{"@type":"ImageObject","inLanguage":"sv-SE","@id":"https:\/\/www.kompetensforetagen.se\/2023\/06\/mars-2023-verksamhetsberattelse\/#primaryimage","url":"https:\/\/www.kompetensforetagen.se\/app\/uploads\/sites\/5\/2022\/06\/mars-1.png","contentUrl":"https:\/\/www.kompetensforetagen.se\/app\/uploads\/sites\/5\/2022\/06\/mars-1.png","width":945,"height":945,"caption":"M\u00e5nadsgrafik: Mars \u2013 kvartalsslut och branschstatistik."},{"@type":"BreadcrumbList","@id":"https:\/\/www.kompetensforetagen.se\/2023\/06\/mars-2023-verksamhetsberattelse\/#breadcrumb","itemListElement":[{"@type":"ListItem","position":1,"name":"Home","item":"https:\/\/www.kompetensforetagen.se\/"},{"@type":"ListItem","position":2,"name":"Mars 2023"}]},{"@type":"WebSite","@id":"https:\/\/www.kompetensforetagen.se\/#website","url":"https:\/\/www.kompetensforetagen.se\/","name":"Kompetensf\u00f6retagen","description":"R\u00e4tt person p\u00e5 r\u00e4tt plats kan f\u00f6r\u00e4ndra v\u00e4rlden","publisher":{"@id":"https:\/\/www.kompetensforetagen.se\/#organization"},"potentialAction":[{"@type":"SearchAction","target":{"@type":"EntryPoint","urlTemplate":"https:\/\/www.kompetensforetagen.se\/?s={search_term_string}"},"query-input":{"@type":"PropertyValueSpecification","valueRequired":true,"valueName":"search_term_string"}}],"inLanguage":"sv-SE"},{"@type":"Organization","@id":"https:\/\/www.kompetensforetagen.se\/#organization","name":"Kompetensf\u00f6retagen","url":"https:\/\/www.kompetensforetagen.se\/","logo":{"@type":"ImageObject","inLanguage":"sv-SE","@id":"https:\/\/www.kompetensforetagen.se\/#\/schema\/logo\/image\/","url":"https:\/\/www.kompetensforetagen.se\/app\/uploads\/sites\/5\/2022\/10\/logga_svart.png","contentUrl":"https:\/\/www.kompetensforetagen.se\/app\/uploads\/sites\/5\/2022\/10\/logga_svart.png","width":752,"height":64,"caption":"Kompetensf\u00f6retagen"},"image":{"@id":"https:\/\/www.kompetensforetagen.se\/#\/schema\/logo\/image\/"},"sameAs":["https:\/\/www.linkedin.com\/company\/10540032\/"]},{"@type":"Person","@id":"https:\/\/www.kompetensforetagen.se\/#\/schema\/person\/94b8ea93ef0611b1467f15023d9ebd1b","name":"camillagunnar2","image":{"@type":"ImageObject","inLanguage":"sv-SE","@id":"https:\/\/www.kompetensforetagen.se\/#\/schema\/person\/image\/","url":"https:\/\/secure.gravatar.com\/avatar\/b6f8240666aff929220ce2eb5e5698c1b44b3223ca9f0ac50ecbf5dbdb13dab4?s=96&d=mm&r=g","contentUrl":"https:\/\/secure.gravatar.com\/avatar\/b6f8240666aff929220ce2eb5e5698c1b44b3223ca9f0ac50ecbf5dbdb13dab4?s=96&d=mm&r=g","caption":"camillagunnar2"},"url":"https:\/\/www.kompetensforetagen.se\/person\/camillagunnar2\/"}]}},"_links":{"self":[{"href":"https:\/\/www.kompetensforetagen.se\/api\/wp\/v2\/posts\/13500","targetHints":{"allow":["GET"]}}],"collection":[{"href":"https:\/\/www.kompetensforetagen.se\/api\/wp\/v2\/posts"}],"about":[{"href":"https:\/\/www.kompetensforetagen.se\/api\/wp\/v2\/types\/post"}],"author":[{"embeddable":true,"href":"https:\/\/www.kompetensforetagen.se\/api\/wp\/v2\/users\/14830"}],"replies":[{"embeddable":true,"href":"https:\/\/www.kompetensforetagen.se\/api\/wp\/v2\/comments?post=13500"}],"version-history":[{"count":6,"href":"https:\/\/www.kompetensforetagen.se\/api\/wp\/v2\/posts\/13500\/revisions"}],"predecessor-version":[{"id":15540,"href":"https:\/\/www.kompetensforetagen.se\/api\/wp\/v2\/posts\/13500\/revisions\/15540"}],"wp:featuredmedia":[{"embeddable":true,"href":"https:\/\/www.kompetensforetagen.se\/api\/wp\/v2\/media\/9636"}],"wp:attachment":[{"href":"https:\/\/www.kompetensforetagen.se\/api\/wp\/v2\/media?parent=13500"}],"wp:term":[{"taxonomy":"category","embeddable":true,"href":"https:\/\/www.kompetensforetagen.se\/api\/wp\/v2\/categories?post=13500"},{"taxonomy":"post_tag","embeddable":true,"href":"https:\/\/www.kompetensforetagen.se\/api\/wp\/v2\/tags?post=13500"},{"taxonomy":"type","embeddable":true,"href":"https:\/\/www.kompetensforetagen.se\/api\/wp\/v2\/article_type?post=13500"},{"taxonomy":"agreement","embeddable":true,"href":"https:\/\/www.kompetensforetagen.se\/api\/wp\/v2\/agreement?post=13500"},{"taxonomy":"for-members","embeddable":true,"href":"https:\/\/www.kompetensforetagen.se\/api\/wp\/v2\/for-members?post=13500"}],"curies":[{"name":"wp","href":"https:\/\/api.w.org\/{rel}","templated":true}]}}