{"id":13497,"date":"2023-06-01T11:23:48","date_gmt":"2023-06-01T09:23:48","guid":{"rendered":"https:\/\/dev.kompetensforetagen.se\/?p=13497"},"modified":"2023-07-14T10:53:33","modified_gmt":"2023-07-14T08:53:33","slug":"februari-2023-verksamhetsberattelse","status":"publish","type":"post","link":"https:\/\/www.kompetensforetagen.se\/2023\/06\/februari-2023-verksamhetsberattelse\/","title":{"rendered":"Februari 2023"},"content":{"rendered":"<p class=\"intro\">7 februari tr\u00e4ffar Kompetensf\u00f6retagen riksdagsledam\u00f6ter Peder Bj\u00f6rk och Peter Hedberg, Socialdemokraterna.<\/p>\n\n<p>7 februari publicerar Kompetensf\u00f6retagen att samarbetet med &nbsp;Akademikerf\u00f6rbundet SSR och den ideella organisation Nema Problemas mentorskapssamarbete f\u00f6r att hj\u00e4lpa nyanl\u00e4nda akademiker till arbete kan forts\u00e4tta.&nbsp;<a href=\"https:\/\/www.kompetensforetagen.se\/2023\/02\/halv-miljon-kronor-till-mentorskapssamarbete-for-nyanlanda-akademiker\/\" target=\"_blank\" rel=\"noreferrer noopener\">Arbetsf\u00f6rmedlingen beviljade n\u00e4rmare en halv miljon kronor till detta mentorskapsprogram, som d\u00e5 kan forts\u00e4tta \u2013 och f\u00f6rdubblas.<\/a><\/p>\n\n\n\n<p>7 februari tr\u00e4ffar Kompetensf\u00f6retagen riksdagsledam\u00f6ter Peder Bj\u00f6rk och Peter Hedberg, Socialdemokraterna.<\/p>\n\n\n\n<p>8 februari fick f\u00f6rbundsdirekt\u00f6r&nbsp;<a href=\"https:\/\/www.linkedin.com\/feed\/update\/urn:li:activity:7029019296085225472\" target=\"_blank\" rel=\"noreferrer noopener\">Patrik Eidfelt en pratstund i Riksdagen med riksdagsledamot Oliver Rosengren (M)<\/a>, Arbetsmarknadsutskottet. Samtalet kom att handla om bemanningsbranschens utveckling till den viktiga motor p\u00e5 arbetsmarknaden som den \u00e4r idag och vikten av att forts\u00e4tta reformera Arbetsf\u00f6rmedlingen.<\/p>\n\n\n\n<p>10 februari tillk\u00e4nnages att&nbsp;<a href=\"https:\/\/www.kompetensforetagen.se\/2023\/02\/kompetensforetagen-storsatsar-pa-naringspolitiken\/\" target=\"_blank\" rel=\"noreferrer noopener\">Fredric Sk\u00e4lstad i april ska tilltr\u00e4da en nyinr\u00e4ttad roll som n\u00e4ringspolitisk chef<\/a>&nbsp;p\u00e5 Kompetensf\u00f6retagen f\u00f6r att f\u00f6rst\u00e4rka f\u00f6rbundets n\u00e4ringspolitiska arbete.<\/p>\n\n\n\n<p>13-15 februari deltar f\u00f6rhandlingschef Johan Huldt, Fredric Sk\u00e4lstad och d\u00e5varande n\u00e4ringspolitisk expert Martina Elfgren Lilja i&nbsp;<a href=\"https:\/\/www.kompetensforetagen.se\/internationellt\/\" target=\"_blank\" rel=\"noreferrer noopener\">WEC:s<\/a>&nbsp;m\u00f6te f\u00f6r social dialog i Bryssel.<\/p>\n\n\n\n<p>14 februari&nbsp;<a href=\"https:\/\/www.linkedin.com\/feed\/update\/urn:li:activity:7031238701464649728\" target=\"_blank\" rel=\"noreferrer noopener\">deltar Kompetensf\u00f6retagens f\u00f6rhandlingschef Johan Huldt i Stockholms universitets seminarieserie Arbetsr\u00e4tten i Europaperspektiv<\/a>, i en del som behandlade risken f\u00f6r bemanningsbranschen kommer att p\u00e5verkas negativt av en EU-dom om likabehandling.<\/p>\n\n\n\n<p>16 februari&nbsp;<a href=\"https:\/\/www.kompetensforetagen.se\/kompetensforetagen-firar-20arsjubileum\/\" target=\"_blank\" rel=\"noreferrer noopener\">lanseras Kompetensf\u00f6retagens jubileumssida<\/a>! Dels f\u00f6r det 30-\u00e5rsjubileumum som r\u00f6r avregleringen av arbetsf\u00f6rmedlingsmonopolet 1993, dels f\u00f6r 20-\u00e5rdjubileumet f\u00f6r f\u00f6rbundet.<\/p>\n\n\n\n<p>16 februari sammantr\u00e4der&nbsp;<a href=\"https:\/\/www.kompetensforetagen.se\/auktorisation\/kompetensforetagens-auktorisationsnamnd\/\" target=\"_blank\" rel=\"noreferrer noopener\">auktorisationsn\u00e4mnden<\/a>.<\/p>\n\n\n\n<p>21 februari kommer&nbsp;<a href=\"https:\/\/www.kompetensforetagen.se\/2023\/02\/q4-2022-positiv-utveckling-for-bransch-och-arbetsmarknad\/\" target=\"_blank\" rel=\"noreferrer noopener\">oms\u00e4ttningsstatistiken f\u00f6r fj\u00e4rde kvartalet 2022<\/a>, som visar p\u00e5 en positiv utveckling f\u00f6r branschen och d\u00e4rmed arbetsmarknaden.<\/p>\n\n\n\n<p>23 februari sammantr\u00e4der&nbsp;<a href=\"https:\/\/www.kompetensforetagen.se\/auktorisation\/kompetensforetagens-auktorisationsnamnd\/\" target=\"_blank\" rel=\"noreferrer noopener\">auktorisationsn\u00e4mnden<\/a>.<\/p>\n\n\n\n<p>28 februari<a href=\"https:\/\/www.di.se\/nyheter\/kostnaden-for-hyrvarden-skenar\/\" target=\"_blank\" rel=\"noreferrer noopener\">&nbsp;intervjuas ordf\u00f6rande Eva Domanders i Dagens Industri<\/a>&nbsp;om offentlig upphandling av v\u00e5rd och hur branschen \u00e4r en del av l\u00f6sningen p\u00e5 god och s\u00e4ker v\u00e5rd till landets patienter.<\/p>\n","protected":false},"excerpt":{"rendered":"<p>7 februari publicerar Kompetensf\u00f6retagen att samarbetet med &nbsp;Akademikerf\u00f6rbundet SSR och den ideella organisation Nema Problemas mentorskapssamarbete f\u00f6r att hj\u00e4lpa nyanl\u00e4nda akademiker till arbete kan forts\u00e4tta.&nbsp;Arbetsf\u00f6rmedlingen beviljade n\u00e4rmare en halv miljon kronor till detta mentorskapsprogram, som &hellip;<\/p>\n","protected":false},"author":14830,"featured_media":9633,"comment_status":"closed","ping_status":"closed","sticky":false,"template":"","format":"standard","meta":{"_acf_changed":false,"footnotes":""},"categories":[1,213],"tags":[],"article_type":[],"agreement":[],"for-members":[],"class_list":["post-13497","post","type-post","status-publish","format-standard","has-post-thumbnail","hentry","category-okategoriserade","category-verksamhetsberattelse"],"acf":[],"yoast_head":"<!-- This site is optimized with the Yoast SEO Premium plugin v26.8 (Yoast SEO v26.8) - https:\/\/yoast.com\/product\/yoast-seo-premium-wordpress\/ -->\n<title>Februari 2023 I Verksamhetsber\u00e4ttelse<\/title>\n<meta name=\"description\" content=\"I februari 2023 tr\u00e4ffar Kompetensf\u00f6retagen riksdagsledam\u00f6ter Peder Bj\u00f6rk och Peter Hedberg, Socialdemokraterna.\" \/>\n<meta name=\"robots\" content=\"index, follow, max-snippet:-1, max-image-preview:large, max-video-preview:-1\" \/>\n<link rel=\"canonical\" href=\"https:\/\/www.kompetensforetagen.se\/2023\/06\/februari-2023-verksamhetsberattelse\/\" \/>\n<meta property=\"og:locale\" content=\"sv_SE\" \/>\n<meta property=\"og:type\" content=\"article\" \/>\n<meta property=\"og:title\" content=\"Februari 2023\" \/>\n<meta property=\"og:description\" content=\"I februari 2023 tr\u00e4ffar Kompetensf\u00f6retagen riksdagsledam\u00f6ter Peder Bj\u00f6rk och Peter Hedberg, Socialdemokraterna.\" \/>\n<meta property=\"og:url\" content=\"https:\/\/www.kompetensforetagen.se\/2023\/06\/februari-2023-verksamhetsberattelse\/\" \/>\n<meta property=\"og:site_name\" content=\"Kompetensf\u00f6retagen\" \/>\n<meta property=\"article:published_time\" content=\"2023-06-01T09:23:48+00:00\" \/>\n<meta property=\"article:modified_time\" content=\"2023-07-14T08:53:33+00:00\" \/>\n<meta property=\"og:image\" content=\"https:\/\/www.kompetensforetagen.se\/app\/uploads\/sites\/5\/2022\/06\/feb.png\" \/>\n\t<meta property=\"og:image:width\" content=\"945\" \/>\n\t<meta property=\"og:image:height\" content=\"945\" \/>\n\t<meta property=\"og:image:type\" content=\"image\/png\" \/>\n<meta name=\"author\" content=\"camillagunnar2\" \/>\n<meta name=\"twitter:card\" content=\"summary_large_image\" \/>\n<meta name=\"twitter:label1\" content=\"Skriven av\" \/>\n\t<meta name=\"twitter:data1\" content=\"camillagunnar2\" \/>\n\t<meta name=\"twitter:label2\" content=\"Ber\u00e4knad l\u00e4stid\" \/>\n\t<meta name=\"twitter:data2\" content=\"2 minuter\" \/>\n<!-- \/ Yoast SEO Premium plugin. -->","yoast_head_json":{"title":"Februari 2023 I Verksamhetsber\u00e4ttelse","description":"I februari 2023 tr\u00e4ffar Kompetensf\u00f6retagen riksdagsledam\u00f6ter Peder Bj\u00f6rk och Peter Hedberg, Socialdemokraterna.","robots":{"index":"index","follow":"follow","max-snippet":"max-snippet:-1","max-image-preview":"max-image-preview:large","max-video-preview":"max-video-preview:-1"},"canonical":"https:\/\/www.kompetensforetagen.se\/2023\/06\/februari-2023-verksamhetsberattelse\/","og_locale":"sv_SE","og_type":"article","og_title":"Februari 2023","og_description":"I februari 2023 tr\u00e4ffar Kompetensf\u00f6retagen riksdagsledam\u00f6ter Peder Bj\u00f6rk och Peter Hedberg, Socialdemokraterna.","og_url":"https:\/\/www.kompetensforetagen.se\/2023\/06\/februari-2023-verksamhetsberattelse\/","og_site_name":"Kompetensf\u00f6retagen","article_published_time":"2023-06-01T09:23:48+00:00","article_modified_time":"2023-07-14T08:53:33+00:00","og_image":[{"width":945,"height":945,"url":"https:\/\/www.kompetensforetagen.se\/app\/uploads\/sites\/5\/2022\/06\/feb.png","type":"image\/png"}],"author":"camillagunnar2","twitter_card":"summary_large_image","twitter_misc":{"Skriven av":"camillagunnar2","Ber\u00e4knad l\u00e4stid":"2 minuter"},"schema":{"@context":"https:\/\/schema.org","@graph":[{"@type":"Article","@id":"https:\/\/www.kompetensforetagen.se\/2023\/06\/februari-2023-verksamhetsberattelse\/#article","isPartOf":{"@id":"https:\/\/www.kompetensforetagen.se\/2023\/06\/februari-2023-verksamhetsberattelse\/"},"author":{"name":"camillagunnar2","@id":"https:\/\/www.kompetensforetagen.se\/#\/schema\/person\/94b8ea93ef0611b1467f15023d9ebd1b"},"headline":"Februari 2023","datePublished":"2023-06-01T09:23:48+00:00","dateModified":"2023-07-14T08:53:33+00:00","mainEntityOfPage":{"@id":"https:\/\/www.kompetensforetagen.se\/2023\/06\/februari-2023-verksamhetsberattelse\/"},"wordCount":314,"publisher":{"@id":"https:\/\/www.kompetensforetagen.se\/#organization"},"image":{"@id":"https:\/\/www.kompetensforetagen.se\/2023\/06\/februari-2023-verksamhetsberattelse\/#primaryimage"},"thumbnailUrl":"https:\/\/www.kompetensforetagen.se\/app\/uploads\/sites\/5\/2022\/06\/feb.png","articleSection":{"1":"Verksamhetsber\u00e4ttelse"},"inLanguage":"sv-SE"},{"@type":"WebPage","@id":"https:\/\/www.kompetensforetagen.se\/2023\/06\/februari-2023-verksamhetsberattelse\/","url":"https:\/\/www.kompetensforetagen.se\/2023\/06\/februari-2023-verksamhetsberattelse\/","name":"Februari 2023 I Verksamhetsber\u00e4ttelse","isPartOf":{"@id":"https:\/\/www.kompetensforetagen.se\/#website"},"primaryImageOfPage":{"@id":"https:\/\/www.kompetensforetagen.se\/2023\/06\/februari-2023-verksamhetsberattelse\/#primaryimage"},"image":{"@id":"https:\/\/www.kompetensforetagen.se\/2023\/06\/februari-2023-verksamhetsberattelse\/#primaryimage"},"thumbnailUrl":"https:\/\/www.kompetensforetagen.se\/app\/uploads\/sites\/5\/2022\/06\/feb.png","datePublished":"2023-06-01T09:23:48+00:00","dateModified":"2023-07-14T08:53:33+00:00","description":"I februari 2023 tr\u00e4ffar Kompetensf\u00f6retagen riksdagsledam\u00f6ter Peder Bj\u00f6rk och Peter Hedberg, Socialdemokraterna.","breadcrumb":{"@id":"https:\/\/www.kompetensforetagen.se\/2023\/06\/februari-2023-verksamhetsberattelse\/#breadcrumb"},"inLanguage":"sv-SE","potentialAction":[{"@type":"ReadAction","target":["https:\/\/www.kompetensforetagen.se\/2023\/06\/februari-2023-verksamhetsberattelse\/"]}]},{"@type":"ImageObject","inLanguage":"sv-SE","@id":"https:\/\/www.kompetensforetagen.se\/2023\/06\/februari-2023-verksamhetsberattelse\/#primaryimage","url":"https:\/\/www.kompetensforetagen.se\/app\/uploads\/sites\/5\/2022\/06\/feb.png","contentUrl":"https:\/\/www.kompetensforetagen.se\/app\/uploads\/sites\/5\/2022\/06\/feb.png","width":945,"height":945,"caption":"M\u00e5nadsgrafik: Februari \u2013 aktuellt inom kompetensbranschen."},{"@type":"BreadcrumbList","@id":"https:\/\/www.kompetensforetagen.se\/2023\/06\/februari-2023-verksamhetsberattelse\/#breadcrumb","itemListElement":[{"@type":"ListItem","position":1,"name":"Home","item":"https:\/\/www.kompetensforetagen.se\/"},{"@type":"ListItem","position":2,"name":"Februari 2023"}]},{"@type":"WebSite","@id":"https:\/\/www.kompetensforetagen.se\/#website","url":"https:\/\/www.kompetensforetagen.se\/","name":"Kompetensf\u00f6retagen","description":"R\u00e4tt person p\u00e5 r\u00e4tt plats kan f\u00f6r\u00e4ndra v\u00e4rlden","publisher":{"@id":"https:\/\/www.kompetensforetagen.se\/#organization"},"potentialAction":[{"@type":"SearchAction","target":{"@type":"EntryPoint","urlTemplate":"https:\/\/www.kompetensforetagen.se\/?s={search_term_string}"},"query-input":{"@type":"PropertyValueSpecification","valueRequired":true,"valueName":"search_term_string"}}],"inLanguage":"sv-SE"},{"@type":"Organization","@id":"https:\/\/www.kompetensforetagen.se\/#organization","name":"Kompetensf\u00f6retagen","url":"https:\/\/www.kompetensforetagen.se\/","logo":{"@type":"ImageObject","inLanguage":"sv-SE","@id":"https:\/\/www.kompetensforetagen.se\/#\/schema\/logo\/image\/","url":"https:\/\/www.kompetensforetagen.se\/app\/uploads\/sites\/5\/2022\/10\/logga_svart.png","contentUrl":"https:\/\/www.kompetensforetagen.se\/app\/uploads\/sites\/5\/2022\/10\/logga_svart.png","width":752,"height":64,"caption":"Kompetensf\u00f6retagen"},"image":{"@id":"https:\/\/www.kompetensforetagen.se\/#\/schema\/logo\/image\/"},"sameAs":["https:\/\/www.linkedin.com\/company\/10540032\/"]},{"@type":"Person","@id":"https:\/\/www.kompetensforetagen.se\/#\/schema\/person\/94b8ea93ef0611b1467f15023d9ebd1b","name":"camillagunnar2","image":{"@type":"ImageObject","inLanguage":"sv-SE","@id":"https:\/\/www.kompetensforetagen.se\/#\/schema\/person\/image\/","url":"https:\/\/secure.gravatar.com\/avatar\/b6f8240666aff929220ce2eb5e5698c1b44b3223ca9f0ac50ecbf5dbdb13dab4?s=96&d=mm&r=g","contentUrl":"https:\/\/secure.gravatar.com\/avatar\/b6f8240666aff929220ce2eb5e5698c1b44b3223ca9f0ac50ecbf5dbdb13dab4?s=96&d=mm&r=g","caption":"camillagunnar2"},"url":"https:\/\/www.kompetensforetagen.se\/person\/camillagunnar2\/"}]}},"_links":{"self":[{"href":"https:\/\/www.kompetensforetagen.se\/api\/wp\/v2\/posts\/13497","targetHints":{"allow":["GET"]}}],"collection":[{"href":"https:\/\/www.kompetensforetagen.se\/api\/wp\/v2\/posts"}],"about":[{"href":"https:\/\/www.kompetensforetagen.se\/api\/wp\/v2\/types\/post"}],"author":[{"embeddable":true,"href":"https:\/\/www.kompetensforetagen.se\/api\/wp\/v2\/users\/14830"}],"replies":[{"embeddable":true,"href":"https:\/\/www.kompetensforetagen.se\/api\/wp\/v2\/comments?post=13497"}],"version-history":[{"count":4,"href":"https:\/\/www.kompetensforetagen.se\/api\/wp\/v2\/posts\/13497\/revisions"}],"predecessor-version":[{"id":14673,"href":"https:\/\/www.kompetensforetagen.se\/api\/wp\/v2\/posts\/13497\/revisions\/14673"}],"wp:featuredmedia":[{"embeddable":true,"href":"https:\/\/www.kompetensforetagen.se\/api\/wp\/v2\/media\/9633"}],"wp:attachment":[{"href":"https:\/\/www.kompetensforetagen.se\/api\/wp\/v2\/media?parent=13497"}],"wp:term":[{"taxonomy":"category","embeddable":true,"href":"https:\/\/www.kompetensforetagen.se\/api\/wp\/v2\/categories?post=13497"},{"taxonomy":"post_tag","embeddable":true,"href":"https:\/\/www.kompetensforetagen.se\/api\/wp\/v2\/tags?post=13497"},{"taxonomy":"type","embeddable":true,"href":"https:\/\/www.kompetensforetagen.se\/api\/wp\/v2\/article_type?post=13497"},{"taxonomy":"agreement","embeddable":true,"href":"https:\/\/www.kompetensforetagen.se\/api\/wp\/v2\/agreement?post=13497"},{"taxonomy":"for-members","embeddable":true,"href":"https:\/\/www.kompetensforetagen.se\/api\/wp\/v2\/for-members?post=13497"}],"curies":[{"name":"wp","href":"https:\/\/api.w.org\/{rel}","templated":true}]}}