{"id":13494,"date":"2023-06-01T11:22:30","date_gmt":"2023-06-01T09:22:30","guid":{"rendered":"https:\/\/dev.kompetensforetagen.se\/?p=13494"},"modified":"2023-07-14T10:52:43","modified_gmt":"2023-07-14T08:52:43","slug":"januari-2023-verksamhetsberattelse","status":"publish","type":"post","link":"https:\/\/www.kompetensforetagen.se\/2023\/06\/januari-2023-verksamhetsberattelse\/","title":{"rendered":"Januari 2023"},"content":{"rendered":"<p class=\"intro\">i januari deltar ordf\u00f6rande Eva Domanders i tv\u00e5 intervjuer i SVT, tillika en i Sveriges Radio om v\u00e5rdbemanningens bidrag till den offentliga sektorn, och upphandlingsexpert Stefan Holm intervjuas i Tv4.\u00a0I januari tecknades \u00e4ven\u00a0 huvudavtalet p\u00e5 alla v\u00e5ra avtalsomr\u00e5den som g\u00e4ller sedan 1 januari 2023.<\/p>\n\n<p>i januari deltar ordf\u00f6rande Eva Domanders i tv\u00e5 intervjuer i SVT, tillika en i Sveriges Radio om v\u00e5rdbemanningens bidrag till den offentliga sektorn, och upphandlingsexpert Stefan Holm intervjuas i Tv4.&nbsp;I januari tecknades \u00e4ven&nbsp; huvudavtalet p\u00e5 alla v\u00e5ra avtalsomr\u00e5den som g\u00e4ller sedan 1 januari 2023.<\/p>\n\n\n\n<p>3 januari publiceras att&nbsp;<a href=\"https:\/\/www.kompetensforetagen.se\/2023\/01\/ett-nytt-auktoriserat-foretag-och-fyra-forlorar-auktorisationen\/\" target=\"_blank\" rel=\"noreferrer noopener\">101 medlemsf\u00f6retag fick sin ans\u00f6kan om f\u00f6rnyad auktorisation godk\u00e4nd och fyra f\u00f6rlorar sin auktorisation<\/a>.<\/p>\n\n\n\n<p>5 januari sammanfattas&nbsp;<a href=\"https:\/\/www.kompetensforetagen.se\/2023\/01\/kompetensforetagens-mest-lasta-nyheter-2022\/\" target=\"_blank\" rel=\"noreferrer noopener\">fjol\u00e5rets mest popul\u00e4ra nyheter<\/a>&nbsp;p\u00e5 kompetensforetagen.se<\/p>\n\n\n\n<p>10 januari&nbsp;<a href=\"https:\/\/www.linkedin.com\/feed\/update\/urn:li:activity:7018594802631892993\" target=\"_blank\" rel=\"noreferrer noopener\">tr\u00e4ffar &nbsp;Desir\u00e9e Harkn\u00e4s&nbsp;fr\u00e5n Randstad RiseSmart och Kompetensf\u00f6retagens upphandlingsexpert&nbsp;Stefan Holm&nbsp; Arbetsmarknadsministern&nbsp;Johan Pehrson&nbsp;och diskuterar arbetsf\u00f6rmedlingsreformen.&nbsp;<\/a><\/p>\n\n\n\n<p>11 januari tr\u00e4ffar Kompetensf\u00f6retagen statssekreterare Sofia Metelius.<\/p>\n\n\n\n<p>20 januari<a href=\"https:\/\/www.dn.se\/debatt\/utan-bemanningsbranschen-skulle-svensk-sjukvard-inte-fungera\/\" target=\"_blank\" rel=\"noreferrer noopener\">&nbsp;publicerar DN en debattreplik<\/a>&nbsp;av ordf\u00f6rande Eva Domanders och f\u00f6rbundsdirekt\u00f6r Patrik Eidfelt: Utan bemanningsbranschen skulle svensk sjukv\u00e5rd inte fungera.<\/p>\n\n\n\n<p>24 januari&nbsp;<a href=\"https:\/\/www.linkedin.com\/feed\/update\/urn:li:activity:7023578412845776896\" target=\"_blank\" rel=\"noreferrer noopener\">tr\u00e4ffar f\u00f6rbundsdirekt\u00f6r Patrik Eidfelt Socialdemokraternas Serkan K\u00f6se<\/a>, &nbsp;ledamot i arbetsmarknadsutskottet f\u00f6r d\u00e4r att lyfta relevansen av att bemannings-, rekryterings-, och omst\u00e4llningsf\u00f6retag som effektiva jobbmotorer och hur v\u00e5r bransch \u00e4r bra p\u00e5 att ge m\u00e5nga unga och m\u00e5nga utrikesf\u00f6dda sina f\u00f6rsta jobb.<\/p>\n\n\n\n<p>24 januari var Kompetensf\u00f6retagens d\u00e5varande n\u00e4ringspolitiska expert Martina Elfgren vid&nbsp;<a href=\"https:\/\/www.linkedin.com\/feed\/update\/urn:li:activity:7023654820695687168\" target=\"_blank\" rel=\"noreferrer noopener\">Svenskt N\u00e4ringslivs internseminarium om Arbetsf\u00f6rmedlingens reformering<\/a>&nbsp;och framh\u00f6ll bland annat vikten av att uppr\u00e4tth\u00e5lla kvalitetskraven p\u00e5 leverant\u00f6rerna med goda kontroller.<\/p>\n\n\n\n<p>25 januari presenterar Kompetensf\u00f6retagen&nbsp;<a href=\"https:\/\/www.kompetensforetagen.se\/2023\/01\/med-bemanningsforetag-stannar-fler-i-varden\/\" target=\"_blank\" rel=\"noreferrer noopener\">resultat fr\u00e5n en Demoskop-unders\u00f6kning<\/a>&nbsp;som visar att om inte m\u00f6jligheten att jobba som v\u00e5rdbemanningskonsult fanns skulle endast var tredje jobba f\u00f6r kommun eller region.<\/p>\n\n\n\n<p>31 januari publicerar<a href=\"https:\/\/ekuriren.se\/debatt\/artikel\/regionens-hyrstopp-ger-inte-tryggare-vard-\/r16oexpj\" target=\"_blank\" rel=\"noreferrer noopener\">&nbsp;e-kuriren en debattartikel<\/a>&nbsp;av ordf\u00f6rande Eva Domanders och f\u00f6rbundsdirekt\u00f6r Patrik Eidfelt: Regionens hyrstopp ger inte tryggare v\u00e5rd.<\/p>\n","protected":false},"excerpt":{"rendered":"<p>i januari deltar ordf\u00f6rande Eva Domanders i tv\u00e5 intervjuer i SVT, tillika en i Sveriges Radio om v\u00e5rdbemanningens bidrag till den offentliga sektorn, och upphandlingsexpert Stefan Holm intervjuas i Tv4.&nbsp;I januari tecknades \u00e4ven&nbsp; huvudavtalet p\u00e5 &hellip;<\/p>\n","protected":false},"author":14830,"featured_media":9632,"comment_status":"closed","ping_status":"closed","sticky":false,"template":"","format":"standard","meta":{"_acf_changed":false,"footnotes":""},"categories":[1,213],"tags":[],"article_type":[],"agreement":[],"for-members":[],"class_list":["post-13494","post","type-post","status-publish","format-standard","has-post-thumbnail","hentry","category-okategoriserade","category-verksamhetsberattelse"],"acf":[],"yoast_head":"<!-- This site is optimized with the Yoast SEO Premium plugin v26.8 (Yoast SEO v26.8) - https:\/\/yoast.com\/product\/yoast-seo-premium-wordpress\/ -->\n<title>Januari 2023 I Verksamhetsber\u00e4ttelse<\/title>\n<meta name=\"description\" content=\"i januari 2023 deltar ordf\u00f6rande Eva Domanders i tv\u00e5 intervjuer i SVT och en i SR om v\u00e5rdbemanningens bidrag till den offentliga sektorn\" \/>\n<meta name=\"robots\" content=\"index, follow, max-snippet:-1, max-image-preview:large, max-video-preview:-1\" \/>\n<link rel=\"canonical\" href=\"https:\/\/www.kompetensforetagen.se\/2023\/06\/januari-2023-verksamhetsberattelse\/\" \/>\n<meta property=\"og:locale\" content=\"sv_SE\" \/>\n<meta property=\"og:type\" content=\"article\" \/>\n<meta property=\"og:title\" content=\"Januari 2023\" \/>\n<meta property=\"og:description\" content=\"i januari 2023 deltar ordf\u00f6rande Eva Domanders i tv\u00e5 intervjuer i SVT och en i SR om v\u00e5rdbemanningens bidrag till den offentliga sektorn\" \/>\n<meta property=\"og:url\" content=\"https:\/\/www.kompetensforetagen.se\/2023\/06\/januari-2023-verksamhetsberattelse\/\" \/>\n<meta property=\"og:site_name\" content=\"Kompetensf\u00f6retagen\" \/>\n<meta property=\"article:published_time\" content=\"2023-06-01T09:22:30+00:00\" \/>\n<meta property=\"article:modified_time\" content=\"2023-07-14T08:52:43+00:00\" \/>\n<meta property=\"og:image\" content=\"https:\/\/www.kompetensforetagen.se\/app\/uploads\/sites\/5\/2022\/06\/jan.png\" \/>\n\t<meta property=\"og:image:width\" content=\"945\" \/>\n\t<meta property=\"og:image:height\" content=\"945\" \/>\n\t<meta property=\"og:image:type\" content=\"image\/png\" \/>\n<meta name=\"author\" content=\"camillagunnar2\" \/>\n<meta name=\"twitter:card\" content=\"summary_large_image\" \/>\n<meta name=\"twitter:label1\" content=\"Skriven av\" \/>\n\t<meta name=\"twitter:data1\" content=\"camillagunnar2\" \/>\n\t<meta name=\"twitter:label2\" content=\"Ber\u00e4knad l\u00e4stid\" \/>\n\t<meta name=\"twitter:data2\" content=\"2 minuter\" \/>\n<!-- \/ Yoast SEO Premium plugin. -->","yoast_head_json":{"title":"Januari 2023 I Verksamhetsber\u00e4ttelse","description":"i januari 2023 deltar ordf\u00f6rande Eva Domanders i tv\u00e5 intervjuer i SVT och en i SR om v\u00e5rdbemanningens bidrag till den offentliga sektorn","robots":{"index":"index","follow":"follow","max-snippet":"max-snippet:-1","max-image-preview":"max-image-preview:large","max-video-preview":"max-video-preview:-1"},"canonical":"https:\/\/www.kompetensforetagen.se\/2023\/06\/januari-2023-verksamhetsberattelse\/","og_locale":"sv_SE","og_type":"article","og_title":"Januari 2023","og_description":"i januari 2023 deltar ordf\u00f6rande Eva Domanders i tv\u00e5 intervjuer i SVT och en i SR om v\u00e5rdbemanningens bidrag till den offentliga sektorn","og_url":"https:\/\/www.kompetensforetagen.se\/2023\/06\/januari-2023-verksamhetsberattelse\/","og_site_name":"Kompetensf\u00f6retagen","article_published_time":"2023-06-01T09:22:30+00:00","article_modified_time":"2023-07-14T08:52:43+00:00","og_image":[{"width":945,"height":945,"url":"https:\/\/www.kompetensforetagen.se\/app\/uploads\/sites\/5\/2022\/06\/jan.png","type":"image\/png"}],"author":"camillagunnar2","twitter_card":"summary_large_image","twitter_misc":{"Skriven av":"camillagunnar2","Ber\u00e4knad l\u00e4stid":"2 minuter"},"schema":{"@context":"https:\/\/schema.org","@graph":[{"@type":"Article","@id":"https:\/\/www.kompetensforetagen.se\/2023\/06\/januari-2023-verksamhetsberattelse\/#article","isPartOf":{"@id":"https:\/\/www.kompetensforetagen.se\/2023\/06\/januari-2023-verksamhetsberattelse\/"},"author":{"name":"camillagunnar2","@id":"https:\/\/www.kompetensforetagen.se\/#\/schema\/person\/94b8ea93ef0611b1467f15023d9ebd1b"},"headline":"Januari 2023","datePublished":"2023-06-01T09:22:30+00:00","dateModified":"2023-07-14T08:52:43+00:00","mainEntityOfPage":{"@id":"https:\/\/www.kompetensforetagen.se\/2023\/06\/januari-2023-verksamhetsberattelse\/"},"wordCount":309,"publisher":{"@id":"https:\/\/www.kompetensforetagen.se\/#organization"},"image":{"@id":"https:\/\/www.kompetensforetagen.se\/2023\/06\/januari-2023-verksamhetsberattelse\/#primaryimage"},"thumbnailUrl":"https:\/\/www.kompetensforetagen.se\/app\/uploads\/sites\/5\/2022\/06\/jan.png","articleSection":{"1":"Verksamhetsber\u00e4ttelse"},"inLanguage":"sv-SE"},{"@type":"WebPage","@id":"https:\/\/www.kompetensforetagen.se\/2023\/06\/januari-2023-verksamhetsberattelse\/","url":"https:\/\/www.kompetensforetagen.se\/2023\/06\/januari-2023-verksamhetsberattelse\/","name":"Januari 2023 I Verksamhetsber\u00e4ttelse","isPartOf":{"@id":"https:\/\/www.kompetensforetagen.se\/#website"},"primaryImageOfPage":{"@id":"https:\/\/www.kompetensforetagen.se\/2023\/06\/januari-2023-verksamhetsberattelse\/#primaryimage"},"image":{"@id":"https:\/\/www.kompetensforetagen.se\/2023\/06\/januari-2023-verksamhetsberattelse\/#primaryimage"},"thumbnailUrl":"https:\/\/www.kompetensforetagen.se\/app\/uploads\/sites\/5\/2022\/06\/jan.png","datePublished":"2023-06-01T09:22:30+00:00","dateModified":"2023-07-14T08:52:43+00:00","description":"i januari 2023 deltar ordf\u00f6rande Eva Domanders i tv\u00e5 intervjuer i SVT och en i SR om v\u00e5rdbemanningens bidrag till den offentliga sektorn","breadcrumb":{"@id":"https:\/\/www.kompetensforetagen.se\/2023\/06\/januari-2023-verksamhetsberattelse\/#breadcrumb"},"inLanguage":"sv-SE","potentialAction":[{"@type":"ReadAction","target":["https:\/\/www.kompetensforetagen.se\/2023\/06\/januari-2023-verksamhetsberattelse\/"]}]},{"@type":"ImageObject","inLanguage":"sv-SE","@id":"https:\/\/www.kompetensforetagen.se\/2023\/06\/januari-2023-verksamhetsberattelse\/#primaryimage","url":"https:\/\/www.kompetensforetagen.se\/app\/uploads\/sites\/5\/2022\/06\/jan.png","contentUrl":"https:\/\/www.kompetensforetagen.se\/app\/uploads\/sites\/5\/2022\/06\/jan.png","width":945,"height":945,"caption":"M\u00e5nadsgrafik: Januari \u2013 \u00e5rets f\u00f6rsta branschnyheter."},{"@type":"BreadcrumbList","@id":"https:\/\/www.kompetensforetagen.se\/2023\/06\/januari-2023-verksamhetsberattelse\/#breadcrumb","itemListElement":[{"@type":"ListItem","position":1,"name":"Home","item":"https:\/\/www.kompetensforetagen.se\/"},{"@type":"ListItem","position":2,"name":"Januari 2023"}]},{"@type":"WebSite","@id":"https:\/\/www.kompetensforetagen.se\/#website","url":"https:\/\/www.kompetensforetagen.se\/","name":"Kompetensf\u00f6retagen","description":"R\u00e4tt person p\u00e5 r\u00e4tt plats kan f\u00f6r\u00e4ndra v\u00e4rlden","publisher":{"@id":"https:\/\/www.kompetensforetagen.se\/#organization"},"potentialAction":[{"@type":"SearchAction","target":{"@type":"EntryPoint","urlTemplate":"https:\/\/www.kompetensforetagen.se\/?s={search_term_string}"},"query-input":{"@type":"PropertyValueSpecification","valueRequired":true,"valueName":"search_term_string"}}],"inLanguage":"sv-SE"},{"@type":"Organization","@id":"https:\/\/www.kompetensforetagen.se\/#organization","name":"Kompetensf\u00f6retagen","url":"https:\/\/www.kompetensforetagen.se\/","logo":{"@type":"ImageObject","inLanguage":"sv-SE","@id":"https:\/\/www.kompetensforetagen.se\/#\/schema\/logo\/image\/","url":"https:\/\/www.kompetensforetagen.se\/app\/uploads\/sites\/5\/2022\/10\/logga_svart.png","contentUrl":"https:\/\/www.kompetensforetagen.se\/app\/uploads\/sites\/5\/2022\/10\/logga_svart.png","width":752,"height":64,"caption":"Kompetensf\u00f6retagen"},"image":{"@id":"https:\/\/www.kompetensforetagen.se\/#\/schema\/logo\/image\/"},"sameAs":["https:\/\/www.linkedin.com\/company\/10540032\/"]},{"@type":"Person","@id":"https:\/\/www.kompetensforetagen.se\/#\/schema\/person\/94b8ea93ef0611b1467f15023d9ebd1b","name":"camillagunnar2","image":{"@type":"ImageObject","inLanguage":"sv-SE","@id":"https:\/\/www.kompetensforetagen.se\/#\/schema\/person\/image\/","url":"https:\/\/secure.gravatar.com\/avatar\/b6f8240666aff929220ce2eb5e5698c1b44b3223ca9f0ac50ecbf5dbdb13dab4?s=96&d=mm&r=g","contentUrl":"https:\/\/secure.gravatar.com\/avatar\/b6f8240666aff929220ce2eb5e5698c1b44b3223ca9f0ac50ecbf5dbdb13dab4?s=96&d=mm&r=g","caption":"camillagunnar2"},"url":"https:\/\/www.kompetensforetagen.se\/person\/camillagunnar2\/"}]}},"_links":{"self":[{"href":"https:\/\/www.kompetensforetagen.se\/api\/wp\/v2\/posts\/13494","targetHints":{"allow":["GET"]}}],"collection":[{"href":"https:\/\/www.kompetensforetagen.se\/api\/wp\/v2\/posts"}],"about":[{"href":"https:\/\/www.kompetensforetagen.se\/api\/wp\/v2\/types\/post"}],"author":[{"embeddable":true,"href":"https:\/\/www.kompetensforetagen.se\/api\/wp\/v2\/users\/14830"}],"replies":[{"embeddable":true,"href":"https:\/\/www.kompetensforetagen.se\/api\/wp\/v2\/comments?post=13494"}],"version-history":[{"count":3,"href":"https:\/\/www.kompetensforetagen.se\/api\/wp\/v2\/posts\/13494\/revisions"}],"predecessor-version":[{"id":14672,"href":"https:\/\/www.kompetensforetagen.se\/api\/wp\/v2\/posts\/13494\/revisions\/14672"}],"wp:featuredmedia":[{"embeddable":true,"href":"https:\/\/www.kompetensforetagen.se\/api\/wp\/v2\/media\/9632"}],"wp:attachment":[{"href":"https:\/\/www.kompetensforetagen.se\/api\/wp\/v2\/media?parent=13494"}],"wp:term":[{"taxonomy":"category","embeddable":true,"href":"https:\/\/www.kompetensforetagen.se\/api\/wp\/v2\/categories?post=13494"},{"taxonomy":"post_tag","embeddable":true,"href":"https:\/\/www.kompetensforetagen.se\/api\/wp\/v2\/tags?post=13494"},{"taxonomy":"type","embeddable":true,"href":"https:\/\/www.kompetensforetagen.se\/api\/wp\/v2\/article_type?post=13494"},{"taxonomy":"agreement","embeddable":true,"href":"https:\/\/www.kompetensforetagen.se\/api\/wp\/v2\/agreement?post=13494"},{"taxonomy":"for-members","embeddable":true,"href":"https:\/\/www.kompetensforetagen.se\/api\/wp\/v2\/for-members?post=13494"}],"curies":[{"name":"wp","href":"https:\/\/api.w.org\/{rel}","templated":true}]}}