{"id":13491,"date":"2023-06-01T11:21:25","date_gmt":"2023-06-01T09:21:25","guid":{"rendered":"https:\/\/dev.kompetensforetagen.se\/?p=13491"},"modified":"2023-07-14T10:51:40","modified_gmt":"2023-07-14T08:51:40","slug":"december-2022-verksamhetsberattelse","status":"publish","type":"post","link":"https:\/\/www.kompetensforetagen.se\/2023\/06\/december-2022-verksamhetsberattelse\/","title":{"rendered":"December 2022"},"content":{"rendered":"<p class=\"intro\">Under \u00e5rets sista m\u00e5nad \u00e4r det premi\u00e4r f\u00f6r Kompetensf\u00f6retagens nya personalchefsn\u00e4tverk, fler styrelseledam\u00f6ter presenteras p\u00e5 LinkedIn och exklusivt f\u00f6r medlemmarna publiceras en informationsfilm om vad som g\u00e4ller f\u00f6r det nya delpensionssystemet f\u00f6r bemanningskonsulter.<\/p>\n\n<p>Under \u00e5rets sista m\u00e5nad \u00e4r det premi\u00e4r f\u00f6r Kompetensf\u00f6retagens nya personalchefsn\u00e4tverk, fler styrelseledam\u00f6ter presenteras p\u00e5 LinkedIn och exklusivt f\u00f6r medlemmarna publiceras en informationsfilm om vad som g\u00e4ller f\u00f6r det nya delpensionssystemet f\u00f6r bemanningskonsulter.<\/p>\n\n\n\n<p>7 december tr\u00e4ffar Kompetensf\u00f6retagen Jonny Cato, Centerpartiet, arbetsmarknadspolitisk talesperson.<\/p>\n\n\n\n<p>9 december tr\u00e4ffar Kompetensf\u00f6retagen Christine Lorne, Centerpartiet, regionr\u00e5d region Stockholm.<\/p>\n\n\n\n<p>14 december&nbsp;<a href=\"https:\/\/www.linkedin.com\/feed\/update\/urn:li:activity:7008815465019916288\" target=\"_blank\" rel=\"noreferrer noopener\">tr\u00e4ffar f\u00f6rbundsdirekt\u00f6r Patrik Eidfelt Moderaternas Saila Quicklund<\/a>&nbsp;och pratade om kompetensbranschen som en viktig motor p\u00e5 arbetsmarknaden.<\/p>\n\n\n\n<p>15 december&nbsp;<a href=\"https:\/\/www.linkedin.com\/feed\/update\/urn:li:activity:7009181332798902272\" target=\"_blank\" rel=\"noreferrer noopener\">tr\u00e4ffade Kompetensf\u00f6retagens f\u00f6rbundsdirekt\u00f6r Patrik Eidfelt Arbetsmarknadsutskottets ledamot Camilla M\u00e5rtensen<\/a>, Liberalerna, och fick tillf\u00e4lle att beskriva branschen, prata om utmaningar och m\u00f6jliga reformer.<\/p>\n\n\n\n<p>15 december sammantr\u00e4der&nbsp;<a href=\"https:\/\/www.kompetensforetagen.se\/auktorisation\/kompetensforetagens-auktorisationsnamnd\/\" target=\"_blank\" rel=\"noreferrer noopener\">auktorisationsn\u00e4mnden<\/a>.<\/p>\n\n\n\n<p>20 december publiceras&nbsp;<a href=\"https:\/\/www.kompetensforetagen.se\/2022\/12\/intervju-med-ordforande-eva-domanders\/\" target=\"_blank\" rel=\"noreferrer noopener\">en intervju med ordf\u00f6rande Eva Domanders<\/a>, som blir mycket popul\u00e4r p\u00e5 LinkedIn. Hon ber\u00e4ttar om sin syn p\u00e5 kompetensbranschens framtid, sitt engagemang och varf\u00f6r det \u00e4r s\u00e5 viktigt med uth\u00e5llighet.<\/p>\n","protected":false},"excerpt":{"rendered":"<p>Under \u00e5rets sista m\u00e5nad \u00e4r det premi\u00e4r f\u00f6r Kompetensf\u00f6retagens nya personalchefsn\u00e4tverk, fler styrelseledam\u00f6ter presenteras p\u00e5 LinkedIn och exklusivt f\u00f6r medlemmarna publiceras en informationsfilm om vad som g\u00e4ller f\u00f6r det nya delpensionssystemet f\u00f6r bemanningskonsulter. 7 december &hellip;<\/p>\n","protected":false},"author":14830,"featured_media":9631,"comment_status":"closed","ping_status":"closed","sticky":false,"template":"","format":"standard","meta":{"_acf_changed":false,"footnotes":""},"categories":[1,213],"tags":[],"article_type":[],"agreement":[],"for-members":[],"class_list":["post-13491","post","type-post","status-publish","format-standard","has-post-thumbnail","hentry","category-okategoriserade","category-verksamhetsberattelse"],"acf":[],"yoast_head":"<!-- This site is optimized with the Yoast SEO Premium plugin v26.8 (Yoast SEO v26.8) - https:\/\/yoast.com\/product\/yoast-seo-premium-wordpress\/ -->\n<title>December 2022 I Verksamhetsber\u00e4ttelse<\/title>\n<meta name=\"description\" content=\"I december 2022 publiceras exklusivt f\u00f6r medlemmarna en informationsfilm om det nya delpensionssystemet f\u00f6r bemanningskonsulter.\" \/>\n<meta name=\"robots\" content=\"index, follow, max-snippet:-1, max-image-preview:large, max-video-preview:-1\" \/>\n<link rel=\"canonical\" href=\"https:\/\/www.kompetensforetagen.se\/2023\/06\/december-2022-verksamhetsberattelse\/\" \/>\n<meta property=\"og:locale\" content=\"sv_SE\" \/>\n<meta property=\"og:type\" content=\"article\" \/>\n<meta property=\"og:title\" content=\"December 2022\" \/>\n<meta property=\"og:description\" content=\"I december 2022 publiceras exklusivt f\u00f6r medlemmarna en informationsfilm om det nya delpensionssystemet f\u00f6r bemanningskonsulter.\" \/>\n<meta property=\"og:url\" content=\"https:\/\/www.kompetensforetagen.se\/2023\/06\/december-2022-verksamhetsberattelse\/\" \/>\n<meta property=\"og:site_name\" content=\"Kompetensf\u00f6retagen\" \/>\n<meta property=\"article:published_time\" content=\"2023-06-01T09:21:25+00:00\" \/>\n<meta property=\"article:modified_time\" content=\"2023-07-14T08:51:40+00:00\" \/>\n<meta property=\"og:image\" content=\"https:\/\/www.kompetensforetagen.se\/app\/uploads\/sites\/5\/2022\/06\/dec-1.png\" \/>\n\t<meta property=\"og:image:width\" content=\"945\" \/>\n\t<meta property=\"og:image:height\" content=\"945\" \/>\n\t<meta property=\"og:image:type\" content=\"image\/png\" \/>\n<meta name=\"author\" content=\"camillagunnar2\" \/>\n<meta name=\"twitter:card\" content=\"summary_large_image\" \/>\n<meta name=\"twitter:label1\" content=\"Skriven av\" \/>\n\t<meta name=\"twitter:data1\" content=\"camillagunnar2\" \/>\n\t<meta name=\"twitter:label2\" content=\"Ber\u00e4knad l\u00e4stid\" \/>\n\t<meta name=\"twitter:data2\" content=\"1 minut\" \/>\n<!-- \/ Yoast SEO Premium plugin. -->","yoast_head_json":{"title":"December 2022 I Verksamhetsber\u00e4ttelse","description":"I december 2022 publiceras exklusivt f\u00f6r medlemmarna en informationsfilm om det nya delpensionssystemet f\u00f6r bemanningskonsulter.","robots":{"index":"index","follow":"follow","max-snippet":"max-snippet:-1","max-image-preview":"max-image-preview:large","max-video-preview":"max-video-preview:-1"},"canonical":"https:\/\/www.kompetensforetagen.se\/2023\/06\/december-2022-verksamhetsberattelse\/","og_locale":"sv_SE","og_type":"article","og_title":"December 2022","og_description":"I december 2022 publiceras exklusivt f\u00f6r medlemmarna en informationsfilm om det nya delpensionssystemet f\u00f6r bemanningskonsulter.","og_url":"https:\/\/www.kompetensforetagen.se\/2023\/06\/december-2022-verksamhetsberattelse\/","og_site_name":"Kompetensf\u00f6retagen","article_published_time":"2023-06-01T09:21:25+00:00","article_modified_time":"2023-07-14T08:51:40+00:00","og_image":[{"width":945,"height":945,"url":"https:\/\/www.kompetensforetagen.se\/app\/uploads\/sites\/5\/2022\/06\/dec-1.png","type":"image\/png"}],"author":"camillagunnar2","twitter_card":"summary_large_image","twitter_misc":{"Skriven av":"camillagunnar2","Ber\u00e4knad l\u00e4stid":"1 minut"},"schema":{"@context":"https:\/\/schema.org","@graph":[{"@type":"Article","@id":"https:\/\/www.kompetensforetagen.se\/2023\/06\/december-2022-verksamhetsberattelse\/#article","isPartOf":{"@id":"https:\/\/www.kompetensforetagen.se\/2023\/06\/december-2022-verksamhetsberattelse\/"},"author":{"name":"camillagunnar2","@id":"https:\/\/www.kompetensforetagen.se\/#\/schema\/person\/94b8ea93ef0611b1467f15023d9ebd1b"},"headline":"December 2022","datePublished":"2023-06-01T09:21:25+00:00","dateModified":"2023-07-14T08:51:40+00:00","mainEntityOfPage":{"@id":"https:\/\/www.kompetensforetagen.se\/2023\/06\/december-2022-verksamhetsberattelse\/"},"wordCount":164,"publisher":{"@id":"https:\/\/www.kompetensforetagen.se\/#organization"},"image":{"@id":"https:\/\/www.kompetensforetagen.se\/2023\/06\/december-2022-verksamhetsberattelse\/#primaryimage"},"thumbnailUrl":"https:\/\/www.kompetensforetagen.se\/app\/uploads\/sites\/5\/2022\/06\/dec-1.png","articleSection":{"1":"Verksamhetsber\u00e4ttelse"},"inLanguage":"sv-SE"},{"@type":"WebPage","@id":"https:\/\/www.kompetensforetagen.se\/2023\/06\/december-2022-verksamhetsberattelse\/","url":"https:\/\/www.kompetensforetagen.se\/2023\/06\/december-2022-verksamhetsberattelse\/","name":"December 2022 I Verksamhetsber\u00e4ttelse","isPartOf":{"@id":"https:\/\/www.kompetensforetagen.se\/#website"},"primaryImageOfPage":{"@id":"https:\/\/www.kompetensforetagen.se\/2023\/06\/december-2022-verksamhetsberattelse\/#primaryimage"},"image":{"@id":"https:\/\/www.kompetensforetagen.se\/2023\/06\/december-2022-verksamhetsberattelse\/#primaryimage"},"thumbnailUrl":"https:\/\/www.kompetensforetagen.se\/app\/uploads\/sites\/5\/2022\/06\/dec-1.png","datePublished":"2023-06-01T09:21:25+00:00","dateModified":"2023-07-14T08:51:40+00:00","description":"I december 2022 publiceras exklusivt f\u00f6r medlemmarna en informationsfilm om det nya delpensionssystemet f\u00f6r bemanningskonsulter.","breadcrumb":{"@id":"https:\/\/www.kompetensforetagen.se\/2023\/06\/december-2022-verksamhetsberattelse\/#breadcrumb"},"inLanguage":"sv-SE","potentialAction":[{"@type":"ReadAction","target":["https:\/\/www.kompetensforetagen.se\/2023\/06\/december-2022-verksamhetsberattelse\/"]}]},{"@type":"ImageObject","inLanguage":"sv-SE","@id":"https:\/\/www.kompetensforetagen.se\/2023\/06\/december-2022-verksamhetsberattelse\/#primaryimage","url":"https:\/\/www.kompetensforetagen.se\/app\/uploads\/sites\/5\/2022\/06\/dec-1.png","contentUrl":"https:\/\/www.kompetensforetagen.se\/app\/uploads\/sites\/5\/2022\/06\/dec-1.png","width":945,"height":945,"caption":"M\u00e5nadsgrafik: December \u2013 \u00e5rssammanfattning och branschh\u00e4ndelser."},{"@type":"BreadcrumbList","@id":"https:\/\/www.kompetensforetagen.se\/2023\/06\/december-2022-verksamhetsberattelse\/#breadcrumb","itemListElement":[{"@type":"ListItem","position":1,"name":"Home","item":"https:\/\/www.kompetensforetagen.se\/"},{"@type":"ListItem","position":2,"name":"December 2022"}]},{"@type":"WebSite","@id":"https:\/\/www.kompetensforetagen.se\/#website","url":"https:\/\/www.kompetensforetagen.se\/","name":"Kompetensf\u00f6retagen","description":"R\u00e4tt person p\u00e5 r\u00e4tt plats kan f\u00f6r\u00e4ndra v\u00e4rlden","publisher":{"@id":"https:\/\/www.kompetensforetagen.se\/#organization"},"potentialAction":[{"@type":"SearchAction","target":{"@type":"EntryPoint","urlTemplate":"https:\/\/www.kompetensforetagen.se\/?s={search_term_string}"},"query-input":{"@type":"PropertyValueSpecification","valueRequired":true,"valueName":"search_term_string"}}],"inLanguage":"sv-SE"},{"@type":"Organization","@id":"https:\/\/www.kompetensforetagen.se\/#organization","name":"Kompetensf\u00f6retagen","url":"https:\/\/www.kompetensforetagen.se\/","logo":{"@type":"ImageObject","inLanguage":"sv-SE","@id":"https:\/\/www.kompetensforetagen.se\/#\/schema\/logo\/image\/","url":"https:\/\/www.kompetensforetagen.se\/app\/uploads\/sites\/5\/2022\/10\/logga_svart.png","contentUrl":"https:\/\/www.kompetensforetagen.se\/app\/uploads\/sites\/5\/2022\/10\/logga_svart.png","width":752,"height":64,"caption":"Kompetensf\u00f6retagen"},"image":{"@id":"https:\/\/www.kompetensforetagen.se\/#\/schema\/logo\/image\/"},"sameAs":["https:\/\/www.linkedin.com\/company\/10540032\/"]},{"@type":"Person","@id":"https:\/\/www.kompetensforetagen.se\/#\/schema\/person\/94b8ea93ef0611b1467f15023d9ebd1b","name":"camillagunnar2","image":{"@type":"ImageObject","inLanguage":"sv-SE","@id":"https:\/\/www.kompetensforetagen.se\/#\/schema\/person\/image\/","url":"https:\/\/secure.gravatar.com\/avatar\/b6f8240666aff929220ce2eb5e5698c1b44b3223ca9f0ac50ecbf5dbdb13dab4?s=96&d=mm&r=g","contentUrl":"https:\/\/secure.gravatar.com\/avatar\/b6f8240666aff929220ce2eb5e5698c1b44b3223ca9f0ac50ecbf5dbdb13dab4?s=96&d=mm&r=g","caption":"camillagunnar2"},"url":"https:\/\/www.kompetensforetagen.se\/person\/camillagunnar2\/"}]}},"_links":{"self":[{"href":"https:\/\/www.kompetensforetagen.se\/api\/wp\/v2\/posts\/13491","targetHints":{"allow":["GET"]}}],"collection":[{"href":"https:\/\/www.kompetensforetagen.se\/api\/wp\/v2\/posts"}],"about":[{"href":"https:\/\/www.kompetensforetagen.se\/api\/wp\/v2\/types\/post"}],"author":[{"embeddable":true,"href":"https:\/\/www.kompetensforetagen.se\/api\/wp\/v2\/users\/14830"}],"replies":[{"embeddable":true,"href":"https:\/\/www.kompetensforetagen.se\/api\/wp\/v2\/comments?post=13491"}],"version-history":[{"count":3,"href":"https:\/\/www.kompetensforetagen.se\/api\/wp\/v2\/posts\/13491\/revisions"}],"predecessor-version":[{"id":14671,"href":"https:\/\/www.kompetensforetagen.se\/api\/wp\/v2\/posts\/13491\/revisions\/14671"}],"wp:featuredmedia":[{"embeddable":true,"href":"https:\/\/www.kompetensforetagen.se\/api\/wp\/v2\/media\/9631"}],"wp:attachment":[{"href":"https:\/\/www.kompetensforetagen.se\/api\/wp\/v2\/media?parent=13491"}],"wp:term":[{"taxonomy":"category","embeddable":true,"href":"https:\/\/www.kompetensforetagen.se\/api\/wp\/v2\/categories?post=13491"},{"taxonomy":"post_tag","embeddable":true,"href":"https:\/\/www.kompetensforetagen.se\/api\/wp\/v2\/tags?post=13491"},{"taxonomy":"type","embeddable":true,"href":"https:\/\/www.kompetensforetagen.se\/api\/wp\/v2\/article_type?post=13491"},{"taxonomy":"agreement","embeddable":true,"href":"https:\/\/www.kompetensforetagen.se\/api\/wp\/v2\/agreement?post=13491"},{"taxonomy":"for-members","embeddable":true,"href":"https:\/\/www.kompetensforetagen.se\/api\/wp\/v2\/for-members?post=13491"}],"curies":[{"name":"wp","href":"https:\/\/api.w.org\/{rel}","templated":true}]}}