{"id":13488,"date":"2023-06-01T11:20:28","date_gmt":"2023-06-01T09:20:28","guid":{"rendered":"https:\/\/dev.kompetensforetagen.se\/?p=13488"},"modified":"2023-07-14T10:50:32","modified_gmt":"2023-07-14T08:50:32","slug":"november-2022-verksamhetsberattelse","status":"publish","type":"post","link":"https:\/\/www.kompetensforetagen.se\/2023\/06\/november-2022-verksamhetsberattelse\/","title":{"rendered":"November 2022 verksamhetsber\u00e4ttelse"},"content":{"rendered":"<p class=\"intro\">I november presenteras fler styrelsemedlemmar p\u00e5 LinkedIn och f\u00f6rbundsdirekt\u00f6r Patrik Eidfelt deltar i en podd om Uthyrningslagen i regi av Roschier.<\/p>\n\n<p>I november presenteras fler styrelsemedlemmar p\u00e5 LinkedIn och f\u00f6rbundsdirekt\u00f6r Patrik Eidfelt deltar i en podd om Uthyrningslagen i regi av Roschier.<\/p>\n\n\n\n<p>4 november publiceras&nbsp;<a href=\"https:\/\/www.kompetensforetagen.se\/2022\/11\/konsultvarlden-konsultchef\/\" target=\"_blank\" rel=\"noreferrer noopener\">en intervju med Semir Resic<\/a>, konsultchef hos Tranpenad, som s\u00e4ger att det b\u00e4sta med jobbet \u00e4r att vara med och utveckla aff\u00e4ren med de kundf\u00f6retag han ansvarar f\u00f6r, och samtidigt f\u00e5 hj\u00e4lpa m\u00e4nniskor som st\u00e5r utanf\u00f6r arbetsmarknaden till ett jobb.<\/p>\n\n\n\n<p>8 november tr\u00e4ffar Kompetensf\u00f6retagen Sedat Arif, kommunalr\u00e5d Malm\u00f6, Socialdemokraterna<\/p>\n\n\n\n<p>8 november presenteras&nbsp;<a href=\"https:\/\/www.kompetensforetagen.se\/2022\/11\/forhojd-kunskap-motverkar-sexuella-trakasserier\/\" target=\"_blank\" rel=\"noreferrer noopener\">en artikel om arbetsmilj\u00f6 och hur sexuella trakasserier p\u00e5 arbetsplatsen motverkas<\/a>. Almegas arbetsmilj\u00f6r\u00e5dgivare Maria Morberg intervjuas.<\/p>\n\n\n\n<p>14 november publiceras&nbsp;<a href=\"https:\/\/www.kompetensforetagen.se\/2022\/11\/positiv-tillvaxt-q3-och-tillforsikt-infor-framtiden\/\" target=\"_blank\" rel=\"noreferrer noopener\">oms\u00e4ttningsstatistik f\u00f6r tredje kvartalet<\/a>, d\u00e4r nyheten Framtidsindikatorn visar att medlemmarna hyser tillf\u00f6rsikt inf\u00f6r framtiden.<\/p>\n\n\n\n<p>16 november tr\u00e4ffar Kompetensf\u00f6retagen Magnus Jakobsson, riksdagsledamot KD, arbetsmarknadsutskottet<\/p>\n\n\n\n<p>22 november sammantr\u00e4der&nbsp;<a href=\"https:\/\/www.kompetensforetagen.se\/auktorisation\/kompetensforetagens-auktorisationsnamnd\/\" target=\"_blank\" rel=\"noreferrer noopener\">auktorisationsn\u00e4mnden<\/a>.<\/p>\n\n\n\n<p>23 november lanseras ytterligare en nyhet ur oms\u00e4ttningsstatistiken \u2013 en&nbsp;<a href=\"https:\/\/www.kompetensforetagen.se\/2022\/11\/nytt-for-2022-topplista-for-rekryteringsforetag\/\" target=\"_blank\" rel=\"noreferrer noopener\">topplista f\u00f6r rekryteringsf\u00f6retag<\/a>!<\/p>\n\n\n\n<p>24 november tr\u00e4ffar Kompetensf\u00f6retagen riksdagsledamot Oliver Rosengren, Moderaterna.<\/p>\n\n\n\n<p>30 november tr\u00e4ffar Kompetensf\u00f6retagen arbetsmarknadsutskottet ordf\u00f6rande Magnus Persson, SD<\/p>\n","protected":false},"excerpt":{"rendered":"<p>I november presenteras fler styrelsemedlemmar p\u00e5 LinkedIn och f\u00f6rbundsdirekt\u00f6r Patrik Eidfelt deltar i en podd om Uthyrningslagen i regi av Roschier. 4 november publiceras&nbsp;en intervju med Semir Resic, konsultchef hos Tranpenad, som s\u00e4ger att det &hellip;<\/p>\n","protected":false},"author":14830,"featured_media":9621,"comment_status":"closed","ping_status":"closed","sticky":false,"template":"","format":"standard","meta":{"_acf_changed":false,"footnotes":""},"categories":[1,213],"tags":[],"article_type":[],"agreement":[],"for-members":[],"class_list":["post-13488","post","type-post","status-publish","format-standard","has-post-thumbnail","hentry","category-okategoriserade","category-verksamhetsberattelse"],"acf":[],"yoast_head":"<!-- This site is optimized with the Yoast SEO Premium plugin v26.8 (Yoast SEO v26.8) - https:\/\/yoast.com\/product\/yoast-seo-premium-wordpress\/ -->\n<title>November 2022 I Verksamhetsber\u00e4ttelse<\/title>\n<meta name=\"description\" content=\"I november 2022 november lanseras ytterligare en nyhet ur oms\u00e4ttningsstatistiken \u2013 en\u00a0topplista f\u00f6r rekryteringsf\u00f6retag!\" \/>\n<meta name=\"robots\" content=\"index, follow, max-snippet:-1, max-image-preview:large, max-video-preview:-1\" \/>\n<link rel=\"canonical\" href=\"https:\/\/www.kompetensforetagen.se\/2023\/06\/november-2022-verksamhetsberattelse\/\" \/>\n<meta property=\"og:locale\" content=\"sv_SE\" \/>\n<meta property=\"og:type\" content=\"article\" \/>\n<meta property=\"og:title\" content=\"November 2022 verksamhetsber\u00e4ttelse\" \/>\n<meta property=\"og:description\" content=\"I november 2022 november lanseras ytterligare en nyhet ur oms\u00e4ttningsstatistiken \u2013 en\u00a0topplista f\u00f6r rekryteringsf\u00f6retag!\" \/>\n<meta property=\"og:url\" content=\"https:\/\/www.kompetensforetagen.se\/2023\/06\/november-2022-verksamhetsberattelse\/\" \/>\n<meta property=\"og:site_name\" content=\"Kompetensf\u00f6retagen\" \/>\n<meta property=\"article:published_time\" content=\"2023-06-01T09:20:28+00:00\" \/>\n<meta property=\"article:modified_time\" content=\"2023-07-14T08:50:32+00:00\" \/>\n<meta property=\"og:image\" content=\"https:\/\/www.kompetensforetagen.se\/app\/uploads\/sites\/5\/2022\/06\/november1-1.png\" \/>\n\t<meta property=\"og:image:width\" content=\"945\" \/>\n\t<meta property=\"og:image:height\" content=\"945\" \/>\n\t<meta property=\"og:image:type\" content=\"image\/png\" \/>\n<meta name=\"author\" content=\"camillagunnar2\" \/>\n<meta name=\"twitter:card\" content=\"summary_large_image\" \/>\n<meta name=\"twitter:label1\" content=\"Skriven av\" \/>\n\t<meta name=\"twitter:data1\" content=\"camillagunnar2\" \/>\n\t<meta name=\"twitter:label2\" content=\"Ber\u00e4knad l\u00e4stid\" \/>\n\t<meta name=\"twitter:data2\" content=\"1 minut\" \/>\n<!-- \/ Yoast SEO Premium plugin. -->","yoast_head_json":{"title":"November 2022 I Verksamhetsber\u00e4ttelse","description":"I november 2022 november lanseras ytterligare en nyhet ur oms\u00e4ttningsstatistiken \u2013 en\u00a0topplista f\u00f6r rekryteringsf\u00f6retag!","robots":{"index":"index","follow":"follow","max-snippet":"max-snippet:-1","max-image-preview":"max-image-preview:large","max-video-preview":"max-video-preview:-1"},"canonical":"https:\/\/www.kompetensforetagen.se\/2023\/06\/november-2022-verksamhetsberattelse\/","og_locale":"sv_SE","og_type":"article","og_title":"November 2022 verksamhetsber\u00e4ttelse","og_description":"I november 2022 november lanseras ytterligare en nyhet ur oms\u00e4ttningsstatistiken \u2013 en\u00a0topplista f\u00f6r rekryteringsf\u00f6retag!","og_url":"https:\/\/www.kompetensforetagen.se\/2023\/06\/november-2022-verksamhetsberattelse\/","og_site_name":"Kompetensf\u00f6retagen","article_published_time":"2023-06-01T09:20:28+00:00","article_modified_time":"2023-07-14T08:50:32+00:00","og_image":[{"width":945,"height":945,"url":"https:\/\/www.kompetensforetagen.se\/app\/uploads\/sites\/5\/2022\/06\/november1-1.png","type":"image\/png"}],"author":"camillagunnar2","twitter_card":"summary_large_image","twitter_misc":{"Skriven av":"camillagunnar2","Ber\u00e4knad l\u00e4stid":"1 minut"},"schema":{"@context":"https:\/\/schema.org","@graph":[{"@type":"Article","@id":"https:\/\/www.kompetensforetagen.se\/2023\/06\/november-2022-verksamhetsberattelse\/#article","isPartOf":{"@id":"https:\/\/www.kompetensforetagen.se\/2023\/06\/november-2022-verksamhetsberattelse\/"},"author":{"name":"camillagunnar2","@id":"https:\/\/www.kompetensforetagen.se\/#\/schema\/person\/94b8ea93ef0611b1467f15023d9ebd1b"},"headline":"November 2022 verksamhetsber\u00e4ttelse","datePublished":"2023-06-01T09:20:28+00:00","dateModified":"2023-07-14T08:50:32+00:00","mainEntityOfPage":{"@id":"https:\/\/www.kompetensforetagen.se\/2023\/06\/november-2022-verksamhetsberattelse\/"},"wordCount":183,"publisher":{"@id":"https:\/\/www.kompetensforetagen.se\/#organization"},"image":{"@id":"https:\/\/www.kompetensforetagen.se\/2023\/06\/november-2022-verksamhetsberattelse\/#primaryimage"},"thumbnailUrl":"https:\/\/www.kompetensforetagen.se\/app\/uploads\/sites\/5\/2022\/06\/november1-1.png","articleSection":{"1":"Verksamhetsber\u00e4ttelse"},"inLanguage":"sv-SE"},{"@type":"WebPage","@id":"https:\/\/www.kompetensforetagen.se\/2023\/06\/november-2022-verksamhetsberattelse\/","url":"https:\/\/www.kompetensforetagen.se\/2023\/06\/november-2022-verksamhetsberattelse\/","name":"November 2022 I Verksamhetsber\u00e4ttelse","isPartOf":{"@id":"https:\/\/www.kompetensforetagen.se\/#website"},"primaryImageOfPage":{"@id":"https:\/\/www.kompetensforetagen.se\/2023\/06\/november-2022-verksamhetsberattelse\/#primaryimage"},"image":{"@id":"https:\/\/www.kompetensforetagen.se\/2023\/06\/november-2022-verksamhetsberattelse\/#primaryimage"},"thumbnailUrl":"https:\/\/www.kompetensforetagen.se\/app\/uploads\/sites\/5\/2022\/06\/november1-1.png","datePublished":"2023-06-01T09:20:28+00:00","dateModified":"2023-07-14T08:50:32+00:00","description":"I november 2022 november lanseras ytterligare en nyhet ur oms\u00e4ttningsstatistiken \u2013 en\u00a0topplista f\u00f6r rekryteringsf\u00f6retag!","breadcrumb":{"@id":"https:\/\/www.kompetensforetagen.se\/2023\/06\/november-2022-verksamhetsberattelse\/#breadcrumb"},"inLanguage":"sv-SE","potentialAction":[{"@type":"ReadAction","target":["https:\/\/www.kompetensforetagen.se\/2023\/06\/november-2022-verksamhetsberattelse\/"]}]},{"@type":"ImageObject","inLanguage":"sv-SE","@id":"https:\/\/www.kompetensforetagen.se\/2023\/06\/november-2022-verksamhetsberattelse\/#primaryimage","url":"https:\/\/www.kompetensforetagen.se\/app\/uploads\/sites\/5\/2022\/06\/november1-1.png","contentUrl":"https:\/\/www.kompetensforetagen.se\/app\/uploads\/sites\/5\/2022\/06\/november1-1.png","width":945,"height":945,"caption":"M\u00e5nadsgrafik: November \u2013 h\u00f6stens fokusfr\u00e5gor f\u00f6r branschen."},{"@type":"BreadcrumbList","@id":"https:\/\/www.kompetensforetagen.se\/2023\/06\/november-2022-verksamhetsberattelse\/#breadcrumb","itemListElement":[{"@type":"ListItem","position":1,"name":"Home","item":"https:\/\/www.kompetensforetagen.se\/"},{"@type":"ListItem","position":2,"name":"November 2022 verksamhetsber\u00e4ttelse"}]},{"@type":"WebSite","@id":"https:\/\/www.kompetensforetagen.se\/#website","url":"https:\/\/www.kompetensforetagen.se\/","name":"Kompetensf\u00f6retagen","description":"R\u00e4tt person p\u00e5 r\u00e4tt plats kan f\u00f6r\u00e4ndra v\u00e4rlden","publisher":{"@id":"https:\/\/www.kompetensforetagen.se\/#organization"},"potentialAction":[{"@type":"SearchAction","target":{"@type":"EntryPoint","urlTemplate":"https:\/\/www.kompetensforetagen.se\/?s={search_term_string}"},"query-input":{"@type":"PropertyValueSpecification","valueRequired":true,"valueName":"search_term_string"}}],"inLanguage":"sv-SE"},{"@type":"Organization","@id":"https:\/\/www.kompetensforetagen.se\/#organization","name":"Kompetensf\u00f6retagen","url":"https:\/\/www.kompetensforetagen.se\/","logo":{"@type":"ImageObject","inLanguage":"sv-SE","@id":"https:\/\/www.kompetensforetagen.se\/#\/schema\/logo\/image\/","url":"https:\/\/www.kompetensforetagen.se\/app\/uploads\/sites\/5\/2022\/10\/logga_svart.png","contentUrl":"https:\/\/www.kompetensforetagen.se\/app\/uploads\/sites\/5\/2022\/10\/logga_svart.png","width":752,"height":64,"caption":"Kompetensf\u00f6retagen"},"image":{"@id":"https:\/\/www.kompetensforetagen.se\/#\/schema\/logo\/image\/"},"sameAs":["https:\/\/www.linkedin.com\/company\/10540032\/"]},{"@type":"Person","@id":"https:\/\/www.kompetensforetagen.se\/#\/schema\/person\/94b8ea93ef0611b1467f15023d9ebd1b","name":"camillagunnar2","image":{"@type":"ImageObject","inLanguage":"sv-SE","@id":"https:\/\/www.kompetensforetagen.se\/#\/schema\/person\/image\/","url":"https:\/\/secure.gravatar.com\/avatar\/b6f8240666aff929220ce2eb5e5698c1b44b3223ca9f0ac50ecbf5dbdb13dab4?s=96&d=mm&r=g","contentUrl":"https:\/\/secure.gravatar.com\/avatar\/b6f8240666aff929220ce2eb5e5698c1b44b3223ca9f0ac50ecbf5dbdb13dab4?s=96&d=mm&r=g","caption":"camillagunnar2"},"url":"https:\/\/www.kompetensforetagen.se\/person\/camillagunnar2\/"}]}},"_links":{"self":[{"href":"https:\/\/www.kompetensforetagen.se\/api\/wp\/v2\/posts\/13488","targetHints":{"allow":["GET"]}}],"collection":[{"href":"https:\/\/www.kompetensforetagen.se\/api\/wp\/v2\/posts"}],"about":[{"href":"https:\/\/www.kompetensforetagen.se\/api\/wp\/v2\/types\/post"}],"author":[{"embeddable":true,"href":"https:\/\/www.kompetensforetagen.se\/api\/wp\/v2\/users\/14830"}],"replies":[{"embeddable":true,"href":"https:\/\/www.kompetensforetagen.se\/api\/wp\/v2\/comments?post=13488"}],"version-history":[{"count":2,"href":"https:\/\/www.kompetensforetagen.se\/api\/wp\/v2\/posts\/13488\/revisions"}],"predecessor-version":[{"id":13490,"href":"https:\/\/www.kompetensforetagen.se\/api\/wp\/v2\/posts\/13488\/revisions\/13490"}],"wp:featuredmedia":[{"embeddable":true,"href":"https:\/\/www.kompetensforetagen.se\/api\/wp\/v2\/media\/9621"}],"wp:attachment":[{"href":"https:\/\/www.kompetensforetagen.se\/api\/wp\/v2\/media?parent=13488"}],"wp:term":[{"taxonomy":"category","embeddable":true,"href":"https:\/\/www.kompetensforetagen.se\/api\/wp\/v2\/categories?post=13488"},{"taxonomy":"post_tag","embeddable":true,"href":"https:\/\/www.kompetensforetagen.se\/api\/wp\/v2\/tags?post=13488"},{"taxonomy":"type","embeddable":true,"href":"https:\/\/www.kompetensforetagen.se\/api\/wp\/v2\/article_type?post=13488"},{"taxonomy":"agreement","embeddable":true,"href":"https:\/\/www.kompetensforetagen.se\/api\/wp\/v2\/agreement?post=13488"},{"taxonomy":"for-members","embeddable":true,"href":"https:\/\/www.kompetensforetagen.se\/api\/wp\/v2\/for-members?post=13488"}],"curies":[{"name":"wp","href":"https:\/\/api.w.org\/{rel}","templated":true}]}}