{"id":13485,"date":"2023-06-01T11:19:37","date_gmt":"2023-06-01T09:19:37","guid":{"rendered":"https:\/\/dev.kompetensforetagen.se\/?p=13485"},"modified":"2023-07-14T10:49:17","modified_gmt":"2023-07-14T08:49:17","slug":"oktober-2022-verksamhetsberattelse","status":"publish","type":"post","link":"https:\/\/www.kompetensforetagen.se\/2023\/06\/oktober-2022-verksamhetsberattelse\/","title":{"rendered":"Oktober 2022"},"content":{"rendered":"<p class=\"intro\">I oktober blev det klart med ett inf\u00f6rande av nytt delpensionssystem p\u00e5 bemanningsavtalet f\u00f6r arbetare som b\u00f6rjade g\u00e4lla 1 januari 2023.<\/p>\n\n<p>I oktober blev det klart med ett inf\u00f6rande av nytt delpensionssystem p\u00e5 bemanningsavtalet f\u00f6r arbetare som b\u00f6rjade g\u00e4lla 1 januari 2023.<\/p>\n\n\n\n<p>6 oktober debatterar f\u00f6rbundsdirekt\u00f6r Patrik Eidfelt tillsammans med Almega och Utbildningsf\u00f6retagen p\u00e5&nbsp;<a href=\"https:\/\/www.dagenssamhalle.se\/opinion\/debatt\/matchningsleverantorer-och-kommuner-maste-kunna-samtala\/\" target=\"_blank\" rel=\"noreferrer noopener\">dagenssamh\u00e4lle.se<\/a>&nbsp;om att matchningsleverant\u00f6rer och kommuner m\u00e5ste kunna samtala.<\/p>\n\n\n\n<p>13 oktober under Kompetensf\u00f6retagens branschdag i Stockholm&nbsp;<a href=\"https:\/\/www.kompetensforetagen.se\/2022\/10\/arets-konsult-2022-ayman-saado-2\/\" target=\"_blank\" rel=\"noreferrer noopener\">avsl\u00f6jas vinnaren av \u00c5rets konsult 2023<\/a>: Ayman Saado!<\/p>\n\n\n\n<p>14 oktober publiceras&nbsp;<a href=\"https:\/\/www.kompetensforetagen.se\/2022\/10\/vinnare-av-arets-konsult-2022\/\" target=\"_blank\" rel=\"noreferrer noopener\">en intervju med \u00c5rets Konsult 2023<\/a>, som s\u00e4ger att han \u00e4r chockad, stolt och v\u00e4ldigt glad.<\/p>\n\n\n\n<p>20 oktober tillk\u00e4nnages att<a href=\"https:\/\/www.kompetensforetagen.se\/2022\/10\/elva-nya-auktoriserade-foretag-och-fyra-forlorar-auktorisationen\/\" target=\"_blank\" rel=\"noreferrer noopener\">&nbsp;elva nya f\u00f6retag auktoriserats och fyra f\u00f6rlorat auktorisationen.<\/a><\/p>\n\n\n\n<p>24 oktober&nbsp;<a href=\"https:\/\/www.kompetensforetagen.se\/2022\/10\/sa-hanterar-du-det-stora-avhoppet\/\" target=\"_blank\" rel=\"noreferrer noopener\">bloggar f\u00f6rbundsdirekt\u00f6r Patrik Eidfelt<\/a>&nbsp;om det stora avhoppet \u2013 att m\u00e4nniskor l\u00e4mnar sina jobb \u2013 och hur arbetsgivare kan hantera det.<\/p>\n\n\n\n<p>25 oktober sammantr\u00e4der&nbsp;<a href=\"https:\/\/www.kompetensforetagen.se\/auktorisation\/kompetensforetagens-auktorisationsnamnd\/\" target=\"_blank\" rel=\"noreferrer noopener\">auktorisationsn\u00e4mnden<\/a>.<\/p>\n\n\n\n<p>27 oktober h\u00f6lls&nbsp; leverant\u00f6rsforum med Arbetsf\u00f6rmedlingen.<\/p>\n","protected":false},"excerpt":{"rendered":"<p>I oktober blev det klart med ett inf\u00f6rande av nytt delpensionssystem p\u00e5 bemanningsavtalet f\u00f6r arbetare som b\u00f6rjade g\u00e4lla 1 januari 2023. 6 oktober debatterar f\u00f6rbundsdirekt\u00f6r Patrik Eidfelt tillsammans med Almega och Utbildningsf\u00f6retagen p\u00e5&nbsp;dagenssamh\u00e4lle.se&nbsp;om att matchningsleverant\u00f6rer &hellip;<\/p>\n","protected":false},"author":14830,"featured_media":9625,"comment_status":"closed","ping_status":"closed","sticky":false,"template":"","format":"standard","meta":{"_acf_changed":false,"footnotes":""},"categories":[1,213],"tags":[],"article_type":[],"agreement":[],"for-members":[],"class_list":["post-13485","post","type-post","status-publish","format-standard","has-post-thumbnail","hentry","category-okategoriserade","category-verksamhetsberattelse"],"acf":[],"yoast_head":"<!-- This site is optimized with the Yoast SEO Premium plugin v26.8 (Yoast SEO v26.8) - https:\/\/yoast.com\/product\/yoast-seo-premium-wordpress\/ -->\n<title>Oktober 2022 I Verksamhetsber\u00e4ttelse<\/title>\n<meta name=\"description\" content=\"I oktober 2022 blev det klart med ett inf\u00f6rande av nytt delpensionssystem p\u00e5 bemanningsavtalet f\u00f6r arbetare som b\u00f6rjade g\u00e4lla 1 januari 2023.\" \/>\n<meta name=\"robots\" content=\"index, follow, max-snippet:-1, max-image-preview:large, max-video-preview:-1\" \/>\n<link rel=\"canonical\" href=\"https:\/\/www.kompetensforetagen.se\/2023\/06\/oktober-2022-verksamhetsberattelse\/\" \/>\n<meta property=\"og:locale\" content=\"sv_SE\" \/>\n<meta property=\"og:type\" content=\"article\" \/>\n<meta property=\"og:title\" content=\"Oktober 2022\" \/>\n<meta property=\"og:description\" content=\"I oktober 2022 blev det klart med ett inf\u00f6rande av nytt delpensionssystem p\u00e5 bemanningsavtalet f\u00f6r arbetare som b\u00f6rjade g\u00e4lla 1 januari 2023.\" \/>\n<meta property=\"og:url\" content=\"https:\/\/www.kompetensforetagen.se\/2023\/06\/oktober-2022-verksamhetsberattelse\/\" \/>\n<meta property=\"og:site_name\" content=\"Kompetensf\u00f6retagen\" \/>\n<meta property=\"article:published_time\" content=\"2023-06-01T09:19:37+00:00\" \/>\n<meta property=\"article:modified_time\" content=\"2023-07-14T08:49:17+00:00\" \/>\n<meta property=\"og:image\" content=\"https:\/\/www.kompetensforetagen.se\/app\/uploads\/sites\/5\/2022\/06\/namnlost-1.png\" \/>\n\t<meta property=\"og:image:width\" content=\"945\" \/>\n\t<meta property=\"og:image:height\" content=\"945\" \/>\n\t<meta property=\"og:image:type\" content=\"image\/png\" \/>\n<meta name=\"author\" content=\"camillagunnar2\" \/>\n<meta name=\"twitter:card\" content=\"summary_large_image\" \/>\n<meta name=\"twitter:label1\" content=\"Skriven av\" \/>\n\t<meta name=\"twitter:data1\" content=\"camillagunnar2\" \/>\n\t<meta name=\"twitter:label2\" content=\"Ber\u00e4knad l\u00e4stid\" \/>\n\t<meta name=\"twitter:data2\" content=\"1 minut\" \/>\n<!-- \/ Yoast SEO Premium plugin. -->","yoast_head_json":{"title":"Oktober 2022 I Verksamhetsber\u00e4ttelse","description":"I oktober 2022 blev det klart med ett inf\u00f6rande av nytt delpensionssystem p\u00e5 bemanningsavtalet f\u00f6r arbetare som b\u00f6rjade g\u00e4lla 1 januari 2023.","robots":{"index":"index","follow":"follow","max-snippet":"max-snippet:-1","max-image-preview":"max-image-preview:large","max-video-preview":"max-video-preview:-1"},"canonical":"https:\/\/www.kompetensforetagen.se\/2023\/06\/oktober-2022-verksamhetsberattelse\/","og_locale":"sv_SE","og_type":"article","og_title":"Oktober 2022","og_description":"I oktober 2022 blev det klart med ett inf\u00f6rande av nytt delpensionssystem p\u00e5 bemanningsavtalet f\u00f6r arbetare som b\u00f6rjade g\u00e4lla 1 januari 2023.","og_url":"https:\/\/www.kompetensforetagen.se\/2023\/06\/oktober-2022-verksamhetsberattelse\/","og_site_name":"Kompetensf\u00f6retagen","article_published_time":"2023-06-01T09:19:37+00:00","article_modified_time":"2023-07-14T08:49:17+00:00","og_image":[{"width":945,"height":945,"url":"https:\/\/www.kompetensforetagen.se\/app\/uploads\/sites\/5\/2022\/06\/namnlost-1.png","type":"image\/png"}],"author":"camillagunnar2","twitter_card":"summary_large_image","twitter_misc":{"Skriven av":"camillagunnar2","Ber\u00e4knad l\u00e4stid":"1 minut"},"schema":{"@context":"https:\/\/schema.org","@graph":[{"@type":"Article","@id":"https:\/\/www.kompetensforetagen.se\/2023\/06\/oktober-2022-verksamhetsberattelse\/#article","isPartOf":{"@id":"https:\/\/www.kompetensforetagen.se\/2023\/06\/oktober-2022-verksamhetsberattelse\/"},"author":{"name":"camillagunnar2","@id":"https:\/\/www.kompetensforetagen.se\/#\/schema\/person\/94b8ea93ef0611b1467f15023d9ebd1b"},"headline":"Oktober 2022","datePublished":"2023-06-01T09:19:37+00:00","dateModified":"2023-07-14T08:49:17+00:00","mainEntityOfPage":{"@id":"https:\/\/www.kompetensforetagen.se\/2023\/06\/oktober-2022-verksamhetsberattelse\/"},"wordCount":145,"publisher":{"@id":"https:\/\/www.kompetensforetagen.se\/#organization"},"image":{"@id":"https:\/\/www.kompetensforetagen.se\/2023\/06\/oktober-2022-verksamhetsberattelse\/#primaryimage"},"thumbnailUrl":"https:\/\/www.kompetensforetagen.se\/app\/uploads\/sites\/5\/2022\/06\/namnlost-1.png","articleSection":{"1":"Verksamhetsber\u00e4ttelse"},"inLanguage":"sv-SE"},{"@type":"WebPage","@id":"https:\/\/www.kompetensforetagen.se\/2023\/06\/oktober-2022-verksamhetsberattelse\/","url":"https:\/\/www.kompetensforetagen.se\/2023\/06\/oktober-2022-verksamhetsberattelse\/","name":"Oktober 2022 I Verksamhetsber\u00e4ttelse","isPartOf":{"@id":"https:\/\/www.kompetensforetagen.se\/#website"},"primaryImageOfPage":{"@id":"https:\/\/www.kompetensforetagen.se\/2023\/06\/oktober-2022-verksamhetsberattelse\/#primaryimage"},"image":{"@id":"https:\/\/www.kompetensforetagen.se\/2023\/06\/oktober-2022-verksamhetsberattelse\/#primaryimage"},"thumbnailUrl":"https:\/\/www.kompetensforetagen.se\/app\/uploads\/sites\/5\/2022\/06\/namnlost-1.png","datePublished":"2023-06-01T09:19:37+00:00","dateModified":"2023-07-14T08:49:17+00:00","description":"I oktober 2022 blev det klart med ett inf\u00f6rande av nytt delpensionssystem p\u00e5 bemanningsavtalet f\u00f6r arbetare som b\u00f6rjade g\u00e4lla 1 januari 2023.","breadcrumb":{"@id":"https:\/\/www.kompetensforetagen.se\/2023\/06\/oktober-2022-verksamhetsberattelse\/#breadcrumb"},"inLanguage":"sv-SE","potentialAction":[{"@type":"ReadAction","target":["https:\/\/www.kompetensforetagen.se\/2023\/06\/oktober-2022-verksamhetsberattelse\/"]}]},{"@type":"ImageObject","inLanguage":"sv-SE","@id":"https:\/\/www.kompetensforetagen.se\/2023\/06\/oktober-2022-verksamhetsberattelse\/#primaryimage","url":"https:\/\/www.kompetensforetagen.se\/app\/uploads\/sites\/5\/2022\/06\/namnlost-1.png","contentUrl":"https:\/\/www.kompetensforetagen.se\/app\/uploads\/sites\/5\/2022\/06\/namnlost-1.png","width":945,"height":945,"caption":"M\u00e5nadsgrafik: Oktober \u2013 h\u00f6stens fokusfr\u00e5gor f\u00f6r branschen."},{"@type":"BreadcrumbList","@id":"https:\/\/www.kompetensforetagen.se\/2023\/06\/oktober-2022-verksamhetsberattelse\/#breadcrumb","itemListElement":[{"@type":"ListItem","position":1,"name":"Home","item":"https:\/\/www.kompetensforetagen.se\/"},{"@type":"ListItem","position":2,"name":"Oktober 2022"}]},{"@type":"WebSite","@id":"https:\/\/www.kompetensforetagen.se\/#website","url":"https:\/\/www.kompetensforetagen.se\/","name":"Kompetensf\u00f6retagen","description":"R\u00e4tt person p\u00e5 r\u00e4tt plats kan f\u00f6r\u00e4ndra v\u00e4rlden","publisher":{"@id":"https:\/\/www.kompetensforetagen.se\/#organization"},"potentialAction":[{"@type":"SearchAction","target":{"@type":"EntryPoint","urlTemplate":"https:\/\/www.kompetensforetagen.se\/?s={search_term_string}"},"query-input":{"@type":"PropertyValueSpecification","valueRequired":true,"valueName":"search_term_string"}}],"inLanguage":"sv-SE"},{"@type":"Organization","@id":"https:\/\/www.kompetensforetagen.se\/#organization","name":"Kompetensf\u00f6retagen","url":"https:\/\/www.kompetensforetagen.se\/","logo":{"@type":"ImageObject","inLanguage":"sv-SE","@id":"https:\/\/www.kompetensforetagen.se\/#\/schema\/logo\/image\/","url":"https:\/\/www.kompetensforetagen.se\/app\/uploads\/sites\/5\/2022\/10\/logga_svart.png","contentUrl":"https:\/\/www.kompetensforetagen.se\/app\/uploads\/sites\/5\/2022\/10\/logga_svart.png","width":752,"height":64,"caption":"Kompetensf\u00f6retagen"},"image":{"@id":"https:\/\/www.kompetensforetagen.se\/#\/schema\/logo\/image\/"},"sameAs":["https:\/\/www.linkedin.com\/company\/10540032\/"]},{"@type":"Person","@id":"https:\/\/www.kompetensforetagen.se\/#\/schema\/person\/94b8ea93ef0611b1467f15023d9ebd1b","name":"camillagunnar2","image":{"@type":"ImageObject","inLanguage":"sv-SE","@id":"https:\/\/www.kompetensforetagen.se\/#\/schema\/person\/image\/","url":"https:\/\/secure.gravatar.com\/avatar\/b6f8240666aff929220ce2eb5e5698c1b44b3223ca9f0ac50ecbf5dbdb13dab4?s=96&d=mm&r=g","contentUrl":"https:\/\/secure.gravatar.com\/avatar\/b6f8240666aff929220ce2eb5e5698c1b44b3223ca9f0ac50ecbf5dbdb13dab4?s=96&d=mm&r=g","caption":"camillagunnar2"},"url":"https:\/\/www.kompetensforetagen.se\/person\/camillagunnar2\/"}]}},"_links":{"self":[{"href":"https:\/\/www.kompetensforetagen.se\/api\/wp\/v2\/posts\/13485","targetHints":{"allow":["GET"]}}],"collection":[{"href":"https:\/\/www.kompetensforetagen.se\/api\/wp\/v2\/posts"}],"about":[{"href":"https:\/\/www.kompetensforetagen.se\/api\/wp\/v2\/types\/post"}],"author":[{"embeddable":true,"href":"https:\/\/www.kompetensforetagen.se\/api\/wp\/v2\/users\/14830"}],"replies":[{"embeddable":true,"href":"https:\/\/www.kompetensforetagen.se\/api\/wp\/v2\/comments?post=13485"}],"version-history":[{"count":3,"href":"https:\/\/www.kompetensforetagen.se\/api\/wp\/v2\/posts\/13485\/revisions"}],"predecessor-version":[{"id":14670,"href":"https:\/\/www.kompetensforetagen.se\/api\/wp\/v2\/posts\/13485\/revisions\/14670"}],"wp:featuredmedia":[{"embeddable":true,"href":"https:\/\/www.kompetensforetagen.se\/api\/wp\/v2\/media\/9625"}],"wp:attachment":[{"href":"https:\/\/www.kompetensforetagen.se\/api\/wp\/v2\/media?parent=13485"}],"wp:term":[{"taxonomy":"category","embeddable":true,"href":"https:\/\/www.kompetensforetagen.se\/api\/wp\/v2\/categories?post=13485"},{"taxonomy":"post_tag","embeddable":true,"href":"https:\/\/www.kompetensforetagen.se\/api\/wp\/v2\/tags?post=13485"},{"taxonomy":"type","embeddable":true,"href":"https:\/\/www.kompetensforetagen.se\/api\/wp\/v2\/article_type?post=13485"},{"taxonomy":"agreement","embeddable":true,"href":"https:\/\/www.kompetensforetagen.se\/api\/wp\/v2\/agreement?post=13485"},{"taxonomy":"for-members","embeddable":true,"href":"https:\/\/www.kompetensforetagen.se\/api\/wp\/v2\/for-members?post=13485"}],"curies":[{"name":"wp","href":"https:\/\/api.w.org\/{rel}","templated":true}]}}