{"id":13483,"date":"2023-06-01T11:18:41","date_gmt":"2023-06-01T09:18:41","guid":{"rendered":"https:\/\/dev.kompetensforetagen.se\/?p=13483"},"modified":"2023-07-14T10:48:11","modified_gmt":"2023-07-14T08:48:11","slug":"september-2022-verksamhetsberattelse","status":"publish","type":"post","link":"https:\/\/www.kompetensforetagen.se\/2023\/06\/september-2022-verksamhetsberattelse\/","title":{"rendered":"September 2022 verksamhetsber\u00e4ttelse"},"content":{"rendered":"\n<p>I september 2022 \u00e4r Kompetensf\u00f6retagen m\u00e5nadens medlem i den internationella branschorganisationen WEC, styrelsen har strategim\u00f6te i Bryssel och medlemmar ur styrelsen presenteras p\u00e5 LinkedIn.<\/p>\n\n\n\n<p>5 september publiceras en&nbsp;<a href=\"https:\/\/www.kompetensforetagen.se\/2022\/12\/tio-fakta-om-vardbemanning\/\" target=\"_blank\" rel=\"noreferrer noopener\">ny skrift<\/a>&nbsp;med 10 fakta om v\u00e5rdbemanning och hur branschen st\u00f6ttar offentlig sektor.<\/p>\n\n\n\n<p>8 september&nbsp;<a href=\"https:\/\/www.kompetensforetagen.se\/2022\/09\/hur-jobbar-vi-pa-framtidens-arbetsmarknad\/\" target=\"_blank\" rel=\"noreferrer noopener\">bloggar<\/a>&nbsp;Patrik Eidfelt utifr\u00e5n fr\u00e5gest\u00e4llningen Hur jobbar vi p\u00e5 framtidens arbetsmarknad?<\/p>\n\n\n\n<p>14 september&nbsp;<a href=\"https:\/\/www.linkedin.com\/feed\/update\/urn:li:activity:6975738352637489152\" target=\"_blank\" rel=\"noreferrer noopener\">deltog Kompetensf\u00f6retagen i Jobbfestivalen i Kungstr\u00e4dg\u00e5rden<\/a>.<\/p>\n\n\n\n<p>22 september sammantr\u00e4der&nbsp;<a href=\"https:\/\/www.kompetensforetagen.se\/auktorisation\/kompetensforetagens-auktorisationsnamnd\/\" target=\"_blank\" rel=\"noreferrer noopener\">auktorisationsn\u00e4mnden<\/a>.<\/p>\n\n\n\n<p>29 september delar Kompetensf\u00f6retagens upphandlingsexpert Stefan Holm med sig av sina&nbsp;<a href=\"https:\/\/www.kompetensforetagen.se\/2022\/09\/expertens-tips-for-offentlig-upphandling-av-tjanster\/\" target=\"_blank\" rel=\"noreferrer noopener\">fem b\u00e4sta tips f\u00f6r god upphandling av tj\u00e4nster<\/a>.<\/p>\n","protected":false},"excerpt":{"rendered":"<p>I september 2022 \u00e4r Kompetensf\u00f6retagen m\u00e5nadens medlem i den internationella branschorganisationen WEC, styrelsen har strategim\u00f6te i Bryssel och medlemmar ur styrelsen presenteras p\u00e5 LinkedIn. 5 september publiceras en&nbsp;ny skrift&nbsp;med 10 fakta om v\u00e5rdbemanning och hur &hellip;<\/p>\n","protected":false},"author":14830,"featured_media":9624,"comment_status":"closed","ping_status":"closed","sticky":false,"template":"","format":"standard","meta":{"_acf_changed":false,"footnotes":""},"categories":[1,213],"tags":[],"article_type":[],"agreement":[],"for-members":[],"class_list":["post-13483","post","type-post","status-publish","format-standard","has-post-thumbnail","hentry","category-okategoriserade","category-verksamhetsberattelse"],"acf":[],"yoast_head":"<!-- This site is optimized with the Yoast SEO Premium plugin v26.8 (Yoast SEO v26.8) - https:\/\/yoast.com\/product\/yoast-seo-premium-wordpress\/ -->\n<title>September 2022 I Verksamhetsber\u00e4ttelse<\/title>\n<meta name=\"description\" content=\"I september 2022 publiceras en\u00a0ny skrift\u00a0med 10 fakta om v\u00e5rdbemanning och hur branschen st\u00f6ttar offentlig sektor.\" \/>\n<meta name=\"robots\" content=\"index, follow, max-snippet:-1, max-image-preview:large, max-video-preview:-1\" \/>\n<link rel=\"canonical\" href=\"https:\/\/www.kompetensforetagen.se\/2023\/06\/september-2022-verksamhetsberattelse\/\" \/>\n<meta property=\"og:locale\" content=\"sv_SE\" \/>\n<meta property=\"og:type\" content=\"article\" \/>\n<meta property=\"og:title\" content=\"September 2022 verksamhetsber\u00e4ttelse\" \/>\n<meta property=\"og:description\" content=\"I september 2022 publiceras en\u00a0ny skrift\u00a0med 10 fakta om v\u00e5rdbemanning och hur branschen st\u00f6ttar offentlig sektor.\" \/>\n<meta property=\"og:url\" content=\"https:\/\/www.kompetensforetagen.se\/2023\/06\/september-2022-verksamhetsberattelse\/\" \/>\n<meta property=\"og:site_name\" content=\"Kompetensf\u00f6retagen\" \/>\n<meta property=\"article:published_time\" content=\"2023-06-01T09:18:41+00:00\" \/>\n<meta property=\"article:modified_time\" content=\"2023-07-14T08:48:11+00:00\" \/>\n<meta property=\"og:image\" content=\"https:\/\/www.kompetensforetagen.se\/app\/uploads\/sites\/5\/2022\/06\/september-1.png\" \/>\n\t<meta property=\"og:image:width\" content=\"945\" \/>\n\t<meta property=\"og:image:height\" content=\"945\" \/>\n\t<meta property=\"og:image:type\" content=\"image\/png\" \/>\n<meta name=\"author\" content=\"camillagunnar2\" \/>\n<meta name=\"twitter:card\" content=\"summary_large_image\" \/>\n<meta name=\"twitter:label1\" content=\"Skriven av\" \/>\n\t<meta name=\"twitter:data1\" content=\"camillagunnar2\" \/>\n\t<meta name=\"twitter:label2\" content=\"Ber\u00e4knad l\u00e4stid\" \/>\n\t<meta name=\"twitter:data2\" content=\"1 minut\" \/>\n<!-- \/ Yoast SEO Premium plugin. -->","yoast_head_json":{"title":"September 2022 I Verksamhetsber\u00e4ttelse","description":"I september 2022 publiceras en\u00a0ny skrift\u00a0med 10 fakta om v\u00e5rdbemanning och hur branschen st\u00f6ttar offentlig sektor.","robots":{"index":"index","follow":"follow","max-snippet":"max-snippet:-1","max-image-preview":"max-image-preview:large","max-video-preview":"max-video-preview:-1"},"canonical":"https:\/\/www.kompetensforetagen.se\/2023\/06\/september-2022-verksamhetsberattelse\/","og_locale":"sv_SE","og_type":"article","og_title":"September 2022 verksamhetsber\u00e4ttelse","og_description":"I september 2022 publiceras en\u00a0ny skrift\u00a0med 10 fakta om v\u00e5rdbemanning och hur branschen st\u00f6ttar offentlig sektor.","og_url":"https:\/\/www.kompetensforetagen.se\/2023\/06\/september-2022-verksamhetsberattelse\/","og_site_name":"Kompetensf\u00f6retagen","article_published_time":"2023-06-01T09:18:41+00:00","article_modified_time":"2023-07-14T08:48:11+00:00","og_image":[{"width":945,"height":945,"url":"https:\/\/www.kompetensforetagen.se\/app\/uploads\/sites\/5\/2022\/06\/september-1.png","type":"image\/png"}],"author":"camillagunnar2","twitter_card":"summary_large_image","twitter_misc":{"Skriven av":"camillagunnar2","Ber\u00e4knad l\u00e4stid":"1 minut"},"schema":{"@context":"https:\/\/schema.org","@graph":[{"@type":"Article","@id":"https:\/\/www.kompetensforetagen.se\/2023\/06\/september-2022-verksamhetsberattelse\/#article","isPartOf":{"@id":"https:\/\/www.kompetensforetagen.se\/2023\/06\/september-2022-verksamhetsberattelse\/"},"author":{"name":"camillagunnar2","@id":"https:\/\/www.kompetensforetagen.se\/#\/schema\/person\/94b8ea93ef0611b1467f15023d9ebd1b"},"headline":"September 2022 verksamhetsber\u00e4ttelse","datePublished":"2023-06-01T09:18:41+00:00","dateModified":"2023-07-14T08:48:11+00:00","mainEntityOfPage":{"@id":"https:\/\/www.kompetensforetagen.se\/2023\/06\/september-2022-verksamhetsberattelse\/"},"wordCount":105,"publisher":{"@id":"https:\/\/www.kompetensforetagen.se\/#organization"},"image":{"@id":"https:\/\/www.kompetensforetagen.se\/2023\/06\/september-2022-verksamhetsberattelse\/#primaryimage"},"thumbnailUrl":"https:\/\/www.kompetensforetagen.se\/app\/uploads\/sites\/5\/2022\/06\/september-1.png","articleSection":{"1":"Verksamhetsber\u00e4ttelse"},"inLanguage":"sv-SE"},{"@type":"WebPage","@id":"https:\/\/www.kompetensforetagen.se\/2023\/06\/september-2022-verksamhetsberattelse\/","url":"https:\/\/www.kompetensforetagen.se\/2023\/06\/september-2022-verksamhetsberattelse\/","name":"September 2022 I Verksamhetsber\u00e4ttelse","isPartOf":{"@id":"https:\/\/www.kompetensforetagen.se\/#website"},"primaryImageOfPage":{"@id":"https:\/\/www.kompetensforetagen.se\/2023\/06\/september-2022-verksamhetsberattelse\/#primaryimage"},"image":{"@id":"https:\/\/www.kompetensforetagen.se\/2023\/06\/september-2022-verksamhetsberattelse\/#primaryimage"},"thumbnailUrl":"https:\/\/www.kompetensforetagen.se\/app\/uploads\/sites\/5\/2022\/06\/september-1.png","datePublished":"2023-06-01T09:18:41+00:00","dateModified":"2023-07-14T08:48:11+00:00","description":"I september 2022 publiceras en\u00a0ny skrift\u00a0med 10 fakta om v\u00e5rdbemanning och hur branschen st\u00f6ttar offentlig sektor.","breadcrumb":{"@id":"https:\/\/www.kompetensforetagen.se\/2023\/06\/september-2022-verksamhetsberattelse\/#breadcrumb"},"inLanguage":"sv-SE","potentialAction":[{"@type":"ReadAction","target":["https:\/\/www.kompetensforetagen.se\/2023\/06\/september-2022-verksamhetsberattelse\/"]}]},{"@type":"ImageObject","inLanguage":"sv-SE","@id":"https:\/\/www.kompetensforetagen.se\/2023\/06\/september-2022-verksamhetsberattelse\/#primaryimage","url":"https:\/\/www.kompetensforetagen.se\/app\/uploads\/sites\/5\/2022\/06\/september-1.png","contentUrl":"https:\/\/www.kompetensforetagen.se\/app\/uploads\/sites\/5\/2022\/06\/september-1.png","width":945,"height":945,"caption":"M\u00e5nadsgrafik: September \u2013 startskottet f\u00f6r h\u00f6stens branscharbete."},{"@type":"BreadcrumbList","@id":"https:\/\/www.kompetensforetagen.se\/2023\/06\/september-2022-verksamhetsberattelse\/#breadcrumb","itemListElement":[{"@type":"ListItem","position":1,"name":"Home","item":"https:\/\/www.kompetensforetagen.se\/"},{"@type":"ListItem","position":2,"name":"September 2022 verksamhetsber\u00e4ttelse"}]},{"@type":"WebSite","@id":"https:\/\/www.kompetensforetagen.se\/#website","url":"https:\/\/www.kompetensforetagen.se\/","name":"Kompetensf\u00f6retagen","description":"R\u00e4tt person p\u00e5 r\u00e4tt plats kan f\u00f6r\u00e4ndra v\u00e4rlden","publisher":{"@id":"https:\/\/www.kompetensforetagen.se\/#organization"},"potentialAction":[{"@type":"SearchAction","target":{"@type":"EntryPoint","urlTemplate":"https:\/\/www.kompetensforetagen.se\/?s={search_term_string}"},"query-input":{"@type":"PropertyValueSpecification","valueRequired":true,"valueName":"search_term_string"}}],"inLanguage":"sv-SE"},{"@type":"Organization","@id":"https:\/\/www.kompetensforetagen.se\/#organization","name":"Kompetensf\u00f6retagen","url":"https:\/\/www.kompetensforetagen.se\/","logo":{"@type":"ImageObject","inLanguage":"sv-SE","@id":"https:\/\/www.kompetensforetagen.se\/#\/schema\/logo\/image\/","url":"https:\/\/www.kompetensforetagen.se\/app\/uploads\/sites\/5\/2022\/10\/logga_svart.png","contentUrl":"https:\/\/www.kompetensforetagen.se\/app\/uploads\/sites\/5\/2022\/10\/logga_svart.png","width":752,"height":64,"caption":"Kompetensf\u00f6retagen"},"image":{"@id":"https:\/\/www.kompetensforetagen.se\/#\/schema\/logo\/image\/"},"sameAs":["https:\/\/www.linkedin.com\/company\/10540032\/"]},{"@type":"Person","@id":"https:\/\/www.kompetensforetagen.se\/#\/schema\/person\/94b8ea93ef0611b1467f15023d9ebd1b","name":"camillagunnar2","image":{"@type":"ImageObject","inLanguage":"sv-SE","@id":"https:\/\/www.kompetensforetagen.se\/#\/schema\/person\/image\/","url":"https:\/\/secure.gravatar.com\/avatar\/b6f8240666aff929220ce2eb5e5698c1b44b3223ca9f0ac50ecbf5dbdb13dab4?s=96&d=mm&r=g","contentUrl":"https:\/\/secure.gravatar.com\/avatar\/b6f8240666aff929220ce2eb5e5698c1b44b3223ca9f0ac50ecbf5dbdb13dab4?s=96&d=mm&r=g","caption":"camillagunnar2"},"url":"https:\/\/www.kompetensforetagen.se\/person\/camillagunnar2\/"}]}},"_links":{"self":[{"href":"https:\/\/www.kompetensforetagen.se\/api\/wp\/v2\/posts\/13483","targetHints":{"allow":["GET"]}}],"collection":[{"href":"https:\/\/www.kompetensforetagen.se\/api\/wp\/v2\/posts"}],"about":[{"href":"https:\/\/www.kompetensforetagen.se\/api\/wp\/v2\/types\/post"}],"author":[{"embeddable":true,"href":"https:\/\/www.kompetensforetagen.se\/api\/wp\/v2\/users\/14830"}],"replies":[{"embeddable":true,"href":"https:\/\/www.kompetensforetagen.se\/api\/wp\/v2\/comments?post=13483"}],"version-history":[{"count":2,"href":"https:\/\/www.kompetensforetagen.se\/api\/wp\/v2\/posts\/13483\/revisions"}],"predecessor-version":[{"id":14669,"href":"https:\/\/www.kompetensforetagen.se\/api\/wp\/v2\/posts\/13483\/revisions\/14669"}],"wp:featuredmedia":[{"embeddable":true,"href":"https:\/\/www.kompetensforetagen.se\/api\/wp\/v2\/media\/9624"}],"wp:attachment":[{"href":"https:\/\/www.kompetensforetagen.se\/api\/wp\/v2\/media?parent=13483"}],"wp:term":[{"taxonomy":"category","embeddable":true,"href":"https:\/\/www.kompetensforetagen.se\/api\/wp\/v2\/categories?post=13483"},{"taxonomy":"post_tag","embeddable":true,"href":"https:\/\/www.kompetensforetagen.se\/api\/wp\/v2\/tags?post=13483"},{"taxonomy":"type","embeddable":true,"href":"https:\/\/www.kompetensforetagen.se\/api\/wp\/v2\/article_type?post=13483"},{"taxonomy":"agreement","embeddable":true,"href":"https:\/\/www.kompetensforetagen.se\/api\/wp\/v2\/agreement?post=13483"},{"taxonomy":"for-members","embeddable":true,"href":"https:\/\/www.kompetensforetagen.se\/api\/wp\/v2\/for-members?post=13483"}],"curies":[{"name":"wp","href":"https:\/\/api.w.org\/{rel}","templated":true}]}}