{"id":13479,"date":"2023-06-01T11:17:17","date_gmt":"2023-06-01T09:17:17","guid":{"rendered":"https:\/\/dev.kompetensforetagen.se\/?p=13479"},"modified":"2023-07-14T10:45:23","modified_gmt":"2023-07-14T08:45:23","slug":"juli-2022-verksamhetsberattelse","status":"publish","type":"post","link":"https:\/\/www.kompetensforetagen.se\/2023\/06\/juli-2022-verksamhetsberattelse\/","title":{"rendered":"Juli 2022 verksamhetsber\u00e4ttelse"},"content":{"rendered":"\n<p>4 juli publiceras en nyhet om att Kompetensf\u00f6retagen kan r\u00e4kna in&nbsp;<a href=\"https:\/\/www.kompetensforetagen.se\/2022\/07\/tva-nya-auktoriserade-foretag-och-tva-forlorar-auktorisationen\/\" target=\"_blank\" rel=\"noreferrer noopener\">tv\u00e5 nya auktoriserade f\u00f6retag, samtidigt som tv\u00e5 f\u00f6rlorar auktorisationen.<\/a><\/p>\n\n\n\n<p>5 juli presenteras en&nbsp;<a href=\"https:\/\/www.kompetensforetagen.se\/2022\/07\/partssamarbete-mot-sexuella-trakasserier\/\" target=\"_blank\" rel=\"noreferrer noopener\">viktig nyhet om arbetsmilj\u00f6<\/a>&nbsp;\u2013 Kompetensf\u00f6retagen ing\u00e5r i en projektgrupp tillsammans med Prevent, &nbsp;och IF Metall, Byggnads, Handels och Transport f\u00f6r de 14 LO-f\u00f6rbunden. Syftet \u00e4r att h\u00f6ja kunskapsniv\u00e5n om sexuella trakasserier bland arbetsgivare, chefer och skyddsombud.<\/p>\n\n\n\n<p>7 juli<a href=\"https:\/\/www.kompetensforetagen.se\/2022\/07\/bli-mentor-i-spannande-trepartssamarbete\/\" target=\"_blank\" rel=\"noreferrer noopener\">&nbsp;presenteras ytterligare ett samarbete<\/a>. Kompetensf\u00f6retagen och Akademikerf\u00f6rbundet SSR tillsammans med den ideella organisationen Nema Problema skapar ett mentorprogram f\u00f6r att hj\u00e4lpa nyanl\u00e4nda ta steg mot den svenska arbetsmarknaden.<\/p>\n\n\n\n<p>11 juli publiceras<a href=\"https:\/\/www.kompetensforetagen.se\/2022\/07\/kommentar-god-vard-utgangspunkten-for-vardbemanningsforetag\/\" target=\"_blank\" rel=\"noreferrer noopener\">&nbsp;en kommentar<\/a>&nbsp;fr\u00e5n Eva Domanders och Patrik Eidfelt: God v\u00e5rd utg\u00e5ngspunkten f\u00f6r v\u00e5rdbemanningsf\u00f6retag.<\/p>\n","protected":false},"excerpt":{"rendered":"<p>4 juli publiceras en nyhet om att Kompetensf\u00f6retagen kan r\u00e4kna in&nbsp;tv\u00e5 nya auktoriserade f\u00f6retag, samtidigt som tv\u00e5 f\u00f6rlorar auktorisationen. 5 juli presenteras en&nbsp;viktig nyhet om arbetsmilj\u00f6&nbsp;\u2013 Kompetensf\u00f6retagen ing\u00e5r i en projektgrupp tillsammans med Prevent, &nbsp;och &hellip;<\/p>\n","protected":false},"author":14830,"featured_media":9627,"comment_status":"closed","ping_status":"closed","sticky":false,"template":"","format":"standard","meta":{"_acf_changed":false,"footnotes":""},"categories":[1,213],"tags":[],"article_type":[],"agreement":[],"for-members":[],"class_list":["post-13479","post","type-post","status-publish","format-standard","has-post-thumbnail","hentry","category-okategoriserade","category-verksamhetsberattelse"],"acf":[],"yoast_head":"<!-- This site is optimized with the Yoast SEO Premium plugin v26.8 (Yoast SEO v26.8) - https:\/\/yoast.com\/product\/yoast-seo-premium-wordpress\/ -->\n<title>Juli 2022 I Verksamhetsber\u00e4ttelse<\/title>\n<meta name=\"description\" content=\"I juli 2022 \u00a0presenteras ett samarbete: Kompetensf\u00f6retagen, Akademikerf\u00f6rbundet SSR och Nema Problema skapar ett mentorprogram.\" \/>\n<meta name=\"robots\" content=\"index, follow, max-snippet:-1, max-image-preview:large, max-video-preview:-1\" \/>\n<link rel=\"canonical\" href=\"https:\/\/www.kompetensforetagen.se\/2023\/06\/juli-2022-verksamhetsberattelse\/\" \/>\n<meta property=\"og:locale\" content=\"sv_SE\" \/>\n<meta property=\"og:type\" content=\"article\" \/>\n<meta property=\"og:title\" content=\"Juli 2022 verksamhetsber\u00e4ttelse\" \/>\n<meta property=\"og:description\" content=\"I juli 2022 \u00a0presenteras ett samarbete: Kompetensf\u00f6retagen, Akademikerf\u00f6rbundet SSR och Nema Problema skapar ett mentorprogram.\" \/>\n<meta property=\"og:url\" content=\"https:\/\/www.kompetensforetagen.se\/2023\/06\/juli-2022-verksamhetsberattelse\/\" \/>\n<meta property=\"og:site_name\" content=\"Kompetensf\u00f6retagen\" \/>\n<meta property=\"article:published_time\" content=\"2023-06-01T09:17:17+00:00\" \/>\n<meta property=\"article:modified_time\" content=\"2023-07-14T08:45:23+00:00\" \/>\n<meta property=\"og:image\" content=\"https:\/\/www.kompetensforetagen.se\/app\/uploads\/sites\/5\/2022\/06\/juli1.png\" \/>\n\t<meta property=\"og:image:width\" content=\"945\" \/>\n\t<meta property=\"og:image:height\" content=\"945\" \/>\n\t<meta property=\"og:image:type\" content=\"image\/png\" \/>\n<meta name=\"author\" content=\"camillagunnar2\" \/>\n<meta name=\"twitter:card\" content=\"summary_large_image\" \/>\n<meta name=\"twitter:label1\" content=\"Skriven av\" \/>\n\t<meta name=\"twitter:data1\" content=\"camillagunnar2\" \/>\n\t<meta name=\"twitter:label2\" content=\"Ber\u00e4knad l\u00e4stid\" \/>\n\t<meta name=\"twitter:data2\" content=\"1 minut\" \/>\n<!-- \/ Yoast SEO Premium plugin. -->","yoast_head_json":{"title":"Juli 2022 I Verksamhetsber\u00e4ttelse","description":"I juli 2022 \u00a0presenteras ett samarbete: Kompetensf\u00f6retagen, Akademikerf\u00f6rbundet SSR och Nema Problema skapar ett mentorprogram.","robots":{"index":"index","follow":"follow","max-snippet":"max-snippet:-1","max-image-preview":"max-image-preview:large","max-video-preview":"max-video-preview:-1"},"canonical":"https:\/\/www.kompetensforetagen.se\/2023\/06\/juli-2022-verksamhetsberattelse\/","og_locale":"sv_SE","og_type":"article","og_title":"Juli 2022 verksamhetsber\u00e4ttelse","og_description":"I juli 2022 \u00a0presenteras ett samarbete: Kompetensf\u00f6retagen, Akademikerf\u00f6rbundet SSR och Nema Problema skapar ett mentorprogram.","og_url":"https:\/\/www.kompetensforetagen.se\/2023\/06\/juli-2022-verksamhetsberattelse\/","og_site_name":"Kompetensf\u00f6retagen","article_published_time":"2023-06-01T09:17:17+00:00","article_modified_time":"2023-07-14T08:45:23+00:00","og_image":[{"width":945,"height":945,"url":"https:\/\/www.kompetensforetagen.se\/app\/uploads\/sites\/5\/2022\/06\/juli1.png","type":"image\/png"}],"author":"camillagunnar2","twitter_card":"summary_large_image","twitter_misc":{"Skriven av":"camillagunnar2","Ber\u00e4knad l\u00e4stid":"1 minut"},"schema":{"@context":"https:\/\/schema.org","@graph":[{"@type":"Article","@id":"https:\/\/www.kompetensforetagen.se\/2023\/06\/juli-2022-verksamhetsberattelse\/#article","isPartOf":{"@id":"https:\/\/www.kompetensforetagen.se\/2023\/06\/juli-2022-verksamhetsberattelse\/"},"author":{"name":"camillagunnar2","@id":"https:\/\/www.kompetensforetagen.se\/#\/schema\/person\/94b8ea93ef0611b1467f15023d9ebd1b"},"headline":"Juli 2022 verksamhetsber\u00e4ttelse","datePublished":"2023-06-01T09:17:17+00:00","dateModified":"2023-07-14T08:45:23+00:00","mainEntityOfPage":{"@id":"https:\/\/www.kompetensforetagen.se\/2023\/06\/juli-2022-verksamhetsberattelse\/"},"wordCount":132,"publisher":{"@id":"https:\/\/www.kompetensforetagen.se\/#organization"},"image":{"@id":"https:\/\/www.kompetensforetagen.se\/2023\/06\/juli-2022-verksamhetsberattelse\/#primaryimage"},"thumbnailUrl":"https:\/\/www.kompetensforetagen.se\/app\/uploads\/sites\/5\/2022\/06\/juli1.png","articleSection":{"1":"Verksamhetsber\u00e4ttelse"},"inLanguage":"sv-SE"},{"@type":"WebPage","@id":"https:\/\/www.kompetensforetagen.se\/2023\/06\/juli-2022-verksamhetsberattelse\/","url":"https:\/\/www.kompetensforetagen.se\/2023\/06\/juli-2022-verksamhetsberattelse\/","name":"Juli 2022 I Verksamhetsber\u00e4ttelse","isPartOf":{"@id":"https:\/\/www.kompetensforetagen.se\/#website"},"primaryImageOfPage":{"@id":"https:\/\/www.kompetensforetagen.se\/2023\/06\/juli-2022-verksamhetsberattelse\/#primaryimage"},"image":{"@id":"https:\/\/www.kompetensforetagen.se\/2023\/06\/juli-2022-verksamhetsberattelse\/#primaryimage"},"thumbnailUrl":"https:\/\/www.kompetensforetagen.se\/app\/uploads\/sites\/5\/2022\/06\/juli1.png","datePublished":"2023-06-01T09:17:17+00:00","dateModified":"2023-07-14T08:45:23+00:00","description":"I juli 2022 \u00a0presenteras ett samarbete: Kompetensf\u00f6retagen, Akademikerf\u00f6rbundet SSR och Nema Problema skapar ett mentorprogram.","breadcrumb":{"@id":"https:\/\/www.kompetensforetagen.se\/2023\/06\/juli-2022-verksamhetsberattelse\/#breadcrumb"},"inLanguage":"sv-SE","potentialAction":[{"@type":"ReadAction","target":["https:\/\/www.kompetensforetagen.se\/2023\/06\/juli-2022-verksamhetsberattelse\/"]}]},{"@type":"ImageObject","inLanguage":"sv-SE","@id":"https:\/\/www.kompetensforetagen.se\/2023\/06\/juli-2022-verksamhetsberattelse\/#primaryimage","url":"https:\/\/www.kompetensforetagen.se\/app\/uploads\/sites\/5\/2022\/06\/juli1.png","contentUrl":"https:\/\/www.kompetensforetagen.se\/app\/uploads\/sites\/5\/2022\/06\/juli1.png","width":945,"height":945,"caption":"M\u00e5nadsgrafik: Juli \u2013 sommarh\u00e4lsning och branschinformation."},{"@type":"BreadcrumbList","@id":"https:\/\/www.kompetensforetagen.se\/2023\/06\/juli-2022-verksamhetsberattelse\/#breadcrumb","itemListElement":[{"@type":"ListItem","position":1,"name":"Home","item":"https:\/\/www.kompetensforetagen.se\/"},{"@type":"ListItem","position":2,"name":"Juli 2022 verksamhetsber\u00e4ttelse"}]},{"@type":"WebSite","@id":"https:\/\/www.kompetensforetagen.se\/#website","url":"https:\/\/www.kompetensforetagen.se\/","name":"Kompetensf\u00f6retagen","description":"R\u00e4tt person p\u00e5 r\u00e4tt plats kan f\u00f6r\u00e4ndra v\u00e4rlden","publisher":{"@id":"https:\/\/www.kompetensforetagen.se\/#organization"},"potentialAction":[{"@type":"SearchAction","target":{"@type":"EntryPoint","urlTemplate":"https:\/\/www.kompetensforetagen.se\/?s={search_term_string}"},"query-input":{"@type":"PropertyValueSpecification","valueRequired":true,"valueName":"search_term_string"}}],"inLanguage":"sv-SE"},{"@type":"Organization","@id":"https:\/\/www.kompetensforetagen.se\/#organization","name":"Kompetensf\u00f6retagen","url":"https:\/\/www.kompetensforetagen.se\/","logo":{"@type":"ImageObject","inLanguage":"sv-SE","@id":"https:\/\/www.kompetensforetagen.se\/#\/schema\/logo\/image\/","url":"https:\/\/www.kompetensforetagen.se\/app\/uploads\/sites\/5\/2022\/10\/logga_svart.png","contentUrl":"https:\/\/www.kompetensforetagen.se\/app\/uploads\/sites\/5\/2022\/10\/logga_svart.png","width":752,"height":64,"caption":"Kompetensf\u00f6retagen"},"image":{"@id":"https:\/\/www.kompetensforetagen.se\/#\/schema\/logo\/image\/"},"sameAs":["https:\/\/www.linkedin.com\/company\/10540032\/"]},{"@type":"Person","@id":"https:\/\/www.kompetensforetagen.se\/#\/schema\/person\/94b8ea93ef0611b1467f15023d9ebd1b","name":"camillagunnar2","image":{"@type":"ImageObject","inLanguage":"sv-SE","@id":"https:\/\/www.kompetensforetagen.se\/#\/schema\/person\/image\/","url":"https:\/\/secure.gravatar.com\/avatar\/b6f8240666aff929220ce2eb5e5698c1b44b3223ca9f0ac50ecbf5dbdb13dab4?s=96&d=mm&r=g","contentUrl":"https:\/\/secure.gravatar.com\/avatar\/b6f8240666aff929220ce2eb5e5698c1b44b3223ca9f0ac50ecbf5dbdb13dab4?s=96&d=mm&r=g","caption":"camillagunnar2"},"url":"https:\/\/www.kompetensforetagen.se\/person\/camillagunnar2\/"}]}},"_links":{"self":[{"href":"https:\/\/www.kompetensforetagen.se\/api\/wp\/v2\/posts\/13479","targetHints":{"allow":["GET"]}}],"collection":[{"href":"https:\/\/www.kompetensforetagen.se\/api\/wp\/v2\/posts"}],"about":[{"href":"https:\/\/www.kompetensforetagen.se\/api\/wp\/v2\/types\/post"}],"author":[{"embeddable":true,"href":"https:\/\/www.kompetensforetagen.se\/api\/wp\/v2\/users\/14830"}],"replies":[{"embeddable":true,"href":"https:\/\/www.kompetensforetagen.se\/api\/wp\/v2\/comments?post=13479"}],"version-history":[{"count":1,"href":"https:\/\/www.kompetensforetagen.se\/api\/wp\/v2\/posts\/13479\/revisions"}],"predecessor-version":[{"id":13480,"href":"https:\/\/www.kompetensforetagen.se\/api\/wp\/v2\/posts\/13479\/revisions\/13480"}],"wp:featuredmedia":[{"embeddable":true,"href":"https:\/\/www.kompetensforetagen.se\/api\/wp\/v2\/media\/9627"}],"wp:attachment":[{"href":"https:\/\/www.kompetensforetagen.se\/api\/wp\/v2\/media?parent=13479"}],"wp:term":[{"taxonomy":"category","embeddable":true,"href":"https:\/\/www.kompetensforetagen.se\/api\/wp\/v2\/categories?post=13479"},{"taxonomy":"post_tag","embeddable":true,"href":"https:\/\/www.kompetensforetagen.se\/api\/wp\/v2\/tags?post=13479"},{"taxonomy":"type","embeddable":true,"href":"https:\/\/www.kompetensforetagen.se\/api\/wp\/v2\/article_type?post=13479"},{"taxonomy":"agreement","embeddable":true,"href":"https:\/\/www.kompetensforetagen.se\/api\/wp\/v2\/agreement?post=13479"},{"taxonomy":"for-members","embeddable":true,"href":"https:\/\/www.kompetensforetagen.se\/api\/wp\/v2\/for-members?post=13479"}],"curies":[{"name":"wp","href":"https:\/\/api.w.org\/{rel}","templated":true}]}}