{"id":13476,"date":"2023-06-01T11:16:23","date_gmt":"2023-06-01T09:16:23","guid":{"rendered":"https:\/\/dev.kompetensforetagen.se\/?p=13476"},"modified":"2023-10-31T14:42:32","modified_gmt":"2023-10-31T13:42:32","slug":"juni-2022-verksamhetsberattelse","status":"publish","type":"post","link":"https:\/\/www.kompetensforetagen.se\/2023\/06\/juni-2022-verksamhetsberattelse\/","title":{"rendered":"Juni 2022 verksamhetsber\u00e4ttelse"},"content":{"rendered":"<p class=\"intro\">I juni kommer ordf\u00f6rande Eva Domanders in p\u00e5 Dagens Medicins lista \u00f6ver de 50 m\u00e4ktigaste i V\u00e5rdsverige, och nye styrelseledamoten Anders Elbj\u00e4r presenteras p\u00e5 LinkedIn.<\/p>\n\n<p>I juni kommer ordf\u00f6rande Eva Domanders in p\u00e5 Dagens Medicins lista \u00f6ver de 50 m\u00e4ktigaste i V\u00e5rdsverige, och nye styrelseledamoten Anders Elbj\u00e4r presenteras p\u00e5 LinkedIn.<\/p>\n\n\n\n<p>2-3 juni deltog Kompetensf\u00f6retagen tillsammans med medlemsf\u00f6retag i J\u00e4rvaveckan.<\/p>\n\n\n\n<p>7 juni kan vi presentera&nbsp;<a href=\"https:\/\/www.kompetensforetagen.se\/2022\/06\/svenskt-kvalitetsindex-2022-klart-godkanda-kundbetyg-for-bemanningsbranschen\/\" target=\"_blank\" rel=\"noreferrer noopener\">nya siffror fr\u00e5n Svenskt Kvalitetsindex<\/a>&nbsp;som \u00e5terigen ger klart godk\u00e4nda kundbetyg f\u00f6r bemanningsbranschen.<\/p>\n\n\n\n<p>9 juni publiceras&nbsp;<a href=\"https:\/\/www.kompetensforetagen.se\/2022\/06\/faktablad-om-forandringarna-i-uthyrningslagen\/\" target=\"_blank\" rel=\"noreferrer noopener\">faktablad om f\u00f6r\u00e4ndringarna i Uthyrningslagen<\/a>&nbsp;p\u00e5 b\u00e5de svenska och engelska som ska vara ett st\u00f6d till b\u00e5de bemanningsf\u00f6retag och kundf\u00f6retag kring f\u00f6r\u00e4ndringar och ansvar.<\/p>\n\n\n\n<p>10 juni redovisas att&nbsp;<a href=\"https:\/\/www.kompetensforetagen.se\/2022\/06\/nio-nya-auktoriserade-foretag-och-tva-forlorar-auktorisationen\/\" target=\"_blank\" rel=\"noreferrer noopener\">nio nya f\u00f6retag auktoriserats och tv\u00e5 f\u00f6rlorar sin auktorisation.<\/a><\/p>\n\n\n\n<p>10 juni presenteras en nyhet i oms\u00e4ttningsstatistiken \u2013 en&nbsp;<a href=\"https:\/\/www.kompetensforetagen.se\/2022\/06\/nyhet-for-omsattningsstatistiken-q1-topp-50-lista\/\" target=\"_blank\" rel=\"noreferrer noopener\">topp 50-lista!<\/a><\/p>\n\n\n\n<p>14 juni publiceras en nyhet om&nbsp;<a href=\"https:\/\/www.kompetensforetagen.se\/2022\/06\/vi-mojliggor-for-fler-foretag-och-verksamheter-medlemskap-i-forbundet-med-uppdaterade-stadgar\/\" target=\"_blank\" rel=\"noreferrer noopener\">f\u00f6r\u00e4ndringar i stadgarnas \u00a7 3<\/a>&nbsp;om medlemskapets omfattning, som f\u00f6rtydligar vad som g\u00e4ller f\u00f6r f\u00f6retag inom koncern och f\u00f6retagsgrupp. Kravet p\u00e5 anslutning begr\u00e4nsas till de verksamhetsomr\u00e5den som omfattas av f\u00f6rbundets tre olika auktorisationer omst\u00e4llning, personaluthyrning och rekrytering.<\/p>\n\n\n\n<p>14 juni sammantr\u00e4der&nbsp;<a href=\"https:\/\/www.kompetensforetagen.se\/auktorisation\/kompetensforetagens-auktorisationsnamnd\/\" target=\"_blank\" rel=\"noreferrer noopener\">auktorisationsn\u00e4mnden<\/a>.<\/p>\n\n\n\n<p>15 juni kan Kompetensf\u00f6retagen&nbsp;<a href=\"https:\/\/www.kompetensforetagen.se\/2022\/06\/mikael-jansson-ny-ledamot-i-almegas-styrelse\/\" target=\"_blank\" rel=\"noreferrer noopener\">stolt meddela<\/a>&nbsp;att Kompetensf\u00f6retagens Mikael Jansson, ManpowerGroup valts in i Almegas styrelse. Kompetensf\u00f6retagens ordf\u00f6rande, Eva Domanders, fick rollen som vice ordf\u00f6rande, j\u00e4mte V\u00e5rdf\u00f6retagarnas Peter Seger.<\/p>\n\n\n\n<p>21 juni\u00a0<a href=\"https:\/\/www.kompetensforetagen.se\/2022\/06\/som-jobbonar-foredrar-kirsten-konsultyrket\/\" target=\"_blank\" rel=\"noreferrer noopener\">portr\u00e4tteras konsulten Kirsten<\/a>\u00a0som fortsatte livet efter 65 som jobbon\u00e4r i en konsultroll.<\/p>\n\n\n\n<p>28 juni debattreplikerade Kompetensf\u00f6retagen p\u00e5 dn.se:<a href=\"https:\/\/www.dn.se\/debatt\/inhyrning-betyder-att-vard-ges-i-stallet-for-att-utebli\/\" target=\"_blank\" rel=\"noreferrer noopener\">&nbsp;Inhyrning betyder att v\u00e5rd ges i st\u00e4llet f\u00f6r att utebli<\/a><\/p>\n\n\n\n<p>29 juni&nbsp;<a href=\"https:\/\/www.kompetensforetagen.se\/2022\/06\/film-om-inhyrningsbegransningarna\/\" target=\"_blank\" rel=\"noreferrer noopener\">publiceras en film<\/a>&nbsp;d\u00e4r Almegas chefsjurist Jonas Stenmo g\u00e5r igenom f\u00f6r\u00e4ndringarna i Uthyrningslagen.<\/p>\n","protected":false},"excerpt":{"rendered":"<p>I juni kommer ordf\u00f6rande Eva Domanders in p\u00e5 Dagens Medicins lista \u00f6ver de 50 m\u00e4ktigaste i V\u00e5rdsverige, och nye styrelseledamoten Anders Elbj\u00e4r presenteras p\u00e5 LinkedIn. 2-3 juni deltog Kompetensf\u00f6retagen tillsammans med medlemsf\u00f6retag i J\u00e4rvaveckan. 7 &hellip;<\/p>\n","protected":false},"author":14830,"featured_media":9630,"comment_status":"closed","ping_status":"closed","sticky":false,"template":"","format":"standard","meta":{"_acf_changed":false,"footnotes":""},"categories":[1,213],"tags":[],"article_type":[],"agreement":[],"for-members":[],"class_list":["post-13476","post","type-post","status-publish","format-standard","has-post-thumbnail","hentry","category-okategoriserade","category-verksamhetsberattelse"],"acf":[],"yoast_head":"<!-- This site is optimized with the Yoast SEO Premium plugin v26.8 (Yoast SEO v26.8) - https:\/\/yoast.com\/product\/yoast-seo-premium-wordpress\/ -->\n<title>Juni 2022 I Verksamhetsber\u00e4ttelse<\/title>\n<meta name=\"description\" content=\"I juni 2022 kommer ordf\u00f6rande Eva Domanders in p\u00e5 Dagens Medicins lista \u00f6ver de 50 m\u00e4ktigaste i V\u00e5rdsverige.\" \/>\n<meta name=\"robots\" content=\"index, follow, max-snippet:-1, max-image-preview:large, max-video-preview:-1\" \/>\n<link rel=\"canonical\" href=\"https:\/\/www.kompetensforetagen.se\/2023\/06\/juni-2022-verksamhetsberattelse\/\" \/>\n<meta property=\"og:locale\" content=\"sv_SE\" \/>\n<meta property=\"og:type\" content=\"article\" \/>\n<meta property=\"og:title\" content=\"Juni 2022 verksamhetsber\u00e4ttelse\" \/>\n<meta property=\"og:description\" content=\"I juni 2022 kommer ordf\u00f6rande Eva Domanders in p\u00e5 Dagens Medicins lista \u00f6ver de 50 m\u00e4ktigaste i V\u00e5rdsverige.\" \/>\n<meta property=\"og:url\" content=\"https:\/\/www.kompetensforetagen.se\/2023\/06\/juni-2022-verksamhetsberattelse\/\" \/>\n<meta property=\"og:site_name\" content=\"Kompetensf\u00f6retagen\" \/>\n<meta property=\"article:published_time\" content=\"2023-06-01T09:16:23+00:00\" \/>\n<meta property=\"article:modified_time\" content=\"2023-10-31T13:42:32+00:00\" \/>\n<meta property=\"og:image\" content=\"https:\/\/www.kompetensforetagen.se\/app\/uploads\/sites\/5\/2022\/06\/juni-1.png\" \/>\n\t<meta property=\"og:image:width\" content=\"945\" \/>\n\t<meta property=\"og:image:height\" content=\"945\" \/>\n\t<meta property=\"og:image:type\" content=\"image\/png\" \/>\n<meta name=\"author\" content=\"camillagunnar2\" \/>\n<meta name=\"twitter:card\" content=\"summary_large_image\" \/>\n<meta name=\"twitter:label1\" content=\"Skriven av\" \/>\n\t<meta name=\"twitter:data1\" content=\"camillagunnar2\" \/>\n\t<meta name=\"twitter:label2\" content=\"Ber\u00e4knad l\u00e4stid\" \/>\n\t<meta name=\"twitter:data2\" content=\"2 minuter\" \/>\n<!-- \/ Yoast SEO Premium plugin. -->","yoast_head_json":{"title":"Juni 2022 I Verksamhetsber\u00e4ttelse","description":"I juni 2022 kommer ordf\u00f6rande Eva Domanders in p\u00e5 Dagens Medicins lista \u00f6ver de 50 m\u00e4ktigaste i V\u00e5rdsverige.","robots":{"index":"index","follow":"follow","max-snippet":"max-snippet:-1","max-image-preview":"max-image-preview:large","max-video-preview":"max-video-preview:-1"},"canonical":"https:\/\/www.kompetensforetagen.se\/2023\/06\/juni-2022-verksamhetsberattelse\/","og_locale":"sv_SE","og_type":"article","og_title":"Juni 2022 verksamhetsber\u00e4ttelse","og_description":"I juni 2022 kommer ordf\u00f6rande Eva Domanders in p\u00e5 Dagens Medicins lista \u00f6ver de 50 m\u00e4ktigaste i V\u00e5rdsverige.","og_url":"https:\/\/www.kompetensforetagen.se\/2023\/06\/juni-2022-verksamhetsberattelse\/","og_site_name":"Kompetensf\u00f6retagen","article_published_time":"2023-06-01T09:16:23+00:00","article_modified_time":"2023-10-31T13:42:32+00:00","og_image":[{"width":945,"height":945,"url":"https:\/\/www.kompetensforetagen.se\/app\/uploads\/sites\/5\/2022\/06\/juni-1.png","type":"image\/png"}],"author":"camillagunnar2","twitter_card":"summary_large_image","twitter_misc":{"Skriven av":"camillagunnar2","Ber\u00e4knad l\u00e4stid":"2 minuter"},"schema":{"@context":"https:\/\/schema.org","@graph":[{"@type":"Article","@id":"https:\/\/www.kompetensforetagen.se\/2023\/06\/juni-2022-verksamhetsberattelse\/#article","isPartOf":{"@id":"https:\/\/www.kompetensforetagen.se\/2023\/06\/juni-2022-verksamhetsberattelse\/"},"author":{"name":"camillagunnar2","@id":"https:\/\/www.kompetensforetagen.se\/#\/schema\/person\/94b8ea93ef0611b1467f15023d9ebd1b"},"headline":"Juni 2022 verksamhetsber\u00e4ttelse","datePublished":"2023-06-01T09:16:23+00:00","dateModified":"2023-10-31T13:42:32+00:00","mainEntityOfPage":{"@id":"https:\/\/www.kompetensforetagen.se\/2023\/06\/juni-2022-verksamhetsberattelse\/"},"wordCount":281,"publisher":{"@id":"https:\/\/www.kompetensforetagen.se\/#organization"},"image":{"@id":"https:\/\/www.kompetensforetagen.se\/2023\/06\/juni-2022-verksamhetsberattelse\/#primaryimage"},"thumbnailUrl":"https:\/\/www.kompetensforetagen.se\/app\/uploads\/sites\/5\/2022\/06\/juni-1.png","articleSection":{"1":"Verksamhetsber\u00e4ttelse"},"inLanguage":"sv-SE"},{"@type":"WebPage","@id":"https:\/\/www.kompetensforetagen.se\/2023\/06\/juni-2022-verksamhetsberattelse\/","url":"https:\/\/www.kompetensforetagen.se\/2023\/06\/juni-2022-verksamhetsberattelse\/","name":"Juni 2022 I Verksamhetsber\u00e4ttelse","isPartOf":{"@id":"https:\/\/www.kompetensforetagen.se\/#website"},"primaryImageOfPage":{"@id":"https:\/\/www.kompetensforetagen.se\/2023\/06\/juni-2022-verksamhetsberattelse\/#primaryimage"},"image":{"@id":"https:\/\/www.kompetensforetagen.se\/2023\/06\/juni-2022-verksamhetsberattelse\/#primaryimage"},"thumbnailUrl":"https:\/\/www.kompetensforetagen.se\/app\/uploads\/sites\/5\/2022\/06\/juni-1.png","datePublished":"2023-06-01T09:16:23+00:00","dateModified":"2023-10-31T13:42:32+00:00","description":"I juni 2022 kommer ordf\u00f6rande Eva Domanders in p\u00e5 Dagens Medicins lista \u00f6ver de 50 m\u00e4ktigaste i V\u00e5rdsverige.","breadcrumb":{"@id":"https:\/\/www.kompetensforetagen.se\/2023\/06\/juni-2022-verksamhetsberattelse\/#breadcrumb"},"inLanguage":"sv-SE","potentialAction":[{"@type":"ReadAction","target":["https:\/\/www.kompetensforetagen.se\/2023\/06\/juni-2022-verksamhetsberattelse\/"]}]},{"@type":"ImageObject","inLanguage":"sv-SE","@id":"https:\/\/www.kompetensforetagen.se\/2023\/06\/juni-2022-verksamhetsberattelse\/#primaryimage","url":"https:\/\/www.kompetensforetagen.se\/app\/uploads\/sites\/5\/2022\/06\/juni-1.png","contentUrl":"https:\/\/www.kompetensforetagen.se\/app\/uploads\/sites\/5\/2022\/06\/juni-1.png","width":945,"height":945,"caption":"M\u00e5nadsgrafik: Juni \u2013 halv\u00e5rsavst\u00e4mning f\u00f6r bemanningsf\u00f6retag."},{"@type":"BreadcrumbList","@id":"https:\/\/www.kompetensforetagen.se\/2023\/06\/juni-2022-verksamhetsberattelse\/#breadcrumb","itemListElement":[{"@type":"ListItem","position":1,"name":"Home","item":"https:\/\/www.kompetensforetagen.se\/"},{"@type":"ListItem","position":2,"name":"Juni 2022 verksamhetsber\u00e4ttelse"}]},{"@type":"WebSite","@id":"https:\/\/www.kompetensforetagen.se\/#website","url":"https:\/\/www.kompetensforetagen.se\/","name":"Kompetensf\u00f6retagen","description":"R\u00e4tt person p\u00e5 r\u00e4tt plats kan f\u00f6r\u00e4ndra v\u00e4rlden","publisher":{"@id":"https:\/\/www.kompetensforetagen.se\/#organization"},"potentialAction":[{"@type":"SearchAction","target":{"@type":"EntryPoint","urlTemplate":"https:\/\/www.kompetensforetagen.se\/?s={search_term_string}"},"query-input":{"@type":"PropertyValueSpecification","valueRequired":true,"valueName":"search_term_string"}}],"inLanguage":"sv-SE"},{"@type":"Organization","@id":"https:\/\/www.kompetensforetagen.se\/#organization","name":"Kompetensf\u00f6retagen","url":"https:\/\/www.kompetensforetagen.se\/","logo":{"@type":"ImageObject","inLanguage":"sv-SE","@id":"https:\/\/www.kompetensforetagen.se\/#\/schema\/logo\/image\/","url":"https:\/\/www.kompetensforetagen.se\/app\/uploads\/sites\/5\/2022\/10\/logga_svart.png","contentUrl":"https:\/\/www.kompetensforetagen.se\/app\/uploads\/sites\/5\/2022\/10\/logga_svart.png","width":752,"height":64,"caption":"Kompetensf\u00f6retagen"},"image":{"@id":"https:\/\/www.kompetensforetagen.se\/#\/schema\/logo\/image\/"},"sameAs":["https:\/\/www.linkedin.com\/company\/10540032\/"]},{"@type":"Person","@id":"https:\/\/www.kompetensforetagen.se\/#\/schema\/person\/94b8ea93ef0611b1467f15023d9ebd1b","name":"camillagunnar2","image":{"@type":"ImageObject","inLanguage":"sv-SE","@id":"https:\/\/www.kompetensforetagen.se\/#\/schema\/person\/image\/","url":"https:\/\/secure.gravatar.com\/avatar\/b6f8240666aff929220ce2eb5e5698c1b44b3223ca9f0ac50ecbf5dbdb13dab4?s=96&d=mm&r=g","contentUrl":"https:\/\/secure.gravatar.com\/avatar\/b6f8240666aff929220ce2eb5e5698c1b44b3223ca9f0ac50ecbf5dbdb13dab4?s=96&d=mm&r=g","caption":"camillagunnar2"},"url":"https:\/\/www.kompetensforetagen.se\/person\/camillagunnar2\/"}]}},"_links":{"self":[{"href":"https:\/\/www.kompetensforetagen.se\/api\/wp\/v2\/posts\/13476","targetHints":{"allow":["GET"]}}],"collection":[{"href":"https:\/\/www.kompetensforetagen.se\/api\/wp\/v2\/posts"}],"about":[{"href":"https:\/\/www.kompetensforetagen.se\/api\/wp\/v2\/types\/post"}],"author":[{"embeddable":true,"href":"https:\/\/www.kompetensforetagen.se\/api\/wp\/v2\/users\/14830"}],"replies":[{"embeddable":true,"href":"https:\/\/www.kompetensforetagen.se\/api\/wp\/v2\/comments?post=13476"}],"version-history":[{"count":3,"href":"https:\/\/www.kompetensforetagen.se\/api\/wp\/v2\/posts\/13476\/revisions"}],"predecessor-version":[{"id":15542,"href":"https:\/\/www.kompetensforetagen.se\/api\/wp\/v2\/posts\/13476\/revisions\/15542"}],"wp:featuredmedia":[{"embeddable":true,"href":"https:\/\/www.kompetensforetagen.se\/api\/wp\/v2\/media\/9630"}],"wp:attachment":[{"href":"https:\/\/www.kompetensforetagen.se\/api\/wp\/v2\/media?parent=13476"}],"wp:term":[{"taxonomy":"category","embeddable":true,"href":"https:\/\/www.kompetensforetagen.se\/api\/wp\/v2\/categories?post=13476"},{"taxonomy":"post_tag","embeddable":true,"href":"https:\/\/www.kompetensforetagen.se\/api\/wp\/v2\/tags?post=13476"},{"taxonomy":"type","embeddable":true,"href":"https:\/\/www.kompetensforetagen.se\/api\/wp\/v2\/article_type?post=13476"},{"taxonomy":"agreement","embeddable":true,"href":"https:\/\/www.kompetensforetagen.se\/api\/wp\/v2\/agreement?post=13476"},{"taxonomy":"for-members","embeddable":true,"href":"https:\/\/www.kompetensforetagen.se\/api\/wp\/v2\/for-members?post=13476"}],"curies":[{"name":"wp","href":"https:\/\/api.w.org\/{rel}","templated":true}]}}