{"id":13473,"date":"2023-06-01T11:14:08","date_gmt":"2023-06-01T09:14:08","guid":{"rendered":"https:\/\/dev.kompetensforetagen.se\/?p=13473"},"modified":"2023-10-24T13:11:21","modified_gmt":"2023-10-24T11:11:21","slug":"maj-2022-verksamhetsberattelse","status":"publish","type":"post","link":"https:\/\/www.kompetensforetagen.se\/2023\/06\/maj-2022-verksamhetsberattelse\/","title":{"rendered":"Maj 2022 verksamhetsber\u00e4ttelse"},"content":{"rendered":"<p class=\"intro\">I maj deltar f\u00f6rbundsdirekt\u00f6r Patrik Eidfelt i en podd som f\u00f6rdjupar sig i \u00e4ndringarna i Uthyrningslagen, och nya styrelseledamoten Charlotte Jarby Hellman presenteras p\u00e5 LinkedIn.<\/p>\n\n<p>I maj deltar f\u00f6rbundsdirekt\u00f6r Patrik Eidfelt i en podd som f\u00f6rdjupar sig i \u00e4ndringarna i Uthyrningslagen, och nya styrelseledamoten Charlotte J\u00e4reby Hellman presenteras p\u00e5 LinkedIn.<\/p>\n\n\n\n<p>16 maj rapporterar vi om att f\u00f6rbundet h\u00e5llit \u00e5rsm\u00f6te och att styrelsen tackat av Klas Bonde och Claes Ekmark, samt v\u00e4lkomnar tv\u00e5 nya styrelseledam\u00f6ter; Anders Elbj\u00e4r, Aventus och Charlotte J\u00e4reby Hellman.<\/p>\n\n\n\n<p>19 maj&nbsp;<a href=\"https:\/\/www.kompetensforetagen.se\/2022\/05\/kompetensbranschen-behovs-for-arbetsmarknadens-reskill-och-upskill\/\" target=\"_blank\" rel=\"noreferrer noopener\">bloggar Patrik Eidfelt<\/a>&nbsp;om de snabba f\u00f6r\u00e4ndringarna p\u00e5 arbetsmarknaden och de \u00f6kade krav som f\u00f6ljer p\u00e5 det i form av omst\u00e4llning och f\u00f6rm\u00e5ga att l\u00e4ra nytt \u2013 reskill och upskill.<\/p>\n\n\n\n<p>19 maj sammantr\u00e4der&nbsp;<a href=\"https:\/\/www.kompetensforetagen.se\/auktorisation\/kompetensforetagens-auktorisationsnamnd\/\" target=\"_blank\" rel=\"noreferrer noopener\">auktorisationsn\u00e4mnden<\/a>.<\/p>\n\n\n\n<p>24 maj kom&nbsp;<a href=\"https:\/\/www.kompetensforetagen.se\/2022\/05\/toppnotering-for-q1-och-fortsatt-optimism-i-kompetensbranschen\/\" target=\"_blank\" rel=\"noreferrer noopener\">\u00e5rets f\u00f6rsta kvartalsrapport<\/a>&nbsp;som uppvisade en toppnotering f\u00f6r perioden, och fortsatt optimism i kompetensbranschen via Framtidsindikatorn.<\/p>\n\n\n\n<p>25 maj\u00a0presenterar Kompetensf\u00f6retagen sitt deltagande i \u00e5rets J\u00e4rvavecka\u00a0d\u00e4r f\u00f6rbundet st\u00e5r som v\u00e4rd f\u00f6r medlemsf\u00f6retag som deltar och hj\u00e4lper jobbs\u00f6kande.<\/p>\n","protected":false},"excerpt":{"rendered":"<p>I maj deltar f\u00f6rbundsdirekt\u00f6r Patrik Eidfelt i en podd som f\u00f6rdjupar sig i \u00e4ndringarna i Uthyrningslagen, och nya styrelseledamoten Charlotte J\u00e4reby Hellman presenteras p\u00e5 LinkedIn. 16 maj rapporterar vi om att f\u00f6rbundet h\u00e5llit \u00e5rsm\u00f6te och &hellip;<\/p>\n","protected":false},"author":14830,"featured_media":9629,"comment_status":"closed","ping_status":"closed","sticky":false,"template":"","format":"standard","meta":{"_acf_changed":false,"footnotes":""},"categories":[1,213],"tags":[],"article_type":[],"agreement":[],"for-members":[],"class_list":["post-13473","post","type-post","status-publish","format-standard","has-post-thumbnail","hentry","category-okategoriserade","category-verksamhetsberattelse"],"acf":[],"yoast_head":"<!-- This site is optimized with the Yoast SEO Premium plugin v26.8 (Yoast SEO v26.8) - https:\/\/yoast.com\/product\/yoast-seo-premium-wordpress\/ -->\n<title>Maj 2022 verksamhetsber\u00e4ttelse<\/title>\n<meta name=\"description\" content=\"I maj 2022 deltar f\u00f6rbundsdirekt\u00f6r Patrik Eidfelt i en podd som f\u00f6rdjupar sig i \u00e4ndringarna i Uthyrningslagen.\" \/>\n<meta name=\"robots\" content=\"index, follow, max-snippet:-1, max-image-preview:large, max-video-preview:-1\" \/>\n<link rel=\"canonical\" href=\"https:\/\/www.kompetensforetagen.se\/2023\/06\/maj-2022-verksamhetsberattelse\/\" \/>\n<meta property=\"og:locale\" content=\"sv_SE\" \/>\n<meta property=\"og:type\" content=\"article\" \/>\n<meta property=\"og:title\" content=\"Maj 2022 verksamhetsber\u00e4ttelse\" \/>\n<meta property=\"og:description\" content=\"I maj 2022 deltar f\u00f6rbundsdirekt\u00f6r Patrik Eidfelt i en podd som f\u00f6rdjupar sig i \u00e4ndringarna i Uthyrningslagen.\" \/>\n<meta property=\"og:url\" content=\"https:\/\/www.kompetensforetagen.se\/2023\/06\/maj-2022-verksamhetsberattelse\/\" \/>\n<meta property=\"og:site_name\" content=\"Kompetensf\u00f6retagen\" \/>\n<meta property=\"article:published_time\" content=\"2023-06-01T09:14:08+00:00\" \/>\n<meta property=\"article:modified_time\" content=\"2023-10-24T11:11:21+00:00\" \/>\n<meta property=\"og:image\" content=\"https:\/\/www.kompetensforetagen.se\/app\/uploads\/sites\/5\/2022\/06\/maj-1.png\" \/>\n\t<meta property=\"og:image:width\" content=\"945\" \/>\n\t<meta property=\"og:image:height\" content=\"945\" \/>\n\t<meta property=\"og:image:type\" content=\"image\/png\" \/>\n<meta name=\"author\" content=\"camillagunnar2\" \/>\n<meta name=\"twitter:card\" content=\"summary_large_image\" \/>\n<meta name=\"twitter:label1\" content=\"Skriven av\" \/>\n\t<meta name=\"twitter:data1\" content=\"camillagunnar2\" \/>\n\t<meta name=\"twitter:label2\" content=\"Ber\u00e4knad l\u00e4stid\" \/>\n\t<meta name=\"twitter:data2\" content=\"1 minut\" \/>\n<!-- \/ Yoast SEO Premium plugin. -->","yoast_head_json":{"title":"Maj 2022 verksamhetsber\u00e4ttelse","description":"I maj 2022 deltar f\u00f6rbundsdirekt\u00f6r Patrik Eidfelt i en podd som f\u00f6rdjupar sig i \u00e4ndringarna i Uthyrningslagen.","robots":{"index":"index","follow":"follow","max-snippet":"max-snippet:-1","max-image-preview":"max-image-preview:large","max-video-preview":"max-video-preview:-1"},"canonical":"https:\/\/www.kompetensforetagen.se\/2023\/06\/maj-2022-verksamhetsberattelse\/","og_locale":"sv_SE","og_type":"article","og_title":"Maj 2022 verksamhetsber\u00e4ttelse","og_description":"I maj 2022 deltar f\u00f6rbundsdirekt\u00f6r Patrik Eidfelt i en podd som f\u00f6rdjupar sig i \u00e4ndringarna i Uthyrningslagen.","og_url":"https:\/\/www.kompetensforetagen.se\/2023\/06\/maj-2022-verksamhetsberattelse\/","og_site_name":"Kompetensf\u00f6retagen","article_published_time":"2023-06-01T09:14:08+00:00","article_modified_time":"2023-10-24T11:11:21+00:00","og_image":[{"width":945,"height":945,"url":"https:\/\/www.kompetensforetagen.se\/app\/uploads\/sites\/5\/2022\/06\/maj-1.png","type":"image\/png"}],"author":"camillagunnar2","twitter_card":"summary_large_image","twitter_misc":{"Skriven av":"camillagunnar2","Ber\u00e4knad l\u00e4stid":"1 minut"},"schema":{"@context":"https:\/\/schema.org","@graph":[{"@type":"Article","@id":"https:\/\/www.kompetensforetagen.se\/2023\/06\/maj-2022-verksamhetsberattelse\/#article","isPartOf":{"@id":"https:\/\/www.kompetensforetagen.se\/2023\/06\/maj-2022-verksamhetsberattelse\/"},"author":{"name":"camillagunnar2","@id":"https:\/\/www.kompetensforetagen.se\/#\/schema\/person\/94b8ea93ef0611b1467f15023d9ebd1b"},"headline":"Maj 2022 verksamhetsber\u00e4ttelse","datePublished":"2023-06-01T09:14:08+00:00","dateModified":"2023-10-24T11:11:21+00:00","mainEntityOfPage":{"@id":"https:\/\/www.kompetensforetagen.se\/2023\/06\/maj-2022-verksamhetsberattelse\/"},"wordCount":166,"publisher":{"@id":"https:\/\/www.kompetensforetagen.se\/#organization"},"image":{"@id":"https:\/\/www.kompetensforetagen.se\/2023\/06\/maj-2022-verksamhetsberattelse\/#primaryimage"},"thumbnailUrl":"https:\/\/www.kompetensforetagen.se\/app\/uploads\/sites\/5\/2022\/06\/maj-1.png","articleSection":{"1":"Verksamhetsber\u00e4ttelse"},"inLanguage":"sv-SE"},{"@type":"WebPage","@id":"https:\/\/www.kompetensforetagen.se\/2023\/06\/maj-2022-verksamhetsberattelse\/","url":"https:\/\/www.kompetensforetagen.se\/2023\/06\/maj-2022-verksamhetsberattelse\/","name":"Maj 2022 verksamhetsber\u00e4ttelse","isPartOf":{"@id":"https:\/\/www.kompetensforetagen.se\/#website"},"primaryImageOfPage":{"@id":"https:\/\/www.kompetensforetagen.se\/2023\/06\/maj-2022-verksamhetsberattelse\/#primaryimage"},"image":{"@id":"https:\/\/www.kompetensforetagen.se\/2023\/06\/maj-2022-verksamhetsberattelse\/#primaryimage"},"thumbnailUrl":"https:\/\/www.kompetensforetagen.se\/app\/uploads\/sites\/5\/2022\/06\/maj-1.png","datePublished":"2023-06-01T09:14:08+00:00","dateModified":"2023-10-24T11:11:21+00:00","description":"I maj 2022 deltar f\u00f6rbundsdirekt\u00f6r Patrik Eidfelt i en podd som f\u00f6rdjupar sig i \u00e4ndringarna i Uthyrningslagen.","breadcrumb":{"@id":"https:\/\/www.kompetensforetagen.se\/2023\/06\/maj-2022-verksamhetsberattelse\/#breadcrumb"},"inLanguage":"sv-SE","potentialAction":[{"@type":"ReadAction","target":["https:\/\/www.kompetensforetagen.se\/2023\/06\/maj-2022-verksamhetsberattelse\/"]}]},{"@type":"ImageObject","inLanguage":"sv-SE","@id":"https:\/\/www.kompetensforetagen.se\/2023\/06\/maj-2022-verksamhetsberattelse\/#primaryimage","url":"https:\/\/www.kompetensforetagen.se\/app\/uploads\/sites\/5\/2022\/06\/maj-1.png","contentUrl":"https:\/\/www.kompetensforetagen.se\/app\/uploads\/sites\/5\/2022\/06\/maj-1.png","width":945,"height":945,"caption":"M\u00e5nadsgrafik: Maj \u2013 v\u00e5rens h\u00e4ndelser inom kompetenssektorn."},{"@type":"BreadcrumbList","@id":"https:\/\/www.kompetensforetagen.se\/2023\/06\/maj-2022-verksamhetsberattelse\/#breadcrumb","itemListElement":[{"@type":"ListItem","position":1,"name":"Home","item":"https:\/\/www.kompetensforetagen.se\/"},{"@type":"ListItem","position":2,"name":"Maj 2022 verksamhetsber\u00e4ttelse"}]},{"@type":"WebSite","@id":"https:\/\/www.kompetensforetagen.se\/#website","url":"https:\/\/www.kompetensforetagen.se\/","name":"Kompetensf\u00f6retagen","description":"R\u00e4tt person p\u00e5 r\u00e4tt plats kan f\u00f6r\u00e4ndra v\u00e4rlden","publisher":{"@id":"https:\/\/www.kompetensforetagen.se\/#organization"},"potentialAction":[{"@type":"SearchAction","target":{"@type":"EntryPoint","urlTemplate":"https:\/\/www.kompetensforetagen.se\/?s={search_term_string}"},"query-input":{"@type":"PropertyValueSpecification","valueRequired":true,"valueName":"search_term_string"}}],"inLanguage":"sv-SE"},{"@type":"Organization","@id":"https:\/\/www.kompetensforetagen.se\/#organization","name":"Kompetensf\u00f6retagen","url":"https:\/\/www.kompetensforetagen.se\/","logo":{"@type":"ImageObject","inLanguage":"sv-SE","@id":"https:\/\/www.kompetensforetagen.se\/#\/schema\/logo\/image\/","url":"https:\/\/www.kompetensforetagen.se\/app\/uploads\/sites\/5\/2022\/10\/logga_svart.png","contentUrl":"https:\/\/www.kompetensforetagen.se\/app\/uploads\/sites\/5\/2022\/10\/logga_svart.png","width":752,"height":64,"caption":"Kompetensf\u00f6retagen"},"image":{"@id":"https:\/\/www.kompetensforetagen.se\/#\/schema\/logo\/image\/"},"sameAs":["https:\/\/www.linkedin.com\/company\/10540032\/"]},{"@type":"Person","@id":"https:\/\/www.kompetensforetagen.se\/#\/schema\/person\/94b8ea93ef0611b1467f15023d9ebd1b","name":"camillagunnar2","image":{"@type":"ImageObject","inLanguage":"sv-SE","@id":"https:\/\/www.kompetensforetagen.se\/#\/schema\/person\/image\/","url":"https:\/\/secure.gravatar.com\/avatar\/b6f8240666aff929220ce2eb5e5698c1b44b3223ca9f0ac50ecbf5dbdb13dab4?s=96&d=mm&r=g","contentUrl":"https:\/\/secure.gravatar.com\/avatar\/b6f8240666aff929220ce2eb5e5698c1b44b3223ca9f0ac50ecbf5dbdb13dab4?s=96&d=mm&r=g","caption":"camillagunnar2"},"url":"https:\/\/www.kompetensforetagen.se\/person\/camillagunnar2\/"}]}},"_links":{"self":[{"href":"https:\/\/www.kompetensforetagen.se\/api\/wp\/v2\/posts\/13473","targetHints":{"allow":["GET"]}}],"collection":[{"href":"https:\/\/www.kompetensforetagen.se\/api\/wp\/v2\/posts"}],"about":[{"href":"https:\/\/www.kompetensforetagen.se\/api\/wp\/v2\/types\/post"}],"author":[{"embeddable":true,"href":"https:\/\/www.kompetensforetagen.se\/api\/wp\/v2\/users\/14830"}],"replies":[{"embeddable":true,"href":"https:\/\/www.kompetensforetagen.se\/api\/wp\/v2\/comments?post=13473"}],"version-history":[{"count":5,"href":"https:\/\/www.kompetensforetagen.se\/api\/wp\/v2\/posts\/13473\/revisions"}],"predecessor-version":[{"id":15437,"href":"https:\/\/www.kompetensforetagen.se\/api\/wp\/v2\/posts\/13473\/revisions\/15437"}],"wp:featuredmedia":[{"embeddable":true,"href":"https:\/\/www.kompetensforetagen.se\/api\/wp\/v2\/media\/9629"}],"wp:attachment":[{"href":"https:\/\/www.kompetensforetagen.se\/api\/wp\/v2\/media?parent=13473"}],"wp:term":[{"taxonomy":"category","embeddable":true,"href":"https:\/\/www.kompetensforetagen.se\/api\/wp\/v2\/categories?post=13473"},{"taxonomy":"post_tag","embeddable":true,"href":"https:\/\/www.kompetensforetagen.se\/api\/wp\/v2\/tags?post=13473"},{"taxonomy":"type","embeddable":true,"href":"https:\/\/www.kompetensforetagen.se\/api\/wp\/v2\/article_type?post=13473"},{"taxonomy":"agreement","embeddable":true,"href":"https:\/\/www.kompetensforetagen.se\/api\/wp\/v2\/agreement?post=13473"},{"taxonomy":"for-members","embeddable":true,"href":"https:\/\/www.kompetensforetagen.se\/api\/wp\/v2\/for-members?post=13473"}],"curies":[{"name":"wp","href":"https:\/\/api.w.org\/{rel}","templated":true}]}}