{"id":13456,"date":"2023-06-01T12:11:24","date_gmt":"2023-06-01T10:11:24","guid":{"rendered":"https:\/\/dev.kompetensforetagen.se\/?p=13456"},"modified":"2023-08-08T08:33:40","modified_gmt":"2023-08-08T06:33:40","slug":"positiv-omsattning-for-q1-2023-och-ljus-framtidssyn-i-branschen","status":"publish","type":"post","link":"https:\/\/www.kompetensforetagen.se\/2023\/06\/positiv-omsattning-for-q1-2023-och-ljus-framtidssyn-i-branschen\/","title":{"rendered":"Positiv oms\u00e4ttning f\u00f6r Q1 2023 och ljus framtidssyn i branschen"},"content":{"rendered":"\n<p>Oms\u00e4ttningen f\u00f6r Kompetensf\u00f6retagens medlemsf\u00f6retag visar \u00e5terigen p\u00e5 positiva siffror, trots ett fortsatt ostadigt ekonomiskt omv\u00e4rldsl\u00e4ge. Under det f\u00f6rsta kvartalet 2023 ligger tillv\u00e4xten p\u00e5 5,9 procent, j\u00e4mf\u00f6rt med samma period 2022. Det inneb\u00e4r att oms\u00e4ttningen uppg\u00e5r till 8,7 miljarder kronor.<\/p>\n\n\n\n      <a href=\"https:\/\/www.kompetensforetagen.se\/app\/uploads\/sites\/5\/2023\/06\/kvartalsrapport_2023_q1.pdf\" target=\"_blank\" class=\"Button is-button is-style-fill has-green-background-color has-green-border-color has-white-color Button--download\">\n      \n        Kvartalsrapport Q1 2023\n      \n      \n                <svg class='icon icon--download'  width=\"16\" height=\"16\" viewBox=\"0 0 16 16\" fill=\"none\" xmlns=\"http:\/\/www.w3.org\/2000\/svg\">\n<path d=\"M8 -2.18557e-07L8 10M8 10L13 5M8 10L3 5\" stroke=\"black\" stroke-width=\"2\" stroke-miterlimit=\"10\"\/>\n<path d=\"M15 11.5V15H1V11.5\" stroke=\"black\" stroke-width=\"2\" stroke-miterlimit=\"10\"\/>\n<\/svg>\n\n        \n    <\/a>\n  \n\n\n\n<p>Under f\u00f6rsta kvartalet 2023 \u00f6kade oms\u00e4ttningen i&nbsp;<a href=\"https:\/\/www.kompetensforetagen.se\/omstallning\/\" target=\"_blank\" rel=\"noreferrer noopener\">Omst\u00e4llning<\/a>&nbsp;med 12,6 procent.&nbsp;<a href=\"https:\/\/www.kompetensforetagen.se\/bemanning\/\" target=\"_blank\" rel=\"noreferrer noopener\">Bemanning<\/a>&nbsp;\u00f6kade med 6,2 procent fr\u00e5n f\u00f6reg\u00e5ende \u00e5r och&nbsp;<a href=\"https:\/\/www.kompetensforetagen.se\/rekrytering-2\/\" target=\"_blank\" rel=\"noreferrer noopener\">Rekrytering<\/a>&nbsp;minskade med 4,9 procent fr\u00e5n f\u00f6reg\u00e5ende \u00e5r. Tj\u00e4nsteomr\u00e5det Bemanning \u00e4r fortsatt klart st\u00f6rst med en oms\u00e4ttningsandel p\u00e5 94 procent av den totala oms\u00e4ttningen i branschen. N\u00e4st st\u00f6rst oms\u00e4ttningsandel har Rekrytering p\u00e5 3,6 procent f\u00f6ljt av Omst\u00e4llning p\u00e5 2,4 procent.<\/p>\n\n\n\n<blockquote class=\"wp-block-quote is-layout-flow wp-block-quote-is-layout-flow\">\n<p>I v\u00e5r Framtidsindikator svarar hela 53 procent att de tror att andra kvartalet i \u00e5r kommer att utvecklas positivt<\/p>\n<\/blockquote>\n\n\n\n<p>De till oms\u00e4ttningen st\u00f6rsta yrkesomr\u00e5dena under f\u00f6rsta kvartalet 2023 var Industri &amp; Tillverkning med 29 procent av oms\u00e4ttningen, Lager &amp; Logistik med 21 procent av oms\u00e4ttningen samt IT och Administration &amp; Service med 11 respektive 9 procent av oms\u00e4ttningen.<\/p>\n\n\n\n<p>Kompetensbranschens positiva siffror f\u00f6r f\u00f6rsta kvartalet i \u00e5r motsvarar den relativt starka arbetsmarknaden under perioden. I&nbsp;<a href=\"https:\/\/www.almega.se\/2023\/03\/inflationen-pa-vag-att-na-sin-topp\/\" target=\"_blank\" rel=\"noreferrer noopener\">Almegas tj\u00e4nsteindikator fr\u00e5n mars<\/a>&nbsp;f\u00f6ruts\u00e4gs dock att tj\u00e4nsteproduktionen kommer att minska \u00f6ver \u00e5ret. Men jag st\u00e4ller hoppet till medlemsf\u00f6retagens titt in i framtiden. I v\u00e5r Framtidsindikator svarar hela 53 procent att de tror att andra kvartalet i \u00e5r kommer att utvecklas positivt i j\u00e4mf\u00f6relse med f\u00f6rsta kvartalet. \u00c4nnu fler, 56 procent, har samma positiva syn p\u00e5 det kommande \u00e5ret.<\/p>\n","protected":false},"excerpt":{"rendered":"<p>Oms\u00e4ttningen f\u00f6r Kompetensf\u00f6retagens medlemsf\u00f6retag visar \u00e5terigen p\u00e5 positiva siffror, trots ett fortsatt ostadigt ekonomiskt omv\u00e4rldsl\u00e4ge. Under det f\u00f6rsta kvartalet 2023 ligger tillv\u00e4xten p\u00e5 5,9 procent, j\u00e4mf\u00f6rt med samma period 2022. Det inneb\u00e4r att oms\u00e4ttningen uppg\u00e5r &hellip;<\/p>\n","protected":false},"author":6358,"featured_media":13521,"comment_status":"closed","ping_status":"closed","sticky":false,"template":"","format":"standard","meta":{"_acf_changed":false,"footnotes":""},"categories":[1,15],"tags":[],"article_type":[8],"agreement":[],"for-members":[],"class_list":["post-13456","post","type-post","status-publish","format-standard","has-post-thumbnail","hentry","category-okategoriserade","category-statistik","type-aktuellt"],"acf":[],"yoast_head":"<!-- This site is optimized with the Yoast SEO Premium plugin v26.8 (Yoast SEO v26.8) - https:\/\/yoast.com\/product\/yoast-seo-premium-wordpress\/ -->\n<title>Positiv oms\u00e4ttning f\u00f6r Q1 2023 och ljus framtidssyn i branschen<\/title>\n<meta name=\"description\" content=\"Under Q1 2023 ligger tillv\u00e4xten p\u00e5 4,3 procent, j\u00e4mf\u00f6rt med samma period 2022. Det inneb\u00e4r att oms\u00e4ttningen uppg\u00e5r till 8,6 miljarder kronor.\" \/>\n<meta name=\"robots\" content=\"index, follow, max-snippet:-1, max-image-preview:large, max-video-preview:-1\" \/>\n<link rel=\"canonical\" href=\"https:\/\/www.kompetensforetagen.se\/2023\/06\/positiv-omsattning-for-q1-2023-och-ljus-framtidssyn-i-branschen\/\" \/>\n<meta property=\"og:locale\" content=\"sv_SE\" \/>\n<meta property=\"og:type\" content=\"article\" \/>\n<meta property=\"og:title\" content=\"Positiv oms\u00e4ttning f\u00f6r Q1 2023 och ljus framtidssyn i branschen\" \/>\n<meta property=\"og:description\" content=\"Under Q1 2023 ligger tillv\u00e4xten p\u00e5 4,3 procent, j\u00e4mf\u00f6rt med samma period 2022. Det inneb\u00e4r att oms\u00e4ttningen uppg\u00e5r till 8,6 miljarder kronor.\" \/>\n<meta property=\"og:url\" content=\"https:\/\/www.kompetensforetagen.se\/2023\/06\/positiv-omsattning-for-q1-2023-och-ljus-framtidssyn-i-branschen\/\" \/>\n<meta property=\"og:site_name\" content=\"Kompetensf\u00f6retagen\" \/>\n<meta property=\"article:published_time\" content=\"2023-06-01T10:11:24+00:00\" \/>\n<meta property=\"article:modified_time\" content=\"2023-08-08T06:33:40+00:00\" \/>\n<meta property=\"og:image\" content=\"https:\/\/www.kompetensforetagen.se\/app\/uploads\/sites\/5\/2023\/06\/pexels-karolina-grabowska-7681091-scaled.jpg\" \/>\n\t<meta property=\"og:image:width\" content=\"2560\" \/>\n\t<meta property=\"og:image:height\" content=\"1707\" \/>\n\t<meta property=\"og:image:type\" content=\"image\/jpeg\" \/>\n<meta name=\"twitter:card\" content=\"summary_large_image\" \/>\n<meta name=\"twitter:label1\" content=\"Skriven av\" \/>\n\t<meta name=\"twitter:data1\" content=\"\" \/>\n\t<meta name=\"twitter:label2\" content=\"Ber\u00e4knad l\u00e4stid\" \/>\n\t<meta name=\"twitter:data2\" content=\"2 minuter\" \/>\n<!-- \/ Yoast SEO Premium plugin. -->","yoast_head_json":{"title":"Positiv oms\u00e4ttning f\u00f6r Q1 2023 och ljus framtidssyn i branschen","description":"Under Q1 2023 ligger tillv\u00e4xten p\u00e5 4,3 procent, j\u00e4mf\u00f6rt med samma period 2022. Det inneb\u00e4r att oms\u00e4ttningen uppg\u00e5r till 8,6 miljarder kronor.","robots":{"index":"index","follow":"follow","max-snippet":"max-snippet:-1","max-image-preview":"max-image-preview:large","max-video-preview":"max-video-preview:-1"},"canonical":"https:\/\/www.kompetensforetagen.se\/2023\/06\/positiv-omsattning-for-q1-2023-och-ljus-framtidssyn-i-branschen\/","og_locale":"sv_SE","og_type":"article","og_title":"Positiv oms\u00e4ttning f\u00f6r Q1 2023 och ljus framtidssyn i branschen","og_description":"Under Q1 2023 ligger tillv\u00e4xten p\u00e5 4,3 procent, j\u00e4mf\u00f6rt med samma period 2022. Det inneb\u00e4r att oms\u00e4ttningen uppg\u00e5r till 8,6 miljarder kronor.","og_url":"https:\/\/www.kompetensforetagen.se\/2023\/06\/positiv-omsattning-for-q1-2023-och-ljus-framtidssyn-i-branschen\/","og_site_name":"Kompetensf\u00f6retagen","article_published_time":"2023-06-01T10:11:24+00:00","article_modified_time":"2023-08-08T06:33:40+00:00","og_image":[{"width":2560,"height":1707,"url":"https:\/\/www.kompetensforetagen.se\/app\/uploads\/sites\/5\/2023\/06\/pexels-karolina-grabowska-7681091-scaled.jpg","type":"image\/jpeg"}],"twitter_card":"summary_large_image","twitter_misc":{"Skriven av":"","Ber\u00e4knad l\u00e4stid":"2 minuter"},"schema":{"@context":"https:\/\/schema.org","@graph":[{"@type":"Article","@id":"https:\/\/www.kompetensforetagen.se\/2023\/06\/positiv-omsattning-for-q1-2023-och-ljus-framtidssyn-i-branschen\/#article","isPartOf":{"@id":"https:\/\/www.kompetensforetagen.se\/2023\/06\/positiv-omsattning-for-q1-2023-och-ljus-framtidssyn-i-branschen\/"},"author":{"name":"","@id":""},"headline":"Positiv oms\u00e4ttning f\u00f6r Q1 2023 och ljus framtidssyn i branschen","datePublished":"2023-06-01T10:11:24+00:00","dateModified":"2023-08-08T06:33:40+00:00","mainEntityOfPage":{"@id":"https:\/\/www.kompetensforetagen.se\/2023\/06\/positiv-omsattning-for-q1-2023-och-ljus-framtidssyn-i-branschen\/"},"wordCount":285,"publisher":{"@id":"https:\/\/www.kompetensforetagen.se\/#organization"},"image":{"@id":"https:\/\/www.kompetensforetagen.se\/2023\/06\/positiv-omsattning-for-q1-2023-och-ljus-framtidssyn-i-branschen\/#primaryimage"},"thumbnailUrl":"https:\/\/www.kompetensforetagen.se\/app\/uploads\/sites\/5\/2023\/06\/pexels-karolina-grabowska-7681091-scaled.jpg","articleSection":{"1":"Statistik"},"inLanguage":"sv-SE"},{"@type":"WebPage","@id":"https:\/\/www.kompetensforetagen.se\/2023\/06\/positiv-omsattning-for-q1-2023-och-ljus-framtidssyn-i-branschen\/","url":"https:\/\/www.kompetensforetagen.se\/2023\/06\/positiv-omsattning-for-q1-2023-och-ljus-framtidssyn-i-branschen\/","name":"Positiv oms\u00e4ttning f\u00f6r Q1 2023 och ljus framtidssyn i branschen","isPartOf":{"@id":"https:\/\/www.kompetensforetagen.se\/#website"},"primaryImageOfPage":{"@id":"https:\/\/www.kompetensforetagen.se\/2023\/06\/positiv-omsattning-for-q1-2023-och-ljus-framtidssyn-i-branschen\/#primaryimage"},"image":{"@id":"https:\/\/www.kompetensforetagen.se\/2023\/06\/positiv-omsattning-for-q1-2023-och-ljus-framtidssyn-i-branschen\/#primaryimage"},"thumbnailUrl":"https:\/\/www.kompetensforetagen.se\/app\/uploads\/sites\/5\/2023\/06\/pexels-karolina-grabowska-7681091-scaled.jpg","datePublished":"2023-06-01T10:11:24+00:00","dateModified":"2023-08-08T06:33:40+00:00","description":"Under Q1 2023 ligger tillv\u00e4xten p\u00e5 4,3 procent, j\u00e4mf\u00f6rt med samma period 2022. Det inneb\u00e4r att oms\u00e4ttningen uppg\u00e5r till 8,6 miljarder kronor.","breadcrumb":{"@id":"https:\/\/www.kompetensforetagen.se\/2023\/06\/positiv-omsattning-for-q1-2023-och-ljus-framtidssyn-i-branschen\/#breadcrumb"},"inLanguage":"sv-SE","potentialAction":[{"@type":"ReadAction","target":["https:\/\/www.kompetensforetagen.se\/2023\/06\/positiv-omsattning-for-q1-2023-och-ljus-framtidssyn-i-branschen\/"]}]},{"@type":"ImageObject","inLanguage":"sv-SE","@id":"https:\/\/www.kompetensforetagen.se\/2023\/06\/positiv-omsattning-for-q1-2023-och-ljus-framtidssyn-i-branschen\/#primaryimage","url":"https:\/\/www.kompetensforetagen.se\/app\/uploads\/sites\/5\/2023\/06\/pexels-karolina-grabowska-7681091-scaled.jpg","contentUrl":"https:\/\/www.kompetensforetagen.se\/app\/uploads\/sites\/5\/2023\/06\/pexels-karolina-grabowska-7681091-scaled.jpg","width":2560,"height":1707,"caption":"finger och penna pekar p\u00e5 statistik p\u00e5 pappersdokument"},{"@type":"BreadcrumbList","@id":"https:\/\/www.kompetensforetagen.se\/2023\/06\/positiv-omsattning-for-q1-2023-och-ljus-framtidssyn-i-branschen\/#breadcrumb","itemListElement":[{"@type":"ListItem","position":1,"name":"Home","item":"https:\/\/www.kompetensforetagen.se\/"},{"@type":"ListItem","position":2,"name":"Positiv oms\u00e4ttning f\u00f6r Q1 2023 och ljus framtidssyn i branschen"}]},{"@type":"WebSite","@id":"https:\/\/www.kompetensforetagen.se\/#website","url":"https:\/\/www.kompetensforetagen.se\/","name":"Kompetensf\u00f6retagen","description":"R\u00e4tt person p\u00e5 r\u00e4tt plats kan f\u00f6r\u00e4ndra v\u00e4rlden","publisher":{"@id":"https:\/\/www.kompetensforetagen.se\/#organization"},"potentialAction":[{"@type":"SearchAction","target":{"@type":"EntryPoint","urlTemplate":"https:\/\/www.kompetensforetagen.se\/?s={search_term_string}"},"query-input":{"@type":"PropertyValueSpecification","valueRequired":true,"valueName":"search_term_string"}}],"inLanguage":"sv-SE"},{"@type":"Organization","@id":"https:\/\/www.kompetensforetagen.se\/#organization","name":"Kompetensf\u00f6retagen","url":"https:\/\/www.kompetensforetagen.se\/","logo":{"@type":"ImageObject","inLanguage":"sv-SE","@id":"https:\/\/www.kompetensforetagen.se\/#\/schema\/logo\/image\/","url":"https:\/\/www.kompetensforetagen.se\/app\/uploads\/sites\/5\/2022\/10\/logga_svart.png","contentUrl":"https:\/\/www.kompetensforetagen.se\/app\/uploads\/sites\/5\/2022\/10\/logga_svart.png","width":752,"height":64,"caption":"Kompetensf\u00f6retagen"},"image":{"@id":"https:\/\/www.kompetensforetagen.se\/#\/schema\/logo\/image\/"},"sameAs":["https:\/\/www.linkedin.com\/company\/10540032\/"]},{"@type":"Person","@id":"","url":"https:\/\/www.kompetensforetagen.se\/person\/"}]}},"_links":{"self":[{"href":"https:\/\/www.kompetensforetagen.se\/api\/wp\/v2\/posts\/13456","targetHints":{"allow":["GET"]}}],"collection":[{"href":"https:\/\/www.kompetensforetagen.se\/api\/wp\/v2\/posts"}],"about":[{"href":"https:\/\/www.kompetensforetagen.se\/api\/wp\/v2\/types\/post"}],"author":[{"embeddable":true,"href":"https:\/\/www.kompetensforetagen.se\/api\/wp\/v2\/users\/6358"}],"replies":[{"embeddable":true,"href":"https:\/\/www.kompetensforetagen.se\/api\/wp\/v2\/comments?post=13456"}],"version-history":[{"count":7,"href":"https:\/\/www.kompetensforetagen.se\/api\/wp\/v2\/posts\/13456\/revisions"}],"predecessor-version":[{"id":14008,"href":"https:\/\/www.kompetensforetagen.se\/api\/wp\/v2\/posts\/13456\/revisions\/14008"}],"wp:featuredmedia":[{"embeddable":true,"href":"https:\/\/www.kompetensforetagen.se\/api\/wp\/v2\/media\/13521"}],"wp:attachment":[{"href":"https:\/\/www.kompetensforetagen.se\/api\/wp\/v2\/media?parent=13456"}],"wp:term":[{"taxonomy":"category","embeddable":true,"href":"https:\/\/www.kompetensforetagen.se\/api\/wp\/v2\/categories?post=13456"},{"taxonomy":"post_tag","embeddable":true,"href":"https:\/\/www.kompetensforetagen.se\/api\/wp\/v2\/tags?post=13456"},{"taxonomy":"type","embeddable":true,"href":"https:\/\/www.kompetensforetagen.se\/api\/wp\/v2\/article_type?post=13456"},{"taxonomy":"agreement","embeddable":true,"href":"https:\/\/www.kompetensforetagen.se\/api\/wp\/v2\/agreement?post=13456"},{"taxonomy":"for-members","embeddable":true,"href":"https:\/\/www.kompetensforetagen.se\/api\/wp\/v2\/for-members?post=13456"}],"curies":[{"name":"wp","href":"https:\/\/api.w.org\/{rel}","templated":true}]}}