{"id":13385,"date":"2023-09-01T14:05:23","date_gmt":"2023-09-01T12:05:23","guid":{"rendered":"https:\/\/dev.kompetensforetagen.se\/?p=13385"},"modified":"2023-09-07T13:53:22","modified_gmt":"2023-09-07T11:53:22","slug":"50-ariga-sara-samlar-kompetens-och-bredd-som-konsult","status":"publish","type":"post","link":"https:\/\/www.kompetensforetagen.se\/2023\/09\/50-ariga-sara-samlar-kompetens-och-bredd-som-konsult\/","title":{"rendered":"<strong>50-\u00e5riga Sara samlar kompetens och bredd som konsult<\/strong>"},"content":{"rendered":"\n<p>Sara, en hockey\u00e4lskande g\u00f6teborgare fr\u00e5n Skellefte\u00e5, samlar kompetens och bredd som konsult. Hon har ocks\u00e5 en nyfiken inst\u00e4llning till livet. Hon har en varierad karri\u00e4r bakom sig som lett till att hon idag via <a href=\"https:\/\/jurek.se\/\" target=\"_blank\" rel=\"noreferrer noopener\">Jurek <\/a>jobbar med HR p\u00e5 <a href=\"https:\/\/yaramarine.com\/\" target=\"_blank\" rel=\"noreferrer noopener\">Yara Marine<\/a>, ett f\u00f6retag som bland annat levererar system som renar utsl\u00e4pp fr\u00e5n fartyg och optimerar rutten f\u00f6r minimal br\u00e4nslef\u00f6rbrukning.<\/p>\n\n\n\n<p>-Jag fyller tydligen 50 i \u00e5r, men jag k\u00e4nner mig inte i n\u00e4rheten av s\u00e5 gammal, s\u00e4ger Sara och skrattar.<\/p>\n\n\n\n<p>Resan dit b\u00f6rjade inom v\u00e5rden. D\u00e5 var Sara utbildad inom pedagogik och arbetade p\u00e5 gruppbost\u00e4der inom psykiatrin. Hennes chef s\u00e5g snart att hon hade en talang f\u00f6r system och tidrapportering.<\/p>\n\n\n\n<p>-Det b\u00f6rjade med att jag blev inplockad f\u00f6r att hj\u00e4lpa till med att redigera scheman p\u00e5 cirka 20 procent. Efter det ut\u00f6kades tiden och jag blev ansvarig f\u00f6r alla anst\u00e4lldas scheman varje m\u00e5nad. S\u00e5 d\u00e5 b\u00f6rjade jag utbilda mig till personalvetare p\u00e5 distans samtidigt som jag jobbade.<\/p>\n\n\n\n<blockquote class=\"wp-block-quote is-layout-flow wp-block-quote-is-layout-flow\">\n<p>Jag fyller tydligen 50 i \u00e5r, men jag k\u00e4nner mig inte i n\u00e4rheten av s\u00e5 gammal, s\u00e4ger Sara och skrattar.<\/p>\n<\/blockquote>\n\n\n\n<p>I slutet av studierna tog Sara tj\u00e4nstledigt f\u00f6r att skriva klart slutinl\u00e4mningen och \u00e5kte till Spanien. Kopplingen till Spanien? Ingen alls. Men hon fick tag p\u00e5 en trevlig l\u00e4genhet utanf\u00f6r Barcelona som visade sig vara perfekt att skriva fr\u00e5n.<\/p>\n\n\n\n<h3 class=\"wp-block-heading\">Samlar kompetens och bredd som konsult<\/h3>\n\n\n\n<p>Fr\u00e5n l\u00e4genheten i Barcelona fick Sara kontakt en <a href=\"https:\/\/www.kompetensforetagen.se\/2021\/11\/vem-ar-min-chef\/\">konsultchef <\/a>hos Jurek, som kopplade ihop henne med den chef hon har idag. Det f\u00f6rsta jobbet n\u00e4r hon kom hem till Sverige efter studierna blev som tidsspecialist p\u00e5 ett l\u00e4kemedelsbolag.<\/p>\n\n\n\n<p>-Jag s\u00f6kte mig till konsultbranschen f\u00f6r jag tyckte det verkade trevligt. Jag ville samla p\u00e5 mig s\u00e5 mycket kunskap som m\u00f6jligt och inte nischa mig. Den f\u00f6rsta konsultchefen jag hade kontakt med hade mitt nuvarande jobb p\u00e5 Yara Marine precis innan mig. Det \u00e4r roligt att v\u00e4rlden \u00e4r s\u00e5 liten och v\u00e5ra v\u00e4gar m\u00f6ts igen.<\/p>\n\n\n\n<h3 class=\"wp-block-heading\">Varje arbetsplats har sin egen kultur och struktur<\/h3>\n\n\n\n<p>N\u00e4stan fyra \u00e5r senare har Sara samlat p\u00e5 sig erfarenheter fr\u00e5n att ha jobbat med HR p\u00e5 f\u00f6retag inom olika branscher och med olika kultur. \u00c4n s\u00e5 l\u00e4nge har konsultkarri\u00e4ren bjudit p\u00e5 erfarenheter fr\u00e5n l\u00e4kemedelsbranschen, rekryteringsbranschen, f\u00f6retag som jobbar med v\u00e4xtbaserad kemikalietillverkning och nu h\u00f6gteknologiska system som effektiviserar fartyg och bidrar till mindre utsl\u00e4pp. F\u00f6retagen har huvudkontor i Norden s\u00e5v\u00e4l som i USA.<\/p>\n\n\n\n<blockquote class=\"wp-block-quote is-layout-flow wp-block-quote-is-layout-flow\">\n<p>Jag s\u00f6kte mig till konsultbranschen f\u00f6r jag tyckte det verkade trevligt<\/p>\n<\/blockquote>\n\n\n\n<p>-Varje arbetsplats \u00e4r annorlunda och det m\u00e4rks att det \u00e4r olika kultur i olika f\u00f6retag. En tydlig skillnad till exempel \u00e4r att det i amerikanska bolag \u00e4r v\u00e4ldigt noga att det f\u00f6rs statistik om k\u00f6n och civilst\u00e5nd. Det tycker vi inte alls \u00e4r lika viktigt att redovisa i Sverige.<\/p>\n\n\n\n<p>Sara ser fram mot att forts\u00e4tta s\u00f6ka nya l\u00e4rdomar och bredda sin kompetens fram\u00f6ver. Hon kommer ocks\u00e5 att l\u00e4gga en del tid p\u00e5 att pyssla med den sommarstuga hon nyligen blivit \u00e4gare till hemma i Skellefte\u00e5 som hennes morfar byggt.<\/p>\n\n\n\n<p><\/p>\n\n\n\n\n\n<p><strong>Sara Karl\u00e9n Lindstr\u00f6m<\/strong><\/p>\n\n\n\n<p><strong>\u00c5lder: <\/strong>49<\/p>\n\n\n\n<p><strong>Ort: <\/strong>G\u00f6teborg<\/p>\n\n\n\n<p><strong>Konsultf\u00f6retag: <\/strong>Jurek<\/p>\n\n\n\n<p><strong>Kundf\u00f6retag: <\/strong>Yara Marine Technologies<\/p>\n\n\n\n<p><strong>Tj\u00e4nst: <\/strong>HR-koordinator<\/p>\n\n\n\n<p><strong>G\u00f6r helst p\u00e5 fritiden: <\/strong>Pysslar med sommarstugan, jagar eller kollar hockey<\/p>\n\n\n","protected":false},"excerpt":{"rendered":"<p>Sara, en hockey\u00e4lskande g\u00f6teborgare fr\u00e5n Skellefte\u00e5, samlar kompetens och bredd som konsult. Hon har ocks\u00e5 en nyfiken inst\u00e4llning till livet. Hon har en varierad karri\u00e4r bakom sig som lett till att hon idag via Jurek &hellip;<\/p>\n","protected":false},"author":6358,"featured_media":15047,"comment_status":"closed","ping_status":"closed","sticky":false,"template":"","format":"standard","meta":{"_acf_changed":false,"footnotes":""},"categories":[204,1],"tags":[],"article_type":[8,219],"agreement":[],"for-members":[],"class_list":["post-13385","post","type-post","status-publish","format-standard","has-post-thumbnail","hentry","category-konsult","category-okategoriserade","type-aktuellt","type-nyhet"],"acf":[],"yoast_head":"<!-- This site is optimized with the Yoast SEO Premium plugin v26.8 (Yoast SEO v26.8) - https:\/\/yoast.com\/product\/yoast-seo-premium-wordpress\/ -->\n<title>50-\u00e5riga Sara samlar kompetens och bredd som konsult<\/title>\n<meta name=\"description\" content=\"Sara, en hockey\u00e4lskande g\u00f6teborgare fr\u00e5n Skellefte\u00e5, samlar kompetens och bredd som konsult. Hon har ocks\u00e5 en nyfiken inst\u00e4llning till livet.\" \/>\n<meta name=\"robots\" content=\"index, follow, max-snippet:-1, max-image-preview:large, max-video-preview:-1\" \/>\n<link rel=\"canonical\" href=\"https:\/\/www.kompetensforetagen.se\/2023\/09\/50-ariga-sara-samlar-kompetens-och-bredd-som-konsult\/\" \/>\n<meta property=\"og:locale\" content=\"sv_SE\" \/>\n<meta property=\"og:type\" content=\"article\" \/>\n<meta property=\"og:title\" content=\"50-\u00e5riga Sara samlar kompetens och bredd som konsult\" \/>\n<meta property=\"og:description\" content=\"Sara, en hockey\u00e4lskande g\u00f6teborgare fr\u00e5n Skellefte\u00e5, samlar kompetens och bredd som konsult. Hon har ocks\u00e5 en nyfiken inst\u00e4llning till livet.\" \/>\n<meta property=\"og:url\" content=\"https:\/\/www.kompetensforetagen.se\/2023\/09\/50-ariga-sara-samlar-kompetens-och-bredd-som-konsult\/\" \/>\n<meta property=\"og:site_name\" content=\"Kompetensf\u00f6retagen\" \/>\n<meta property=\"article:published_time\" content=\"2023-09-01T12:05:23+00:00\" \/>\n<meta property=\"article:modified_time\" content=\"2023-09-07T11:53:22+00:00\" \/>\n<meta property=\"og:image\" content=\"https:\/\/www.kompetensforetagen.se\/app\/uploads\/sites\/5\/2023\/09\/Sara-Karlen--scaled.jpeg\" \/>\n\t<meta property=\"og:image:width\" content=\"2334\" \/>\n\t<meta property=\"og:image:height\" content=\"2560\" \/>\n\t<meta property=\"og:image:type\" content=\"image\/jpeg\" \/>\n<meta name=\"twitter:card\" content=\"summary_large_image\" \/>\n<meta name=\"twitter:label1\" content=\"Skriven av\" \/>\n\t<meta name=\"twitter:data1\" content=\"\" \/>\n\t<meta name=\"twitter:label2\" content=\"Ber\u00e4knad l\u00e4stid\" \/>\n\t<meta name=\"twitter:data2\" content=\"3 minuter\" \/>\n<!-- \/ Yoast SEO Premium plugin. -->","yoast_head_json":{"title":"50-\u00e5riga Sara samlar kompetens och bredd som konsult","description":"Sara, en hockey\u00e4lskande g\u00f6teborgare fr\u00e5n Skellefte\u00e5, samlar kompetens och bredd som konsult. Hon har ocks\u00e5 en nyfiken inst\u00e4llning till livet.","robots":{"index":"index","follow":"follow","max-snippet":"max-snippet:-1","max-image-preview":"max-image-preview:large","max-video-preview":"max-video-preview:-1"},"canonical":"https:\/\/www.kompetensforetagen.se\/2023\/09\/50-ariga-sara-samlar-kompetens-och-bredd-som-konsult\/","og_locale":"sv_SE","og_type":"article","og_title":"50-\u00e5riga Sara samlar kompetens och bredd som konsult","og_description":"Sara, en hockey\u00e4lskande g\u00f6teborgare fr\u00e5n Skellefte\u00e5, samlar kompetens och bredd som konsult. Hon har ocks\u00e5 en nyfiken inst\u00e4llning till livet.","og_url":"https:\/\/www.kompetensforetagen.se\/2023\/09\/50-ariga-sara-samlar-kompetens-och-bredd-som-konsult\/","og_site_name":"Kompetensf\u00f6retagen","article_published_time":"2023-09-01T12:05:23+00:00","article_modified_time":"2023-09-07T11:53:22+00:00","og_image":[{"width":2334,"height":2560,"url":"https:\/\/www.kompetensforetagen.se\/app\/uploads\/sites\/5\/2023\/09\/Sara-Karlen--scaled.jpeg","type":"image\/jpeg"}],"twitter_card":"summary_large_image","twitter_misc":{"Skriven av":"","Ber\u00e4knad l\u00e4stid":"3 minuter"},"schema":{"@context":"https:\/\/schema.org","@graph":[{"@type":"Article","@id":"https:\/\/www.kompetensforetagen.se\/2023\/09\/50-ariga-sara-samlar-kompetens-och-bredd-som-konsult\/#article","isPartOf":{"@id":"https:\/\/www.kompetensforetagen.se\/2023\/09\/50-ariga-sara-samlar-kompetens-och-bredd-som-konsult\/"},"author":{"name":"","@id":""},"headline":"50-\u00e5riga Sara samlar kompetens och bredd som konsult","datePublished":"2023-09-01T12:05:23+00:00","dateModified":"2023-09-07T11:53:22+00:00","mainEntityOfPage":{"@id":"https:\/\/www.kompetensforetagen.se\/2023\/09\/50-ariga-sara-samlar-kompetens-och-bredd-som-konsult\/"},"wordCount":599,"publisher":{"@id":"https:\/\/www.kompetensforetagen.se\/#organization"},"image":{"@id":"https:\/\/www.kompetensforetagen.se\/2023\/09\/50-ariga-sara-samlar-kompetens-och-bredd-som-konsult\/#primaryimage"},"thumbnailUrl":"https:\/\/www.kompetensforetagen.se\/app\/uploads\/sites\/5\/2023\/09\/Sara-Karlen--scaled.jpeg","articleSection":["Konsult"],"inLanguage":"sv-SE"},{"@type":"WebPage","@id":"https:\/\/www.kompetensforetagen.se\/2023\/09\/50-ariga-sara-samlar-kompetens-och-bredd-som-konsult\/","url":"https:\/\/www.kompetensforetagen.se\/2023\/09\/50-ariga-sara-samlar-kompetens-och-bredd-som-konsult\/","name":"50-\u00e5riga Sara samlar kompetens och bredd som konsult","isPartOf":{"@id":"https:\/\/www.kompetensforetagen.se\/#website"},"primaryImageOfPage":{"@id":"https:\/\/www.kompetensforetagen.se\/2023\/09\/50-ariga-sara-samlar-kompetens-och-bredd-som-konsult\/#primaryimage"},"image":{"@id":"https:\/\/www.kompetensforetagen.se\/2023\/09\/50-ariga-sara-samlar-kompetens-och-bredd-som-konsult\/#primaryimage"},"thumbnailUrl":"https:\/\/www.kompetensforetagen.se\/app\/uploads\/sites\/5\/2023\/09\/Sara-Karlen--scaled.jpeg","datePublished":"2023-09-01T12:05:23+00:00","dateModified":"2023-09-07T11:53:22+00:00","description":"Sara, en hockey\u00e4lskande g\u00f6teborgare fr\u00e5n Skellefte\u00e5, samlar kompetens och bredd som konsult. Hon har ocks\u00e5 en nyfiken inst\u00e4llning till livet.","breadcrumb":{"@id":"https:\/\/www.kompetensforetagen.se\/2023\/09\/50-ariga-sara-samlar-kompetens-och-bredd-som-konsult\/#breadcrumb"},"inLanguage":"sv-SE","potentialAction":[{"@type":"ReadAction","target":["https:\/\/www.kompetensforetagen.se\/2023\/09\/50-ariga-sara-samlar-kompetens-och-bredd-som-konsult\/"]}]},{"@type":"ImageObject","inLanguage":"sv-SE","@id":"https:\/\/www.kompetensforetagen.se\/2023\/09\/50-ariga-sara-samlar-kompetens-och-bredd-som-konsult\/#primaryimage","url":"https:\/\/www.kompetensforetagen.se\/app\/uploads\/sites\/5\/2023\/09\/Sara-Karlen--scaled.jpeg","contentUrl":"https:\/\/www.kompetensforetagen.se\/app\/uploads\/sites\/5\/2023\/09\/Sara-Karlen--scaled.jpeg","width":2334,"height":2560,"caption":"Sara Karlen: samlar kompetens och bredd som konsult"},{"@type":"BreadcrumbList","@id":"https:\/\/www.kompetensforetagen.se\/2023\/09\/50-ariga-sara-samlar-kompetens-och-bredd-som-konsult\/#breadcrumb","itemListElement":[{"@type":"ListItem","position":1,"name":"Home","item":"https:\/\/www.kompetensforetagen.se\/"},{"@type":"ListItem","position":2,"name":"50-\u00e5riga Sara samlar kompetens och bredd som konsult"}]},{"@type":"WebSite","@id":"https:\/\/www.kompetensforetagen.se\/#website","url":"https:\/\/www.kompetensforetagen.se\/","name":"Kompetensf\u00f6retagen","description":"R\u00e4tt person p\u00e5 r\u00e4tt plats kan f\u00f6r\u00e4ndra v\u00e4rlden","publisher":{"@id":"https:\/\/www.kompetensforetagen.se\/#organization"},"potentialAction":[{"@type":"SearchAction","target":{"@type":"EntryPoint","urlTemplate":"https:\/\/www.kompetensforetagen.se\/?s={search_term_string}"},"query-input":{"@type":"PropertyValueSpecification","valueRequired":true,"valueName":"search_term_string"}}],"inLanguage":"sv-SE"},{"@type":"Organization","@id":"https:\/\/www.kompetensforetagen.se\/#organization","name":"Kompetensf\u00f6retagen","url":"https:\/\/www.kompetensforetagen.se\/","logo":{"@type":"ImageObject","inLanguage":"sv-SE","@id":"https:\/\/www.kompetensforetagen.se\/#\/schema\/logo\/image\/","url":"https:\/\/www.kompetensforetagen.se\/app\/uploads\/sites\/5\/2022\/10\/logga_svart.png","contentUrl":"https:\/\/www.kompetensforetagen.se\/app\/uploads\/sites\/5\/2022\/10\/logga_svart.png","width":752,"height":64,"caption":"Kompetensf\u00f6retagen"},"image":{"@id":"https:\/\/www.kompetensforetagen.se\/#\/schema\/logo\/image\/"},"sameAs":["https:\/\/www.linkedin.com\/company\/10540032\/"]},{"@type":"Person","@id":"","url":"https:\/\/www.kompetensforetagen.se\/person\/"}]}},"_links":{"self":[{"href":"https:\/\/www.kompetensforetagen.se\/api\/wp\/v2\/posts\/13385","targetHints":{"allow":["GET"]}}],"collection":[{"href":"https:\/\/www.kompetensforetagen.se\/api\/wp\/v2\/posts"}],"about":[{"href":"https:\/\/www.kompetensforetagen.se\/api\/wp\/v2\/types\/post"}],"author":[{"embeddable":true,"href":"https:\/\/www.kompetensforetagen.se\/api\/wp\/v2\/users\/6358"}],"replies":[{"embeddable":true,"href":"https:\/\/www.kompetensforetagen.se\/api\/wp\/v2\/comments?post=13385"}],"version-history":[{"count":6,"href":"https:\/\/www.kompetensforetagen.se\/api\/wp\/v2\/posts\/13385\/revisions"}],"predecessor-version":[{"id":15111,"href":"https:\/\/www.kompetensforetagen.se\/api\/wp\/v2\/posts\/13385\/revisions\/15111"}],"wp:featuredmedia":[{"embeddable":true,"href":"https:\/\/www.kompetensforetagen.se\/api\/wp\/v2\/media\/15047"}],"wp:attachment":[{"href":"https:\/\/www.kompetensforetagen.se\/api\/wp\/v2\/media?parent=13385"}],"wp:term":[{"taxonomy":"category","embeddable":true,"href":"https:\/\/www.kompetensforetagen.se\/api\/wp\/v2\/categories?post=13385"},{"taxonomy":"post_tag","embeddable":true,"href":"https:\/\/www.kompetensforetagen.se\/api\/wp\/v2\/tags?post=13385"},{"taxonomy":"type","embeddable":true,"href":"https:\/\/www.kompetensforetagen.se\/api\/wp\/v2\/article_type?post=13385"},{"taxonomy":"agreement","embeddable":true,"href":"https:\/\/www.kompetensforetagen.se\/api\/wp\/v2\/agreement?post=13385"},{"taxonomy":"for-members","embeddable":true,"href":"https:\/\/www.kompetensforetagen.se\/api\/wp\/v2\/for-members?post=13385"}],"curies":[{"name":"wp","href":"https:\/\/api.w.org\/{rel}","templated":true}]}}