{"id":13379,"date":"2023-05-09T13:52:48","date_gmt":"2023-05-09T11:52:48","guid":{"rendered":"https:\/\/dev.kompetensforetagen.se\/?p=13379"},"modified":"2023-05-09T13:52:50","modified_gmt":"2023-05-09T11:52:50","slug":"manga-har-anledning-att-fira-med-oss","status":"publish","type":"post","link":"https:\/\/www.kompetensforetagen.se\/2023\/05\/manga-har-anledning-att-fira-med-oss\/","title":{"rendered":"M\u00e5nga har anledning att fira med oss"},"content":{"rendered":"\n<p>I \u00e5r uppm\u00e4rksammar Kompetensf\u00f6retagen att det \u00e4r 30 \u00e5r sedan arbetsf\u00f6rmedling blev avreglerat och samtidigt firar vi 20 \u00e5r f\u00f6r f\u00f6rbundet. Och vi vet att det \u00e4r m\u00e5nga som har anledning att fira med oss \u2013 de otaliga verksamheter som f\u00e5tt st\u00f6d i sin kompetensf\u00f6rs\u00f6rjning genom \u00e5ren, och de hundratusentals m\u00e4nniskor som lotsats till jobb. K\u00e4rnan i branschen har hela tiden varit densamma; att matcha r\u00e4tt person till r\u00e4tt jobb, och till f\u00f6ljd av det st\u00e4rka svensk arbetsmarknad och ekonomi.<\/p>\n\n\n\n<p>Du har kanske sj\u00e4lv, eller k\u00e4nner garanterat n\u00e5gon som, blivit rekryterad, omst\u00e4lld eller anst\u00e4lld via kompetensbranschen! Men\u00a0<a href=\"https:\/\/www.kompetensforetagen.se\/2023\/02\/vagen-till-avreglering\/\" target=\"_blank\" rel=\"noreferrer noopener\">innan 1993 var det inte lagligt att hj\u00e4lpa m\u00e4nniskor till jobb utanf\u00f6r statlig kontroll<\/a>, trots att n\u00e4ringsfrihet inf\u00f6rdes 1864. Det har varit en l\u00e5ng resa f\u00f6r att \u00e4ntligen g\u00f6ra det m\u00f6jligt f\u00f6r andra \u00e4n Arbetsf\u00f6rmedlingen att bidra till en v\u00e4l fungerande arbetsmarknad. Fr\u00e4mst i ledet gick en modig och driftig kvinna vid namn\u00a0<a href=\"https:\/\/sv.wikipedia.org\/wiki\/Ulla_Murman\" target=\"_blank\" rel=\"noreferrer noopener\">Ulla Murman<\/a>, som 1953 startade Stockholms stenografservice. Efter 40 \u00e5r och \u00e5tta r\u00e4ttsprocesser hela v\u00e4gen upp till H\u00f6gsta domstolen, fick hon r\u00e4tt. Under den tiden hade hennes f\u00f6retagstj\u00e4nster anlitats av flera av de instanser som samtidigt f\u00f6rs\u00f6kte stoppa henne. S\u00e5 principiell och lite en\u00f6gd kan byr\u00e5kratin vara. <\/p>\n\n\n\n<blockquote class=\"wp-block-quote is-layout-flow wp-block-quote-is-layout-flow\">\n<p>K\u00e4rnan i branschen har hela tiden varit densamma<\/p>\n<\/blockquote>\n\n\n\n<p>Branschen har efter avregleringen pr\u00e4glats av flera av Ulla Murmans drag. Mod, envishet, tron p\u00e5 m\u00e4nniskors kompetens och innovationskraft l\u00f6per som en r\u00f6d tr\u00e5d genom medlemsf\u00f6retagens verksamhet, oavsett om de sysslar med rekrytering, bemanning eller omst\u00e4llning.<\/p>\n\n\n\n<p>\u00c4ven f\u00f6rbundet har f\u00f6rnyats. Fram till 2018 hette f\u00f6rbundet Bemanningsf\u00f6retagen. D\u00e5 bemanning \u00f6ver tid kommit att uppfattas som personaluthyrning var namnet missvisande d\u00e5 det fanns medlemmar som sysslade med andra viktiga insatser p\u00e5 arbetsmarknaden; rekrytering och omst\u00e4llning. Efter att den internationella branschmedlemsorganisationen bytt namn fr\u00e5n Ciett till&nbsp;<a href=\"https:\/\/wecglobal.org\/\" target=\"_blank\" rel=\"noreferrer noopener\">World Employment Organization \u2013 WEC<\/a>&nbsp;\u2013&nbsp; gjordes en namn\u00e4ndring \u00e4ven i Sverige.<\/p>\n\n\n\n<p>Som branschorganisation ska Kompetensf\u00f6retagen forts\u00e4tta att arbeta med att utveckla hur kollektivavtal, arbetsmarknadsregleringar och anst\u00e4llningsformer kan se ut f\u00f6r att m\u00f6ta framtidens arbetsmarknad. V\u00e5ra medlemsf\u00f6retag kompetensf\u00f6rs\u00f6rjer Sverige, det \u00e4r vi stolta \u00f6ver \u2013 det kan firas varje dag!<\/p>\n\n\n\n<p>Patrik Eidfelt, f\u00f6rbundsdirekt\u00f6r<\/p>\n","protected":false},"excerpt":{"rendered":"<p>I \u00e5r uppm\u00e4rksammar Kompetensf\u00f6retagen att det \u00e4r 30 \u00e5r sedan arbetsf\u00f6rmedling blev avreglerat och samtidigt firar vi 20 \u00e5r f\u00f6r f\u00f6rbundet. Och vi vet att det \u00e4r m\u00e5nga som har anledning att fira med oss &hellip;<\/p>\n","protected":false},"author":6358,"featured_media":5770,"comment_status":"closed","ping_status":"closed","sticky":false,"template":"","format":"standard","meta":{"_acf_changed":false,"footnotes":""},"categories":[199,1],"tags":[],"article_type":[211],"agreement":[],"for-members":[],"class_list":["post-13379","post","type-post","status-publish","format-standard","has-post-thumbnail","hentry","category-historia","category-okategoriserade","type-blogg"],"acf":[],"yoast_head":"<!-- This site is optimized with the Yoast SEO Premium plugin v26.8 (Yoast SEO v26.8) - https:\/\/yoast.com\/product\/yoast-seo-premium-wordpress\/ -->\n<title>M\u00e5nga har anledning att fira med oss<\/title>\n<meta name=\"description\" content=\"M\u00e5nga har anledning att fira med oss. Alla verksamheter som f\u00e5tt st\u00f6d i sin kompetensf\u00f6rs\u00f6rjning, och alla m\u00e4nniskor som lotsats till jobb.\" \/>\n<meta name=\"robots\" content=\"index, follow, max-snippet:-1, max-image-preview:large, max-video-preview:-1\" \/>\n<link rel=\"canonical\" href=\"https:\/\/www.kompetensforetagen.se\/2023\/05\/manga-har-anledning-att-fira-med-oss\/\" \/>\n<meta property=\"og:locale\" content=\"sv_SE\" \/>\n<meta property=\"og:type\" content=\"article\" \/>\n<meta property=\"og:title\" content=\"M\u00e5nga har anledning att fira med oss\" \/>\n<meta property=\"og:description\" content=\"M\u00e5nga har anledning att fira med oss. Alla verksamheter som f\u00e5tt st\u00f6d i sin kompetensf\u00f6rs\u00f6rjning, och alla m\u00e4nniskor som lotsats till jobb.\" \/>\n<meta property=\"og:url\" content=\"https:\/\/www.kompetensforetagen.se\/2023\/05\/manga-har-anledning-att-fira-med-oss\/\" \/>\n<meta property=\"og:site_name\" content=\"Kompetensf\u00f6retagen\" \/>\n<meta property=\"article:published_time\" content=\"2023-05-09T11:52:48+00:00\" \/>\n<meta property=\"article:modified_time\" content=\"2023-05-09T11:52:50+00:00\" \/>\n<meta property=\"og:image\" content=\"https:\/\/www.kompetensforetagen.se\/app\/uploads\/sites\/5\/2020\/12\/dsc0113-scaled.jpg\" \/>\n\t<meta property=\"og:image:width\" content=\"2560\" \/>\n\t<meta property=\"og:image:height\" content=\"1706\" \/>\n\t<meta property=\"og:image:type\" content=\"image\/jpeg\" \/>\n<meta name=\"twitter:card\" content=\"summary_large_image\" \/>\n<meta name=\"twitter:label1\" content=\"Skriven av\" \/>\n\t<meta name=\"twitter:data1\" content=\"\" \/>\n\t<meta name=\"twitter:label2\" content=\"Ber\u00e4knad l\u00e4stid\" \/>\n\t<meta name=\"twitter:data2\" content=\"2 minuter\" \/>\n<!-- \/ Yoast SEO Premium plugin. -->","yoast_head_json":{"title":"M\u00e5nga har anledning att fira med oss","description":"M\u00e5nga har anledning att fira med oss. Alla verksamheter som f\u00e5tt st\u00f6d i sin kompetensf\u00f6rs\u00f6rjning, och alla m\u00e4nniskor som lotsats till jobb.","robots":{"index":"index","follow":"follow","max-snippet":"max-snippet:-1","max-image-preview":"max-image-preview:large","max-video-preview":"max-video-preview:-1"},"canonical":"https:\/\/www.kompetensforetagen.se\/2023\/05\/manga-har-anledning-att-fira-med-oss\/","og_locale":"sv_SE","og_type":"article","og_title":"M\u00e5nga har anledning att fira med oss","og_description":"M\u00e5nga har anledning att fira med oss. Alla verksamheter som f\u00e5tt st\u00f6d i sin kompetensf\u00f6rs\u00f6rjning, och alla m\u00e4nniskor som lotsats till jobb.","og_url":"https:\/\/www.kompetensforetagen.se\/2023\/05\/manga-har-anledning-att-fira-med-oss\/","og_site_name":"Kompetensf\u00f6retagen","article_published_time":"2023-05-09T11:52:48+00:00","article_modified_time":"2023-05-09T11:52:50+00:00","og_image":[{"width":2560,"height":1706,"url":"https:\/\/www.kompetensforetagen.se\/app\/uploads\/sites\/5\/2020\/12\/dsc0113-scaled.jpg","type":"image\/jpeg"}],"twitter_card":"summary_large_image","twitter_misc":{"Skriven av":"","Ber\u00e4knad l\u00e4stid":"2 minuter"},"schema":{"@context":"https:\/\/schema.org","@graph":[{"@type":"Article","@id":"https:\/\/www.kompetensforetagen.se\/2023\/05\/manga-har-anledning-att-fira-med-oss\/#article","isPartOf":{"@id":"https:\/\/www.kompetensforetagen.se\/2023\/05\/manga-har-anledning-att-fira-med-oss\/"},"author":{"name":"","@id":""},"headline":"M\u00e5nga har anledning att fira med oss","datePublished":"2023-05-09T11:52:48+00:00","dateModified":"2023-05-09T11:52:50+00:00","mainEntityOfPage":{"@id":"https:\/\/www.kompetensforetagen.se\/2023\/05\/manga-har-anledning-att-fira-med-oss\/"},"wordCount":411,"publisher":{"@id":"https:\/\/www.kompetensforetagen.se\/#organization"},"image":{"@id":"https:\/\/www.kompetensforetagen.se\/2023\/05\/manga-har-anledning-att-fira-med-oss\/#primaryimage"},"thumbnailUrl":"https:\/\/www.kompetensforetagen.se\/app\/uploads\/sites\/5\/2020\/12\/dsc0113-scaled.jpg","articleSection":["Historia"],"inLanguage":"sv-SE"},{"@type":"WebPage","@id":"https:\/\/www.kompetensforetagen.se\/2023\/05\/manga-har-anledning-att-fira-med-oss\/","url":"https:\/\/www.kompetensforetagen.se\/2023\/05\/manga-har-anledning-att-fira-med-oss\/","name":"M\u00e5nga har anledning att fira med oss","isPartOf":{"@id":"https:\/\/www.kompetensforetagen.se\/#website"},"primaryImageOfPage":{"@id":"https:\/\/www.kompetensforetagen.se\/2023\/05\/manga-har-anledning-att-fira-med-oss\/#primaryimage"},"image":{"@id":"https:\/\/www.kompetensforetagen.se\/2023\/05\/manga-har-anledning-att-fira-med-oss\/#primaryimage"},"thumbnailUrl":"https:\/\/www.kompetensforetagen.se\/app\/uploads\/sites\/5\/2020\/12\/dsc0113-scaled.jpg","datePublished":"2023-05-09T11:52:48+00:00","dateModified":"2023-05-09T11:52:50+00:00","description":"M\u00e5nga har anledning att fira med oss. Alla verksamheter som f\u00e5tt st\u00f6d i sin kompetensf\u00f6rs\u00f6rjning, och alla m\u00e4nniskor som lotsats till jobb.","breadcrumb":{"@id":"https:\/\/www.kompetensforetagen.se\/2023\/05\/manga-har-anledning-att-fira-med-oss\/#breadcrumb"},"inLanguage":"sv-SE","potentialAction":[{"@type":"ReadAction","target":["https:\/\/www.kompetensforetagen.se\/2023\/05\/manga-har-anledning-att-fira-med-oss\/"]}]},{"@type":"ImageObject","inLanguage":"sv-SE","@id":"https:\/\/www.kompetensforetagen.se\/2023\/05\/manga-har-anledning-att-fira-med-oss\/#primaryimage","url":"https:\/\/www.kompetensforetagen.se\/app\/uploads\/sites\/5\/2020\/12\/dsc0113-scaled.jpg","contentUrl":"https:\/\/www.kompetensforetagen.se\/app\/uploads\/sites\/5\/2020\/12\/dsc0113-scaled.jpg","width":2560,"height":1706,"caption":"Patrik Eidfelt, f\u00f6rbundsordf\u00f6rande i Kompetensf\u00f6retagen, med stort leende"},{"@type":"BreadcrumbList","@id":"https:\/\/www.kompetensforetagen.se\/2023\/05\/manga-har-anledning-att-fira-med-oss\/#breadcrumb","itemListElement":[{"@type":"ListItem","position":1,"name":"Home","item":"https:\/\/www.kompetensforetagen.se\/"},{"@type":"ListItem","position":2,"name":"M\u00e5nga har anledning att fira med oss"}]},{"@type":"WebSite","@id":"https:\/\/www.kompetensforetagen.se\/#website","url":"https:\/\/www.kompetensforetagen.se\/","name":"Kompetensf\u00f6retagen","description":"R\u00e4tt person p\u00e5 r\u00e4tt plats kan f\u00f6r\u00e4ndra v\u00e4rlden","publisher":{"@id":"https:\/\/www.kompetensforetagen.se\/#organization"},"potentialAction":[{"@type":"SearchAction","target":{"@type":"EntryPoint","urlTemplate":"https:\/\/www.kompetensforetagen.se\/?s={search_term_string}"},"query-input":{"@type":"PropertyValueSpecification","valueRequired":true,"valueName":"search_term_string"}}],"inLanguage":"sv-SE"},{"@type":"Organization","@id":"https:\/\/www.kompetensforetagen.se\/#organization","name":"Kompetensf\u00f6retagen","url":"https:\/\/www.kompetensforetagen.se\/","logo":{"@type":"ImageObject","inLanguage":"sv-SE","@id":"https:\/\/www.kompetensforetagen.se\/#\/schema\/logo\/image\/","url":"https:\/\/www.kompetensforetagen.se\/app\/uploads\/sites\/5\/2022\/10\/logga_svart.png","contentUrl":"https:\/\/www.kompetensforetagen.se\/app\/uploads\/sites\/5\/2022\/10\/logga_svart.png","width":752,"height":64,"caption":"Kompetensf\u00f6retagen"},"image":{"@id":"https:\/\/www.kompetensforetagen.se\/#\/schema\/logo\/image\/"},"sameAs":["https:\/\/www.linkedin.com\/company\/10540032\/"]},{"@type":"Person","@id":"","url":"https:\/\/www.kompetensforetagen.se\/person\/"}]}},"_links":{"self":[{"href":"https:\/\/www.kompetensforetagen.se\/api\/wp\/v2\/posts\/13379","targetHints":{"allow":["GET"]}}],"collection":[{"href":"https:\/\/www.kompetensforetagen.se\/api\/wp\/v2\/posts"}],"about":[{"href":"https:\/\/www.kompetensforetagen.se\/api\/wp\/v2\/types\/post"}],"author":[{"embeddable":true,"href":"https:\/\/www.kompetensforetagen.se\/api\/wp\/v2\/users\/6358"}],"replies":[{"embeddable":true,"href":"https:\/\/www.kompetensforetagen.se\/api\/wp\/v2\/comments?post=13379"}],"version-history":[{"count":4,"href":"https:\/\/www.kompetensforetagen.se\/api\/wp\/v2\/posts\/13379\/revisions"}],"predecessor-version":[{"id":13383,"href":"https:\/\/www.kompetensforetagen.se\/api\/wp\/v2\/posts\/13379\/revisions\/13383"}],"wp:featuredmedia":[{"embeddable":true,"href":"https:\/\/www.kompetensforetagen.se\/api\/wp\/v2\/media\/5770"}],"wp:attachment":[{"href":"https:\/\/www.kompetensforetagen.se\/api\/wp\/v2\/media?parent=13379"}],"wp:term":[{"taxonomy":"category","embeddable":true,"href":"https:\/\/www.kompetensforetagen.se\/api\/wp\/v2\/categories?post=13379"},{"taxonomy":"post_tag","embeddable":true,"href":"https:\/\/www.kompetensforetagen.se\/api\/wp\/v2\/tags?post=13379"},{"taxonomy":"type","embeddable":true,"href":"https:\/\/www.kompetensforetagen.se\/api\/wp\/v2\/article_type?post=13379"},{"taxonomy":"agreement","embeddable":true,"href":"https:\/\/www.kompetensforetagen.se\/api\/wp\/v2\/agreement?post=13379"},{"taxonomy":"for-members","embeddable":true,"href":"https:\/\/www.kompetensforetagen.se\/api\/wp\/v2\/for-members?post=13379"}],"curies":[{"name":"wp","href":"https:\/\/api.w.org\/{rel}","templated":true}]}}