{"id":13343,"date":"2023-05-08T11:13:12","date_gmt":"2023-05-08T09:13:12","guid":{"rendered":"https:\/\/dev.kompetensforetagen.se\/?p=13343"},"modified":"2023-05-08T11:13:13","modified_gmt":"2023-05-08T09:13:13","slug":"frivillig-medling-begard-med-unionen","status":"publish","type":"post","link":"https:\/\/www.kompetensforetagen.se\/2023\/05\/frivillig-medling-begard-med-unionen\/","title":{"rendered":"Frivillig medling beg\u00e4rd med Unionen"},"content":{"rendered":"\n<p><a href=\"https:\/\/www.kompetensforetagen.se\/medlemskap\/kollektivavtal\/\" target=\"_blank\" rel=\"noreferrer noopener\">Kollektivavtalet<\/a>&nbsp;f\u00f6r tj\u00e4nstem\u00e4n f\u00f6r bemanning, rekrytering och omst\u00e4llning mellan Kompetensf\u00f6retagen inom Almega och Unionen l\u00f6pte ut den 30 april. Parterna har haft konstruktiva f\u00f6rhandlingar, men \u00e4nnu inte kunnat enas om ett nytt kollektivavtal. Parterna har d\u00e4rf\u00f6r idag tillsammans beg\u00e4rt frivillig medling hos Medlingsinstitutet.<\/p>\n\n\n\n<p>-Vi har haft bra diskussioner med Unionen och jag \u00e4r \u00f6vertygad om att vi kommer att komma \u00f6verens och teckna ett kollektivavtal som b\u00e5da parter \u00e4r n\u00f6jda med. Att beg\u00e4ra frivillig medling \u00e4r ett bra s\u00e4tt att komma vidare s\u00e5 att vi f\u00e5r ett nytt avtal p\u00e5 plats inom kort. Det s\u00e4ger Johan Huldt som \u00e4r f\u00f6rhandlingschef p\u00e5 Kompetensf\u00f6retagen.<\/p>\n\n\n\n<p>F\u00f6rhandlingarna kommer nu att forts\u00e4tta under ledning av Medlingsinstitutets medlare.<\/p>\n\n\n\n<p>L\u00e4s mer om hur en avtalsr\u00f6relse fungerar p\u00e5<a href=\"https:\/\/www.avtalsrorelsen.nu\/\" target=\"_blank\" rel=\"noreferrer noopener\">&nbsp;avtalsr\u00f6relsen.nu<\/a><\/p>\n","protected":false},"excerpt":{"rendered":"<p>Kollektivavtalet&nbsp;f\u00f6r tj\u00e4nstem\u00e4n f\u00f6r bemanning, rekrytering och omst\u00e4llning mellan Kompetensf\u00f6retagen inom Almega och Unionen l\u00f6pte ut den 30 april. Parterna har haft konstruktiva f\u00f6rhandlingar, men \u00e4nnu inte kunnat enas om ett nytt kollektivavtal. Parterna har d\u00e4rf\u00f6r &hellip;<\/p>\n","protected":false},"author":14830,"featured_media":13337,"comment_status":"closed","ping_status":"closed","sticky":false,"template":"","format":"standard","meta":{"_acf_changed":false,"footnotes":""},"categories":[13,1],"tags":[],"article_type":[8],"agreement":[],"for-members":[],"class_list":["post-13343","post","type-post","status-publish","format-standard","has-post-thumbnail","hentry","category-avtalsrorelse","category-okategoriserade","type-aktuellt"],"acf":[],"yoast_head":"<!-- This site is optimized with the Yoast SEO Premium plugin v26.8 (Yoast SEO v26.8) - https:\/\/yoast.com\/product\/yoast-seo-premium-wordpress\/ -->\n<title>Frivillig medling beg\u00e4rd med Unionen - Kompetensf\u00f6retagen<\/title>\n<meta name=\"description\" content=\"Parterna har haft konstruktiva f\u00f6rhandlingar, men \u00e4nnu inte kunnat enas om ett nytt kollektivavtal. Parterna har d\u00e4rf\u00f6r idag tillsammans beg\u00e4rt frivillig medling hos Medlingsinstitutet.\" \/>\n<meta name=\"robots\" content=\"index, follow, max-snippet:-1, max-image-preview:large, max-video-preview:-1\" \/>\n<link rel=\"canonical\" href=\"https:\/\/www.kompetensforetagen.se\/2023\/05\/frivillig-medling-begard-med-unionen\/\" \/>\n<meta property=\"og:locale\" content=\"sv_SE\" \/>\n<meta property=\"og:type\" content=\"article\" \/>\n<meta property=\"og:title\" content=\"Frivillig medling beg\u00e4rd med Unionen\" \/>\n<meta property=\"og:description\" content=\"Parterna har haft konstruktiva f\u00f6rhandlingar, men \u00e4nnu inte kunnat enas om ett nytt kollektivavtal. Parterna har d\u00e4rf\u00f6r idag tillsammans beg\u00e4rt frivillig medling hos Medlingsinstitutet.\" \/>\n<meta property=\"og:url\" content=\"https:\/\/www.kompetensforetagen.se\/2023\/05\/frivillig-medling-begard-med-unionen\/\" \/>\n<meta property=\"og:site_name\" content=\"Kompetensf\u00f6retagen\" \/>\n<meta property=\"article:published_time\" content=\"2023-05-08T09:13:12+00:00\" \/>\n<meta property=\"article:modified_time\" content=\"2023-05-08T09:13:13+00:00\" \/>\n<meta property=\"og:image\" content=\"https:\/\/www.kompetensforetagen.se\/app\/uploads\/sites\/5\/2023\/05\/joahn_hult.jpg\" \/>\n\t<meta property=\"og:image:width\" content=\"1180\" \/>\n\t<meta property=\"og:image:height\" content=\"787\" \/>\n\t<meta property=\"og:image:type\" content=\"image\/jpeg\" \/>\n<meta name=\"author\" content=\"camillagunnar2\" \/>\n<meta name=\"twitter:card\" content=\"summary_large_image\" \/>\n<meta name=\"twitter:label1\" content=\"Skriven av\" \/>\n\t<meta name=\"twitter:data1\" content=\"camillagunnar2\" \/>\n\t<meta name=\"twitter:label2\" content=\"Ber\u00e4knad l\u00e4stid\" \/>\n\t<meta name=\"twitter:data2\" content=\"1 minut\" \/>\n<!-- \/ Yoast SEO Premium plugin. -->","yoast_head_json":{"title":"Frivillig medling beg\u00e4rd med Unionen - Kompetensf\u00f6retagen","description":"Parterna har haft konstruktiva f\u00f6rhandlingar, men \u00e4nnu inte kunnat enas om ett nytt kollektivavtal. Parterna har d\u00e4rf\u00f6r idag tillsammans beg\u00e4rt frivillig medling hos Medlingsinstitutet.","robots":{"index":"index","follow":"follow","max-snippet":"max-snippet:-1","max-image-preview":"max-image-preview:large","max-video-preview":"max-video-preview:-1"},"canonical":"https:\/\/www.kompetensforetagen.se\/2023\/05\/frivillig-medling-begard-med-unionen\/","og_locale":"sv_SE","og_type":"article","og_title":"Frivillig medling beg\u00e4rd med Unionen","og_description":"Parterna har haft konstruktiva f\u00f6rhandlingar, men \u00e4nnu inte kunnat enas om ett nytt kollektivavtal. Parterna har d\u00e4rf\u00f6r idag tillsammans beg\u00e4rt frivillig medling hos Medlingsinstitutet.","og_url":"https:\/\/www.kompetensforetagen.se\/2023\/05\/frivillig-medling-begard-med-unionen\/","og_site_name":"Kompetensf\u00f6retagen","article_published_time":"2023-05-08T09:13:12+00:00","article_modified_time":"2023-05-08T09:13:13+00:00","og_image":[{"width":1180,"height":787,"url":"https:\/\/www.kompetensforetagen.se\/app\/uploads\/sites\/5\/2023\/05\/joahn_hult.jpg","type":"image\/jpeg"}],"author":"camillagunnar2","twitter_card":"summary_large_image","twitter_misc":{"Skriven av":"camillagunnar2","Ber\u00e4knad l\u00e4stid":"1 minut"},"schema":{"@context":"https:\/\/schema.org","@graph":[{"@type":"Article","@id":"https:\/\/www.kompetensforetagen.se\/2023\/05\/frivillig-medling-begard-med-unionen\/#article","isPartOf":{"@id":"https:\/\/www.kompetensforetagen.se\/2023\/05\/frivillig-medling-begard-med-unionen\/"},"author":{"name":"camillagunnar2","@id":"https:\/\/www.kompetensforetagen.se\/#\/schema\/person\/94b8ea93ef0611b1467f15023d9ebd1b"},"headline":"Frivillig medling beg\u00e4rd med Unionen","datePublished":"2023-05-08T09:13:12+00:00","dateModified":"2023-05-08T09:13:13+00:00","mainEntityOfPage":{"@id":"https:\/\/www.kompetensforetagen.se\/2023\/05\/frivillig-medling-begard-med-unionen\/"},"wordCount":153,"publisher":{"@id":"https:\/\/www.kompetensforetagen.se\/#organization"},"image":{"@id":"https:\/\/www.kompetensforetagen.se\/2023\/05\/frivillig-medling-begard-med-unionen\/#primaryimage"},"thumbnailUrl":"https:\/\/www.kompetensforetagen.se\/app\/uploads\/sites\/5\/2023\/05\/joahn_hult.jpg","articleSection":["Avtalsr\u00f6relse"],"inLanguage":"sv-SE"},{"@type":"WebPage","@id":"https:\/\/www.kompetensforetagen.se\/2023\/05\/frivillig-medling-begard-med-unionen\/","url":"https:\/\/www.kompetensforetagen.se\/2023\/05\/frivillig-medling-begard-med-unionen\/","name":"Frivillig medling beg\u00e4rd med Unionen - Kompetensf\u00f6retagen","isPartOf":{"@id":"https:\/\/www.kompetensforetagen.se\/#website"},"primaryImageOfPage":{"@id":"https:\/\/www.kompetensforetagen.se\/2023\/05\/frivillig-medling-begard-med-unionen\/#primaryimage"},"image":{"@id":"https:\/\/www.kompetensforetagen.se\/2023\/05\/frivillig-medling-begard-med-unionen\/#primaryimage"},"thumbnailUrl":"https:\/\/www.kompetensforetagen.se\/app\/uploads\/sites\/5\/2023\/05\/joahn_hult.jpg","datePublished":"2023-05-08T09:13:12+00:00","dateModified":"2023-05-08T09:13:13+00:00","description":"Parterna har haft konstruktiva f\u00f6rhandlingar, men \u00e4nnu inte kunnat enas om ett nytt kollektivavtal. Parterna har d\u00e4rf\u00f6r idag tillsammans beg\u00e4rt frivillig medling hos Medlingsinstitutet.","breadcrumb":{"@id":"https:\/\/www.kompetensforetagen.se\/2023\/05\/frivillig-medling-begard-med-unionen\/#breadcrumb"},"inLanguage":"sv-SE","potentialAction":[{"@type":"ReadAction","target":["https:\/\/www.kompetensforetagen.se\/2023\/05\/frivillig-medling-begard-med-unionen\/"]}]},{"@type":"ImageObject","inLanguage":"sv-SE","@id":"https:\/\/www.kompetensforetagen.se\/2023\/05\/frivillig-medling-begard-med-unionen\/#primaryimage","url":"https:\/\/www.kompetensforetagen.se\/app\/uploads\/sites\/5\/2023\/05\/joahn_hult.jpg","contentUrl":"https:\/\/www.kompetensforetagen.se\/app\/uploads\/sites\/5\/2023\/05\/joahn_hult.jpg","width":1180,"height":787,"caption":"Johan huldt, F\u00f6rhandlingschef f\u00f6r kompetensf\u00f6retagen"},{"@type":"BreadcrumbList","@id":"https:\/\/www.kompetensforetagen.se\/2023\/05\/frivillig-medling-begard-med-unionen\/#breadcrumb","itemListElement":[{"@type":"ListItem","position":1,"name":"Home","item":"https:\/\/www.kompetensforetagen.se\/"},{"@type":"ListItem","position":2,"name":"Frivillig medling beg\u00e4rd med Unionen"}]},{"@type":"WebSite","@id":"https:\/\/www.kompetensforetagen.se\/#website","url":"https:\/\/www.kompetensforetagen.se\/","name":"Kompetensf\u00f6retagen","description":"R\u00e4tt person p\u00e5 r\u00e4tt plats kan f\u00f6r\u00e4ndra v\u00e4rlden","publisher":{"@id":"https:\/\/www.kompetensforetagen.se\/#organization"},"potentialAction":[{"@type":"SearchAction","target":{"@type":"EntryPoint","urlTemplate":"https:\/\/www.kompetensforetagen.se\/?s={search_term_string}"},"query-input":{"@type":"PropertyValueSpecification","valueRequired":true,"valueName":"search_term_string"}}],"inLanguage":"sv-SE"},{"@type":"Organization","@id":"https:\/\/www.kompetensforetagen.se\/#organization","name":"Kompetensf\u00f6retagen","url":"https:\/\/www.kompetensforetagen.se\/","logo":{"@type":"ImageObject","inLanguage":"sv-SE","@id":"https:\/\/www.kompetensforetagen.se\/#\/schema\/logo\/image\/","url":"https:\/\/www.kompetensforetagen.se\/app\/uploads\/sites\/5\/2022\/10\/logga_svart.png","contentUrl":"https:\/\/www.kompetensforetagen.se\/app\/uploads\/sites\/5\/2022\/10\/logga_svart.png","width":752,"height":64,"caption":"Kompetensf\u00f6retagen"},"image":{"@id":"https:\/\/www.kompetensforetagen.se\/#\/schema\/logo\/image\/"},"sameAs":["https:\/\/www.linkedin.com\/company\/10540032\/"]},{"@type":"Person","@id":"https:\/\/www.kompetensforetagen.se\/#\/schema\/person\/94b8ea93ef0611b1467f15023d9ebd1b","name":"camillagunnar2","image":{"@type":"ImageObject","inLanguage":"sv-SE","@id":"https:\/\/www.kompetensforetagen.se\/#\/schema\/person\/image\/","url":"https:\/\/secure.gravatar.com\/avatar\/b6f8240666aff929220ce2eb5e5698c1b44b3223ca9f0ac50ecbf5dbdb13dab4?s=96&d=mm&r=g","contentUrl":"https:\/\/secure.gravatar.com\/avatar\/b6f8240666aff929220ce2eb5e5698c1b44b3223ca9f0ac50ecbf5dbdb13dab4?s=96&d=mm&r=g","caption":"camillagunnar2"},"url":"https:\/\/www.kompetensforetagen.se\/person\/camillagunnar2\/"}]}},"_links":{"self":[{"href":"https:\/\/www.kompetensforetagen.se\/api\/wp\/v2\/posts\/13343","targetHints":{"allow":["GET"]}}],"collection":[{"href":"https:\/\/www.kompetensforetagen.se\/api\/wp\/v2\/posts"}],"about":[{"href":"https:\/\/www.kompetensforetagen.se\/api\/wp\/v2\/types\/post"}],"author":[{"embeddable":true,"href":"https:\/\/www.kompetensforetagen.se\/api\/wp\/v2\/users\/14830"}],"replies":[{"embeddable":true,"href":"https:\/\/www.kompetensforetagen.se\/api\/wp\/v2\/comments?post=13343"}],"version-history":[{"count":1,"href":"https:\/\/www.kompetensforetagen.se\/api\/wp\/v2\/posts\/13343\/revisions"}],"predecessor-version":[{"id":13344,"href":"https:\/\/www.kompetensforetagen.se\/api\/wp\/v2\/posts\/13343\/revisions\/13344"}],"wp:featuredmedia":[{"embeddable":true,"href":"https:\/\/www.kompetensforetagen.se\/api\/wp\/v2\/media\/13337"}],"wp:attachment":[{"href":"https:\/\/www.kompetensforetagen.se\/api\/wp\/v2\/media?parent=13343"}],"wp:term":[{"taxonomy":"category","embeddable":true,"href":"https:\/\/www.kompetensforetagen.se\/api\/wp\/v2\/categories?post=13343"},{"taxonomy":"post_tag","embeddable":true,"href":"https:\/\/www.kompetensforetagen.se\/api\/wp\/v2\/tags?post=13343"},{"taxonomy":"type","embeddable":true,"href":"https:\/\/www.kompetensforetagen.se\/api\/wp\/v2\/article_type?post=13343"},{"taxonomy":"agreement","embeddable":true,"href":"https:\/\/www.kompetensforetagen.se\/api\/wp\/v2\/agreement?post=13343"},{"taxonomy":"for-members","embeddable":true,"href":"https:\/\/www.kompetensforetagen.se\/api\/wp\/v2\/for-members?post=13343"}],"curies":[{"name":"wp","href":"https:\/\/api.w.org\/{rel}","templated":true}]}}