{"id":13340,"date":"2023-05-08T11:10:29","date_gmt":"2023-05-08T09:10:29","guid":{"rendered":"https:\/\/dev.kompetensforetagen.se\/?p=13340"},"modified":"2023-07-07T15:36:19","modified_gmt":"2023-07-07T13:36:19","slug":"automatiskt-utkas","status":"publish","type":"post","link":"https:\/\/www.kompetensforetagen.se\/2023\/05\/automatiskt-utkas\/","title":{"rendered":"Aktuella varsel som r\u00f6r medlems&shy;f\u00f6retagens kund&shy;f\u00f6retag"},"content":{"rendered":"\n<p>Kompetensf\u00f6retagen omfattas inte av n\u00e5gra varsel i den p\u00e5g\u00e5ende avtalsr\u00f6relsen. Avtalet med samtliga LO-f\u00f6rbund \u00e4r tecknat, och f\u00f6rhandlingar p\u00e5g\u00e5r p\u00e5 andra avtalsomr\u00e5den.<\/p>\n\n\n\n<p>D\u00e4remot finns det varsel som r\u00f6r medlemsf\u00f6retagens kundf\u00f6retag.<\/p>\n\n\n\n<ul class=\"wp-block-list\">\n<li>Svenska M\u00e5laref\u00f6rbundet har meddelat M\u00e5lerif\u00f6retagen en <a href=\"https:\/\/www.maleriforetagen.se\/om-oss\/aktuellt\/2023\/maj\/malarna-varslar-om-strejk-22-arbetsplatser-pa-medlemsforetag-hos-maleriforetagen-ar-drabbade\/\" target=\"_blank\" rel=\"noreferrer noopener\">upps\u00e4gning av kollektivavtalet tillsammans med ett varsel om strejk<\/a><\/li>\n\n\n\n<li>Fackf\u00f6rbundet Seko har <a href=\"https:\/\/www.avtalsrorelsen.nu\/2023\/05\/kommentar-med-anledning-av-sekos-varsel-inom-spartrafiken\/\" target=\"_blank\" rel=\"noreferrer noopener\">varslat om konflikt inom avtalsomr\u00e5de Sp\u00e5rtrafik&nbsp;<\/a><\/li>\n<\/ul>\n\n\n\n<p>Vid fler eventuella varsel som r\u00f6r medlemsf\u00f6retagens kundf\u00f6retag kommer listan att fyllas p\u00e5.<\/p>\n\n\n\n<h3 class=\"wp-block-heading\">Det g\u00e4ller f\u00f6r inhyrda vid varsel<\/h3>\n\n\n\n<p>Vad g\u00e4ller d\u00e5 f\u00f6r inhyrda p\u00e5 en arbetsplats om <a href=\"https:\/\/sv.wikipedia.org\/wiki\/Strejk\" target=\"_blank\" rel=\"noreferrer noopener\">strejk utbryter<\/a>? En facklig organisation kan bara beordra sina egna medlemmar att delta i konflikt. Det inneb\u00e4r att det <a href=\"https:\/\/www.kompetensforetagen.se\/2020\/12\/vem-deltar-i-konflikt-och-vem-jobbar-som-vanligt\/\" target=\"_blank\" rel=\"noreferrer noopener\">bara \u00e4r medlemmarna i det fackf\u00f6rbund som varslat som ska strejka<\/a>. De som omfattas av ett annat kollektivavtal deltar inte i konflikten och ska forts\u00e4tta att arbeta som vanligt. <a href=\"https:\/\/www.kompetensforetagen.se\/2021\/01\/neutralitet-vid-konflikt-hos-kundforetag\/\" target=\"_blank\" rel=\"noreferrer noopener\">De som jobbar som inhyrda omfattas allts\u00e5 inte av en strejk.<\/a><\/p>\n\n\n\n<p>Oorganiserade deltar inte heller i konflikten och ska ocks\u00e5 forts\u00e4tta att arbeta som vanligt. De har dock r\u00e4tt att f\u00f6rh\u00e5lla sig neutrala, st\u00e4lla sig vid sidan om och inte \u201dblanda sig i\u201d den p\u00e5g\u00e5ende konflikten. Oorganiserade som inte avser att arbeta under konflikten f\u00e5r ans\u00f6ka om tj\u00e4nsteledighet med h\u00e4nvisning till sin neutralitetsr\u00e4tt. Under konflikttiden g\u00f6rs d\u00e5 l\u00f6neavdrag.<\/p>\n\n\n\n<p>Du som vill l\u00e4sa mer om hur det funkar under avtalsr\u00f6relsen olika skeenden kan g\u00f6ra det p\u00e5 <a href=\"https:\/\/www.avtalsrorelsen.nu\/\" target=\"_blank\" rel=\"noreferrer noopener\">avtalsr\u00f6relsen.nu<\/a><\/p>\n","protected":false},"excerpt":{"rendered":"<p>Kompetensf\u00f6retagen omfattas inte av n\u00e5gra varsel i den p\u00e5g\u00e5ende avtalsr\u00f6relsen. Avtalet med samtliga LO-f\u00f6rbund \u00e4r tecknat, och f\u00f6rhandlingar p\u00e5g\u00e5r p\u00e5 andra avtalsomr\u00e5den. D\u00e4remot finns det varsel som r\u00f6r medlemsf\u00f6retagens kundf\u00f6retag. Vid fler eventuella varsel som &hellip;<\/p>\n","protected":false},"author":14830,"featured_media":13341,"comment_status":"closed","ping_status":"closed","sticky":false,"template":"","format":"standard","meta":{"_acf_changed":false,"footnotes":""},"categories":[13,1],"tags":[],"article_type":[8],"agreement":[],"for-members":[],"class_list":["post-13340","post","type-post","status-publish","format-standard","has-post-thumbnail","hentry","category-avtalsrorelse","category-okategoriserade","type-aktuellt"],"acf":[],"yoast_head":"<!-- This site is optimized with the Yoast SEO Premium plugin v26.8 (Yoast SEO v26.8) - https:\/\/yoast.com\/product\/yoast-seo-premium-wordpress\/ -->\n<title>Aktuella varsel som r\u00f6r medlemsf\u00f6retagens kundf\u00f6retag<\/title>\n<meta name=\"description\" content=\"H\u00e4r kan du hitta en lista \u00f6ver lagda varsel som r\u00f6r medlemsf\u00f6retagens kundf\u00f6retag.\" \/>\n<meta name=\"robots\" content=\"index, follow, max-snippet:-1, max-image-preview:large, max-video-preview:-1\" \/>\n<link rel=\"canonical\" href=\"https:\/\/www.kompetensforetagen.se\/2023\/05\/automatiskt-utkas\/\" \/>\n<meta property=\"og:locale\" content=\"sv_SE\" \/>\n<meta property=\"og:type\" content=\"article\" \/>\n<meta property=\"og:title\" content=\"Aktuella varsel som r\u00f6r medlemsf\u00f6retagens kundf\u00f6retag\" \/>\n<meta property=\"og:description\" content=\"H\u00e4r kan du hitta en lista \u00f6ver lagda varsel som r\u00f6r medlemsf\u00f6retagens kundf\u00f6retag.\" \/>\n<meta property=\"og:url\" content=\"https:\/\/www.kompetensforetagen.se\/2023\/05\/automatiskt-utkas\/\" \/>\n<meta property=\"og:site_name\" content=\"Kompetensf\u00f6retagen\" \/>\n<meta property=\"article:published_time\" content=\"2023-05-08T09:10:29+00:00\" \/>\n<meta property=\"article:modified_time\" content=\"2023-07-07T13:36:19+00:00\" \/>\n<meta property=\"og:image\" content=\"https:\/\/www.kompetensforetagen.se\/app\/uploads\/sites\/5\/2023\/05\/gettyimages-881175588-1180x787-1.jpg\" \/>\n\t<meta property=\"og:image:width\" content=\"1180\" \/>\n\t<meta property=\"og:image:height\" content=\"787\" \/>\n\t<meta property=\"og:image:type\" content=\"image\/jpeg\" \/>\n<meta name=\"author\" content=\"camillagunnar2\" \/>\n<meta name=\"twitter:card\" content=\"summary_large_image\" \/>\n<meta name=\"twitter:label1\" content=\"Skriven av\" \/>\n\t<meta name=\"twitter:data1\" content=\"camillagunnar2\" \/>\n\t<meta name=\"twitter:label2\" content=\"Ber\u00e4knad l\u00e4stid\" \/>\n\t<meta name=\"twitter:data2\" content=\"2 minuter\" \/>\n<!-- \/ Yoast SEO Premium plugin. -->","yoast_head_json":{"title":"Aktuella varsel som r\u00f6r medlemsf\u00f6retagens kundf\u00f6retag","description":"H\u00e4r kan du hitta en lista \u00f6ver lagda varsel som r\u00f6r medlemsf\u00f6retagens kundf\u00f6retag.","robots":{"index":"index","follow":"follow","max-snippet":"max-snippet:-1","max-image-preview":"max-image-preview:large","max-video-preview":"max-video-preview:-1"},"canonical":"https:\/\/www.kompetensforetagen.se\/2023\/05\/automatiskt-utkas\/","og_locale":"sv_SE","og_type":"article","og_title":"Aktuella varsel som r\u00f6r medlemsf\u00f6retagens kundf\u00f6retag","og_description":"H\u00e4r kan du hitta en lista \u00f6ver lagda varsel som r\u00f6r medlemsf\u00f6retagens kundf\u00f6retag.","og_url":"https:\/\/www.kompetensforetagen.se\/2023\/05\/automatiskt-utkas\/","og_site_name":"Kompetensf\u00f6retagen","article_published_time":"2023-05-08T09:10:29+00:00","article_modified_time":"2023-07-07T13:36:19+00:00","og_image":[{"width":1180,"height":787,"url":"https:\/\/www.kompetensforetagen.se\/app\/uploads\/sites\/5\/2023\/05\/gettyimages-881175588-1180x787-1.jpg","type":"image\/jpeg"}],"author":"camillagunnar2","twitter_card":"summary_large_image","twitter_misc":{"Skriven av":"camillagunnar2","Ber\u00e4knad l\u00e4stid":"2 minuter"},"schema":{"@context":"https:\/\/schema.org","@graph":[{"@type":"Article","@id":"https:\/\/www.kompetensforetagen.se\/2023\/05\/automatiskt-utkas\/#article","isPartOf":{"@id":"https:\/\/www.kompetensforetagen.se\/2023\/05\/automatiskt-utkas\/"},"author":{"name":"camillagunnar2","@id":"https:\/\/www.kompetensforetagen.se\/#\/schema\/person\/94b8ea93ef0611b1467f15023d9ebd1b"},"headline":"Aktuella varsel som r\u00f6r medlems&shy;f\u00f6retagens kund&shy;f\u00f6retag","datePublished":"2023-05-08T09:10:29+00:00","dateModified":"2023-07-07T13:36:19+00:00","mainEntityOfPage":{"@id":"https:\/\/www.kompetensforetagen.se\/2023\/05\/automatiskt-utkas\/"},"wordCount":277,"publisher":{"@id":"https:\/\/www.kompetensforetagen.se\/#organization"},"image":{"@id":"https:\/\/www.kompetensforetagen.se\/2023\/05\/automatiskt-utkas\/#primaryimage"},"thumbnailUrl":"https:\/\/www.kompetensforetagen.se\/app\/uploads\/sites\/5\/2023\/05\/gettyimages-881175588-1180x787-1.jpg","articleSection":["Avtalsr\u00f6relse"],"inLanguage":"sv-SE"},{"@type":"WebPage","@id":"https:\/\/www.kompetensforetagen.se\/2023\/05\/automatiskt-utkas\/","url":"https:\/\/www.kompetensforetagen.se\/2023\/05\/automatiskt-utkas\/","name":"Aktuella varsel som r\u00f6r medlemsf\u00f6retagens kundf\u00f6retag","isPartOf":{"@id":"https:\/\/www.kompetensforetagen.se\/#website"},"primaryImageOfPage":{"@id":"https:\/\/www.kompetensforetagen.se\/2023\/05\/automatiskt-utkas\/#primaryimage"},"image":{"@id":"https:\/\/www.kompetensforetagen.se\/2023\/05\/automatiskt-utkas\/#primaryimage"},"thumbnailUrl":"https:\/\/www.kompetensforetagen.se\/app\/uploads\/sites\/5\/2023\/05\/gettyimages-881175588-1180x787-1.jpg","datePublished":"2023-05-08T09:10:29+00:00","dateModified":"2023-07-07T13:36:19+00:00","description":"H\u00e4r kan du hitta en lista \u00f6ver lagda varsel som r\u00f6r medlemsf\u00f6retagens kundf\u00f6retag.","breadcrumb":{"@id":"https:\/\/www.kompetensforetagen.se\/2023\/05\/automatiskt-utkas\/#breadcrumb"},"inLanguage":"sv-SE","potentialAction":[{"@type":"ReadAction","target":["https:\/\/www.kompetensforetagen.se\/2023\/05\/automatiskt-utkas\/"]}]},{"@type":"ImageObject","inLanguage":"sv-SE","@id":"https:\/\/www.kompetensforetagen.se\/2023\/05\/automatiskt-utkas\/#primaryimage","url":"https:\/\/www.kompetensforetagen.se\/app\/uploads\/sites\/5\/2023\/05\/gettyimages-881175588-1180x787-1.jpg","contentUrl":"https:\/\/www.kompetensforetagen.se\/app\/uploads\/sites\/5\/2023\/05\/gettyimages-881175588-1180x787-1.jpg","width":1180,"height":787,"caption":"Tv\u00e5 personer cyklar i motsatt riktning \u00f6ver skanstullbron i stockholm"},{"@type":"BreadcrumbList","@id":"https:\/\/www.kompetensforetagen.se\/2023\/05\/automatiskt-utkas\/#breadcrumb","itemListElement":[{"@type":"ListItem","position":1,"name":"Home","item":"https:\/\/www.kompetensforetagen.se\/"},{"@type":"ListItem","position":2,"name":"Aktuella varsel som r\u00f6r medlems&shy;f\u00f6retagens kund&shy;f\u00f6retag"}]},{"@type":"WebSite","@id":"https:\/\/www.kompetensforetagen.se\/#website","url":"https:\/\/www.kompetensforetagen.se\/","name":"Kompetensf\u00f6retagen","description":"R\u00e4tt person p\u00e5 r\u00e4tt plats kan f\u00f6r\u00e4ndra v\u00e4rlden","publisher":{"@id":"https:\/\/www.kompetensforetagen.se\/#organization"},"potentialAction":[{"@type":"SearchAction","target":{"@type":"EntryPoint","urlTemplate":"https:\/\/www.kompetensforetagen.se\/?s={search_term_string}"},"query-input":{"@type":"PropertyValueSpecification","valueRequired":true,"valueName":"search_term_string"}}],"inLanguage":"sv-SE"},{"@type":"Organization","@id":"https:\/\/www.kompetensforetagen.se\/#organization","name":"Kompetensf\u00f6retagen","url":"https:\/\/www.kompetensforetagen.se\/","logo":{"@type":"ImageObject","inLanguage":"sv-SE","@id":"https:\/\/www.kompetensforetagen.se\/#\/schema\/logo\/image\/","url":"https:\/\/www.kompetensforetagen.se\/app\/uploads\/sites\/5\/2022\/10\/logga_svart.png","contentUrl":"https:\/\/www.kompetensforetagen.se\/app\/uploads\/sites\/5\/2022\/10\/logga_svart.png","width":752,"height":64,"caption":"Kompetensf\u00f6retagen"},"image":{"@id":"https:\/\/www.kompetensforetagen.se\/#\/schema\/logo\/image\/"},"sameAs":["https:\/\/www.linkedin.com\/company\/10540032\/"]},{"@type":"Person","@id":"https:\/\/www.kompetensforetagen.se\/#\/schema\/person\/94b8ea93ef0611b1467f15023d9ebd1b","name":"camillagunnar2","image":{"@type":"ImageObject","inLanguage":"sv-SE","@id":"https:\/\/www.kompetensforetagen.se\/#\/schema\/person\/image\/","url":"https:\/\/secure.gravatar.com\/avatar\/b6f8240666aff929220ce2eb5e5698c1b44b3223ca9f0ac50ecbf5dbdb13dab4?s=96&d=mm&r=g","contentUrl":"https:\/\/secure.gravatar.com\/avatar\/b6f8240666aff929220ce2eb5e5698c1b44b3223ca9f0ac50ecbf5dbdb13dab4?s=96&d=mm&r=g","caption":"camillagunnar2"},"url":"https:\/\/www.kompetensforetagen.se\/person\/camillagunnar2\/"}]}},"_links":{"self":[{"href":"https:\/\/www.kompetensforetagen.se\/api\/wp\/v2\/posts\/13340","targetHints":{"allow":["GET"]}}],"collection":[{"href":"https:\/\/www.kompetensforetagen.se\/api\/wp\/v2\/posts"}],"about":[{"href":"https:\/\/www.kompetensforetagen.se\/api\/wp\/v2\/types\/post"}],"author":[{"embeddable":true,"href":"https:\/\/www.kompetensforetagen.se\/api\/wp\/v2\/users\/14830"}],"replies":[{"embeddable":true,"href":"https:\/\/www.kompetensforetagen.se\/api\/wp\/v2\/comments?post=13340"}],"version-history":[{"count":2,"href":"https:\/\/www.kompetensforetagen.se\/api\/wp\/v2\/posts\/13340\/revisions"}],"predecessor-version":[{"id":14355,"href":"https:\/\/www.kompetensforetagen.se\/api\/wp\/v2\/posts\/13340\/revisions\/14355"}],"wp:featuredmedia":[{"embeddable":true,"href":"https:\/\/www.kompetensforetagen.se\/api\/wp\/v2\/media\/13341"}],"wp:attachment":[{"href":"https:\/\/www.kompetensforetagen.se\/api\/wp\/v2\/media?parent=13340"}],"wp:term":[{"taxonomy":"category","embeddable":true,"href":"https:\/\/www.kompetensforetagen.se\/api\/wp\/v2\/categories?post=13340"},{"taxonomy":"post_tag","embeddable":true,"href":"https:\/\/www.kompetensforetagen.se\/api\/wp\/v2\/tags?post=13340"},{"taxonomy":"type","embeddable":true,"href":"https:\/\/www.kompetensforetagen.se\/api\/wp\/v2\/article_type?post=13340"},{"taxonomy":"agreement","embeddable":true,"href":"https:\/\/www.kompetensforetagen.se\/api\/wp\/v2\/agreement?post=13340"},{"taxonomy":"for-members","embeddable":true,"href":"https:\/\/www.kompetensforetagen.se\/api\/wp\/v2\/for-members?post=13340"}],"curies":[{"name":"wp","href":"https:\/\/api.w.org\/{rel}","templated":true}]}}