{"id":13336,"date":"2023-05-08T11:06:11","date_gmt":"2023-05-08T09:06:11","guid":{"rendered":"https:\/\/dev.kompetensforetagen.se\/?p=13336"},"modified":"2023-05-08T11:07:21","modified_gmt":"2023-05-08T09:07:21","slug":"nytt-avtal-klart-for-40-000-bemanningskonsulter","status":"publish","type":"post","link":"https:\/\/www.kompetensforetagen.se\/2023\/05\/nytt-avtal-klart-for-40-000-bemanningskonsulter\/","title":{"rendered":"Nytt avtal klart f\u00f6r 40 000 bemanningskonsulter"},"content":{"rendered":"\n<p>Kompetensf\u00f6retagen inom Almega har idag tecknat nytt Bemanningsavtal f\u00f6r arbetare med samtliga LO-f\u00f6rbund. Avtalet g\u00e4ller bemanning och str\u00e4cker sig \u00f6ver 24 m\u00e5nader med ett totalt avtalsv\u00e4rde p\u00e5 7,4 procent.<\/p>\n\n\n\n<p>&#8211; Vi har, tillsammans med v\u00e5ra fackliga motparter, haft resultatinriktade f\u00f6rhandlingar och nu tecknat kollektivavtal inom det s\u00e5 kallade m\u00e4rket. Det s\u00e4ger Johan Huldt som \u00e4r f\u00f6rhandlingschef p\u00e5 Kompetensf\u00f6retagen.<\/p>\n\n\n\n<p>Avtalen inneb\u00e4r bland annat ett f\u00f6renklat administrativt f\u00f6rfarande vid nyanst\u00e4llningar samt ett partsarbete kring det delade arbetsmilj\u00f6ansvaret.<\/p>\n\n\n\n<p>-Bemanningsbranschen \u00e4r avg\u00f6rande f\u00f6r kompetensf\u00f6rs\u00f6rjningen i Sverige p\u00e5 b\u00e5de kort och l\u00e5ng sikt, d\u00e4rf\u00f6r \u00e4r det oerh\u00f6rt gl\u00e4djande att vi kunnat teckna avtal i konstruktiv anda, s\u00e4ger Patrik Eidfelt, f\u00f6rbundsdirekt\u00f6r, Kompetensf\u00f6retagen.<\/p>\n\n\n\n<p>Det tidigare kollektivavtalet f\u00f6r bemanning l\u00f6pte ut den 30 april 2023 och det nya kollektivavtalet g\u00e4ller fr\u00e5n och med den 1 maj 2023 till och med den 30 april 2025.<\/p>\n\n\n\n<p>Kollektivavtalet ber\u00f6r drygt 41 000 \u00e5rsanst\u00e4llda medarbetare vid cirka 660 f\u00f6retag.<\/p>\n","protected":false},"excerpt":{"rendered":"<p>Kompetensf\u00f6retagen inom Almega har idag tecknat nytt Bemanningsavtal f\u00f6r arbetare med samtliga LO-f\u00f6rbund. Avtalet g\u00e4ller bemanning och str\u00e4cker sig \u00f6ver 24 m\u00e5nader med ett totalt avtalsv\u00e4rde p\u00e5 7,4 procent. &#8211; Vi har, tillsammans med v\u00e5ra &hellip;<\/p>\n","protected":false},"author":14830,"featured_media":13337,"comment_status":"closed","ping_status":"closed","sticky":false,"template":"","format":"standard","meta":{"_acf_changed":false,"footnotes":""},"categories":[13,1],"tags":[],"article_type":[8],"agreement":[],"for-members":[],"class_list":["post-13336","post","type-post","status-publish","format-standard","has-post-thumbnail","hentry","category-avtalsrorelse","category-okategoriserade","type-aktuellt"],"acf":[],"yoast_head":"<!-- This site is optimized with the Yoast SEO Premium plugin v26.8 (Yoast SEO v26.8) - https:\/\/yoast.com\/product\/yoast-seo-premium-wordpress\/ -->\n<title>- Kompetensf\u00f6retagen<\/title>\n<meta name=\"description\" content=\"Kompetensf\u00f6retagen inom Almega har idag tecknat nytt Bemanningsavtal f\u00f6r arbetare med samtliga LO-f\u00f6rbund. Avtalet g\u00e4ller bemanning.\" \/>\n<meta name=\"robots\" content=\"index, follow, max-snippet:-1, max-image-preview:large, max-video-preview:-1\" \/>\n<link rel=\"canonical\" href=\"https:\/\/www.kompetensforetagen.se\/2023\/05\/nytt-avtal-klart-for-40-000-bemanningskonsulter\/\" \/>\n<meta property=\"og:locale\" content=\"sv_SE\" \/>\n<meta property=\"og:type\" content=\"article\" \/>\n<meta property=\"og:title\" content=\"Nytt avtal klart f\u00f6r 40 000 bemanningskonsulter\" \/>\n<meta property=\"og:description\" content=\"Kompetensf\u00f6retagen inom Almega har idag tecknat nytt Bemanningsavtal f\u00f6r arbetare med samtliga LO-f\u00f6rbund. Avtalet g\u00e4ller bemanning.\" \/>\n<meta property=\"og:url\" content=\"https:\/\/www.kompetensforetagen.se\/2023\/05\/nytt-avtal-klart-for-40-000-bemanningskonsulter\/\" \/>\n<meta property=\"og:site_name\" content=\"Kompetensf\u00f6retagen\" \/>\n<meta property=\"article:published_time\" content=\"2023-05-08T09:06:11+00:00\" \/>\n<meta property=\"article:modified_time\" content=\"2023-05-08T09:07:21+00:00\" \/>\n<meta property=\"og:image\" content=\"https:\/\/www.kompetensforetagen.se\/app\/uploads\/sites\/5\/2023\/05\/joahn_hult.jpg\" \/>\n\t<meta property=\"og:image:width\" content=\"1180\" \/>\n\t<meta property=\"og:image:height\" content=\"787\" \/>\n\t<meta property=\"og:image:type\" content=\"image\/jpeg\" \/>\n<meta name=\"author\" content=\"camillagunnar2\" \/>\n<meta name=\"twitter:card\" content=\"summary_large_image\" \/>\n<meta name=\"twitter:label1\" content=\"Skriven av\" \/>\n\t<meta name=\"twitter:data1\" content=\"camillagunnar2\" \/>\n\t<meta name=\"twitter:label2\" content=\"Ber\u00e4knad l\u00e4stid\" \/>\n\t<meta name=\"twitter:data2\" content=\"1 minut\" \/>\n<!-- \/ Yoast SEO Premium plugin. -->","yoast_head_json":{"title":"- Kompetensf\u00f6retagen","description":"Kompetensf\u00f6retagen inom Almega har idag tecknat nytt Bemanningsavtal f\u00f6r arbetare med samtliga LO-f\u00f6rbund. Avtalet g\u00e4ller bemanning.","robots":{"index":"index","follow":"follow","max-snippet":"max-snippet:-1","max-image-preview":"max-image-preview:large","max-video-preview":"max-video-preview:-1"},"canonical":"https:\/\/www.kompetensforetagen.se\/2023\/05\/nytt-avtal-klart-for-40-000-bemanningskonsulter\/","og_locale":"sv_SE","og_type":"article","og_title":"Nytt avtal klart f\u00f6r 40 000 bemanningskonsulter","og_description":"Kompetensf\u00f6retagen inom Almega har idag tecknat nytt Bemanningsavtal f\u00f6r arbetare med samtliga LO-f\u00f6rbund. Avtalet g\u00e4ller bemanning.","og_url":"https:\/\/www.kompetensforetagen.se\/2023\/05\/nytt-avtal-klart-for-40-000-bemanningskonsulter\/","og_site_name":"Kompetensf\u00f6retagen","article_published_time":"2023-05-08T09:06:11+00:00","article_modified_time":"2023-05-08T09:07:21+00:00","og_image":[{"width":1180,"height":787,"url":"https:\/\/www.kompetensforetagen.se\/app\/uploads\/sites\/5\/2023\/05\/joahn_hult.jpg","type":"image\/jpeg"}],"author":"camillagunnar2","twitter_card":"summary_large_image","twitter_misc":{"Skriven av":"camillagunnar2","Ber\u00e4knad l\u00e4stid":"1 minut"},"schema":{"@context":"https:\/\/schema.org","@graph":[{"@type":"Article","@id":"https:\/\/www.kompetensforetagen.se\/2023\/05\/nytt-avtal-klart-for-40-000-bemanningskonsulter\/#article","isPartOf":{"@id":"https:\/\/www.kompetensforetagen.se\/2023\/05\/nytt-avtal-klart-for-40-000-bemanningskonsulter\/"},"author":{"name":"camillagunnar2","@id":"https:\/\/www.kompetensforetagen.se\/#\/schema\/person\/94b8ea93ef0611b1467f15023d9ebd1b"},"headline":"Nytt avtal klart f\u00f6r 40 000 bemanningskonsulter","datePublished":"2023-05-08T09:06:11+00:00","dateModified":"2023-05-08T09:07:21+00:00","mainEntityOfPage":{"@id":"https:\/\/www.kompetensforetagen.se\/2023\/05\/nytt-avtal-klart-for-40-000-bemanningskonsulter\/"},"wordCount":181,"publisher":{"@id":"https:\/\/www.kompetensforetagen.se\/#organization"},"image":{"@id":"https:\/\/www.kompetensforetagen.se\/2023\/05\/nytt-avtal-klart-for-40-000-bemanningskonsulter\/#primaryimage"},"thumbnailUrl":"https:\/\/www.kompetensforetagen.se\/app\/uploads\/sites\/5\/2023\/05\/joahn_hult.jpg","articleSection":["Avtalsr\u00f6relse"],"inLanguage":"sv-SE"},{"@type":"WebPage","@id":"https:\/\/www.kompetensforetagen.se\/2023\/05\/nytt-avtal-klart-for-40-000-bemanningskonsulter\/","url":"https:\/\/www.kompetensforetagen.se\/2023\/05\/nytt-avtal-klart-for-40-000-bemanningskonsulter\/","name":"- Kompetensf\u00f6retagen","isPartOf":{"@id":"https:\/\/www.kompetensforetagen.se\/#website"},"primaryImageOfPage":{"@id":"https:\/\/www.kompetensforetagen.se\/2023\/05\/nytt-avtal-klart-for-40-000-bemanningskonsulter\/#primaryimage"},"image":{"@id":"https:\/\/www.kompetensforetagen.se\/2023\/05\/nytt-avtal-klart-for-40-000-bemanningskonsulter\/#primaryimage"},"thumbnailUrl":"https:\/\/www.kompetensforetagen.se\/app\/uploads\/sites\/5\/2023\/05\/joahn_hult.jpg","datePublished":"2023-05-08T09:06:11+00:00","dateModified":"2023-05-08T09:07:21+00:00","description":"Kompetensf\u00f6retagen inom Almega har idag tecknat nytt Bemanningsavtal f\u00f6r arbetare med samtliga LO-f\u00f6rbund. Avtalet g\u00e4ller bemanning.","breadcrumb":{"@id":"https:\/\/www.kompetensforetagen.se\/2023\/05\/nytt-avtal-klart-for-40-000-bemanningskonsulter\/#breadcrumb"},"inLanguage":"sv-SE","potentialAction":[{"@type":"ReadAction","target":["https:\/\/www.kompetensforetagen.se\/2023\/05\/nytt-avtal-klart-for-40-000-bemanningskonsulter\/"]}]},{"@type":"ImageObject","inLanguage":"sv-SE","@id":"https:\/\/www.kompetensforetagen.se\/2023\/05\/nytt-avtal-klart-for-40-000-bemanningskonsulter\/#primaryimage","url":"https:\/\/www.kompetensforetagen.se\/app\/uploads\/sites\/5\/2023\/05\/joahn_hult.jpg","contentUrl":"https:\/\/www.kompetensforetagen.se\/app\/uploads\/sites\/5\/2023\/05\/joahn_hult.jpg","width":1180,"height":787,"caption":"Johan huldt, F\u00f6rhandlingschef f\u00f6r kompetensf\u00f6retagen"},{"@type":"BreadcrumbList","@id":"https:\/\/www.kompetensforetagen.se\/2023\/05\/nytt-avtal-klart-for-40-000-bemanningskonsulter\/#breadcrumb","itemListElement":[{"@type":"ListItem","position":1,"name":"Home","item":"https:\/\/www.kompetensforetagen.se\/"},{"@type":"ListItem","position":2,"name":"Nytt avtal klart f\u00f6r 40 000 bemanningskonsulter"}]},{"@type":"WebSite","@id":"https:\/\/www.kompetensforetagen.se\/#website","url":"https:\/\/www.kompetensforetagen.se\/","name":"Kompetensf\u00f6retagen","description":"R\u00e4tt person p\u00e5 r\u00e4tt plats kan f\u00f6r\u00e4ndra v\u00e4rlden","publisher":{"@id":"https:\/\/www.kompetensforetagen.se\/#organization"},"potentialAction":[{"@type":"SearchAction","target":{"@type":"EntryPoint","urlTemplate":"https:\/\/www.kompetensforetagen.se\/?s={search_term_string}"},"query-input":{"@type":"PropertyValueSpecification","valueRequired":true,"valueName":"search_term_string"}}],"inLanguage":"sv-SE"},{"@type":"Organization","@id":"https:\/\/www.kompetensforetagen.se\/#organization","name":"Kompetensf\u00f6retagen","url":"https:\/\/www.kompetensforetagen.se\/","logo":{"@type":"ImageObject","inLanguage":"sv-SE","@id":"https:\/\/www.kompetensforetagen.se\/#\/schema\/logo\/image\/","url":"https:\/\/www.kompetensforetagen.se\/app\/uploads\/sites\/5\/2022\/10\/logga_svart.png","contentUrl":"https:\/\/www.kompetensforetagen.se\/app\/uploads\/sites\/5\/2022\/10\/logga_svart.png","width":752,"height":64,"caption":"Kompetensf\u00f6retagen"},"image":{"@id":"https:\/\/www.kompetensforetagen.se\/#\/schema\/logo\/image\/"},"sameAs":["https:\/\/www.linkedin.com\/company\/10540032\/"]},{"@type":"Person","@id":"https:\/\/www.kompetensforetagen.se\/#\/schema\/person\/94b8ea93ef0611b1467f15023d9ebd1b","name":"camillagunnar2","image":{"@type":"ImageObject","inLanguage":"sv-SE","@id":"https:\/\/www.kompetensforetagen.se\/#\/schema\/person\/image\/","url":"https:\/\/secure.gravatar.com\/avatar\/b6f8240666aff929220ce2eb5e5698c1b44b3223ca9f0ac50ecbf5dbdb13dab4?s=96&d=mm&r=g","contentUrl":"https:\/\/secure.gravatar.com\/avatar\/b6f8240666aff929220ce2eb5e5698c1b44b3223ca9f0ac50ecbf5dbdb13dab4?s=96&d=mm&r=g","caption":"camillagunnar2"},"url":"https:\/\/www.kompetensforetagen.se\/person\/camillagunnar2\/"}]}},"_links":{"self":[{"href":"https:\/\/www.kompetensforetagen.se\/api\/wp\/v2\/posts\/13336","targetHints":{"allow":["GET"]}}],"collection":[{"href":"https:\/\/www.kompetensforetagen.se\/api\/wp\/v2\/posts"}],"about":[{"href":"https:\/\/www.kompetensforetagen.se\/api\/wp\/v2\/types\/post"}],"author":[{"embeddable":true,"href":"https:\/\/www.kompetensforetagen.se\/api\/wp\/v2\/users\/14830"}],"replies":[{"embeddable":true,"href":"https:\/\/www.kompetensforetagen.se\/api\/wp\/v2\/comments?post=13336"}],"version-history":[{"count":1,"href":"https:\/\/www.kompetensforetagen.se\/api\/wp\/v2\/posts\/13336\/revisions"}],"predecessor-version":[{"id":13338,"href":"https:\/\/www.kompetensforetagen.se\/api\/wp\/v2\/posts\/13336\/revisions\/13338"}],"wp:featuredmedia":[{"embeddable":true,"href":"https:\/\/www.kompetensforetagen.se\/api\/wp\/v2\/media\/13337"}],"wp:attachment":[{"href":"https:\/\/www.kompetensforetagen.se\/api\/wp\/v2\/media?parent=13336"}],"wp:term":[{"taxonomy":"category","embeddable":true,"href":"https:\/\/www.kompetensforetagen.se\/api\/wp\/v2\/categories?post=13336"},{"taxonomy":"post_tag","embeddable":true,"href":"https:\/\/www.kompetensforetagen.se\/api\/wp\/v2\/tags?post=13336"},{"taxonomy":"type","embeddable":true,"href":"https:\/\/www.kompetensforetagen.se\/api\/wp\/v2\/article_type?post=13336"},{"taxonomy":"agreement","embeddable":true,"href":"https:\/\/www.kompetensforetagen.se\/api\/wp\/v2\/agreement?post=13336"},{"taxonomy":"for-members","embeddable":true,"href":"https:\/\/www.kompetensforetagen.se\/api\/wp\/v2\/for-members?post=13336"}],"curies":[{"name":"wp","href":"https:\/\/api.w.org\/{rel}","templated":true}]}}