{"id":13328,"date":"2023-04-27T16:04:28","date_gmt":"2023-04-27T14:04:28","guid":{"rendered":"https:\/\/dev.kompetensforetagen.se\/?p=13328"},"modified":"2023-04-27T16:04:29","modified_gmt":"2023-04-27T14:04:29","slug":"ansvarsforsakrning","status":"publish","type":"post","link":"https:\/\/www.kompetensforetagen.se\/2023\/04\/ansvarsforsakrning\/","title":{"rendered":"Auktoriserade f\u00f6retag f\u00e5r rabatt p\u00e5 f\u00f6retags&shy;f\u00f6rs\u00e4kring"},"content":{"rendered":"\n<p>F\u00f6r medlemskap i Kompetensf\u00f6retagen kr\u00e4vs att f\u00f6retagsf\u00f6rs\u00e4kringen har <a href=\"https:\/\/www.kompetensforetagen.se\/medlemssidor\/forsakringar-for-medlemmar-i-kompetensforetagen\/\">ansvarsf\u00f6rs\u00e4kring<\/a>. I ett samarbete med S\u00f6derberg &amp; Partners och Svedea har medlemmar m\u00f6jlighet att teckna f\u00f6retagsf\u00f6rs\u00e4kring hos dem som motsvarar de krav som st\u00e4lls f\u00f6r medlemskap. Det g\u00e5r givetvis att teckna hos andra f\u00f6rs\u00e4kringsbolag f\u00f6r den som s\u00e5 \u00f6nskar.<\/p>\n\n\n\n<p>Auktoriserade medlemsf\u00f6retag beh\u00f6ver meddela detta till S\u00f6derberg &amp; Partners (om det inte gjorts tidigare) och f\u00e5r d\u00e5 10 procents rabatt p\u00e5 sin f\u00f6retagsf\u00f6rs\u00e4kring vid n\u00e4sta \u00e5rsf\u00f6rnyelse.<\/p>\n\n\n\n<p>F\u00f6retagsf\u00f6rs\u00e4kringen kan inneh\u00e5lla olika delar beroende p\u00e5 behov, som till exempel ansvarsf\u00f6rs\u00e4kring, f\u00f6rm\u00f6genhetsbrottsf\u00f6rs\u00e4kring, egendomsf\u00f6rs\u00e4kring, tj\u00e4nsteresef\u00f6rs\u00e4kring och s\u00e5 vidare. F\u00f6r mer information, kontakta S\u00f6derberg &amp; Partners<\/p>\n\n\n\n<p>Epost:&nbsp;<a href=\"mailto:kompetensforetagen@soderbergpartners.se\">kompetensforetagen@soderbergpartners.se<\/a><br>Tel: 08 &#8211; 501 115 08<\/p>\n","protected":false},"excerpt":{"rendered":"<p>F\u00f6r medlemskap i Kompetensf\u00f6retagen kr\u00e4vs att f\u00f6retagsf\u00f6rs\u00e4kringen har ansvarsf\u00f6rs\u00e4kring. I ett samarbete med S\u00f6derberg &amp; Partners och Svedea har medlemmar m\u00f6jlighet att teckna f\u00f6retagsf\u00f6rs\u00e4kring hos dem som motsvarar de krav som st\u00e4lls f\u00f6r medlemskap. Det &hellip;<\/p>\n","protected":false},"author":14830,"featured_media":13329,"comment_status":"closed","ping_status":"closed","sticky":false,"template":"","format":"standard","meta":{"_acf_changed":false,"footnotes":""},"categories":[17,1],"tags":[],"article_type":[8],"agreement":[],"for-members":[],"class_list":["post-13328","post","type-post","status-publish","format-standard","has-post-thumbnail","hentry","category-auktorisation","category-okategoriserade","type-aktuellt"],"acf":[],"yoast_head":"<!-- This site is optimized with the Yoast SEO Premium plugin v26.8 (Yoast SEO v26.8) - https:\/\/yoast.com\/product\/yoast-seo-premium-wordpress\/ -->\n<title>Auktoriserade f\u00f6retag f\u00e5r rabatt p\u00e5 f\u00f6retagsf\u00f6rs\u00e4kring - Kompetensf\u00f6retagen<\/title>\n<meta name=\"description\" content=\"F\u00f6r medlemskap i Kompetensf\u00f6retagen kr\u00e4vs att f\u00f6retagsf\u00f6rs\u00e4kringen har ansvarsf\u00f6rs\u00e4kring\" \/>\n<meta name=\"robots\" content=\"index, follow, max-snippet:-1, max-image-preview:large, max-video-preview:-1\" \/>\n<link rel=\"canonical\" href=\"https:\/\/www.kompetensforetagen.se\/2023\/04\/ansvarsforsakrning\/\" \/>\n<meta property=\"og:locale\" content=\"sv_SE\" \/>\n<meta property=\"og:type\" content=\"article\" \/>\n<meta property=\"og:title\" content=\"Auktoriserade f\u00f6retag f\u00e5r rabatt p\u00e5 f\u00f6retagsf\u00f6rs\u00e4kring\" \/>\n<meta property=\"og:description\" content=\"F\u00f6r medlemskap i Kompetensf\u00f6retagen kr\u00e4vs att f\u00f6retagsf\u00f6rs\u00e4kringen har ansvarsf\u00f6rs\u00e4kring\" \/>\n<meta property=\"og:url\" content=\"https:\/\/www.kompetensforetagen.se\/2023\/04\/ansvarsforsakrning\/\" \/>\n<meta property=\"og:site_name\" content=\"Kompetensf\u00f6retagen\" \/>\n<meta property=\"article:published_time\" content=\"2023-04-27T14:04:28+00:00\" \/>\n<meta property=\"article:modified_time\" content=\"2023-04-27T14:04:29+00:00\" \/>\n<meta property=\"og:image\" content=\"https:\/\/www.kompetensforetagen.se\/app\/uploads\/sites\/5\/2023\/04\/Minimal-World-Anti-Drug-Day-Linkedin-Post.png\" \/>\n\t<meta property=\"og:image:width\" content=\"900\" \/>\n\t<meta property=\"og:image:height\" content=\"900\" \/>\n\t<meta property=\"og:image:type\" content=\"image\/png\" \/>\n<meta name=\"author\" content=\"camillagunnar2\" \/>\n<meta name=\"twitter:card\" content=\"summary_large_image\" \/>\n<meta name=\"twitter:label1\" content=\"Skriven av\" \/>\n\t<meta name=\"twitter:data1\" content=\"camillagunnar2\" \/>\n\t<meta name=\"twitter:label2\" content=\"Ber\u00e4knad l\u00e4stid\" \/>\n\t<meta name=\"twitter:data2\" content=\"1 minut\" \/>\n<!-- \/ Yoast SEO Premium plugin. -->","yoast_head_json":{"title":"Auktoriserade f\u00f6retag f\u00e5r rabatt p\u00e5 f\u00f6retagsf\u00f6rs\u00e4kring - Kompetensf\u00f6retagen","description":"F\u00f6r medlemskap i Kompetensf\u00f6retagen kr\u00e4vs att f\u00f6retagsf\u00f6rs\u00e4kringen har ansvarsf\u00f6rs\u00e4kring","robots":{"index":"index","follow":"follow","max-snippet":"max-snippet:-1","max-image-preview":"max-image-preview:large","max-video-preview":"max-video-preview:-1"},"canonical":"https:\/\/www.kompetensforetagen.se\/2023\/04\/ansvarsforsakrning\/","og_locale":"sv_SE","og_type":"article","og_title":"Auktoriserade f\u00f6retag f\u00e5r rabatt p\u00e5 f\u00f6retagsf\u00f6rs\u00e4kring","og_description":"F\u00f6r medlemskap i Kompetensf\u00f6retagen kr\u00e4vs att f\u00f6retagsf\u00f6rs\u00e4kringen har ansvarsf\u00f6rs\u00e4kring","og_url":"https:\/\/www.kompetensforetagen.se\/2023\/04\/ansvarsforsakrning\/","og_site_name":"Kompetensf\u00f6retagen","article_published_time":"2023-04-27T14:04:28+00:00","article_modified_time":"2023-04-27T14:04:29+00:00","og_image":[{"width":900,"height":900,"url":"https:\/\/www.kompetensforetagen.se\/app\/uploads\/sites\/5\/2023\/04\/Minimal-World-Anti-Drug-Day-Linkedin-Post.png","type":"image\/png"}],"author":"camillagunnar2","twitter_card":"summary_large_image","twitter_misc":{"Skriven av":"camillagunnar2","Ber\u00e4knad l\u00e4stid":"1 minut"},"schema":{"@context":"https:\/\/schema.org","@graph":[{"@type":"Article","@id":"https:\/\/www.kompetensforetagen.se\/2023\/04\/ansvarsforsakrning\/#article","isPartOf":{"@id":"https:\/\/www.kompetensforetagen.se\/2023\/04\/ansvarsforsakrning\/"},"author":{"name":"camillagunnar2","@id":"https:\/\/www.kompetensforetagen.se\/#\/schema\/person\/94b8ea93ef0611b1467f15023d9ebd1b"},"headline":"Auktoriserade f\u00f6retag f\u00e5r rabatt p\u00e5 f\u00f6retags&shy;f\u00f6rs\u00e4kring","datePublished":"2023-04-27T14:04:28+00:00","dateModified":"2023-04-27T14:04:29+00:00","mainEntityOfPage":{"@id":"https:\/\/www.kompetensforetagen.se\/2023\/04\/ansvarsforsakrning\/"},"wordCount":160,"publisher":{"@id":"https:\/\/www.kompetensforetagen.se\/#organization"},"image":{"@id":"https:\/\/www.kompetensforetagen.se\/2023\/04\/ansvarsforsakrning\/#primaryimage"},"thumbnailUrl":"https:\/\/www.kompetensforetagen.se\/app\/uploads\/sites\/5\/2023\/04\/Minimal-World-Anti-Drug-Day-Linkedin-Post.png","articleSection":["Auktorisation"],"inLanguage":"sv-SE"},{"@type":"WebPage","@id":"https:\/\/www.kompetensforetagen.se\/2023\/04\/ansvarsforsakrning\/","url":"https:\/\/www.kompetensforetagen.se\/2023\/04\/ansvarsforsakrning\/","name":"Auktoriserade f\u00f6retag f\u00e5r rabatt p\u00e5 f\u00f6retagsf\u00f6rs\u00e4kring - Kompetensf\u00f6retagen","isPartOf":{"@id":"https:\/\/www.kompetensforetagen.se\/#website"},"primaryImageOfPage":{"@id":"https:\/\/www.kompetensforetagen.se\/2023\/04\/ansvarsforsakrning\/#primaryimage"},"image":{"@id":"https:\/\/www.kompetensforetagen.se\/2023\/04\/ansvarsforsakrning\/#primaryimage"},"thumbnailUrl":"https:\/\/www.kompetensforetagen.se\/app\/uploads\/sites\/5\/2023\/04\/Minimal-World-Anti-Drug-Day-Linkedin-Post.png","datePublished":"2023-04-27T14:04:28+00:00","dateModified":"2023-04-27T14:04:29+00:00","description":"F\u00f6r medlemskap i Kompetensf\u00f6retagen kr\u00e4vs att f\u00f6retagsf\u00f6rs\u00e4kringen har ansvarsf\u00f6rs\u00e4kring","breadcrumb":{"@id":"https:\/\/www.kompetensforetagen.se\/2023\/04\/ansvarsforsakrning\/#breadcrumb"},"inLanguage":"sv-SE","potentialAction":[{"@type":"ReadAction","target":["https:\/\/www.kompetensforetagen.se\/2023\/04\/ansvarsforsakrning\/"]}]},{"@type":"ImageObject","inLanguage":"sv-SE","@id":"https:\/\/www.kompetensforetagen.se\/2023\/04\/ansvarsforsakrning\/#primaryimage","url":"https:\/\/www.kompetensforetagen.se\/app\/uploads\/sites\/5\/2023\/04\/Minimal-World-Anti-Drug-Day-Linkedin-Post.png","contentUrl":"https:\/\/www.kompetensforetagen.se\/app\/uploads\/sites\/5\/2023\/04\/Minimal-World-Anti-Drug-Day-Linkedin-Post.png","width":900,"height":900,"caption":"Grafik: World Anti-Drug Day \u2013 om drogfria arbetsplatser. Auktoriserade f\u00f6retag f\u00e5r rabatt p\u00e5 f\u00f6retagsf\u00f6rs\u00e4kring"},{"@type":"BreadcrumbList","@id":"https:\/\/www.kompetensforetagen.se\/2023\/04\/ansvarsforsakrning\/#breadcrumb","itemListElement":[{"@type":"ListItem","position":1,"name":"Home","item":"https:\/\/www.kompetensforetagen.se\/"},{"@type":"ListItem","position":2,"name":"Auktoriserade f\u00f6retag f\u00e5r rabatt p\u00e5 f\u00f6retags&shy;f\u00f6rs\u00e4kring"}]},{"@type":"WebSite","@id":"https:\/\/www.kompetensforetagen.se\/#website","url":"https:\/\/www.kompetensforetagen.se\/","name":"Kompetensf\u00f6retagen","description":"R\u00e4tt person p\u00e5 r\u00e4tt plats kan f\u00f6r\u00e4ndra v\u00e4rlden","publisher":{"@id":"https:\/\/www.kompetensforetagen.se\/#organization"},"potentialAction":[{"@type":"SearchAction","target":{"@type":"EntryPoint","urlTemplate":"https:\/\/www.kompetensforetagen.se\/?s={search_term_string}"},"query-input":{"@type":"PropertyValueSpecification","valueRequired":true,"valueName":"search_term_string"}}],"inLanguage":"sv-SE"},{"@type":"Organization","@id":"https:\/\/www.kompetensforetagen.se\/#organization","name":"Kompetensf\u00f6retagen","url":"https:\/\/www.kompetensforetagen.se\/","logo":{"@type":"ImageObject","inLanguage":"sv-SE","@id":"https:\/\/www.kompetensforetagen.se\/#\/schema\/logo\/image\/","url":"https:\/\/www.kompetensforetagen.se\/app\/uploads\/sites\/5\/2022\/10\/logga_svart.png","contentUrl":"https:\/\/www.kompetensforetagen.se\/app\/uploads\/sites\/5\/2022\/10\/logga_svart.png","width":752,"height":64,"caption":"Kompetensf\u00f6retagen"},"image":{"@id":"https:\/\/www.kompetensforetagen.se\/#\/schema\/logo\/image\/"},"sameAs":["https:\/\/www.linkedin.com\/company\/10540032\/"]},{"@type":"Person","@id":"https:\/\/www.kompetensforetagen.se\/#\/schema\/person\/94b8ea93ef0611b1467f15023d9ebd1b","name":"camillagunnar2","image":{"@type":"ImageObject","inLanguage":"sv-SE","@id":"https:\/\/www.kompetensforetagen.se\/#\/schema\/person\/image\/","url":"https:\/\/secure.gravatar.com\/avatar\/b6f8240666aff929220ce2eb5e5698c1b44b3223ca9f0ac50ecbf5dbdb13dab4?s=96&d=mm&r=g","contentUrl":"https:\/\/secure.gravatar.com\/avatar\/b6f8240666aff929220ce2eb5e5698c1b44b3223ca9f0ac50ecbf5dbdb13dab4?s=96&d=mm&r=g","caption":"camillagunnar2"},"url":"https:\/\/www.kompetensforetagen.se\/person\/camillagunnar2\/"}]}},"_links":{"self":[{"href":"https:\/\/www.kompetensforetagen.se\/api\/wp\/v2\/posts\/13328","targetHints":{"allow":["GET"]}}],"collection":[{"href":"https:\/\/www.kompetensforetagen.se\/api\/wp\/v2\/posts"}],"about":[{"href":"https:\/\/www.kompetensforetagen.se\/api\/wp\/v2\/types\/post"}],"author":[{"embeddable":true,"href":"https:\/\/www.kompetensforetagen.se\/api\/wp\/v2\/users\/14830"}],"replies":[{"embeddable":true,"href":"https:\/\/www.kompetensforetagen.se\/api\/wp\/v2\/comments?post=13328"}],"version-history":[{"count":1,"href":"https:\/\/www.kompetensforetagen.se\/api\/wp\/v2\/posts\/13328\/revisions"}],"predecessor-version":[{"id":13330,"href":"https:\/\/www.kompetensforetagen.se\/api\/wp\/v2\/posts\/13328\/revisions\/13330"}],"wp:featuredmedia":[{"embeddable":true,"href":"https:\/\/www.kompetensforetagen.se\/api\/wp\/v2\/media\/13329"}],"wp:attachment":[{"href":"https:\/\/www.kompetensforetagen.se\/api\/wp\/v2\/media?parent=13328"}],"wp:term":[{"taxonomy":"category","embeddable":true,"href":"https:\/\/www.kompetensforetagen.se\/api\/wp\/v2\/categories?post=13328"},{"taxonomy":"post_tag","embeddable":true,"href":"https:\/\/www.kompetensforetagen.se\/api\/wp\/v2\/tags?post=13328"},{"taxonomy":"type","embeddable":true,"href":"https:\/\/www.kompetensforetagen.se\/api\/wp\/v2\/article_type?post=13328"},{"taxonomy":"agreement","embeddable":true,"href":"https:\/\/www.kompetensforetagen.se\/api\/wp\/v2\/agreement?post=13328"},{"taxonomy":"for-members","embeddable":true,"href":"https:\/\/www.kompetensforetagen.se\/api\/wp\/v2\/for-members?post=13328"}],"curies":[{"name":"wp","href":"https:\/\/api.w.org\/{rel}","templated":true}]}}