{"id":13309,"date":"2023-04-25T14:32:35","date_gmt":"2023-04-25T12:32:35","guid":{"rendered":"https:\/\/dev.kompetensforetagen.se\/?p=13309"},"modified":"2023-04-25T14:32:36","modified_gmt":"2023-04-25T12:32:36","slug":"arsrapport-2022-okad-omsattning-och-fler-jobb-i-kompetensbranschen","status":"publish","type":"post","link":"https:\/\/www.kompetensforetagen.se\/2023\/04\/arsrapport-2022-okad-omsattning-och-fler-jobb-i-kompetensbranschen\/","title":{"rendered":"\u00c5rs&shy;rapport 2022: \u00d6kad oms\u00e4ttning och fler jobb i kompetens&shy;branschen"},"content":{"rendered":"\n<p>Utvecklingen f\u00f6r kompetensbranschen under 2022 var positiv. \u00c5ret b\u00f6rjade med att <a href=\"https:\/\/www.kompetensforetagen.se\/2022\/05\/toppnotering-for-q1-och-fortsatt-optimism-i-kompetensbranschen\/\">Q1 <\/a>uppvisade den b\u00e4sta noteringen genom tiderna och de kvartal som sedan f\u00f6ljde var lika starka. Under Q2 kunde vi konstatera en all time high f\u00f6r rekrytering. Ser man till hel\u00e5ret uppgick oms\u00e4ttningen i Kompetensf\u00f6retagens 35 st\u00f6rsta medlemsf\u00f6retag till 34,8 miljarder kronor. Kompetensf\u00f6retagens medlemmars totala oms\u00e4ttning under 2022 uppgick till uppskattningsvis 49,9 miljarder<br>kronor. Detta \u00e4r en \u00f6kning fr\u00e5n f\u00f6rra \u00e5ret d\u00e5 den totala oms\u00e4ttningen uppgick till uppskattningsvis 44,1 miljarder.<\/p>\n\n\n\n<p><br>Antalet \u00e5rsanst\u00e4llda uppgick till 106 600 personer, vilket \u00e4r en \u00f6kning fr\u00e5n fjol\u00e5rets 102 000. F\u00f6r 2022 noteras allts\u00e5 en uppg\u00e5ng p\u00e5 4,6 procent i antalet anst\u00e4llda i branschen, medan rikets totala syssels\u00e4ttning \u00f6kar med 2,7 procent. Det totala antal personer som n\u00e5gon g\u00e5ng under \u00e5ret som passerade genom branschen uppgick under 2022 till personer 211 700 f\u00f6r Kompetensf\u00f6retagens medlemsf\u00f6retag. I fjol var motsvarande siffra 190 700.<\/p>\n\n\n\n<blockquote class=\"wp-block-quote is-layout-flow wp-block-quote-is-layout-flow\">\n<p> Under Q2 kunde vi konstatera en all time high f\u00f6r rekrytering<\/p>\n<\/blockquote>\n\n\n\n<p><br>Genom 2022 \u00e5rs uppgifter f\u00f6r det totala antalet sysselsatta i riket samt antalet anst\u00e4llda i branschen kan vi best\u00e4mma penetrationsgraden till 2 procent. Det finns dock sk\u00e4l att tro att denna siffra \u00e4r i underkant d\u00e5 SCB i antalet sysselsatta \u00e4ven innefattar de som befinner sig i arbetsmarknadspolitiska \u00e5tg\u00e4rder.<\/p>\n\n\n\n<p><br>Liksom de senaste \u00e5ren pr\u00e4glas omv\u00e4rlden v\u00e5ren 2023 av os\u00e4kerhet. Fr\u00e5n tidigare nedg\u00e5ngar vet vi att efterfr\u00e5gan p\u00e5 konsulter och rekryteringsf\u00f6retag d\u00e5 minskar samtidigt som efterfr\u00e5gan p\u00e5 omst\u00e4llningstj\u00e4nster \u00f6kar. Kompetensf\u00f6retagens medlemmar bidrar p\u00e5 s\u00e5 s\u00e4tt genom att ta vara p\u00e5 kompetens som frig\u00f6rs i en del av ekonomin och f\u00f6ra \u00f6ver den till en annan. Oavsett konjunkturl\u00e4ge spelar allts\u00e5 kompetensbranschen, nu och l\u00e5ngsiktigt, en avg\u00f6rande roll f\u00f6r svensk arbetsmarknad och ekonomi.\u00a0<\/p>\n\n\n\n<object data-wp-bind--hidden=\"!state.hasPdfPreview\" hidden class=\"wp-block-file__embed\" data=\"https:\/\/www.kompetensforetagen.se\/app\/uploads\/sites\/5\/2023\/04\/Arsrapport_2022.pdf\" type=\"application\/pdf\" style=\"width:100%;height:600px\" aria-label=\"Inb\u00e4ddning av \u00c5rsrapport 2022.\"><\/object><a id=\"wp-block-file--media-425482b4-de7e-4398-9158-9b93e7a9f3df\" href=\"https:\/\/www.kompetensforetagen.se\/app\/uploads\/sites\/5\/2023\/04\/Arsrapport_2022.pdf\">\u00c5rsrapport 2022<\/a><a href=\"https:\/\/www.kompetensforetagen.se\/app\/uploads\/sites\/5\/2023\/04\/Arsrapport_2022.pdf\" class=\"wp-block-file__button wp-element-button\" download aria-describedby=\"wp-block-file--media-425482b4-de7e-4398-9158-9b93e7a9f3df\">Ladda ner<\/a>\n","protected":false},"excerpt":{"rendered":"<p>Utvecklingen f\u00f6r kompetensbranschen under 2022 var positiv. \u00c5ret b\u00f6rjade med att Q1 uppvisade den b\u00e4sta noteringen genom tiderna och de kvartal som sedan f\u00f6ljde var lika starka. Under Q2 kunde vi konstatera en all time &hellip;<\/p>\n","protected":false},"author":6358,"featured_media":13314,"comment_status":"closed","ping_status":"closed","sticky":false,"template":"","format":"standard","meta":{"_acf_changed":false,"footnotes":""},"categories":[1,15],"tags":[],"article_type":[219],"agreement":[],"for-members":[],"class_list":["post-13309","post","type-post","status-publish","format-standard","has-post-thumbnail","hentry","category-okategoriserade","category-statistik","type-nyhet"],"acf":[],"yoast_head":"<!-- This site is optimized with the Yoast SEO Premium plugin v26.8 (Yoast SEO v26.8) - https:\/\/yoast.com\/product\/yoast-seo-premium-wordpress\/ -->\n<title>\u00c5rsrapport 2022: \u00d6kad oms\u00e4ttning och fler jobb i kompetensbranschen<\/title>\n<meta name=\"description\" content=\"\u00c5rsrapport 2022: \u00d6kad oms\u00e4ttning och fler jobb i kompetensbranschen\" \/>\n<meta name=\"robots\" content=\"index, follow, max-snippet:-1, max-image-preview:large, max-video-preview:-1\" \/>\n<link rel=\"canonical\" href=\"https:\/\/www.kompetensforetagen.se\/2023\/04\/arsrapport-2022-okad-omsattning-och-fler-jobb-i-kompetensbranschen\/\" \/>\n<meta property=\"og:locale\" content=\"sv_SE\" \/>\n<meta property=\"og:type\" content=\"article\" \/>\n<meta property=\"og:title\" content=\"\u00c5rsrapport 2022: \u00d6kad oms\u00e4ttning och fler jobb i kompetensbranschen\" \/>\n<meta property=\"og:description\" content=\"\u00c5rsrapport 2022: \u00d6kad oms\u00e4ttning och fler jobb i kompetensbranschen\" \/>\n<meta property=\"og:url\" content=\"https:\/\/www.kompetensforetagen.se\/2023\/04\/arsrapport-2022-okad-omsattning-och-fler-jobb-i-kompetensbranschen\/\" \/>\n<meta property=\"og:site_name\" content=\"Kompetensf\u00f6retagen\" \/>\n<meta property=\"article:published_time\" content=\"2023-04-25T12:32:35+00:00\" \/>\n<meta property=\"article:modified_time\" content=\"2023-04-25T12:32:36+00:00\" \/>\n<meta property=\"og:image\" content=\"https:\/\/www.kompetensforetagen.se\/app\/uploads\/sites\/5\/2023\/04\/MicrosoftTeams-image-1.png\" \/>\n\t<meta property=\"og:image:width\" content=\"3609\" \/>\n\t<meta property=\"og:image:height\" content=\"2536\" \/>\n\t<meta property=\"og:image:type\" content=\"image\/png\" \/>\n<meta name=\"twitter:card\" content=\"summary_large_image\" \/>\n<meta name=\"twitter:label1\" content=\"Skriven av\" \/>\n\t<meta name=\"twitter:data1\" content=\"\" \/>\n\t<meta name=\"twitter:label2\" content=\"Ber\u00e4knad l\u00e4stid\" \/>\n\t<meta name=\"twitter:data2\" content=\"2 minuter\" \/>\n<!-- \/ Yoast SEO Premium plugin. -->","yoast_head_json":{"title":"\u00c5rsrapport 2022: \u00d6kad oms\u00e4ttning och fler jobb i kompetensbranschen","description":"\u00c5rsrapport 2022: \u00d6kad oms\u00e4ttning och fler jobb i kompetensbranschen","robots":{"index":"index","follow":"follow","max-snippet":"max-snippet:-1","max-image-preview":"max-image-preview:large","max-video-preview":"max-video-preview:-1"},"canonical":"https:\/\/www.kompetensforetagen.se\/2023\/04\/arsrapport-2022-okad-omsattning-och-fler-jobb-i-kompetensbranschen\/","og_locale":"sv_SE","og_type":"article","og_title":"\u00c5rsrapport 2022: \u00d6kad oms\u00e4ttning och fler jobb i kompetensbranschen","og_description":"\u00c5rsrapport 2022: \u00d6kad oms\u00e4ttning och fler jobb i kompetensbranschen","og_url":"https:\/\/www.kompetensforetagen.se\/2023\/04\/arsrapport-2022-okad-omsattning-och-fler-jobb-i-kompetensbranschen\/","og_site_name":"Kompetensf\u00f6retagen","article_published_time":"2023-04-25T12:32:35+00:00","article_modified_time":"2023-04-25T12:32:36+00:00","og_image":[{"width":3609,"height":2536,"url":"https:\/\/www.kompetensforetagen.se\/app\/uploads\/sites\/5\/2023\/04\/MicrosoftTeams-image-1.png","type":"image\/png"}],"twitter_card":"summary_large_image","twitter_misc":{"Skriven av":"","Ber\u00e4knad l\u00e4stid":"2 minuter"},"schema":{"@context":"https:\/\/schema.org","@graph":[{"@type":"Article","@id":"https:\/\/www.kompetensforetagen.se\/2023\/04\/arsrapport-2022-okad-omsattning-och-fler-jobb-i-kompetensbranschen\/#article","isPartOf":{"@id":"https:\/\/www.kompetensforetagen.se\/2023\/04\/arsrapport-2022-okad-omsattning-och-fler-jobb-i-kompetensbranschen\/"},"author":{"name":"","@id":""},"headline":"\u00c5rs&shy;rapport 2022: \u00d6kad oms\u00e4ttning och fler jobb i kompetens&shy;branschen","datePublished":"2023-04-25T12:32:35+00:00","dateModified":"2023-04-25T12:32:36+00:00","mainEntityOfPage":{"@id":"https:\/\/www.kompetensforetagen.se\/2023\/04\/arsrapport-2022-okad-omsattning-och-fler-jobb-i-kompetensbranschen\/"},"wordCount":321,"publisher":{"@id":"https:\/\/www.kompetensforetagen.se\/#organization"},"image":{"@id":"https:\/\/www.kompetensforetagen.se\/2023\/04\/arsrapport-2022-okad-omsattning-och-fler-jobb-i-kompetensbranschen\/#primaryimage"},"thumbnailUrl":"https:\/\/www.kompetensforetagen.se\/app\/uploads\/sites\/5\/2023\/04\/MicrosoftTeams-image-1.png","articleSection":{"1":"Statistik"},"inLanguage":"sv-SE"},{"@type":"WebPage","@id":"https:\/\/www.kompetensforetagen.se\/2023\/04\/arsrapport-2022-okad-omsattning-och-fler-jobb-i-kompetensbranschen\/","url":"https:\/\/www.kompetensforetagen.se\/2023\/04\/arsrapport-2022-okad-omsattning-och-fler-jobb-i-kompetensbranschen\/","name":"\u00c5rsrapport 2022: \u00d6kad oms\u00e4ttning och fler jobb i kompetensbranschen","isPartOf":{"@id":"https:\/\/www.kompetensforetagen.se\/#website"},"primaryImageOfPage":{"@id":"https:\/\/www.kompetensforetagen.se\/2023\/04\/arsrapport-2022-okad-omsattning-och-fler-jobb-i-kompetensbranschen\/#primaryimage"},"image":{"@id":"https:\/\/www.kompetensforetagen.se\/2023\/04\/arsrapport-2022-okad-omsattning-och-fler-jobb-i-kompetensbranschen\/#primaryimage"},"thumbnailUrl":"https:\/\/www.kompetensforetagen.se\/app\/uploads\/sites\/5\/2023\/04\/MicrosoftTeams-image-1.png","datePublished":"2023-04-25T12:32:35+00:00","dateModified":"2023-04-25T12:32:36+00:00","description":"\u00c5rsrapport 2022: \u00d6kad oms\u00e4ttning och fler jobb i kompetensbranschen","breadcrumb":{"@id":"https:\/\/www.kompetensforetagen.se\/2023\/04\/arsrapport-2022-okad-omsattning-och-fler-jobb-i-kompetensbranschen\/#breadcrumb"},"inLanguage":"sv-SE","potentialAction":[{"@type":"ReadAction","target":["https:\/\/www.kompetensforetagen.se\/2023\/04\/arsrapport-2022-okad-omsattning-och-fler-jobb-i-kompetensbranschen\/"]}]},{"@type":"ImageObject","inLanguage":"sv-SE","@id":"https:\/\/www.kompetensforetagen.se\/2023\/04\/arsrapport-2022-okad-omsattning-och-fler-jobb-i-kompetensbranschen\/#primaryimage","url":"https:\/\/www.kompetensforetagen.se\/app\/uploads\/sites\/5\/2023\/04\/MicrosoftTeams-image-1.png","contentUrl":"https:\/\/www.kompetensforetagen.se\/app\/uploads\/sites\/5\/2023\/04\/MicrosoftTeams-image-1.png","width":3609,"height":2536,"caption":"Framsida \u00c5rsrapport 2022"},{"@type":"BreadcrumbList","@id":"https:\/\/www.kompetensforetagen.se\/2023\/04\/arsrapport-2022-okad-omsattning-och-fler-jobb-i-kompetensbranschen\/#breadcrumb","itemListElement":[{"@type":"ListItem","position":1,"name":"Home","item":"https:\/\/www.kompetensforetagen.se\/"},{"@type":"ListItem","position":2,"name":"\u00c5rs&shy;rapport 2022: \u00d6kad oms\u00e4ttning och fler jobb i kompetens&shy;branschen"}]},{"@type":"WebSite","@id":"https:\/\/www.kompetensforetagen.se\/#website","url":"https:\/\/www.kompetensforetagen.se\/","name":"Kompetensf\u00f6retagen","description":"R\u00e4tt person p\u00e5 r\u00e4tt plats kan f\u00f6r\u00e4ndra v\u00e4rlden","publisher":{"@id":"https:\/\/www.kompetensforetagen.se\/#organization"},"potentialAction":[{"@type":"SearchAction","target":{"@type":"EntryPoint","urlTemplate":"https:\/\/www.kompetensforetagen.se\/?s={search_term_string}"},"query-input":{"@type":"PropertyValueSpecification","valueRequired":true,"valueName":"search_term_string"}}],"inLanguage":"sv-SE"},{"@type":"Organization","@id":"https:\/\/www.kompetensforetagen.se\/#organization","name":"Kompetensf\u00f6retagen","url":"https:\/\/www.kompetensforetagen.se\/","logo":{"@type":"ImageObject","inLanguage":"sv-SE","@id":"https:\/\/www.kompetensforetagen.se\/#\/schema\/logo\/image\/","url":"https:\/\/www.kompetensforetagen.se\/app\/uploads\/sites\/5\/2022\/10\/logga_svart.png","contentUrl":"https:\/\/www.kompetensforetagen.se\/app\/uploads\/sites\/5\/2022\/10\/logga_svart.png","width":752,"height":64,"caption":"Kompetensf\u00f6retagen"},"image":{"@id":"https:\/\/www.kompetensforetagen.se\/#\/schema\/logo\/image\/"},"sameAs":["https:\/\/www.linkedin.com\/company\/10540032\/"]},{"@type":"Person","@id":"","url":"https:\/\/www.kompetensforetagen.se\/person\/"}]}},"_links":{"self":[{"href":"https:\/\/www.kompetensforetagen.se\/api\/wp\/v2\/posts\/13309","targetHints":{"allow":["GET"]}}],"collection":[{"href":"https:\/\/www.kompetensforetagen.se\/api\/wp\/v2\/posts"}],"about":[{"href":"https:\/\/www.kompetensforetagen.se\/api\/wp\/v2\/types\/post"}],"author":[{"embeddable":true,"href":"https:\/\/www.kompetensforetagen.se\/api\/wp\/v2\/users\/6358"}],"replies":[{"embeddable":true,"href":"https:\/\/www.kompetensforetagen.se\/api\/wp\/v2\/comments?post=13309"}],"version-history":[{"count":2,"href":"https:\/\/www.kompetensforetagen.se\/api\/wp\/v2\/posts\/13309\/revisions"}],"predecessor-version":[{"id":13315,"href":"https:\/\/www.kompetensforetagen.se\/api\/wp\/v2\/posts\/13309\/revisions\/13315"}],"wp:featuredmedia":[{"embeddable":true,"href":"https:\/\/www.kompetensforetagen.se\/api\/wp\/v2\/media\/13314"}],"wp:attachment":[{"href":"https:\/\/www.kompetensforetagen.se\/api\/wp\/v2\/media?parent=13309"}],"wp:term":[{"taxonomy":"category","embeddable":true,"href":"https:\/\/www.kompetensforetagen.se\/api\/wp\/v2\/categories?post=13309"},{"taxonomy":"post_tag","embeddable":true,"href":"https:\/\/www.kompetensforetagen.se\/api\/wp\/v2\/tags?post=13309"},{"taxonomy":"type","embeddable":true,"href":"https:\/\/www.kompetensforetagen.se\/api\/wp\/v2\/article_type?post=13309"},{"taxonomy":"agreement","embeddable":true,"href":"https:\/\/www.kompetensforetagen.se\/api\/wp\/v2\/agreement?post=13309"},{"taxonomy":"for-members","embeddable":true,"href":"https:\/\/www.kompetensforetagen.se\/api\/wp\/v2\/for-members?post=13309"}],"curies":[{"name":"wp","href":"https:\/\/api.w.org\/{rel}","templated":true}]}}