{"id":12448,"date":"2023-04-05T12:53:26","date_gmt":"2023-04-05T10:53:26","guid":{"rendered":"https:\/\/dev.kompetensforetagen.se\/?p=12448"},"modified":"2023-04-20T10:36:49","modified_gmt":"2023-04-20T08:36:49","slug":"jubileumsspecial-da-infordes-auktorisation-for-rekryteringsforetag","status":"publish","type":"post","link":"https:\/\/www.kompetensforetagen.se\/2023\/04\/jubileumsspecial-da-infordes-auktorisation-for-rekryteringsforetag\/","title":{"rendered":"Jubileumsspecial \u2013 d\u00e5 inf\u00f6rdes auktorisation f\u00f6r rekryterings\u00adf\u00f6retag"},"content":{"rendered":"\n<p><a href=\"https:\/\/www.kompetensforetagen.se\/kompetensforetagen-firar-20arsjubileum\/\" target=\"_blank\" rel=\"noreferrer noopener\">I \u00e5r firar vi tv\u00e5 jubileer<\/a> \u2013 dels att det \u00e4r 30 \u00e5r sedan branschen f\u00f6ddes genom avregleringen av arbetsf\u00f6rmedling, dels att det \u00e4r 20 \u00e5r sedan f\u00f6rbundet bildades. Och d\u00e5 ska vi s\u00e5klart lyfta n\u00e5gra av de milstolpar som passerats p\u00e5 v\u00e4gen. En av dem \u00e4r att i april 2016 inf\u00f6rdes <a href=\"https:\/\/www.kompetensforetagen.se\/auktorisation-for-rekryteringsforetag\/\" target=\"_blank\" rel=\"noreferrer noopener\">auktorisation f\u00f6r rekryteringsf\u00f6retag<\/a>. Auktorisation f\u00f6r bemannings- och omst\u00e4llningsf\u00f6retag fanns redan sen innan.<\/p>\n\n\n\n<p>Anv\u00e4ndandet av extern hj\u00e4lp f\u00f6r kompetensf\u00f6rs\u00f6rjningen \u00f6kar. M\u00e5nga verksamheter har egna, v\u00e4lfungerande HR-avdelningar, men som inte n\u00f6dv\u00e4ndigtvis har rekrytering som spetskompetens. Att kunna attrahera, hitta, bed\u00f6ma och bem\u00f6ta kandidater har aldrig varit viktigare f\u00f6r f\u00f6retagens konkurrenskraft och f\u00f6r en v\u00e4lfungerande offentlig sektor. N\u00e4r konkurrensen om kompetensen h\u00e5rdnar finns det v\u00e4ldigt litet utrymme f\u00f6r felrekryteringar. D\u00e5 \u00e4r det extra viktigt att det finns tydliga rekryteringsprocesser, kvalitetss\u00e4krad kandidathantering och kvalitetsuppf\u00f6ljning. Den tryggheten f\u00e5r man med ett auktoriserat rekryteringsf\u00f6retag.<\/p>\n\n\n\n<h3 class=\"wp-block-heading\">D\u00e5 inf\u00f6rdes auktorisation f\u00f6r rekryteringsf\u00f6retag<\/h3>\n\n\n\n<p>Auktorisationen \u00e4r Kompetensf\u00f6retagens kvalitetsst\u00e4mpel, med krav p\u00e5 till exempel kollektivavtal, revisor och f\u00f6rs\u00e4kringar. F\u00f6retagen granskas noggrant s\u00e5v\u00e4l vid f\u00f6rsta som alla p\u00e5f\u00f6ljande ans\u00f6kningar om auktorisation. M\u00f6jligheten att auktorisera sitt f\u00f6retag \u00e4r ett av de absolut vanligaste sk\u00e4len till medlemskap i Kompetensf\u00f6retagen, d\u00e5 man vill visa att man arbetar i en seri\u00f6s bransch. I en enk\u00e4t bland de auktoriserade medlemsf\u00f6retagen svarade 97 procent (!) att de skulle ans\u00f6ka om auktorisation igen (2021).<\/p>\n\n\n\n<p>Efter att auktorisation f\u00f6r rekryteringsf\u00f6retag inf\u00f6rts, kunde det f\u00f6rsta f\u00f6retaget godk\u00e4nnas av styrelsen efter rekommendation av n\u00e4mnden i oktober 2016!<\/p>\n\n\n\n<figure class=\"wp-block-image size-full\"><img loading=\"lazy\" decoding=\"async\" width=\"1152\" height=\"648\" src=\"https:\/\/www.kompetensforetagen.se\/app\/uploads\/sites\/5\/2023\/04\/jubileum-9.gif\" alt=\"\" class=\"wp-image-13130\"\/><\/figure>\n","protected":false},"excerpt":{"rendered":"<p>I \u00e5r firar vi tv\u00e5 jubileer \u2013 dels att det \u00e4r 30 \u00e5r sedan branschen f\u00f6ddes genom avregleringen av arbetsf\u00f6rmedling, dels att det \u00e4r 20 \u00e5r sedan f\u00f6rbundet bildades. Och d\u00e5 ska vi s\u00e5klart lyfta &hellip;<\/p>\n","protected":false},"author":6358,"featured_media":872,"comment_status":"closed","ping_status":"closed","sticky":false,"template":"","format":"standard","meta":{"_acf_changed":false,"footnotes":""},"categories":[17],"tags":[],"article_type":[219],"agreement":[],"for-members":[],"class_list":["post-12448","post","type-post","status-publish","format-standard","has-post-thumbnail","hentry","category-auktorisation","type-nyhet"],"acf":[],"yoast_head":"<!-- This site is optimized with the Yoast SEO Premium plugin v26.8 (Yoast SEO v26.8) - https:\/\/yoast.com\/product\/yoast-seo-premium-wordpress\/ -->\n<title>Jubileumsspecial \u2013 d\u00e5 inf\u00f6rdes auktorisation f\u00f6r rekryteringsf\u00f6retag<\/title>\n<meta name=\"description\" content=\"Efter att auktorisation f\u00f6r rekryteringsf\u00f6retag inf\u00f6rdes, kunde det f\u00f6rsta f\u00f6retaget godk\u00e4nnas i oktober 2016!\" \/>\n<meta name=\"robots\" content=\"index, follow, max-snippet:-1, max-image-preview:large, max-video-preview:-1\" \/>\n<link rel=\"canonical\" href=\"https:\/\/www.kompetensforetagen.se\/2023\/04\/jubileumsspecial-da-infordes-auktorisation-for-rekryteringsforetag\/\" \/>\n<meta property=\"og:locale\" content=\"sv_SE\" \/>\n<meta property=\"og:type\" content=\"article\" \/>\n<meta property=\"og:title\" content=\"Jubileumsspecial \u2013 d\u00e5 inf\u00f6rdes auktorisation f\u00f6r rekryterings\u00adf\u00f6retag\" \/>\n<meta property=\"og:description\" content=\"Efter att auktorisation f\u00f6r rekryteringsf\u00f6retag inf\u00f6rdes, kunde det f\u00f6rsta f\u00f6retaget godk\u00e4nnas i oktober 2016!\" \/>\n<meta property=\"og:url\" content=\"https:\/\/www.kompetensforetagen.se\/2023\/04\/jubileumsspecial-da-infordes-auktorisation-for-rekryteringsforetag\/\" \/>\n<meta property=\"og:site_name\" content=\"Kompetensf\u00f6retagen\" \/>\n<meta property=\"article:published_time\" content=\"2023-04-05T10:53:26+00:00\" \/>\n<meta property=\"article:modified_time\" content=\"2023-04-20T08:36:49+00:00\" \/>\n<meta property=\"og:image\" content=\"https:\/\/www.kompetensforetagen.se\/app\/uploads\/sites\/5\/2018\/04\/auktorisation-rekryteringsforetag.jpg\" \/>\n\t<meta property=\"og:image:width\" content=\"588\" \/>\n\t<meta property=\"og:image:height\" content=\"588\" \/>\n\t<meta property=\"og:image:type\" content=\"image\/jpeg\" \/>\n<meta name=\"twitter:card\" content=\"summary_large_image\" \/>\n<meta name=\"twitter:label1\" content=\"Skriven av\" \/>\n\t<meta name=\"twitter:data1\" content=\"\" \/>\n\t<meta name=\"twitter:label2\" content=\"Ber\u00e4knad l\u00e4stid\" \/>\n\t<meta name=\"twitter:data2\" content=\"2 minuter\" \/>\n<!-- \/ Yoast SEO Premium plugin. -->","yoast_head_json":{"title":"Jubileumsspecial \u2013 d\u00e5 inf\u00f6rdes auktorisation f\u00f6r rekryteringsf\u00f6retag","description":"Efter att auktorisation f\u00f6r rekryteringsf\u00f6retag inf\u00f6rdes, kunde det f\u00f6rsta f\u00f6retaget godk\u00e4nnas i oktober 2016!","robots":{"index":"index","follow":"follow","max-snippet":"max-snippet:-1","max-image-preview":"max-image-preview:large","max-video-preview":"max-video-preview:-1"},"canonical":"https:\/\/www.kompetensforetagen.se\/2023\/04\/jubileumsspecial-da-infordes-auktorisation-for-rekryteringsforetag\/","og_locale":"sv_SE","og_type":"article","og_title":"Jubileumsspecial \u2013 d\u00e5 inf\u00f6rdes auktorisation f\u00f6r rekryterings\u00adf\u00f6retag","og_description":"Efter att auktorisation f\u00f6r rekryteringsf\u00f6retag inf\u00f6rdes, kunde det f\u00f6rsta f\u00f6retaget godk\u00e4nnas i oktober 2016!","og_url":"https:\/\/www.kompetensforetagen.se\/2023\/04\/jubileumsspecial-da-infordes-auktorisation-for-rekryteringsforetag\/","og_site_name":"Kompetensf\u00f6retagen","article_published_time":"2023-04-05T10:53:26+00:00","article_modified_time":"2023-04-20T08:36:49+00:00","og_image":[{"width":588,"height":588,"url":"https:\/\/www.kompetensforetagen.se\/app\/uploads\/sites\/5\/2018\/04\/auktorisation-rekryteringsforetag.jpg","type":"image\/jpeg"}],"twitter_card":"summary_large_image","twitter_misc":{"Skriven av":"","Ber\u00e4knad l\u00e4stid":"2 minuter"},"schema":{"@context":"https:\/\/schema.org","@graph":[{"@type":"Article","@id":"https:\/\/www.kompetensforetagen.se\/2023\/04\/jubileumsspecial-da-infordes-auktorisation-for-rekryteringsforetag\/#article","isPartOf":{"@id":"https:\/\/www.kompetensforetagen.se\/2023\/04\/jubileumsspecial-da-infordes-auktorisation-for-rekryteringsforetag\/"},"author":{"name":"","@id":""},"headline":"Jubileumsspecial \u2013 d\u00e5 inf\u00f6rdes auktorisation f\u00f6r rekryterings\u00adf\u00f6retag","datePublished":"2023-04-05T10:53:26+00:00","dateModified":"2023-04-20T08:36:49+00:00","mainEntityOfPage":{"@id":"https:\/\/www.kompetensforetagen.se\/2023\/04\/jubileumsspecial-da-infordes-auktorisation-for-rekryteringsforetag\/"},"wordCount":302,"publisher":{"@id":"https:\/\/www.kompetensforetagen.se\/#organization"},"image":{"@id":"https:\/\/www.kompetensforetagen.se\/2023\/04\/jubileumsspecial-da-infordes-auktorisation-for-rekryteringsforetag\/#primaryimage"},"thumbnailUrl":"https:\/\/www.kompetensforetagen.se\/app\/uploads\/sites\/5\/2018\/04\/auktorisation-rekryteringsforetag.jpg","articleSection":["Auktorisation"],"inLanguage":"sv-SE"},{"@type":"WebPage","@id":"https:\/\/www.kompetensforetagen.se\/2023\/04\/jubileumsspecial-da-infordes-auktorisation-for-rekryteringsforetag\/","url":"https:\/\/www.kompetensforetagen.se\/2023\/04\/jubileumsspecial-da-infordes-auktorisation-for-rekryteringsforetag\/","name":"Jubileumsspecial \u2013 d\u00e5 inf\u00f6rdes auktorisation f\u00f6r rekryteringsf\u00f6retag","isPartOf":{"@id":"https:\/\/www.kompetensforetagen.se\/#website"},"primaryImageOfPage":{"@id":"https:\/\/www.kompetensforetagen.se\/2023\/04\/jubileumsspecial-da-infordes-auktorisation-for-rekryteringsforetag\/#primaryimage"},"image":{"@id":"https:\/\/www.kompetensforetagen.se\/2023\/04\/jubileumsspecial-da-infordes-auktorisation-for-rekryteringsforetag\/#primaryimage"},"thumbnailUrl":"https:\/\/www.kompetensforetagen.se\/app\/uploads\/sites\/5\/2018\/04\/auktorisation-rekryteringsforetag.jpg","datePublished":"2023-04-05T10:53:26+00:00","dateModified":"2023-04-20T08:36:49+00:00","description":"Efter att auktorisation f\u00f6r rekryteringsf\u00f6retag inf\u00f6rdes, kunde det f\u00f6rsta f\u00f6retaget godk\u00e4nnas i oktober 2016!","breadcrumb":{"@id":"https:\/\/www.kompetensforetagen.se\/2023\/04\/jubileumsspecial-da-infordes-auktorisation-for-rekryteringsforetag\/#breadcrumb"},"inLanguage":"sv-SE","potentialAction":[{"@type":"ReadAction","target":["https:\/\/www.kompetensforetagen.se\/2023\/04\/jubileumsspecial-da-infordes-auktorisation-for-rekryteringsforetag\/"]}]},{"@type":"ImageObject","inLanguage":"sv-SE","@id":"https:\/\/www.kompetensforetagen.se\/2023\/04\/jubileumsspecial-da-infordes-auktorisation-for-rekryteringsforetag\/#primaryimage","url":"https:\/\/www.kompetensforetagen.se\/app\/uploads\/sites\/5\/2018\/04\/auktorisation-rekryteringsforetag.jpg","contentUrl":"https:\/\/www.kompetensforetagen.se\/app\/uploads\/sites\/5\/2018\/04\/auktorisation-rekryteringsforetag.jpg","width":588,"height":588,"caption":"Logotyp f\u00f6r Auktoriserat Rekryteringsf\u00f6retag \u2013 en kvalitetsst\u00e4mpel f\u00f6r branschen."},{"@type":"BreadcrumbList","@id":"https:\/\/www.kompetensforetagen.se\/2023\/04\/jubileumsspecial-da-infordes-auktorisation-for-rekryteringsforetag\/#breadcrumb","itemListElement":[{"@type":"ListItem","position":1,"name":"Home","item":"https:\/\/www.kompetensforetagen.se\/"},{"@type":"ListItem","position":2,"name":"Jubileumsspecial \u2013 d\u00e5 inf\u00f6rdes auktorisation f\u00f6r rekryterings\u00adf\u00f6retag"}]},{"@type":"WebSite","@id":"https:\/\/www.kompetensforetagen.se\/#website","url":"https:\/\/www.kompetensforetagen.se\/","name":"Kompetensf\u00f6retagen","description":"R\u00e4tt person p\u00e5 r\u00e4tt plats kan f\u00f6r\u00e4ndra v\u00e4rlden","publisher":{"@id":"https:\/\/www.kompetensforetagen.se\/#organization"},"potentialAction":[{"@type":"SearchAction","target":{"@type":"EntryPoint","urlTemplate":"https:\/\/www.kompetensforetagen.se\/?s={search_term_string}"},"query-input":{"@type":"PropertyValueSpecification","valueRequired":true,"valueName":"search_term_string"}}],"inLanguage":"sv-SE"},{"@type":"Organization","@id":"https:\/\/www.kompetensforetagen.se\/#organization","name":"Kompetensf\u00f6retagen","url":"https:\/\/www.kompetensforetagen.se\/","logo":{"@type":"ImageObject","inLanguage":"sv-SE","@id":"https:\/\/www.kompetensforetagen.se\/#\/schema\/logo\/image\/","url":"https:\/\/www.kompetensforetagen.se\/app\/uploads\/sites\/5\/2022\/10\/logga_svart.png","contentUrl":"https:\/\/www.kompetensforetagen.se\/app\/uploads\/sites\/5\/2022\/10\/logga_svart.png","width":752,"height":64,"caption":"Kompetensf\u00f6retagen"},"image":{"@id":"https:\/\/www.kompetensforetagen.se\/#\/schema\/logo\/image\/"},"sameAs":["https:\/\/www.linkedin.com\/company\/10540032\/"]},{"@type":"Person","@id":"","url":"https:\/\/www.kompetensforetagen.se\/person\/"}]}},"_links":{"self":[{"href":"https:\/\/www.kompetensforetagen.se\/api\/wp\/v2\/posts\/12448","targetHints":{"allow":["GET"]}}],"collection":[{"href":"https:\/\/www.kompetensforetagen.se\/api\/wp\/v2\/posts"}],"about":[{"href":"https:\/\/www.kompetensforetagen.se\/api\/wp\/v2\/types\/post"}],"author":[{"embeddable":true,"href":"https:\/\/www.kompetensforetagen.se\/api\/wp\/v2\/users\/6358"}],"replies":[{"embeddable":true,"href":"https:\/\/www.kompetensforetagen.se\/api\/wp\/v2\/comments?post=12448"}],"version-history":[{"count":2,"href":"https:\/\/www.kompetensforetagen.se\/api\/wp\/v2\/posts\/12448\/revisions"}],"predecessor-version":[{"id":13148,"href":"https:\/\/www.kompetensforetagen.se\/api\/wp\/v2\/posts\/12448\/revisions\/13148"}],"wp:featuredmedia":[{"embeddable":true,"href":"https:\/\/www.kompetensforetagen.se\/api\/wp\/v2\/media\/872"}],"wp:attachment":[{"href":"https:\/\/www.kompetensforetagen.se\/api\/wp\/v2\/media?parent=12448"}],"wp:term":[{"taxonomy":"category","embeddable":true,"href":"https:\/\/www.kompetensforetagen.se\/api\/wp\/v2\/categories?post=12448"},{"taxonomy":"post_tag","embeddable":true,"href":"https:\/\/www.kompetensforetagen.se\/api\/wp\/v2\/tags?post=12448"},{"taxonomy":"type","embeddable":true,"href":"https:\/\/www.kompetensforetagen.se\/api\/wp\/v2\/article_type?post=12448"},{"taxonomy":"agreement","embeddable":true,"href":"https:\/\/www.kompetensforetagen.se\/api\/wp\/v2\/agreement?post=12448"},{"taxonomy":"for-members","embeddable":true,"href":"https:\/\/www.kompetensforetagen.se\/api\/wp\/v2\/for-members?post=12448"}],"curies":[{"name":"wp","href":"https:\/\/api.w.org\/{rel}","templated":true}]}}