{"id":12279,"date":"2023-04-03T10:32:40","date_gmt":"2023-04-03T08:32:40","guid":{"rendered":"https:\/\/dev.kompetensforetagen.se\/?p=12279"},"modified":"2023-04-03T10:32:41","modified_gmt":"2023-04-03T08:32:41","slug":"framtidssakra-arbetsmarknaden-med-kompetensbranschen","status":"publish","type":"post","link":"https:\/\/www.kompetensforetagen.se\/2023\/04\/framtidssakra-arbetsmarknaden-med-kompetensbranschen\/","title":{"rendered":"Framtidss\u00e4kra arbetsmarknaden med kompetens&shy;branschen"},"content":{"rendered":"\n<p>Paradoxalt nog finns fortfarande b\u00e5de h\u00f6g arbetsl\u00f6shet och stor kompetensbrist. De svenska f\u00f6rh\u00e5llandena handlar oftast i h\u00f6g grad om matchning, eller brist p\u00e5 matchning. Efter pandemin, n\u00e4r m\u00e5nga bytt yrken och digitaliseringen p\u00e5skyndades, har problematiken \u00f6kat.&nbsp; Kompetensbranschen har en nyckelroll f\u00f6r att motverka problemen, och framtidss\u00e4kra arbetsmarknaden.<\/p>\n\n\n\n<p>S\u00e5v\u00e4l privata som offentliga arbetsgivare har l\u00e4nge haft sv\u00e5rt att rekrytera <em>r\u00e4tt<\/em> kompetens. Enligt en <a href=\"https:\/\/www.svensktnaringsliv.se\/sakomraden\/utbildning\/vaxande-rekryteringshinder-ett-allt-storre-problem-rekryteringsen_1182984.html\" target=\"_blank\" rel=\"noreferrer noopener\">enk\u00e4t som Svenskt N\u00e4ringsliv gjort<\/a> bland 5 696 f\u00f6retag misslyckades tre av tio rekryteringsf\u00f6rs\u00f6k (2021\/22). D\u00e4r anger f\u00f6retagen ocks\u00e5 att anv\u00e4ndningen av rekryterings- och bemanningsf\u00f6retag ger en h\u00f6g tr\u00e4ffs\u00e4kerhet i matchningen.&nbsp;93 procent av medlemsf\u00f6retagen inom Kompetensf\u00f6retagen svarade att de f\u00f6rs\u00f6kt rekrytera medarbetare under de senaste sex m\u00e5naderna. Den vanligaste konsekvensen \u00e4r minskad f\u00f6rs\u00e4ljning eller att man fick tacka nej till order och uppdrag.<\/p>\n\n\n\n<p><a href=\"https:\/\/via.tt.se\/pressmeddelande\/alarmerande-kompetensbrist-globalt-fortsatt-hog-aven-i-sverige?publisherId=783398&amp;releaseId=3343321\" target=\"_blank\" rel=\"noreferrer noopener\">I en f\u00e4rsk unders\u00f6kning fr\u00e5n ManpowerGroup<\/a> s\u00e4ger mer \u00e4n tre av fyra svenska arbetsgivare, 77 procent, att de har sv\u00e5righeter att hitta personer med r\u00e4tt kompetens. Siffran \u00e4r p\u00e5 samma rekordh\u00f6ga niv\u00e5 som f\u00f6rra \u00e5ret och Sverige ligger nu p\u00e5 genomsnittet bland de 40 unders\u00f6kta l\u00e4nderna.<\/p>\n\n\n\n<blockquote class=\"wp-block-quote is-layout-flow wp-block-quote-is-layout-flow\">\n<p>D\u00e4r anger f\u00f6retagen ocks\u00e5 att anv\u00e4ndningen av rekryterings- och bemanningsf\u00f6retag ger en h\u00f6g tr\u00e4ffs\u00e4kerhet i matchningen<\/p>\n<\/blockquote>\n\n\n\n<p>Den svenska arbetsl\u00f6sheten har huvudsakligen drabbat unga, dem med l\u00e5g utbildning och nyanl\u00e4nda. I dessa grupper har arbetsl\u00f6sheten varit flera g\u00e5nger h\u00f6gre \u00e4n genomsnittet, och coronapandemin har sannolikt f\u00f6rv\u00e4rrat utanf\u00f6rskapet p\u00e5 arbetsmarknaden.<\/p>\n\n\n\n<h3 class=\"wp-block-heading\">Framtidss\u00e4kra arbetsmarknaden med kompetensbranschen<\/h3>\n\n\n\n<p>Arbetsmarknaden m\u00e5ste framtidss\u00e4kras, och i det undvika allt f\u00f6r mycket bak\u00e5tblickande.&nbsp;Det \u00e4r h\u00e4r kompetensbranschens kommer in som en nyckelfaktor, bland annat genom att<\/p>\n\n\n\n<ul class=\"wp-block-list\">\n<li>Branschen har stort kunnande om behoven hos b\u00e5de arbetsgivare och arbetss\u00f6kande<\/li>\n\n\n\n<li>Med kunskap och stora n\u00e4tverk matchar branschen arbetss\u00f6kande till r\u00e4tt jobb<\/li>\n\n\n\n<li>I branschen finns kompetensen att hj\u00e4lpa arbetss\u00f6kande och medarbetare p\u00e5 landets arbetsplatser att beh\u00e5lla sin anst\u00e4llningsbarhet och vara rustade f\u00f6r att m\u00f6ta f\u00f6r\u00e4ndringarna p\u00e5 dagens och framtidens arbetsmarknad<\/li>\n<\/ul>\n\n\n\n<p>Kompetensf\u00f6retag bidrar till ett l\u00e4ngre arbetsliv genom att korta tiden till f\u00f6rsta jobbet, ge en snabb v\u00e4g tillbaka till arbetsmarknaden efter perioder av arbetsl\u00f6shet, och f\u00f6rl\u00e4nger tiden p\u00e5 arbetsmarknaden f\u00f6r de som s\u00e5 \u00f6nskar.<\/p>\n\n\n\n<p>Historiskt har kompetensf\u00f6retag lyckats v\u00e4l med att hj\u00e4lpa m\u00e4nniskor som st\u00e5r l\u00e5ngt ifr\u00e5n arbetsmarknaden till arbete. M\u00e5nga unga f\u00e5r sina f\u00f6rsta jobb som inhyrda konsulter, och andelen utrikesf\u00f6dda inom kompetensf\u00f6retag \u00e4r h\u00f6gre \u00e4n arbetsmarknaden i \u00f6vrigt.<\/p>\n\n\n\n<p>Omstart och omst\u00e4llning beh\u00f6vs ofta f\u00f6r ett l\u00e5ngt arbetsliv. M\u00f6jlighet att byta yrkesinriktning och flytta fram pensioneringen \u00e4r s\u00e4rskilt viktigt f\u00f6r \u00e4ldre och de med slitsamma jobb. Utbudet av arbetskraft \u00f6kar i en l\u00e5gkonjunktur vilket g\u00f6r det sv\u00e5rare f\u00f6r \u00e4ldre p\u00e5 arbetsmarknaden. <\/p>\n\n\n\n<blockquote class=\"wp-block-quote is-layout-flow wp-block-quote-is-layout-flow\">\n<p>Tack vare dessa\u00a0uppdateringar av regelverk och avtal\u00a0har r\u00f6rligheten p\u00e5 arbetsmarknaden \u00f6kat och tr\u00f6sklarna in p\u00e5 den minskat<\/p>\n<\/blockquote>\n\n\n\n<p>Kompetensf\u00f6retag har gett m\u00e5nga chansen att arbeta efter 67-\u00e5rsdagen, och kan ocks\u00e5 bist\u00e5 i att hitta nya arbetss\u00e4tt och roller f\u00f6r \u00e4ldre. Detta \u00e4r mycket \u00f6nskv\u00e4rt d\u00e5 pensionssystemets stabilitet kr\u00e4ver att fler jobbar l\u00e4ngre.<\/p>\n\n\n\n<h3 class=\"wp-block-heading\">Reformer som fr\u00e4mjat arbetsmarknaden<\/h3>\n\n\n\n<p>Kompetens\u00adbranschen spelar en viktig roll p\u00e5 den svenska arbetsmarknaden, och&nbsp;har vuxit fram i takt med&nbsp;dess&nbsp;utveckling.&nbsp;<a href=\"https:\/\/www.kompetensforetagen.se\/2021\/08\/ulla-murman-en-kvinnlig-pionjar-i-kompetensbranschen\/\" target=\"_blank\" rel=\"noreferrer noopener\">F\u00f6rbudet mot privat arbetsf\u00f6rmedling&nbsp;h\u00e4vdes&nbsp;1993<\/a>, och tillsammans med utvecklingen av anpassade kollektivavtal \u00e4r det exempel p\u00e5 reformer som fr\u00e4mjat s\u00e5v\u00e4l arbetsgivare som medarbetare. Tack vare dessa&nbsp;uppdateringar av regelverk och avtal&nbsp;har r\u00f6rligheten p\u00e5 arbetsmarknaden \u00f6kat och tr\u00f6sklarna in p\u00e5 den minskat. Det har blivit enklare f\u00f6r&nbsp;verksamheter att finna r\u00e4tt kompetens eller v\u00e4xla upp och ned i personalstyrkan n\u00e4r det kr\u00e4vs. Och det har skapat fler trygga jobb.&nbsp; Det \u00e4r vi stolta \u00f6ver. <a href=\"https:\/\/www.kompetensforetagen.se\/vara-fragor\/\" target=\"_blank\" rel=\"noreferrer noopener\">Men det finns fortfarande mer som kan g\u00f6ras<\/a>. Till exempel b\u00f6r reformen av Arbetsf\u00f6rmedlingen forts\u00e4tta med att frist\u00e5ende akt\u00f6rer f\u00e5r ett fortsatt och ut\u00f6kat matchningsuppdrag, och etableringsjobben borde omfatta bemanningsf\u00f6retag f\u00f6r att n\u00e5 st\u00f6rsta m\u00f6jliga framg\u00e5ng.<\/p>\n","protected":false},"excerpt":{"rendered":"<p>Paradoxalt nog finns fortfarande b\u00e5de h\u00f6g arbetsl\u00f6shet och stor kompetensbrist. De svenska f\u00f6rh\u00e5llandena handlar oftast i h\u00f6g grad om matchning, eller brist p\u00e5 matchning. Efter pandemin, n\u00e4r m\u00e5nga bytt yrken och digitaliseringen p\u00e5skyndades, har problematiken &hellip;<\/p>\n","protected":false},"author":6358,"featured_media":5616,"comment_status":"closed","ping_status":"closed","sticky":false,"template":"","format":"standard","meta":{"_acf_changed":false,"footnotes":""},"categories":[10],"tags":[],"article_type":[8,211],"agreement":[],"for-members":[],"class_list":["post-12279","post","type-post","status-publish","format-standard","has-post-thumbnail","hentry","category-arbetsmarknad","type-aktuellt","type-blogg"],"acf":[],"yoast_head":"<!-- This site is optimized with the Yoast SEO Premium plugin v26.8 (Yoast SEO v26.8) - https:\/\/yoast.com\/product\/yoast-seo-premium-wordpress\/ -->\n<title>Framtidss\u00e4kra arbetsmarknaden med kompetensbranschen<\/title>\n<meta name=\"description\" content=\"Framtidss\u00e4kra arbetsmarknaden med kompetensbranschen, utan f\u00f6r mycket bak\u00e5tblickande.\" \/>\n<meta name=\"robots\" content=\"index, follow, max-snippet:-1, max-image-preview:large, max-video-preview:-1\" \/>\n<link rel=\"canonical\" href=\"https:\/\/www.kompetensforetagen.se\/2023\/04\/framtidssakra-arbetsmarknaden-med-kompetensbranschen\/\" \/>\n<meta property=\"og:locale\" content=\"sv_SE\" \/>\n<meta property=\"og:type\" content=\"article\" \/>\n<meta property=\"og:title\" content=\"Framtidss\u00e4kra arbetsmarknaden med kompetensbranschen\" \/>\n<meta property=\"og:description\" content=\"Framtidss\u00e4kra arbetsmarknaden med kompetensbranschen, utan f\u00f6r mycket bak\u00e5tblickande.\" \/>\n<meta property=\"og:url\" content=\"https:\/\/www.kompetensforetagen.se\/2023\/04\/framtidssakra-arbetsmarknaden-med-kompetensbranschen\/\" \/>\n<meta property=\"og:site_name\" content=\"Kompetensf\u00f6retagen\" \/>\n<meta property=\"article:published_time\" content=\"2023-04-03T08:32:40+00:00\" \/>\n<meta property=\"article:modified_time\" content=\"2023-04-03T08:32:41+00:00\" \/>\n<meta property=\"og:image\" content=\"https:\/\/www.kompetensforetagen.se\/app\/uploads\/sites\/5\/2020\/12\/dsc0118-scaled.jpg\" \/>\n\t<meta property=\"og:image:width\" content=\"2560\" \/>\n\t<meta property=\"og:image:height\" content=\"1707\" \/>\n\t<meta property=\"og:image:type\" content=\"image\/jpeg\" \/>\n<meta name=\"twitter:card\" content=\"summary_large_image\" \/>\n<meta name=\"twitter:label1\" content=\"Skriven av\" \/>\n\t<meta name=\"twitter:data1\" content=\"\" \/>\n\t<meta name=\"twitter:label2\" content=\"Ber\u00e4knad l\u00e4stid\" \/>\n\t<meta name=\"twitter:data2\" content=\"3 minuter\" \/>\n<!-- \/ Yoast SEO Premium plugin. -->","yoast_head_json":{"title":"Framtidss\u00e4kra arbetsmarknaden med kompetensbranschen","description":"Framtidss\u00e4kra arbetsmarknaden med kompetensbranschen, utan f\u00f6r mycket bak\u00e5tblickande.","robots":{"index":"index","follow":"follow","max-snippet":"max-snippet:-1","max-image-preview":"max-image-preview:large","max-video-preview":"max-video-preview:-1"},"canonical":"https:\/\/www.kompetensforetagen.se\/2023\/04\/framtidssakra-arbetsmarknaden-med-kompetensbranschen\/","og_locale":"sv_SE","og_type":"article","og_title":"Framtidss\u00e4kra arbetsmarknaden med kompetensbranschen","og_description":"Framtidss\u00e4kra arbetsmarknaden med kompetensbranschen, utan f\u00f6r mycket bak\u00e5tblickande.","og_url":"https:\/\/www.kompetensforetagen.se\/2023\/04\/framtidssakra-arbetsmarknaden-med-kompetensbranschen\/","og_site_name":"Kompetensf\u00f6retagen","article_published_time":"2023-04-03T08:32:40+00:00","article_modified_time":"2023-04-03T08:32:41+00:00","og_image":[{"width":2560,"height":1707,"url":"https:\/\/www.kompetensforetagen.se\/app\/uploads\/sites\/5\/2020\/12\/dsc0118-scaled.jpg","type":"image\/jpeg"}],"twitter_card":"summary_large_image","twitter_misc":{"Skriven av":"","Ber\u00e4knad l\u00e4stid":"3 minuter"},"schema":{"@context":"https:\/\/schema.org","@graph":[{"@type":"Article","@id":"https:\/\/www.kompetensforetagen.se\/2023\/04\/framtidssakra-arbetsmarknaden-med-kompetensbranschen\/#article","isPartOf":{"@id":"https:\/\/www.kompetensforetagen.se\/2023\/04\/framtidssakra-arbetsmarknaden-med-kompetensbranschen\/"},"author":{"name":"","@id":""},"headline":"Framtidss\u00e4kra arbetsmarknaden med kompetens&shy;branschen","datePublished":"2023-04-03T08:32:40+00:00","dateModified":"2023-04-03T08:32:41+00:00","mainEntityOfPage":{"@id":"https:\/\/www.kompetensforetagen.se\/2023\/04\/framtidssakra-arbetsmarknaden-med-kompetensbranschen\/"},"wordCount":757,"publisher":{"@id":"https:\/\/www.kompetensforetagen.se\/#organization"},"image":{"@id":"https:\/\/www.kompetensforetagen.se\/2023\/04\/framtidssakra-arbetsmarknaden-med-kompetensbranschen\/#primaryimage"},"thumbnailUrl":"https:\/\/www.kompetensforetagen.se\/app\/uploads\/sites\/5\/2020\/12\/dsc0118-scaled.jpg","articleSection":["Arbetsmarknad"],"inLanguage":"sv-SE"},{"@type":"WebPage","@id":"https:\/\/www.kompetensforetagen.se\/2023\/04\/framtidssakra-arbetsmarknaden-med-kompetensbranschen\/","url":"https:\/\/www.kompetensforetagen.se\/2023\/04\/framtidssakra-arbetsmarknaden-med-kompetensbranschen\/","name":"Framtidss\u00e4kra arbetsmarknaden med kompetensbranschen","isPartOf":{"@id":"https:\/\/www.kompetensforetagen.se\/#website"},"primaryImageOfPage":{"@id":"https:\/\/www.kompetensforetagen.se\/2023\/04\/framtidssakra-arbetsmarknaden-med-kompetensbranschen\/#primaryimage"},"image":{"@id":"https:\/\/www.kompetensforetagen.se\/2023\/04\/framtidssakra-arbetsmarknaden-med-kompetensbranschen\/#primaryimage"},"thumbnailUrl":"https:\/\/www.kompetensforetagen.se\/app\/uploads\/sites\/5\/2020\/12\/dsc0118-scaled.jpg","datePublished":"2023-04-03T08:32:40+00:00","dateModified":"2023-04-03T08:32:41+00:00","description":"Framtidss\u00e4kra arbetsmarknaden med kompetensbranschen, utan f\u00f6r mycket bak\u00e5tblickande.","breadcrumb":{"@id":"https:\/\/www.kompetensforetagen.se\/2023\/04\/framtidssakra-arbetsmarknaden-med-kompetensbranschen\/#breadcrumb"},"inLanguage":"sv-SE","potentialAction":[{"@type":"ReadAction","target":["https:\/\/www.kompetensforetagen.se\/2023\/04\/framtidssakra-arbetsmarknaden-med-kompetensbranschen\/"]}]},{"@type":"ImageObject","inLanguage":"sv-SE","@id":"https:\/\/www.kompetensforetagen.se\/2023\/04\/framtidssakra-arbetsmarknaden-med-kompetensbranschen\/#primaryimage","url":"https:\/\/www.kompetensforetagen.se\/app\/uploads\/sites\/5\/2020\/12\/dsc0118-scaled.jpg","contentUrl":"https:\/\/www.kompetensforetagen.se\/app\/uploads\/sites\/5\/2020\/12\/dsc0118-scaled.jpg","width":2560,"height":1707,"caption":"Debatt\u00f6r Patrik Eidfelt, f\u00f6rbundsdirekt\u00f6r Kompetensf\u00f6retagen"},{"@type":"BreadcrumbList","@id":"https:\/\/www.kompetensforetagen.se\/2023\/04\/framtidssakra-arbetsmarknaden-med-kompetensbranschen\/#breadcrumb","itemListElement":[{"@type":"ListItem","position":1,"name":"Home","item":"https:\/\/www.kompetensforetagen.se\/"},{"@type":"ListItem","position":2,"name":"Framtidss\u00e4kra arbetsmarknaden med kompetens&shy;branschen"}]},{"@type":"WebSite","@id":"https:\/\/www.kompetensforetagen.se\/#website","url":"https:\/\/www.kompetensforetagen.se\/","name":"Kompetensf\u00f6retagen","description":"R\u00e4tt person p\u00e5 r\u00e4tt plats kan f\u00f6r\u00e4ndra v\u00e4rlden","publisher":{"@id":"https:\/\/www.kompetensforetagen.se\/#organization"},"potentialAction":[{"@type":"SearchAction","target":{"@type":"EntryPoint","urlTemplate":"https:\/\/www.kompetensforetagen.se\/?s={search_term_string}"},"query-input":{"@type":"PropertyValueSpecification","valueRequired":true,"valueName":"search_term_string"}}],"inLanguage":"sv-SE"},{"@type":"Organization","@id":"https:\/\/www.kompetensforetagen.se\/#organization","name":"Kompetensf\u00f6retagen","url":"https:\/\/www.kompetensforetagen.se\/","logo":{"@type":"ImageObject","inLanguage":"sv-SE","@id":"https:\/\/www.kompetensforetagen.se\/#\/schema\/logo\/image\/","url":"https:\/\/www.kompetensforetagen.se\/app\/uploads\/sites\/5\/2022\/10\/logga_svart.png","contentUrl":"https:\/\/www.kompetensforetagen.se\/app\/uploads\/sites\/5\/2022\/10\/logga_svart.png","width":752,"height":64,"caption":"Kompetensf\u00f6retagen"},"image":{"@id":"https:\/\/www.kompetensforetagen.se\/#\/schema\/logo\/image\/"},"sameAs":["https:\/\/www.linkedin.com\/company\/10540032\/"]},{"@type":"Person","@id":"","url":"https:\/\/www.kompetensforetagen.se\/person\/"}]}},"_links":{"self":[{"href":"https:\/\/www.kompetensforetagen.se\/api\/wp\/v2\/posts\/12279","targetHints":{"allow":["GET"]}}],"collection":[{"href":"https:\/\/www.kompetensforetagen.se\/api\/wp\/v2\/posts"}],"about":[{"href":"https:\/\/www.kompetensforetagen.se\/api\/wp\/v2\/types\/post"}],"author":[{"embeddable":true,"href":"https:\/\/www.kompetensforetagen.se\/api\/wp\/v2\/users\/6358"}],"replies":[{"embeddable":true,"href":"https:\/\/www.kompetensforetagen.se\/api\/wp\/v2\/comments?post=12279"}],"version-history":[{"count":2,"href":"https:\/\/www.kompetensforetagen.se\/api\/wp\/v2\/posts\/12279\/revisions"}],"predecessor-version":[{"id":12512,"href":"https:\/\/www.kompetensforetagen.se\/api\/wp\/v2\/posts\/12279\/revisions\/12512"}],"wp:featuredmedia":[{"embeddable":true,"href":"https:\/\/www.kompetensforetagen.se\/api\/wp\/v2\/media\/5616"}],"wp:attachment":[{"href":"https:\/\/www.kompetensforetagen.se\/api\/wp\/v2\/media?parent=12279"}],"wp:term":[{"taxonomy":"category","embeddable":true,"href":"https:\/\/www.kompetensforetagen.se\/api\/wp\/v2\/categories?post=12279"},{"taxonomy":"post_tag","embeddable":true,"href":"https:\/\/www.kompetensforetagen.se\/api\/wp\/v2\/tags?post=12279"},{"taxonomy":"type","embeddable":true,"href":"https:\/\/www.kompetensforetagen.se\/api\/wp\/v2\/article_type?post=12279"},{"taxonomy":"agreement","embeddable":true,"href":"https:\/\/www.kompetensforetagen.se\/api\/wp\/v2\/agreement?post=12279"},{"taxonomy":"for-members","embeddable":true,"href":"https:\/\/www.kompetensforetagen.se\/api\/wp\/v2\/for-members?post=12279"}],"curies":[{"name":"wp","href":"https:\/\/api.w.org\/{rel}","templated":true}]}}