{"id":11080,"date":"2023-03-13T11:00:37","date_gmt":"2023-03-13T10:00:37","guid":{"rendered":"https:\/\/www.kompetensforetagen.se\/?p=11080"},"modified":"2023-07-11T11:52:49","modified_gmt":"2023-07-11T09:52:49","slug":"intervju-med-henrik-backstrom","status":"publish","type":"post","link":"https:\/\/www.kompetensforetagen.se\/2023\/03\/intervju-med-henrik-backstrom\/","title":{"rendered":"Intervju med tidigare f\u00f6rbundsdirekt\u00f6r Henrik B\u00e4ckstr\u00f6m"},"content":{"rendered":"\n<p>Hej, Henrik B\u00e4ckstr\u00f6m. I \u00e5r firar Kompetensf\u00f6retagen 20 \u00e5r som f\u00f6rbund och 30 \u00e5r av avreglerad arbetsf\u00f6rmedling. 2007 tilltr\u00e4dde du som f\u00f6rbundsdirekt\u00f6r f\u00f6r d\u00e5varande Bemanningsf\u00f6retagen. Idag \u00e4r du direkt\u00f6r p\u00e5 Nordiska institutionen f\u00f6r vidareutbildning inom arbetsmilj\u00f6omr\u00e5det (<a href=\"https:\/\/niva.org\/departments\/niva\/\" target=\"_blank\" rel=\"noopener\">NIVA<\/a>). Vi \u00e4r lite nyfikna p\u00e5 hur det var f\u00f6r 16 \u00e5r sedan.<\/p>\n\n\n\n<p><strong>Vad visste du om branschen innan du b\u00f6rjade?<\/strong><\/p>\n\n\n\n<p>-Mycket lite, men jag har ju jobbat med arbetsmarknadsfr\u00e5gor l\u00e4nge, s\u00e5 branschen och dess f\u00f6retag hade dykt upp lite h\u00e4r och d\u00e4r.<\/p>\n\n\n\n<p><strong>Vad f\u00f6rv\u00e5nade dig mest?<\/strong><\/p>\n\n\n\n<p>-Att den var s\u00e5 pass omfattande och att de tj\u00e4nster som erbj\u00f6ds st\u00e4ndigt utvecklades; uthyrning \u2013 hyr f\u00f6rst, anst\u00e4ll sen, rekryteringar, omst\u00e4llningar och entreprenader.<\/p>\n\n\n\n<p><strong>Vad var roligast med att jobba i branschen? <\/strong><\/p>\n\n\n\n<p>-Alla medlemsf\u00f6retag och de kreativa m\u00e4nniskorna d\u00e4r samt hur vi p\u00e5 det lilla f\u00f6rbundet \u00e4nd\u00e5 lyckades driva s\u00e5v\u00e4l <a href=\"https:\/\/www.kompetensforetagen.se\/2021\/12\/bemanningsdirektivet-och-uthyrningslagen\/\" target=\"_blank\" rel=\"noopener\">EU- juridiska processer<\/a>, centrala och lokala f\u00f6rhandlingar samt uppr\u00e4tth\u00e5lla en bred kommunikation gentemot media och flertalet intressenter.<\/p>\n\n\n\n<p><strong>Hur s\u00e5g samarbetet med facken ut? <\/strong><\/p>\n\n\n\n<p>-Det karakt\u00e4riserades av goda personliga relationer, \u00e4ven om vi f\u00f6rst\u00e5s var oense om det mesta.<\/p>\n\n\n\n<p><strong>Vilka erfarenheter tog du med dig fr\u00e5n dina nio \u00e5r? <\/strong><\/p>\n\n\n\n<p>-B\u00e5de f\u00f6rhandlingsinsikter och kunskap om kommunikation i ofta ganska h\u00e5rd motvind.<\/p>\n\n\n\n<p><strong>Hur ser du p\u00e5 branschens framtid? <\/strong><\/p>\n\n\n\n<p>-I takt med att alltfler \u00f6nskar jobba flexibelt under \u00e5tminstone delar av sitt arbetsliv har branschen en given plats.<\/p>\n\n\n\n<p><strong>Vad vill du h\u00e4lsa till alla medlemsf\u00f6retag och alla de som jobbar i branschen? <\/strong><\/p>\n\n\n\n<p>-Nog finns det m\u00e5l och mening i v\u00e5r f\u00e4rd \u2013 men det \u00e4r v\u00e4gen, som \u00e4r m\u00f6dan v\u00e4rd.<\/p>\n","protected":false},"excerpt":{"rendered":"<p>Hej, Henrik B\u00e4ckstr\u00f6m. I \u00e5r firar Kompetensf\u00f6retagen 20 \u00e5r som f\u00f6rbund och 30 \u00e5r av avreglerad arbetsf\u00f6rmedling. 2007 tilltr\u00e4dde du som f\u00f6rbundsdirekt\u00f6r f\u00f6r d\u00e5varande Bemanningsf\u00f6retagen. Idag \u00e4r du direkt\u00f6r p\u00e5 Nordiska institutionen f\u00f6r vidareutbildning inom &hellip;<\/p>\n","protected":false},"author":6358,"featured_media":11081,"comment_status":"closed","ping_status":"closed","sticky":false,"template":"","format":"standard","meta":{"_acf_changed":false,"footnotes":""},"categories":[199,1],"tags":[],"article_type":[8],"agreement":[],"for-members":[],"class_list":["post-11080","post","type-post","status-publish","format-standard","has-post-thumbnail","hentry","category-historia","category-okategoriserade","type-aktuellt"],"acf":[],"yoast_head":"<!-- This site is optimized with the Yoast SEO Premium plugin v26.8 (Yoast SEO v26.8) - https:\/\/yoast.com\/product\/yoast-seo-premium-wordpress\/ -->\n<title>Intervju med tidigare f\u00f6rbundsdirekt\u00f6r Henrik B\u00e4ckstr\u00f6m<\/title>\n<meta name=\"description\" content=\"Henrik B\u00e4ckstr\u00f6m tilltr\u00e4dde 2007 som f\u00f6rbundsdirekt\u00f6r f\u00f6r d\u00e5varande Bemanningsf\u00f6retagen. Han visste inte mycket om branschen innan.\" \/>\n<meta name=\"robots\" content=\"index, follow, max-snippet:-1, max-image-preview:large, max-video-preview:-1\" \/>\n<link rel=\"canonical\" href=\"https:\/\/www.kompetensforetagen.se\/2023\/03\/intervju-med-henrik-backstrom\/\" \/>\n<meta property=\"og:locale\" content=\"sv_SE\" \/>\n<meta property=\"og:type\" content=\"article\" \/>\n<meta property=\"og:title\" content=\"Intervju med tidigare f\u00f6rbundsdirekt\u00f6r Henrik B\u00e4ckstr\u00f6m\" \/>\n<meta property=\"og:description\" content=\"Henrik B\u00e4ckstr\u00f6m tilltr\u00e4dde 2007 som f\u00f6rbundsdirekt\u00f6r f\u00f6r d\u00e5varande Bemanningsf\u00f6retagen. Han visste inte mycket om branschen innan.\" \/>\n<meta property=\"og:url\" content=\"https:\/\/www.kompetensforetagen.se\/2023\/03\/intervju-med-henrik-backstrom\/\" \/>\n<meta property=\"og:site_name\" content=\"Kompetensf\u00f6retagen\" \/>\n<meta property=\"article:published_time\" content=\"2023-03-13T10:00:37+00:00\" \/>\n<meta property=\"article:modified_time\" content=\"2023-07-11T09:52:49+00:00\" \/>\n<meta property=\"og:image\" content=\"https:\/\/www.kompetensforetagen.se\/app\/uploads\/sites\/5\/2023\/03\/henrik-backstrom-foto-fredrik-welander2.jpg\" \/>\n\t<meta property=\"og:image:width\" content=\"656\" \/>\n\t<meta property=\"og:image:height\" content=\"680\" \/>\n\t<meta property=\"og:image:type\" content=\"image\/jpeg\" \/>\n<meta name=\"twitter:card\" content=\"summary_large_image\" \/>\n<meta name=\"twitter:label1\" content=\"Skriven av\" \/>\n\t<meta name=\"twitter:data1\" content=\"\" \/>\n\t<meta name=\"twitter:label2\" content=\"Ber\u00e4knad l\u00e4stid\" \/>\n\t<meta name=\"twitter:data2\" content=\"2 minuter\" \/>\n<!-- \/ Yoast SEO Premium plugin. -->","yoast_head_json":{"title":"Intervju med tidigare f\u00f6rbundsdirekt\u00f6r Henrik B\u00e4ckstr\u00f6m","description":"Henrik B\u00e4ckstr\u00f6m tilltr\u00e4dde 2007 som f\u00f6rbundsdirekt\u00f6r f\u00f6r d\u00e5varande Bemanningsf\u00f6retagen. Han visste inte mycket om branschen innan.","robots":{"index":"index","follow":"follow","max-snippet":"max-snippet:-1","max-image-preview":"max-image-preview:large","max-video-preview":"max-video-preview:-1"},"canonical":"https:\/\/www.kompetensforetagen.se\/2023\/03\/intervju-med-henrik-backstrom\/","og_locale":"sv_SE","og_type":"article","og_title":"Intervju med tidigare f\u00f6rbundsdirekt\u00f6r Henrik B\u00e4ckstr\u00f6m","og_description":"Henrik B\u00e4ckstr\u00f6m tilltr\u00e4dde 2007 som f\u00f6rbundsdirekt\u00f6r f\u00f6r d\u00e5varande Bemanningsf\u00f6retagen. Han visste inte mycket om branschen innan.","og_url":"https:\/\/www.kompetensforetagen.se\/2023\/03\/intervju-med-henrik-backstrom\/","og_site_name":"Kompetensf\u00f6retagen","article_published_time":"2023-03-13T10:00:37+00:00","article_modified_time":"2023-07-11T09:52:49+00:00","og_image":[{"width":656,"height":680,"url":"https:\/\/www.kompetensforetagen.se\/app\/uploads\/sites\/5\/2023\/03\/henrik-backstrom-foto-fredrik-welander2.jpg","type":"image\/jpeg"}],"twitter_card":"summary_large_image","twitter_misc":{"Skriven av":"","Ber\u00e4knad l\u00e4stid":"2 minuter"},"schema":{"@context":"https:\/\/schema.org","@graph":[{"@type":"Article","@id":"https:\/\/www.kompetensforetagen.se\/2023\/03\/intervju-med-henrik-backstrom\/#article","isPartOf":{"@id":"https:\/\/www.kompetensforetagen.se\/2023\/03\/intervju-med-henrik-backstrom\/"},"author":{"name":"","@id":""},"headline":"Intervju med tidigare f\u00f6rbundsdirekt\u00f6r Henrik B\u00e4ckstr\u00f6m","datePublished":"2023-03-13T10:00:37+00:00","dateModified":"2023-07-11T09:52:49+00:00","mainEntityOfPage":{"@id":"https:\/\/www.kompetensforetagen.se\/2023\/03\/intervju-med-henrik-backstrom\/"},"wordCount":308,"publisher":{"@id":"https:\/\/www.kompetensforetagen.se\/#organization"},"image":{"@id":"https:\/\/www.kompetensforetagen.se\/2023\/03\/intervju-med-henrik-backstrom\/#primaryimage"},"thumbnailUrl":"https:\/\/www.kompetensforetagen.se\/app\/uploads\/sites\/5\/2023\/03\/henrik-backstrom-foto-fredrik-welander2.jpg","articleSection":["Historia"],"inLanguage":"sv-SE"},{"@type":"WebPage","@id":"https:\/\/www.kompetensforetagen.se\/2023\/03\/intervju-med-henrik-backstrom\/","url":"https:\/\/www.kompetensforetagen.se\/2023\/03\/intervju-med-henrik-backstrom\/","name":"Intervju med tidigare f\u00f6rbundsdirekt\u00f6r Henrik B\u00e4ckstr\u00f6m","isPartOf":{"@id":"https:\/\/www.kompetensforetagen.se\/#website"},"primaryImageOfPage":{"@id":"https:\/\/www.kompetensforetagen.se\/2023\/03\/intervju-med-henrik-backstrom\/#primaryimage"},"image":{"@id":"https:\/\/www.kompetensforetagen.se\/2023\/03\/intervju-med-henrik-backstrom\/#primaryimage"},"thumbnailUrl":"https:\/\/www.kompetensforetagen.se\/app\/uploads\/sites\/5\/2023\/03\/henrik-backstrom-foto-fredrik-welander2.jpg","datePublished":"2023-03-13T10:00:37+00:00","dateModified":"2023-07-11T09:52:49+00:00","description":"Henrik B\u00e4ckstr\u00f6m tilltr\u00e4dde 2007 som f\u00f6rbundsdirekt\u00f6r f\u00f6r d\u00e5varande Bemanningsf\u00f6retagen. Han visste inte mycket om branschen innan.","breadcrumb":{"@id":"https:\/\/www.kompetensforetagen.se\/2023\/03\/intervju-med-henrik-backstrom\/#breadcrumb"},"inLanguage":"sv-SE","potentialAction":[{"@type":"ReadAction","target":["https:\/\/www.kompetensforetagen.se\/2023\/03\/intervju-med-henrik-backstrom\/"]}]},{"@type":"ImageObject","inLanguage":"sv-SE","@id":"https:\/\/www.kompetensforetagen.se\/2023\/03\/intervju-med-henrik-backstrom\/#primaryimage","url":"https:\/\/www.kompetensforetagen.se\/app\/uploads\/sites\/5\/2023\/03\/henrik-backstrom-foto-fredrik-welander2.jpg","contentUrl":"https:\/\/www.kompetensforetagen.se\/app\/uploads\/sites\/5\/2023\/03\/henrik-backstrom-foto-fredrik-welander2.jpg","width":656,"height":680,"caption":"Intervju med tidigare f\u00f6rbundsdirekt\u00f6r Henrik B\u00e4ckstr\u00f6m"},{"@type":"BreadcrumbList","@id":"https:\/\/www.kompetensforetagen.se\/2023\/03\/intervju-med-henrik-backstrom\/#breadcrumb","itemListElement":[{"@type":"ListItem","position":1,"name":"Home","item":"https:\/\/www.kompetensforetagen.se\/"},{"@type":"ListItem","position":2,"name":"Intervju med tidigare f\u00f6rbundsdirekt\u00f6r Henrik B\u00e4ckstr\u00f6m"}]},{"@type":"WebSite","@id":"https:\/\/www.kompetensforetagen.se\/#website","url":"https:\/\/www.kompetensforetagen.se\/","name":"Kompetensf\u00f6retagen","description":"R\u00e4tt person p\u00e5 r\u00e4tt plats kan f\u00f6r\u00e4ndra v\u00e4rlden","publisher":{"@id":"https:\/\/www.kompetensforetagen.se\/#organization"},"potentialAction":[{"@type":"SearchAction","target":{"@type":"EntryPoint","urlTemplate":"https:\/\/www.kompetensforetagen.se\/?s={search_term_string}"},"query-input":{"@type":"PropertyValueSpecification","valueRequired":true,"valueName":"search_term_string"}}],"inLanguage":"sv-SE"},{"@type":"Organization","@id":"https:\/\/www.kompetensforetagen.se\/#organization","name":"Kompetensf\u00f6retagen","url":"https:\/\/www.kompetensforetagen.se\/","logo":{"@type":"ImageObject","inLanguage":"sv-SE","@id":"https:\/\/www.kompetensforetagen.se\/#\/schema\/logo\/image\/","url":"https:\/\/www.kompetensforetagen.se\/app\/uploads\/sites\/5\/2022\/10\/logga_svart.png","contentUrl":"https:\/\/www.kompetensforetagen.se\/app\/uploads\/sites\/5\/2022\/10\/logga_svart.png","width":752,"height":64,"caption":"Kompetensf\u00f6retagen"},"image":{"@id":"https:\/\/www.kompetensforetagen.se\/#\/schema\/logo\/image\/"},"sameAs":["https:\/\/www.linkedin.com\/company\/10540032\/"]},{"@type":"Person","@id":"","url":"https:\/\/www.kompetensforetagen.se\/person\/"}]}},"_links":{"self":[{"href":"https:\/\/www.kompetensforetagen.se\/api\/wp\/v2\/posts\/11080","targetHints":{"allow":["GET"]}}],"collection":[{"href":"https:\/\/www.kompetensforetagen.se\/api\/wp\/v2\/posts"}],"about":[{"href":"https:\/\/www.kompetensforetagen.se\/api\/wp\/v2\/types\/post"}],"author":[{"embeddable":true,"href":"https:\/\/www.kompetensforetagen.se\/api\/wp\/v2\/users\/6358"}],"replies":[{"embeddable":true,"href":"https:\/\/www.kompetensforetagen.se\/api\/wp\/v2\/comments?post=11080"}],"version-history":[{"count":6,"href":"https:\/\/www.kompetensforetagen.se\/api\/wp\/v2\/posts\/11080\/revisions"}],"predecessor-version":[{"id":11950,"href":"https:\/\/www.kompetensforetagen.se\/api\/wp\/v2\/posts\/11080\/revisions\/11950"}],"wp:featuredmedia":[{"embeddable":true,"href":"https:\/\/www.kompetensforetagen.se\/api\/wp\/v2\/media\/11081"}],"wp:attachment":[{"href":"https:\/\/www.kompetensforetagen.se\/api\/wp\/v2\/media?parent=11080"}],"wp:term":[{"taxonomy":"category","embeddable":true,"href":"https:\/\/www.kompetensforetagen.se\/api\/wp\/v2\/categories?post=11080"},{"taxonomy":"post_tag","embeddable":true,"href":"https:\/\/www.kompetensforetagen.se\/api\/wp\/v2\/tags?post=11080"},{"taxonomy":"type","embeddable":true,"href":"https:\/\/www.kompetensforetagen.se\/api\/wp\/v2\/article_type?post=11080"},{"taxonomy":"agreement","embeddable":true,"href":"https:\/\/www.kompetensforetagen.se\/api\/wp\/v2\/agreement?post=11080"},{"taxonomy":"for-members","embeddable":true,"href":"https:\/\/www.kompetensforetagen.se\/api\/wp\/v2\/for-members?post=11080"}],"curies":[{"name":"wp","href":"https:\/\/api.w.org\/{rel}","templated":true}]}}