{"id":11057,"date":"2023-03-08T13:00:31","date_gmt":"2023-03-08T12:00:31","guid":{"rendered":"https:\/\/www.kompetensforetagen.se\/?p=11057"},"modified":"2023-04-20T10:43:50","modified_gmt":"2023-04-20T08:43:50","slug":"bemanningsbranschen-skapades-av-kvinnor-for-kvinnor","status":"publish","type":"post","link":"https:\/\/www.kompetensforetagen.se\/2023\/03\/bemanningsbranschen-skapades-av-kvinnor-for-kvinnor\/","title":{"rendered":"Bemannings&shy;branschen skapades av kvinnor f\u00f6r kvinnor"},"content":{"rendered":"\n<p>Bemanningsbranschen skapades en g\u00e5ng i tiden av kvinnor, f\u00f6r kvinnor. Den har allts\u00e5 en mycket l\u00e4ngre och mer annorlunda historia \u00e4n vad de flesta tror. Svenska pionj\u00e4ren <a href=\"https:\/\/sv.wikipedia.org\/wiki\/Ulla_Murman\" target=\"_blank\" rel=\"noopener\">Ulla Murman<\/a> grundade skrivbyr\u00e5n Stockholms Stenografservice 1953. Hon hade d\u00e5 ingen aning om att det kallades \u201dprivat arbetsf\u00f6rmedling\u201d. Ulla Murman och andra med henne <a href=\"https:\/\/www.kompetensforetagen.se\/2023\/02\/en-40-ar-lang-kamp\/\" target=\"_blank\" rel=\"noopener\">k\u00e4mpade under 40 \u00e5r mot arbetsf\u00f6rmedlingsmonopolet och f\u00f6r att f\u00e5 r\u00e4tt att bedriva sin verksamhet.<\/a><\/p>\n\n\n\n<p>Tv\u00e4rtemot vad m\u00e5nga tror har bemanningsbranschen allts\u00e5 inte vuxit fram ur arbetaryrken. Redan p\u00e5 Murmans tid hyrde man in tj\u00e4nstem\u00e4n till domstolar, ja till och med LO:s r\u00e4ttsskydd s\u00f6kte personal hos Ulla Murman p\u00e5 1970-talet.<\/p>\n\n\n\n<figure class=\"wp-block-image alignright size-large is-resized\"><img loading=\"lazy\" decoding=\"async\" src=\"https:\/\/www.kompetensforetagen.se\/app\/uploads\/sites\/5\/2023\/04\/30ar-1180x1180.png\" alt=\"\" class=\"wp-image-13132\" width=\"295\" height=\"295\" srcset=\"https:\/\/www.kompetensforetagen.se\/app\/uploads\/sites\/5\/2023\/04\/30ar-1180x1180.png 1180w, https:\/\/www.kompetensforetagen.se\/app\/uploads\/sites\/5\/2023\/04\/30ar-580x580.png 580w, https:\/\/www.kompetensforetagen.se\/app\/uploads\/sites\/5\/2023\/04\/30ar-380x380.png 380w, https:\/\/www.kompetensforetagen.se\/app\/uploads\/sites\/5\/2023\/04\/30ar-768x768.png 768w, https:\/\/www.kompetensforetagen.se\/app\/uploads\/sites\/5\/2023\/04\/30ar-600x600.png 600w, https:\/\/www.kompetensforetagen.se\/app\/uploads\/sites\/5\/2023\/04\/30ar-100x100.png 100w, https:\/\/www.kompetensforetagen.se\/app\/uploads\/sites\/5\/2023\/04\/30ar.png 1387w\" sizes=\"auto, (max-width: 295px) 100vw, 295px\" \/><\/figure>\n\n\n\n<p>Branschen avreglerades p\u00e5 den svenska arbetsmarknaden f\u00f6rst 1993. D\u00e5 hade kollektivavtal f\u00f6r tj\u00e4nstem\u00e4n redan funnits sedan 1988. Det var de d\u00e5varande organisationerna <a href=\"https:\/\/www.ne.se\/uppslagsverk\/encyklopedi\/l%C3%A5ng\/hao-handelns-och-tj%C3%A4nstef%C3%B6retagens-arbetsgivarorganisation\" target=\"_blank\" rel=\"noopener\">Handelns och Tj\u00e4nstef\u00f6retagens Arbetsgivarorganisation, HAO<\/a>\u00a0 och <a href=\"https:\/\/sv.wikipedia.org\/wiki\/Tj%C3%A4nstemannaf%C3%B6rbundet_HTF\" target=\"_blank\" rel=\"noopener\">Tj\u00e4nstemannaf\u00f6rbundet HTF<\/a> som tr\u00e4ffade kollektivavtal.<\/p>\n\n\n\n<p>En annan viktig milstolpe i branschens historia \u00e4r den <a href=\"https:\/\/www.kompetensforetagen.se\/auktorisation-for-bemanningsforetag\/\" target=\"_blank\" rel=\"noopener\">auktorisation<\/a> som medlemsorganisationen Bemanningsf\u00f6retagen instiftade 2007. Den inneb\u00e4r bland annat krav p\u00e5 kollektivavtal och hel och ren ekonomi. De auktoriserade f\u00f6retagen granskas noga varje \u00e5r av en partssammansatt n\u00e4mnd.<\/p>\n\n\n\n<p>Om skrivarbyr\u00e5erna i b\u00f6rjan av femtiotalet var en instegsm\u00f6jlighet f\u00f6r kvinnor p\u00e5 arbetsmarknaden fyller arvtagaren bemanningsbranschen idag samma funktion f\u00f6r unga och utrikesf\u00f6dda. M\u00e5nga f\u00e5r sin f\u00f6rsta rad p\u00e5 cv:t som konsulter.<\/p>\n\n\n\n<p><strong>Bemanningsbranschen skapades av kvinnor f\u00f6r kvinnor<\/strong><\/p>\n\n\n\n<p>Men egentligen m\u00e5sta man g\u00e5 \u00e4nnu l\u00e4ngre tillbaka i tiden \u00e4n 1950-talet och Ulla Murman.&nbsp;\u00c5r 1864, efter n\u00e4ringsfrihetens inf\u00f6rande, startade Sophie Adlersparre en renskrivningsbyr\u00e5 i Stockholm d\u00e4r hon anst\u00e4llde utbildade kvinnor som kunde utf\u00f6ra kontors- och \u00f6vers\u00e4ttningsjobb. Det tycker vi \u00e4r v\u00e4rt att lyfta lite extra den 8 mars.<\/p>\n\n\n\n<p>Du som \u00e4r intresserad av mer branschhistoria hittar mer p\u00e5 <a href=\"https:\/\/www.kompetensforetagen.se\/kompetensforetagen-firar-20arsjubileum\/\" target=\"_blank\" rel=\"noopener\">v\u00e5r jubileumssajt!<\/a><\/p>\n\n\n\n<figure class=\"wp-block-image size-large\"><img loading=\"lazy\" decoding=\"async\" width=\"1180\" height=\"787\" src=\"https:\/\/www.kompetensforetagen.se\/app\/uploads\/sites\/5\/2023\/04\/pexels-rodnae-productions-7491159-1180x787.jpg\" alt=\"\" class=\"wp-image-13150\" srcset=\"https:\/\/www.kompetensforetagen.se\/app\/uploads\/sites\/5\/2023\/04\/pexels-rodnae-productions-7491159-1180x787.jpg 1180w, https:\/\/www.kompetensforetagen.se\/app\/uploads\/sites\/5\/2023\/04\/pexels-rodnae-productions-7491159-580x387.jpg 580w, https:\/\/www.kompetensforetagen.se\/app\/uploads\/sites\/5\/2023\/04\/pexels-rodnae-productions-7491159-380x253.jpg 380w, https:\/\/www.kompetensforetagen.se\/app\/uploads\/sites\/5\/2023\/04\/pexels-rodnae-productions-7491159-768x512.jpg 768w, https:\/\/www.kompetensforetagen.se\/app\/uploads\/sites\/5\/2023\/04\/pexels-rodnae-productions-7491159-1536x1024.jpg 1536w, https:\/\/www.kompetensforetagen.se\/app\/uploads\/sites\/5\/2023\/04\/pexels-rodnae-productions-7491159-2048x1365.jpg 2048w, https:\/\/www.kompetensforetagen.se\/app\/uploads\/sites\/5\/2023\/04\/pexels-rodnae-productions-7491159-600x400.jpg 600w\" sizes=\"auto, (max-width: 1180px) 100vw, 1180px\" \/><\/figure>\n","protected":false},"excerpt":{"rendered":"<p>Bemanningsbranschen skapades en g\u00e5ng i tiden av kvinnor, f\u00f6r kvinnor. Den har allts\u00e5 en mycket l\u00e4ngre och mer annorlunda historia \u00e4n vad de flesta tror. Svenska pionj\u00e4ren Ulla Murman grundade skrivbyr\u00e5n Stockholms Stenografservice 1953. Hon &hellip;<\/p>\n","protected":false},"author":6358,"featured_media":4488,"comment_status":"closed","ping_status":"closed","sticky":false,"template":"","format":"standard","meta":{"_acf_changed":false,"footnotes":""},"categories":[199],"tags":[],"article_type":[8],"agreement":[],"for-members":[],"class_list":["post-11057","post","type-post","status-publish","format-standard","has-post-thumbnail","hentry","category-historia","type-aktuellt"],"acf":[],"yoast_head":"<!-- This site is optimized with the Yoast SEO Premium plugin v26.8 (Yoast SEO v26.8) - https:\/\/yoast.com\/product\/yoast-seo-premium-wordpress\/ -->\n<title>Bemanningsbranschen skapades av kvinnor f\u00f6r kvinnor<\/title>\n<meta name=\"description\" content=\"Tv\u00e4rtemot vad m\u00e5nga tror har bemanningsbranschen skapats av kvinnor, f\u00f6r kvinnor. Det vill vi s\u00e5klart lyfta p\u00e5 8 mars!\" \/>\n<meta name=\"robots\" content=\"index, follow, max-snippet:-1, max-image-preview:large, max-video-preview:-1\" \/>\n<link rel=\"canonical\" href=\"https:\/\/www.kompetensforetagen.se\/2023\/03\/bemanningsbranschen-skapades-av-kvinnor-for-kvinnor\/\" \/>\n<meta property=\"og:locale\" content=\"sv_SE\" \/>\n<meta property=\"og:type\" content=\"article\" \/>\n<meta property=\"og:title\" content=\"Bemanningsbranschen skapades av kvinnor f\u00f6r kvinnor\" \/>\n<meta property=\"og:description\" content=\"Tv\u00e4rtemot vad m\u00e5nga tror har bemanningsbranschen skapats av kvinnor, f\u00f6r kvinnor. Det vill vi s\u00e5klart lyfta p\u00e5 8 mars!\" \/>\n<meta property=\"og:url\" content=\"https:\/\/www.kompetensforetagen.se\/2023\/03\/bemanningsbranschen-skapades-av-kvinnor-for-kvinnor\/\" \/>\n<meta property=\"og:site_name\" content=\"Kompetensf\u00f6retagen\" \/>\n<meta property=\"article:published_time\" content=\"2023-03-08T12:00:31+00:00\" \/>\n<meta property=\"article:modified_time\" content=\"2023-04-20T08:43:50+00:00\" \/>\n<meta property=\"og:image\" content=\"https:\/\/www.kompetensforetagen.se\/app\/uploads\/sites\/5\/2020\/01\/ulla-murman.png\" \/>\n\t<meta property=\"og:image:width\" content=\"721\" \/>\n\t<meta property=\"og:image:height\" content=\"937\" \/>\n\t<meta property=\"og:image:type\" content=\"image\/png\" \/>\n<meta name=\"twitter:card\" content=\"summary_large_image\" \/>\n<meta name=\"twitter:label1\" content=\"Skriven av\" \/>\n\t<meta name=\"twitter:data1\" content=\"\" \/>\n\t<meta name=\"twitter:label2\" content=\"Ber\u00e4knad l\u00e4stid\" \/>\n\t<meta name=\"twitter:data2\" content=\"2 minuter\" \/>\n<!-- \/ Yoast SEO Premium plugin. -->","yoast_head_json":{"title":"Bemanningsbranschen skapades av kvinnor f\u00f6r kvinnor","description":"Tv\u00e4rtemot vad m\u00e5nga tror har bemanningsbranschen skapats av kvinnor, f\u00f6r kvinnor. Det vill vi s\u00e5klart lyfta p\u00e5 8 mars!","robots":{"index":"index","follow":"follow","max-snippet":"max-snippet:-1","max-image-preview":"max-image-preview:large","max-video-preview":"max-video-preview:-1"},"canonical":"https:\/\/www.kompetensforetagen.se\/2023\/03\/bemanningsbranschen-skapades-av-kvinnor-for-kvinnor\/","og_locale":"sv_SE","og_type":"article","og_title":"Bemanningsbranschen skapades av kvinnor f\u00f6r kvinnor","og_description":"Tv\u00e4rtemot vad m\u00e5nga tror har bemanningsbranschen skapats av kvinnor, f\u00f6r kvinnor. Det vill vi s\u00e5klart lyfta p\u00e5 8 mars!","og_url":"https:\/\/www.kompetensforetagen.se\/2023\/03\/bemanningsbranschen-skapades-av-kvinnor-for-kvinnor\/","og_site_name":"Kompetensf\u00f6retagen","article_published_time":"2023-03-08T12:00:31+00:00","article_modified_time":"2023-04-20T08:43:50+00:00","og_image":[{"width":721,"height":937,"url":"https:\/\/www.kompetensforetagen.se\/app\/uploads\/sites\/5\/2020\/01\/ulla-murman.png","type":"image\/png"}],"twitter_card":"summary_large_image","twitter_misc":{"Skriven av":"","Ber\u00e4knad l\u00e4stid":"2 minuter"},"schema":{"@context":"https:\/\/schema.org","@graph":[{"@type":"Article","@id":"https:\/\/www.kompetensforetagen.se\/2023\/03\/bemanningsbranschen-skapades-av-kvinnor-for-kvinnor\/#article","isPartOf":{"@id":"https:\/\/www.kompetensforetagen.se\/2023\/03\/bemanningsbranschen-skapades-av-kvinnor-for-kvinnor\/"},"author":{"name":"","@id":""},"headline":"Bemannings&shy;branschen skapades av kvinnor f\u00f6r kvinnor","datePublished":"2023-03-08T12:00:31+00:00","dateModified":"2023-04-20T08:43:50+00:00","mainEntityOfPage":{"@id":"https:\/\/www.kompetensforetagen.se\/2023\/03\/bemanningsbranschen-skapades-av-kvinnor-for-kvinnor\/"},"wordCount":325,"publisher":{"@id":"https:\/\/www.kompetensforetagen.se\/#organization"},"image":{"@id":"https:\/\/www.kompetensforetagen.se\/2023\/03\/bemanningsbranschen-skapades-av-kvinnor-for-kvinnor\/#primaryimage"},"thumbnailUrl":"https:\/\/www.kompetensforetagen.se\/app\/uploads\/sites\/5\/2020\/01\/ulla-murman.png","articleSection":["Historia"],"inLanguage":"sv-SE"},{"@type":"WebPage","@id":"https:\/\/www.kompetensforetagen.se\/2023\/03\/bemanningsbranschen-skapades-av-kvinnor-for-kvinnor\/","url":"https:\/\/www.kompetensforetagen.se\/2023\/03\/bemanningsbranschen-skapades-av-kvinnor-for-kvinnor\/","name":"Bemanningsbranschen skapades av kvinnor f\u00f6r kvinnor","isPartOf":{"@id":"https:\/\/www.kompetensforetagen.se\/#website"},"primaryImageOfPage":{"@id":"https:\/\/www.kompetensforetagen.se\/2023\/03\/bemanningsbranschen-skapades-av-kvinnor-for-kvinnor\/#primaryimage"},"image":{"@id":"https:\/\/www.kompetensforetagen.se\/2023\/03\/bemanningsbranschen-skapades-av-kvinnor-for-kvinnor\/#primaryimage"},"thumbnailUrl":"https:\/\/www.kompetensforetagen.se\/app\/uploads\/sites\/5\/2020\/01\/ulla-murman.png","datePublished":"2023-03-08T12:00:31+00:00","dateModified":"2023-04-20T08:43:50+00:00","description":"Tv\u00e4rtemot vad m\u00e5nga tror har bemanningsbranschen skapats av kvinnor, f\u00f6r kvinnor. Det vill vi s\u00e5klart lyfta p\u00e5 8 mars!","breadcrumb":{"@id":"https:\/\/www.kompetensforetagen.se\/2023\/03\/bemanningsbranschen-skapades-av-kvinnor-for-kvinnor\/#breadcrumb"},"inLanguage":"sv-SE","potentialAction":[{"@type":"ReadAction","target":["https:\/\/www.kompetensforetagen.se\/2023\/03\/bemanningsbranschen-skapades-av-kvinnor-for-kvinnor\/"]}]},{"@type":"ImageObject","inLanguage":"sv-SE","@id":"https:\/\/www.kompetensforetagen.se\/2023\/03\/bemanningsbranschen-skapades-av-kvinnor-for-kvinnor\/#primaryimage","url":"https:\/\/www.kompetensforetagen.se\/app\/uploads\/sites\/5\/2020\/01\/ulla-murman.png","contentUrl":"https:\/\/www.kompetensforetagen.se\/app\/uploads\/sites\/5\/2020\/01\/ulla-murman.png","width":721,"height":937,"caption":"Ulla Murman, bemanningsbranschens pionj\u00e4r och grundare."},{"@type":"BreadcrumbList","@id":"https:\/\/www.kompetensforetagen.se\/2023\/03\/bemanningsbranschen-skapades-av-kvinnor-for-kvinnor\/#breadcrumb","itemListElement":[{"@type":"ListItem","position":1,"name":"Home","item":"https:\/\/www.kompetensforetagen.se\/"},{"@type":"ListItem","position":2,"name":"Bemannings&shy;branschen skapades av kvinnor f\u00f6r kvinnor"}]},{"@type":"WebSite","@id":"https:\/\/www.kompetensforetagen.se\/#website","url":"https:\/\/www.kompetensforetagen.se\/","name":"Kompetensf\u00f6retagen","description":"R\u00e4tt person p\u00e5 r\u00e4tt plats kan f\u00f6r\u00e4ndra v\u00e4rlden","publisher":{"@id":"https:\/\/www.kompetensforetagen.se\/#organization"},"potentialAction":[{"@type":"SearchAction","target":{"@type":"EntryPoint","urlTemplate":"https:\/\/www.kompetensforetagen.se\/?s={search_term_string}"},"query-input":{"@type":"PropertyValueSpecification","valueRequired":true,"valueName":"search_term_string"}}],"inLanguage":"sv-SE"},{"@type":"Organization","@id":"https:\/\/www.kompetensforetagen.se\/#organization","name":"Kompetensf\u00f6retagen","url":"https:\/\/www.kompetensforetagen.se\/","logo":{"@type":"ImageObject","inLanguage":"sv-SE","@id":"https:\/\/www.kompetensforetagen.se\/#\/schema\/logo\/image\/","url":"https:\/\/www.kompetensforetagen.se\/app\/uploads\/sites\/5\/2022\/10\/logga_svart.png","contentUrl":"https:\/\/www.kompetensforetagen.se\/app\/uploads\/sites\/5\/2022\/10\/logga_svart.png","width":752,"height":64,"caption":"Kompetensf\u00f6retagen"},"image":{"@id":"https:\/\/www.kompetensforetagen.se\/#\/schema\/logo\/image\/"},"sameAs":["https:\/\/www.linkedin.com\/company\/10540032\/"]},{"@type":"Person","@id":"","url":"https:\/\/www.kompetensforetagen.se\/person\/"}]}},"_links":{"self":[{"href":"https:\/\/www.kompetensforetagen.se\/api\/wp\/v2\/posts\/11057","targetHints":{"allow":["GET"]}}],"collection":[{"href":"https:\/\/www.kompetensforetagen.se\/api\/wp\/v2\/posts"}],"about":[{"href":"https:\/\/www.kompetensforetagen.se\/api\/wp\/v2\/types\/post"}],"author":[{"embeddable":true,"href":"https:\/\/www.kompetensforetagen.se\/api\/wp\/v2\/users\/6358"}],"replies":[{"embeddable":true,"href":"https:\/\/www.kompetensforetagen.se\/api\/wp\/v2\/comments?post=11057"}],"version-history":[{"count":1,"href":"https:\/\/www.kompetensforetagen.se\/api\/wp\/v2\/posts\/11057\/revisions"}],"predecessor-version":[{"id":13151,"href":"https:\/\/www.kompetensforetagen.se\/api\/wp\/v2\/posts\/11057\/revisions\/13151"}],"wp:featuredmedia":[{"embeddable":true,"href":"https:\/\/www.kompetensforetagen.se\/api\/wp\/v2\/media\/4488"}],"wp:attachment":[{"href":"https:\/\/www.kompetensforetagen.se\/api\/wp\/v2\/media?parent=11057"}],"wp:term":[{"taxonomy":"category","embeddable":true,"href":"https:\/\/www.kompetensforetagen.se\/api\/wp\/v2\/categories?post=11057"},{"taxonomy":"post_tag","embeddable":true,"href":"https:\/\/www.kompetensforetagen.se\/api\/wp\/v2\/tags?post=11057"},{"taxonomy":"type","embeddable":true,"href":"https:\/\/www.kompetensforetagen.se\/api\/wp\/v2\/article_type?post=11057"},{"taxonomy":"agreement","embeddable":true,"href":"https:\/\/www.kompetensforetagen.se\/api\/wp\/v2\/agreement?post=11057"},{"taxonomy":"for-members","embeddable":true,"href":"https:\/\/www.kompetensforetagen.se\/api\/wp\/v2\/for-members?post=11057"}],"curies":[{"name":"wp","href":"https:\/\/api.w.org\/{rel}","templated":true}]}}