{"id":11055,"date":"2023-03-03T09:45:39","date_gmt":"2023-03-03T08:45:39","guid":{"rendered":"https:\/\/www.kompetensforetagen.se\/?p=11055"},"modified":"2023-04-20T10:48:40","modified_gmt":"2023-04-20T08:48:40","slug":"debatt-overanstallningar-blir-dyrare-an-hyrpersonal","status":"publish","type":"post","link":"https:\/\/www.kompetensforetagen.se\/2023\/03\/debatt-overanstallningar-blir-dyrare-an-hyrpersonal\/","title":{"rendered":"Debatt: \u00d6ver&shy;anst\u00e4llningar blir dyrare \u00e4n hyr&shy;personal"},"content":{"rendered":"<p class=\"intro\">Lasarettet i Ystad ska dra \u00e5t sv\u00e5ngremmen. M\u00e5ls\u00e4ttningen \u00e4r att 155 miljoner kronor ska sparas in, exempelvis genom att minska beroendet av hyrpersonal. Kompetensf\u00f6retagen vill i st\u00e4llet uppmana till gott samarbete med branschen \u2013 f\u00f6r patienternas b\u00e4sta.<\/p>\n\n<p>Lasarettet i Ystad ska dra \u00e5t sv\u00e5ngremmen. M\u00e5ls\u00e4ttningen \u00e4r att 155 miljoner kronor ska sparas in, exempelvis genom att minska beroendet av hyrpersonal. Kompetensf\u00f6retagen vill i st\u00e4llet uppmana till gott samarbete med branschen \u2013 f\u00f6r patienternas b\u00e4sta.<\/p>\n\n\n\n<p>I h\u00f6stas hotades Ystads lasarettet av ett vite p\u00e5 grund av f\u00f6r f\u00e5 v\u00e5rdplatser, samtidigt som infl\u00f6det av patienter \u00f6kar under \u00e5ret. Under v\u00e5ren hade medicinavdelningen f\u00e5tt st\u00e4nga p\u00e5 grund av personalbrist.<\/p>\n\n\n\n<p>Att bromsa inhyrning i ett s\u00e5dant l\u00e4ge handlar inte bara om bristande patients\u00e4kerhet, utan \u00e4ven om att l\u00e4gga sten p\u00e5 b\u00f6rda f\u00f6r de direktanst\u00e4llda.<\/p>\n\n\n\n<blockquote class=\"wp-block-quote is-layout-flow wp-block-quote-is-layout-flow\">\n<p>N\u00e4r en dominerande akt\u00f6r p\u00e5 det h\u00e4r s\u00e4ttet best\u00e4mmer f\u00f6ruts\u00e4ttningarna, skapas inte bara obalans mellan utbud och efterfr\u00e5gan, utan \u00e4ven kvalitetsproblem och k\u00f6bildning. <\/p>\n<\/blockquote>\n\n\n\n<p>I modern tid har v\u00e5rdpersonal n\u00e4stan alltid befunnit sig i ett system med enbart en arbetsgivare, det offentliga. N\u00e4r en dominerande akt\u00f6r p\u00e5 det h\u00e4r s\u00e4ttet best\u00e4mmer f\u00f6ruts\u00e4ttningarna, skapas inte bara obalans mellan utbud och efterfr\u00e5gan, utan \u00e4ven kvalitetsproblem och k\u00f6bildning. Precis de symptom som svensk v\u00e5rd karakt\u00e4riseras av.<\/p>\n\n\n\n<p>Med \u00f6kande kompetensbrist har de offentliga arbetsgivarna framg\u00e5ngsrikt beskrivit att v\u00e5rdens problem best\u00e5r i \u201dberoende av bemanning\u201d. Inhyrning ger regioner och kommuner v\u00e5rdpersonal till glesbygden, specialister vid behov och vakanser fyllda vid exempelvis semestrar, vidareutbildning, vab och sjukdom.<\/p>\n\n\n\n<p>F\u00f6r att v\u00e5rden ska bli \u201doberoende\u201d av konsulter kr\u00e4vs det att regionerna har ett m\u00e5tt av \u00f6veranst\u00e4llda. Detta skulle dock inneb\u00e4ra ett oerh\u00f6rt h\u00f6ga kostnader, om dessa personer ens finns att tillg\u00e5. Det finns alltid en kostnad f\u00f6r personal, och inhyrning \u00e4r en kostnadseffektiv strategi f\u00f6r att \u00f6ka v\u00e5rdens kapacitet, effektivitet och kvalitet.<\/p>\n\n\n\n<p>Enligt en unders\u00f6kning bland 1 000 v\u00e5rdkonsulter svarar endast <a href=\"https:\/\/www.kompetensforetagen.se\/2023\/01\/med-bemanningsforetag-stannar-fler-i-varden\/\" target=\"_blank\" rel=\"noreferrer noopener\">tre av tio att de skulle jobba f\u00f6r kommun eller region om inte m\u00f6jligheten att jobba som v\u00e5rdkonsult fanns.<\/a> M\u00e5nga skulle l\u00e4mna v\u00e5rdyrket helt. Knappt en av tio s\u00e4ger att de vill ha direkt anst\u00e4llning hos kund, fast\u00e4n de trivs och k\u00e4nner sig uppskattade p\u00e5 kundens arbetsplatser.<\/p>\n\n\n\n<p>Det offentliga \u00e4r givetvis i sin fulla r\u00e4tt att s\u00e4tta regler f\u00f6r hur de bemannar. Men m\u00e5len f\u00f6r v\u00e5rdens kompetensf\u00f6rs\u00f6rjning m\u00e5ste vara mer praktiska och h\u00f6gre st\u00e4llda \u00e4n en nollvision f\u00f6r inhyrning. F\u00f6r patienternas, och den egna personalens skull.<\/p>\n\n\n\n<p>Eva Domanders, ordf\u00f6rande Kompetensf\u00f6retagen<\/p>\n\n\n\n<p>Patrik Eidfelt, f\u00f6rbundsdirekt\u00f6r Kompetensf\u00f6retagen<\/p>\n\n\n\n<p><a href=\"https:\/\/www.ystadsallehanda.se\/insandare\/kompetensforetagen-overanstallningar-blir-dyrare-an-hyrpersonal-ce256660\/\" target=\"_blank\" rel=\"noreferrer noopener\">Publicerad i Ystads Allehanda 3 mars 2023&nbsp;<\/a><\/p>\n","protected":false},"excerpt":{"rendered":"<p>Lasarettet i Ystad ska dra \u00e5t sv\u00e5ngremmen. M\u00e5ls\u00e4ttningen \u00e4r att 155 miljoner kronor ska sparas in, exempelvis genom att minska beroendet av hyrpersonal. Kompetensf\u00f6retagen vill i st\u00e4llet uppmana till gott samarbete med branschen \u2013 f\u00f6r &hellip;<\/p>\n","protected":false},"author":6358,"featured_media":5322,"comment_status":"closed","ping_status":"closed","sticky":false,"template":"","format":"standard","meta":{"_acf_changed":false,"footnotes":""},"categories":[5],"tags":[],"article_type":[32],"agreement":[],"for-members":[],"class_list":["post-11055","post","type-post","status-publish","format-standard","has-post-thumbnail","hentry","category-vard","type-debattartiklar"],"acf":[],"yoast_head":"<!-- This site is optimized with the Yoast SEO Premium plugin v26.8 (Yoast SEO v26.8) - https:\/\/yoast.com\/product\/yoast-seo-premium-wordpress\/ -->\n<title>Debatt: \u00d6veranst\u00e4llningar blir dyrare \u00e4n hyrpersonal<\/title>\n<meta name=\"description\" content=\"Lasarettet i Ystad ska dra ned p\u00e5 hyrpersonal. Kompetensf\u00f6retagen vill i st\u00e4llet uppmana till gott samarbete med branschen \u2013 f\u00f6r patienternas b\u00e4sta.\" \/>\n<meta name=\"robots\" content=\"index, follow, max-snippet:-1, max-image-preview:large, max-video-preview:-1\" \/>\n<link rel=\"canonical\" href=\"https:\/\/www.kompetensforetagen.se\/2023\/03\/debatt-overanstallningar-blir-dyrare-an-hyrpersonal\/\" \/>\n<meta property=\"og:locale\" content=\"sv_SE\" \/>\n<meta property=\"og:type\" content=\"article\" \/>\n<meta property=\"og:title\" content=\"Debatt: \u00d6veranst\u00e4llningar blir dyrare \u00e4n hyrpersonal\" \/>\n<meta property=\"og:description\" content=\"Lasarettet i Ystad ska dra ned p\u00e5 hyrpersonal. Kompetensf\u00f6retagen vill i st\u00e4llet uppmana till gott samarbete med branschen \u2013 f\u00f6r patienternas b\u00e4sta.\" \/>\n<meta property=\"og:url\" content=\"https:\/\/www.kompetensforetagen.se\/2023\/03\/debatt-overanstallningar-blir-dyrare-an-hyrpersonal\/\" \/>\n<meta property=\"og:site_name\" content=\"Kompetensf\u00f6retagen\" \/>\n<meta property=\"article:published_time\" content=\"2023-03-03T08:45:39+00:00\" \/>\n<meta property=\"article:modified_time\" content=\"2023-04-20T08:48:40+00:00\" \/>\n<meta property=\"og:image\" content=\"https:\/\/www.kompetensforetagen.se\/app\/uploads\/sites\/5\/2020\/09\/evaochpatrik-2.png\" \/>\n\t<meta property=\"og:image:width\" content=\"1073\" \/>\n\t<meta property=\"og:image:height\" content=\"757\" \/>\n\t<meta property=\"og:image:type\" content=\"image\/png\" \/>\n<meta name=\"twitter:card\" content=\"summary_large_image\" \/>\n<meta name=\"twitter:label1\" content=\"Skriven av\" \/>\n\t<meta name=\"twitter:data1\" content=\"\" \/>\n\t<meta name=\"twitter:label2\" content=\"Ber\u00e4knad l\u00e4stid\" \/>\n\t<meta name=\"twitter:data2\" content=\"2 minuter\" \/>\n<!-- \/ Yoast SEO Premium plugin. -->","yoast_head_json":{"title":"Debatt: \u00d6veranst\u00e4llningar blir dyrare \u00e4n hyrpersonal","description":"Lasarettet i Ystad ska dra ned p\u00e5 hyrpersonal. Kompetensf\u00f6retagen vill i st\u00e4llet uppmana till gott samarbete med branschen \u2013 f\u00f6r patienternas b\u00e4sta.","robots":{"index":"index","follow":"follow","max-snippet":"max-snippet:-1","max-image-preview":"max-image-preview:large","max-video-preview":"max-video-preview:-1"},"canonical":"https:\/\/www.kompetensforetagen.se\/2023\/03\/debatt-overanstallningar-blir-dyrare-an-hyrpersonal\/","og_locale":"sv_SE","og_type":"article","og_title":"Debatt: \u00d6veranst\u00e4llningar blir dyrare \u00e4n hyrpersonal","og_description":"Lasarettet i Ystad ska dra ned p\u00e5 hyrpersonal. Kompetensf\u00f6retagen vill i st\u00e4llet uppmana till gott samarbete med branschen \u2013 f\u00f6r patienternas b\u00e4sta.","og_url":"https:\/\/www.kompetensforetagen.se\/2023\/03\/debatt-overanstallningar-blir-dyrare-an-hyrpersonal\/","og_site_name":"Kompetensf\u00f6retagen","article_published_time":"2023-03-03T08:45:39+00:00","article_modified_time":"2023-04-20T08:48:40+00:00","og_image":[{"width":1073,"height":757,"url":"https:\/\/www.kompetensforetagen.se\/app\/uploads\/sites\/5\/2020\/09\/evaochpatrik-2.png","type":"image\/png"}],"twitter_card":"summary_large_image","twitter_misc":{"Skriven av":"","Ber\u00e4knad l\u00e4stid":"2 minuter"},"schema":{"@context":"https:\/\/schema.org","@graph":[{"@type":"Article","@id":"https:\/\/www.kompetensforetagen.se\/2023\/03\/debatt-overanstallningar-blir-dyrare-an-hyrpersonal\/#article","isPartOf":{"@id":"https:\/\/www.kompetensforetagen.se\/2023\/03\/debatt-overanstallningar-blir-dyrare-an-hyrpersonal\/"},"author":{"name":"","@id":""},"headline":"Debatt: \u00d6ver&shy;anst\u00e4llningar blir dyrare \u00e4n hyr&shy;personal","datePublished":"2023-03-03T08:45:39+00:00","dateModified":"2023-04-20T08:48:40+00:00","mainEntityOfPage":{"@id":"https:\/\/www.kompetensforetagen.se\/2023\/03\/debatt-overanstallningar-blir-dyrare-an-hyrpersonal\/"},"wordCount":456,"publisher":{"@id":"https:\/\/www.kompetensforetagen.se\/#organization"},"image":{"@id":"https:\/\/www.kompetensforetagen.se\/2023\/03\/debatt-overanstallningar-blir-dyrare-an-hyrpersonal\/#primaryimage"},"thumbnailUrl":"https:\/\/www.kompetensforetagen.se\/app\/uploads\/sites\/5\/2020\/09\/evaochpatrik-2.png","articleSection":["V\u00e5rdbemanning"],"inLanguage":"sv-SE"},{"@type":"WebPage","@id":"https:\/\/www.kompetensforetagen.se\/2023\/03\/debatt-overanstallningar-blir-dyrare-an-hyrpersonal\/","url":"https:\/\/www.kompetensforetagen.se\/2023\/03\/debatt-overanstallningar-blir-dyrare-an-hyrpersonal\/","name":"Debatt: \u00d6veranst\u00e4llningar blir dyrare \u00e4n hyrpersonal","isPartOf":{"@id":"https:\/\/www.kompetensforetagen.se\/#website"},"primaryImageOfPage":{"@id":"https:\/\/www.kompetensforetagen.se\/2023\/03\/debatt-overanstallningar-blir-dyrare-an-hyrpersonal\/#primaryimage"},"image":{"@id":"https:\/\/www.kompetensforetagen.se\/2023\/03\/debatt-overanstallningar-blir-dyrare-an-hyrpersonal\/#primaryimage"},"thumbnailUrl":"https:\/\/www.kompetensforetagen.se\/app\/uploads\/sites\/5\/2020\/09\/evaochpatrik-2.png","datePublished":"2023-03-03T08:45:39+00:00","dateModified":"2023-04-20T08:48:40+00:00","description":"Lasarettet i Ystad ska dra ned p\u00e5 hyrpersonal. Kompetensf\u00f6retagen vill i st\u00e4llet uppmana till gott samarbete med branschen \u2013 f\u00f6r patienternas b\u00e4sta.","breadcrumb":{"@id":"https:\/\/www.kompetensforetagen.se\/2023\/03\/debatt-overanstallningar-blir-dyrare-an-hyrpersonal\/#breadcrumb"},"inLanguage":"sv-SE","potentialAction":[{"@type":"ReadAction","target":["https:\/\/www.kompetensforetagen.se\/2023\/03\/debatt-overanstallningar-blir-dyrare-an-hyrpersonal\/"]}]},{"@type":"ImageObject","inLanguage":"sv-SE","@id":"https:\/\/www.kompetensforetagen.se\/2023\/03\/debatt-overanstallningar-blir-dyrare-an-hyrpersonal\/#primaryimage","url":"https:\/\/www.kompetensforetagen.se\/app\/uploads\/sites\/5\/2020\/09\/evaochpatrik-2.png","contentUrl":"https:\/\/www.kompetensforetagen.se\/app\/uploads\/sites\/5\/2020\/09\/evaochpatrik-2.png","width":1073,"height":757,"caption":"Debatt\u00f6rerna Eva Domanders och Patrik Eidfelt"},{"@type":"BreadcrumbList","@id":"https:\/\/www.kompetensforetagen.se\/2023\/03\/debatt-overanstallningar-blir-dyrare-an-hyrpersonal\/#breadcrumb","itemListElement":[{"@type":"ListItem","position":1,"name":"Home","item":"https:\/\/www.kompetensforetagen.se\/"},{"@type":"ListItem","position":2,"name":"Debatt: \u00d6ver&shy;anst\u00e4llningar blir dyrare \u00e4n hyr&shy;personal"}]},{"@type":"WebSite","@id":"https:\/\/www.kompetensforetagen.se\/#website","url":"https:\/\/www.kompetensforetagen.se\/","name":"Kompetensf\u00f6retagen","description":"R\u00e4tt person p\u00e5 r\u00e4tt plats kan f\u00f6r\u00e4ndra v\u00e4rlden","publisher":{"@id":"https:\/\/www.kompetensforetagen.se\/#organization"},"potentialAction":[{"@type":"SearchAction","target":{"@type":"EntryPoint","urlTemplate":"https:\/\/www.kompetensforetagen.se\/?s={search_term_string}"},"query-input":{"@type":"PropertyValueSpecification","valueRequired":true,"valueName":"search_term_string"}}],"inLanguage":"sv-SE"},{"@type":"Organization","@id":"https:\/\/www.kompetensforetagen.se\/#organization","name":"Kompetensf\u00f6retagen","url":"https:\/\/www.kompetensforetagen.se\/","logo":{"@type":"ImageObject","inLanguage":"sv-SE","@id":"https:\/\/www.kompetensforetagen.se\/#\/schema\/logo\/image\/","url":"https:\/\/www.kompetensforetagen.se\/app\/uploads\/sites\/5\/2022\/10\/logga_svart.png","contentUrl":"https:\/\/www.kompetensforetagen.se\/app\/uploads\/sites\/5\/2022\/10\/logga_svart.png","width":752,"height":64,"caption":"Kompetensf\u00f6retagen"},"image":{"@id":"https:\/\/www.kompetensforetagen.se\/#\/schema\/logo\/image\/"},"sameAs":["https:\/\/www.linkedin.com\/company\/10540032\/"]},{"@type":"Person","@id":"","url":"https:\/\/www.kompetensforetagen.se\/person\/"}]}},"_links":{"self":[{"href":"https:\/\/www.kompetensforetagen.se\/api\/wp\/v2\/posts\/11055","targetHints":{"allow":["GET"]}}],"collection":[{"href":"https:\/\/www.kompetensforetagen.se\/api\/wp\/v2\/posts"}],"about":[{"href":"https:\/\/www.kompetensforetagen.se\/api\/wp\/v2\/types\/post"}],"author":[{"embeddable":true,"href":"https:\/\/www.kompetensforetagen.se\/api\/wp\/v2\/users\/6358"}],"replies":[{"embeddable":true,"href":"https:\/\/www.kompetensforetagen.se\/api\/wp\/v2\/comments?post=11055"}],"version-history":[{"count":14,"href":"https:\/\/www.kompetensforetagen.se\/api\/wp\/v2\/posts\/11055\/revisions"}],"predecessor-version":[{"id":13153,"href":"https:\/\/www.kompetensforetagen.se\/api\/wp\/v2\/posts\/11055\/revisions\/13153"}],"wp:featuredmedia":[{"embeddable":true,"href":"https:\/\/www.kompetensforetagen.se\/api\/wp\/v2\/media\/5322"}],"wp:attachment":[{"href":"https:\/\/www.kompetensforetagen.se\/api\/wp\/v2\/media?parent=11055"}],"wp:term":[{"taxonomy":"category","embeddable":true,"href":"https:\/\/www.kompetensforetagen.se\/api\/wp\/v2\/categories?post=11055"},{"taxonomy":"post_tag","embeddable":true,"href":"https:\/\/www.kompetensforetagen.se\/api\/wp\/v2\/tags?post=11055"},{"taxonomy":"type","embeddable":true,"href":"https:\/\/www.kompetensforetagen.se\/api\/wp\/v2\/article_type?post=11055"},{"taxonomy":"agreement","embeddable":true,"href":"https:\/\/www.kompetensforetagen.se\/api\/wp\/v2\/agreement?post=11055"},{"taxonomy":"for-members","embeddable":true,"href":"https:\/\/www.kompetensforetagen.se\/api\/wp\/v2\/for-members?post=11055"}],"curies":[{"name":"wp","href":"https:\/\/api.w.org\/{rel}","templated":true}]}}