{"id":10916,"date":"2023-02-13T09:46:24","date_gmt":"2023-02-13T08:46:24","guid":{"rendered":"https:\/\/www.kompetensforetagen.se\/?p=10916"},"modified":"2025-12-15T11:18:32","modified_gmt":"2025-12-15T10:18:32","slug":"1996-2004","status":"publish","type":"post","link":"https:\/\/www.kompetensforetagen.se\/2023\/02\/1996-2004\/","title":{"rendered":"1996-2004"},"content":{"rendered":"\n<p><strong>1996<\/strong> slog&nbsp; d\u00e5varande&nbsp;<span class=\"mw-page-title-main\"><a href=\"https:\/\/sv.wikipedia.org\/wiki\/Arbetsmarknadsstyrelsen\" target=\"_blank\" rel=\"noopener\">Arbetsmarknadsstyrelsen<\/a>,&nbsp;<\/span>AMS, fast att anst\u00e4llda i bemanningsf\u00f6retag inte kunde f\u00e5 a-kassa p\u00e5 samma villkor som andra p\u00e5 arbetsmarknaden. AMS ans\u00e5g att den som stod till f\u00f6rfogande f\u00f6r bemanningsf\u00f6retag inte kan anses st\u00e5 till arbetsmarknadens f\u00f6rfogande, en klart diskriminerande regel.<\/p>\n\n\n\n<p><strong>1997<\/strong> inr\u00e4ttade d\u00e5varande branschorganisationen SPUR den f\u00f6rsta auktorisationen f\u00f6r bemanningsf\u00f6retag. Samma \u00e5r antog <a href=\"https:\/\/www.ilo.org\/\" target=\"_blank\" rel=\"noreferrer noopener\">International Labour Organization<\/a>, ILO, en konvention som erk\u00e4nner den roll som privat arbetsf\u00f6rmedling och personaluthyrning spelar. Sverige har inte anslutit sig till den konventionen.<\/p>\n\n\n\n<p><strong>2000<\/strong> tr\u00e4ffade Tj\u00e4nstef\u00f6retagen och samtliga LO-f\u00f6rbund <a href=\"https:\/\/www.kompetensforetagen.se\/medlemskap\/kollektivavtal\/\" target=\"_blank\" rel=\"noopener\">kollektivavtal<\/a> f\u00f6r arbetare. D\u00e4rmed fick branschen kollektivavtal som t\u00e4ckte en ny stor marknad.<\/p>\n\n\n\n<p><strong>2003<\/strong> bildades Bemanningsf\u00f6retagen inom Almega. Bemanningsf\u00f6retagen \u00f6vertog SPUR:s roll som branschorganisation och Almega Tj\u00e4nstef\u00f6retagens roll som kollektivavtalsslutande arbetsgivarorganisation.<\/p>\n\n\n\n<p><strong>2004<\/strong> inf\u00f6rde Bemanningsf\u00f6retagen auktorisation f\u00f6r medlemmarna. <a href=\"https:\/\/www.kompetensforetagen.se\/auktorisation\/kompetensforetagens-auktorisationsnamnd\/\" target=\"_blank\" rel=\"noopener\">Auktorisationsn\u00e4mnden<\/a> inr\u00e4ttades med representanter f\u00f6r Bemanningsf\u00f6retagen, LO, HTF (numera Unionen) och Akademikerf\u00f6rbunden samt ledd av en opartisk ordf\u00f6rande.<\/p>\n","protected":false},"excerpt":{"rendered":"<p>1996 slog&nbsp; d\u00e5varande&nbsp;Arbetsmarknadsstyrelsen,&nbsp;AMS, fast att anst\u00e4llda i bemanningsf\u00f6retag inte kunde f\u00e5 a-kassa p\u00e5 samma villkor som andra p\u00e5 arbetsmarknaden. AMS ans\u00e5g att den som stod till f\u00f6rfogande f\u00f6r bemanningsf\u00f6retag inte kan anses st\u00e5 till arbetsmarknadens &hellip;<\/p>\n","protected":false},"author":14989,"featured_media":10887,"comment_status":"closed","ping_status":"closed","sticky":false,"template":"","format":"standard","meta":{"_acf_changed":false,"footnotes":""},"categories":[1],"tags":[],"article_type":[],"agreement":[],"for-members":[],"class_list":["post-10916","post","type-post","status-publish","format-standard","has-post-thumbnail","hentry","category-okategoriserade"],"acf":[],"yoast_head":"<!-- This site is optimized with the Yoast SEO Premium plugin v26.8 (Yoast SEO v26.8) - https:\/\/yoast.com\/product\/yoast-seo-premium-wordpress\/ -->\n<title>1996-2004 - Kompetensf\u00f6retagen<\/title>\n<meta name=\"description\" content=\"Branschens historia 1996\u20132004. Om avregleringen av arbetsf\u00f6rmedlingsmonopolet och bemanningsbranschens genombrott.\" \/>\n<meta name=\"robots\" content=\"index, follow, max-snippet:-1, max-image-preview:large, max-video-preview:-1\" \/>\n<link rel=\"canonical\" href=\"https:\/\/www.kompetensforetagen.se\/2023\/02\/1996-2004\/\" \/>\n<meta property=\"og:locale\" content=\"sv_SE\" \/>\n<meta property=\"og:type\" content=\"article\" \/>\n<meta property=\"og:title\" content=\"1996-2004\" \/>\n<meta property=\"og:description\" content=\"Branschens historia 1996\u20132004. Om avregleringen av arbetsf\u00f6rmedlingsmonopolet och bemanningsbranschens genombrott.\" \/>\n<meta property=\"og:url\" content=\"https:\/\/www.kompetensforetagen.se\/2023\/02\/1996-2004\/\" \/>\n<meta property=\"og:site_name\" content=\"Kompetensf\u00f6retagen\" \/>\n<meta property=\"article:published_time\" content=\"2023-02-13T08:46:24+00:00\" \/>\n<meta property=\"article:modified_time\" content=\"2025-12-15T10:18:32+00:00\" \/>\n<meta property=\"og:image\" content=\"https:\/\/www.kompetensforetagen.se\/app\/uploads\/sites\/5\/2023\/02\/pexels-olia-danilevich-8145343-scaled.jpg\" \/>\n\t<meta property=\"og:image:width\" content=\"1707\" \/>\n\t<meta property=\"og:image:height\" content=\"2560\" \/>\n\t<meta property=\"og:image:type\" content=\"image\/jpeg\" \/>\n<meta name=\"author\" content=\"Kristina Jonsson\" \/>\n<meta name=\"twitter:card\" content=\"summary_large_image\" \/>\n<meta name=\"twitter:label1\" content=\"Skriven av\" \/>\n\t<meta name=\"twitter:data1\" content=\"Kristina Jonsson\" \/>\n\t<meta name=\"twitter:label2\" content=\"Ber\u00e4knad l\u00e4stid\" \/>\n\t<meta name=\"twitter:data2\" content=\"1 minut\" \/>\n<!-- \/ Yoast SEO Premium plugin. -->","yoast_head_json":{"title":"1996-2004 - Kompetensf\u00f6retagen","description":"Branschens historia 1996\u20132004. Om avregleringen av arbetsf\u00f6rmedlingsmonopolet och bemanningsbranschens genombrott.","robots":{"index":"index","follow":"follow","max-snippet":"max-snippet:-1","max-image-preview":"max-image-preview:large","max-video-preview":"max-video-preview:-1"},"canonical":"https:\/\/www.kompetensforetagen.se\/2023\/02\/1996-2004\/","og_locale":"sv_SE","og_type":"article","og_title":"1996-2004","og_description":"Branschens historia 1996\u20132004. Om avregleringen av arbetsf\u00f6rmedlingsmonopolet och bemanningsbranschens genombrott.","og_url":"https:\/\/www.kompetensforetagen.se\/2023\/02\/1996-2004\/","og_site_name":"Kompetensf\u00f6retagen","article_published_time":"2023-02-13T08:46:24+00:00","article_modified_time":"2025-12-15T10:18:32+00:00","og_image":[{"width":1707,"height":2560,"url":"https:\/\/www.kompetensforetagen.se\/app\/uploads\/sites\/5\/2023\/02\/pexels-olia-danilevich-8145343-scaled.jpg","type":"image\/jpeg"}],"author":"Kristina Jonsson","twitter_card":"summary_large_image","twitter_misc":{"Skriven av":"Kristina Jonsson","Ber\u00e4knad l\u00e4stid":"1 minut"},"schema":{"@context":"https:\/\/schema.org","@graph":[{"@type":"Article","@id":"https:\/\/www.kompetensforetagen.se\/2023\/02\/1996-2004\/#article","isPartOf":{"@id":"https:\/\/www.kompetensforetagen.se\/2023\/02\/1996-2004\/"},"author":{"name":"Kristina Jonsson","@id":"https:\/\/www.kompetensforetagen.se\/#\/schema\/person\/f031803829b72f3deceb68bc75c48f0b"},"headline":"1996-2004","datePublished":"2023-02-13T08:46:24+00:00","dateModified":"2025-12-15T10:18:32+00:00","mainEntityOfPage":{"@id":"https:\/\/www.kompetensforetagen.se\/2023\/02\/1996-2004\/"},"wordCount":175,"publisher":{"@id":"https:\/\/www.kompetensforetagen.se\/#organization"},"image":{"@id":"https:\/\/www.kompetensforetagen.se\/2023\/02\/1996-2004\/#primaryimage"},"thumbnailUrl":"https:\/\/www.kompetensforetagen.se\/app\/uploads\/sites\/5\/2023\/02\/pexels-olia-danilevich-8145343-scaled.jpg","inLanguage":"sv-SE"},{"@type":"WebPage","@id":"https:\/\/www.kompetensforetagen.se\/2023\/02\/1996-2004\/","url":"https:\/\/www.kompetensforetagen.se\/2023\/02\/1996-2004\/","name":"1996-2004 - Kompetensf\u00f6retagen","isPartOf":{"@id":"https:\/\/www.kompetensforetagen.se\/#website"},"primaryImageOfPage":{"@id":"https:\/\/www.kompetensforetagen.se\/2023\/02\/1996-2004\/#primaryimage"},"image":{"@id":"https:\/\/www.kompetensforetagen.se\/2023\/02\/1996-2004\/#primaryimage"},"thumbnailUrl":"https:\/\/www.kompetensforetagen.se\/app\/uploads\/sites\/5\/2023\/02\/pexels-olia-danilevich-8145343-scaled.jpg","datePublished":"2023-02-13T08:46:24+00:00","dateModified":"2025-12-15T10:18:32+00:00","description":"Branschens historia 1996\u20132004. Om avregleringen av arbetsf\u00f6rmedlingsmonopolet och bemanningsbranschens genombrott.","breadcrumb":{"@id":"https:\/\/www.kompetensforetagen.se\/2023\/02\/1996-2004\/#breadcrumb"},"inLanguage":"sv-SE","potentialAction":[{"@type":"ReadAction","target":["https:\/\/www.kompetensforetagen.se\/2023\/02\/1996-2004\/"]}]},{"@type":"ImageObject","inLanguage":"sv-SE","@id":"https:\/\/www.kompetensforetagen.se\/2023\/02\/1996-2004\/#primaryimage","url":"https:\/\/www.kompetensforetagen.se\/app\/uploads\/sites\/5\/2023\/02\/pexels-olia-danilevich-8145343-scaled.jpg","contentUrl":"https:\/\/www.kompetensforetagen.se\/app\/uploads\/sites\/5\/2023\/02\/pexels-olia-danilevich-8145343-scaled.jpg","width":1707,"height":2560,"caption":"Tre personer g\u00f6r high five"},{"@type":"BreadcrumbList","@id":"https:\/\/www.kompetensforetagen.se\/2023\/02\/1996-2004\/#breadcrumb","itemListElement":[{"@type":"ListItem","position":1,"name":"Home","item":"https:\/\/www.kompetensforetagen.se\/"},{"@type":"ListItem","position":2,"name":"1996-2004"}]},{"@type":"WebSite","@id":"https:\/\/www.kompetensforetagen.se\/#website","url":"https:\/\/www.kompetensforetagen.se\/","name":"Kompetensf\u00f6retagen","description":"R\u00e4tt person p\u00e5 r\u00e4tt plats kan f\u00f6r\u00e4ndra v\u00e4rlden","publisher":{"@id":"https:\/\/www.kompetensforetagen.se\/#organization"},"potentialAction":[{"@type":"SearchAction","target":{"@type":"EntryPoint","urlTemplate":"https:\/\/www.kompetensforetagen.se\/?s={search_term_string}"},"query-input":{"@type":"PropertyValueSpecification","valueRequired":true,"valueName":"search_term_string"}}],"inLanguage":"sv-SE"},{"@type":"Organization","@id":"https:\/\/www.kompetensforetagen.se\/#organization","name":"Kompetensf\u00f6retagen","url":"https:\/\/www.kompetensforetagen.se\/","logo":{"@type":"ImageObject","inLanguage":"sv-SE","@id":"https:\/\/www.kompetensforetagen.se\/#\/schema\/logo\/image\/","url":"https:\/\/www.kompetensforetagen.se\/app\/uploads\/sites\/5\/2022\/10\/logga_svart.png","contentUrl":"https:\/\/www.kompetensforetagen.se\/app\/uploads\/sites\/5\/2022\/10\/logga_svart.png","width":752,"height":64,"caption":"Kompetensf\u00f6retagen"},"image":{"@id":"https:\/\/www.kompetensforetagen.se\/#\/schema\/logo\/image\/"},"sameAs":["https:\/\/www.linkedin.com\/company\/10540032\/"]},{"@type":"Person","@id":"https:\/\/www.kompetensforetagen.se\/#\/schema\/person\/f031803829b72f3deceb68bc75c48f0b","name":"Kristina Jonsson","image":{"@type":"ImageObject","inLanguage":"sv-SE","@id":"https:\/\/www.kompetensforetagen.se\/#\/schema\/person\/image\/","url":"https:\/\/secure.gravatar.com\/avatar\/8549e880229ce9df0a38e32b3c5a173427d644b6ba9def52456ae7021435afcf?s=96&d=mm&r=g","contentUrl":"https:\/\/secure.gravatar.com\/avatar\/8549e880229ce9df0a38e32b3c5a173427d644b6ba9def52456ae7021435afcf?s=96&d=mm&r=g","caption":"Kristina Jonsson"},"url":"https:\/\/www.kompetensforetagen.se\/person\/41728d39d9c1ea118136003dd8b71e49\/"}]}},"_links":{"self":[{"href":"https:\/\/www.kompetensforetagen.se\/api\/wp\/v2\/posts\/10916","targetHints":{"allow":["GET"]}}],"collection":[{"href":"https:\/\/www.kompetensforetagen.se\/api\/wp\/v2\/posts"}],"about":[{"href":"https:\/\/www.kompetensforetagen.se\/api\/wp\/v2\/types\/post"}],"author":[{"embeddable":true,"href":"https:\/\/www.kompetensforetagen.se\/api\/wp\/v2\/users\/14989"}],"replies":[{"embeddable":true,"href":"https:\/\/www.kompetensforetagen.se\/api\/wp\/v2\/comments?post=10916"}],"version-history":[{"count":2,"href":"https:\/\/www.kompetensforetagen.se\/api\/wp\/v2\/posts\/10916\/revisions"}],"predecessor-version":[{"id":20951,"href":"https:\/\/www.kompetensforetagen.se\/api\/wp\/v2\/posts\/10916\/revisions\/20951"}],"wp:featuredmedia":[{"embeddable":true,"href":"https:\/\/www.kompetensforetagen.se\/api\/wp\/v2\/media\/10887"}],"wp:attachment":[{"href":"https:\/\/www.kompetensforetagen.se\/api\/wp\/v2\/media?parent=10916"}],"wp:term":[{"taxonomy":"category","embeddable":true,"href":"https:\/\/www.kompetensforetagen.se\/api\/wp\/v2\/categories?post=10916"},{"taxonomy":"post_tag","embeddable":true,"href":"https:\/\/www.kompetensforetagen.se\/api\/wp\/v2\/tags?post=10916"},{"taxonomy":"type","embeddable":true,"href":"https:\/\/www.kompetensforetagen.se\/api\/wp\/v2\/article_type?post=10916"},{"taxonomy":"agreement","embeddable":true,"href":"https:\/\/www.kompetensforetagen.se\/api\/wp\/v2\/agreement?post=10916"},{"taxonomy":"for-members","embeddable":true,"href":"https:\/\/www.kompetensforetagen.se\/api\/wp\/v2\/for-members?post=10916"}],"curies":[{"name":"wp","href":"https:\/\/api.w.org\/{rel}","templated":true}]}}