{"id":10911,"date":"2023-02-13T09:41:06","date_gmt":"2023-02-13T08:41:06","guid":{"rendered":"https:\/\/www.kompetensforetagen.se\/?p=10911"},"modified":"2023-07-14T10:37:45","modified_gmt":"2023-07-14T08:37:45","slug":"vagen-till-avreglering","status":"publish","type":"post","link":"https:\/\/www.kompetensforetagen.se\/2023\/02\/vagen-till-avreglering\/","title":{"rendered":"V\u00e4gen till avreglering"},"content":{"rendered":"\n<p><strong>1988<\/strong> tecknade d\u00e5varande f\u00f6rbunden Handelns och Tj\u00e4nstef\u00f6retagens Arbetsgivarorganisation och\u00a0<span class=\"mw-page-title-main\">Tj\u00e4nstemannaf\u00f6rbundet\u00a0<\/span>HTF kollektivavtal f\u00f6r den personal som <a href=\"https:\/\/www.foretagskallan.se\/foretagskallan-nyheter\/lektionsmaterial\/ulla-murman-stockholms-stenografservice-1953\/\">skrivbyr\u00e5erna <\/a>hyrde ut.<\/p>\n\n\n\n<p><strong>1992<\/strong> tr\u00e4dde en lag i kraft som till\u00e4t vissa former av vinstdrivande personaluthyrning.<\/p>\n\n\n\n<p><strong>1993<\/strong> avreglerades <a href=\"https:\/\/www.kompetensforetagen.se\/2023\/02\/arbetsformedlingsmonopolets-tid\/\">arbetsf\u00f6rmedlingsmonopolet<\/a>.<\/p>\n\n\n\n<figure class=\"wp-block-image\"><img loading=\"lazy\" decoding=\"async\" width=\"580\" height=\"387\" src=\"https:\/\/www.almega.se\/app\/uploads\/sites\/5\/2023\/02\/pexels-vlada-karpovich-6115020-580x387.jpg\" alt=\"\" class=\"wp-image-10914\" srcset=\"https:\/\/www.kompetensforetagen.se\/app\/uploads\/sites\/5\/2023\/02\/pexels-vlada-karpovich-6115020-580x387.jpg 580w, https:\/\/www.kompetensforetagen.se\/app\/uploads\/sites\/5\/2023\/02\/pexels-vlada-karpovich-6115020-1180x787.jpg 1180w, https:\/\/www.kompetensforetagen.se\/app\/uploads\/sites\/5\/2023\/02\/pexels-vlada-karpovich-6115020-380x253.jpg 380w, https:\/\/www.kompetensforetagen.se\/app\/uploads\/sites\/5\/2023\/02\/pexels-vlada-karpovich-6115020-768x512.jpg 768w, https:\/\/www.kompetensforetagen.se\/app\/uploads\/sites\/5\/2023\/02\/pexels-vlada-karpovich-6115020-1536x1024.jpg 1536w, https:\/\/www.kompetensforetagen.se\/app\/uploads\/sites\/5\/2023\/02\/pexels-vlada-karpovich-6115020-2048x1365.jpg 2048w\" sizes=\"auto, (max-width: 580px) 100vw, 580px\" \/><\/figure>\n","protected":false},"excerpt":{"rendered":"<p>1988 tecknade d\u00e5varande f\u00f6rbunden Handelns och Tj\u00e4nstef\u00f6retagens Arbetsgivarorganisation och\u00a0Tj\u00e4nstemannaf\u00f6rbundet\u00a0HTF kollektivavtal f\u00f6r den personal som skrivbyr\u00e5erna hyrde ut. 1992 tr\u00e4dde en lag i kraft som till\u00e4t vissa former av vinstdrivande personaluthyrning. 1993 avreglerades arbetsf\u00f6rmedlingsmonopolet.<\/p>\n","protected":false},"author":14989,"featured_media":10886,"comment_status":"closed","ping_status":"closed","sticky":false,"template":"","format":"standard","meta":{"_acf_changed":false,"footnotes":""},"categories":[199],"tags":[],"article_type":[],"agreement":[],"for-members":[],"class_list":["post-10911","post","type-post","status-publish","format-standard","has-post-thumbnail","hentry","category-historia"],"acf":[],"yoast_head":"<!-- This site is optimized with the Yoast SEO Premium plugin v26.8 (Yoast SEO v26.8) - https:\/\/yoast.com\/product\/yoast-seo-premium-wordpress\/ -->\n<title>V\u00e4gen till avreglering av arbetsf\u00f6rmedlingsmonopolet<\/title>\n<meta name=\"description\" content=\"V\u00e4gen till avreglering av arbetsf\u00f6rmedlingsmonopolet startade 1988 med ett kollektivavtal f\u00f6r den personal som skrivbyr\u00e5erna hyrde ut.\" \/>\n<meta name=\"robots\" content=\"index, follow, max-snippet:-1, max-image-preview:large, max-video-preview:-1\" \/>\n<link rel=\"canonical\" href=\"https:\/\/www.kompetensforetagen.se\/2023\/02\/vagen-till-avreglering\/\" \/>\n<meta property=\"og:locale\" content=\"sv_SE\" \/>\n<meta property=\"og:type\" content=\"article\" \/>\n<meta property=\"og:title\" content=\"V\u00e4gen till avreglering\" \/>\n<meta property=\"og:description\" content=\"V\u00e4gen till avreglering av arbetsf\u00f6rmedlingsmonopolet startade 1988 med ett kollektivavtal f\u00f6r den personal som skrivbyr\u00e5erna hyrde ut.\" \/>\n<meta property=\"og:url\" content=\"https:\/\/www.kompetensforetagen.se\/2023\/02\/vagen-till-avreglering\/\" \/>\n<meta property=\"og:site_name\" content=\"Kompetensf\u00f6retagen\" \/>\n<meta property=\"article:published_time\" content=\"2023-02-13T08:41:06+00:00\" \/>\n<meta property=\"article:modified_time\" content=\"2023-07-14T08:37:45+00:00\" \/>\n<meta property=\"og:image\" content=\"https:\/\/www.kompetensforetagen.se\/app\/uploads\/sites\/5\/2023\/02\/pexels-deva-darshan-1173777-scaled-e1676639920663.jpg\" \/>\n\t<meta property=\"og:image:width\" content=\"2560\" \/>\n\t<meta property=\"og:image:height\" content=\"1440\" \/>\n\t<meta property=\"og:image:type\" content=\"image\/jpeg\" \/>\n<meta name=\"author\" content=\"Kristina Jonsson\" \/>\n<meta name=\"twitter:card\" content=\"summary_large_image\" \/>\n<meta name=\"twitter:label1\" content=\"Skriven av\" \/>\n\t<meta name=\"twitter:data1\" content=\"Kristina Jonsson\" \/>\n\t<meta name=\"twitter:label2\" content=\"Ber\u00e4knad l\u00e4stid\" \/>\n\t<meta name=\"twitter:data2\" content=\"1 minut\" \/>\n<!-- \/ Yoast SEO Premium plugin. -->","yoast_head_json":{"title":"V\u00e4gen till avreglering av arbetsf\u00f6rmedlingsmonopolet","description":"V\u00e4gen till avreglering av arbetsf\u00f6rmedlingsmonopolet startade 1988 med ett kollektivavtal f\u00f6r den personal som skrivbyr\u00e5erna hyrde ut.","robots":{"index":"index","follow":"follow","max-snippet":"max-snippet:-1","max-image-preview":"max-image-preview:large","max-video-preview":"max-video-preview:-1"},"canonical":"https:\/\/www.kompetensforetagen.se\/2023\/02\/vagen-till-avreglering\/","og_locale":"sv_SE","og_type":"article","og_title":"V\u00e4gen till avreglering","og_description":"V\u00e4gen till avreglering av arbetsf\u00f6rmedlingsmonopolet startade 1988 med ett kollektivavtal f\u00f6r den personal som skrivbyr\u00e5erna hyrde ut.","og_url":"https:\/\/www.kompetensforetagen.se\/2023\/02\/vagen-till-avreglering\/","og_site_name":"Kompetensf\u00f6retagen","article_published_time":"2023-02-13T08:41:06+00:00","article_modified_time":"2023-07-14T08:37:45+00:00","og_image":[{"width":2560,"height":1440,"url":"https:\/\/www.kompetensforetagen.se\/app\/uploads\/sites\/5\/2023\/02\/pexels-deva-darshan-1173777-scaled-e1676639920663.jpg","type":"image\/jpeg"}],"author":"Kristina Jonsson","twitter_card":"summary_large_image","twitter_misc":{"Skriven av":"Kristina Jonsson","Ber\u00e4knad l\u00e4stid":"1 minut"},"schema":{"@context":"https:\/\/schema.org","@graph":[{"@type":"Article","@id":"https:\/\/www.kompetensforetagen.se\/2023\/02\/vagen-till-avreglering\/#article","isPartOf":{"@id":"https:\/\/www.kompetensforetagen.se\/2023\/02\/vagen-till-avreglering\/"},"author":{"name":"Kristina Jonsson","@id":"https:\/\/www.kompetensforetagen.se\/#\/schema\/person\/f031803829b72f3deceb68bc75c48f0b"},"headline":"V\u00e4gen till avreglering","datePublished":"2023-02-13T08:41:06+00:00","dateModified":"2023-07-14T08:37:45+00:00","mainEntityOfPage":{"@id":"https:\/\/www.kompetensforetagen.se\/2023\/02\/vagen-till-avreglering\/"},"wordCount":47,"publisher":{"@id":"https:\/\/www.kompetensforetagen.se\/#organization"},"image":{"@id":"https:\/\/www.kompetensforetagen.se\/2023\/02\/vagen-till-avreglering\/#primaryimage"},"thumbnailUrl":"https:\/\/www.kompetensforetagen.se\/app\/uploads\/sites\/5\/2023\/02\/pexels-deva-darshan-1173777-scaled-e1676639920663.jpg","articleSection":["Historia"],"inLanguage":"sv-SE"},{"@type":"WebPage","@id":"https:\/\/www.kompetensforetagen.se\/2023\/02\/vagen-till-avreglering\/","url":"https:\/\/www.kompetensforetagen.se\/2023\/02\/vagen-till-avreglering\/","name":"V\u00e4gen till avreglering av arbetsf\u00f6rmedlingsmonopolet","isPartOf":{"@id":"https:\/\/www.kompetensforetagen.se\/#website"},"primaryImageOfPage":{"@id":"https:\/\/www.kompetensforetagen.se\/2023\/02\/vagen-till-avreglering\/#primaryimage"},"image":{"@id":"https:\/\/www.kompetensforetagen.se\/2023\/02\/vagen-till-avreglering\/#primaryimage"},"thumbnailUrl":"https:\/\/www.kompetensforetagen.se\/app\/uploads\/sites\/5\/2023\/02\/pexels-deva-darshan-1173777-scaled-e1676639920663.jpg","datePublished":"2023-02-13T08:41:06+00:00","dateModified":"2023-07-14T08:37:45+00:00","description":"V\u00e4gen till avreglering av arbetsf\u00f6rmedlingsmonopolet startade 1988 med ett kollektivavtal f\u00f6r den personal som skrivbyr\u00e5erna hyrde ut.","breadcrumb":{"@id":"https:\/\/www.kompetensforetagen.se\/2023\/02\/vagen-till-avreglering\/#breadcrumb"},"inLanguage":"sv-SE","potentialAction":[{"@type":"ReadAction","target":["https:\/\/www.kompetensforetagen.se\/2023\/02\/vagen-till-avreglering\/"]}]},{"@type":"ImageObject","inLanguage":"sv-SE","@id":"https:\/\/www.kompetensforetagen.se\/2023\/02\/vagen-till-avreglering\/#primaryimage","url":"https:\/\/www.kompetensforetagen.se\/app\/uploads\/sites\/5\/2023\/02\/pexels-deva-darshan-1173777-scaled-e1676639920663.jpg","contentUrl":"https:\/\/www.kompetensforetagen.se\/app\/uploads\/sites\/5\/2023\/02\/pexels-deva-darshan-1173777-scaled-e1676639920663.jpg","width":2560,"height":1440,"caption":"Helikopterperspektiv slingrande v\u00e4g, Inspirerande milj\u00f6bild som symboliserar utveckling och tillv\u00e4xt."},{"@type":"BreadcrumbList","@id":"https:\/\/www.kompetensforetagen.se\/2023\/02\/vagen-till-avreglering\/#breadcrumb","itemListElement":[{"@type":"ListItem","position":1,"name":"Home","item":"https:\/\/www.kompetensforetagen.se\/"},{"@type":"ListItem","position":2,"name":"V\u00e4gen till avreglering"}]},{"@type":"WebSite","@id":"https:\/\/www.kompetensforetagen.se\/#website","url":"https:\/\/www.kompetensforetagen.se\/","name":"Kompetensf\u00f6retagen","description":"R\u00e4tt person p\u00e5 r\u00e4tt plats kan f\u00f6r\u00e4ndra v\u00e4rlden","publisher":{"@id":"https:\/\/www.kompetensforetagen.se\/#organization"},"potentialAction":[{"@type":"SearchAction","target":{"@type":"EntryPoint","urlTemplate":"https:\/\/www.kompetensforetagen.se\/?s={search_term_string}"},"query-input":{"@type":"PropertyValueSpecification","valueRequired":true,"valueName":"search_term_string"}}],"inLanguage":"sv-SE"},{"@type":"Organization","@id":"https:\/\/www.kompetensforetagen.se\/#organization","name":"Kompetensf\u00f6retagen","url":"https:\/\/www.kompetensforetagen.se\/","logo":{"@type":"ImageObject","inLanguage":"sv-SE","@id":"https:\/\/www.kompetensforetagen.se\/#\/schema\/logo\/image\/","url":"https:\/\/www.kompetensforetagen.se\/app\/uploads\/sites\/5\/2022\/10\/logga_svart.png","contentUrl":"https:\/\/www.kompetensforetagen.se\/app\/uploads\/sites\/5\/2022\/10\/logga_svart.png","width":752,"height":64,"caption":"Kompetensf\u00f6retagen"},"image":{"@id":"https:\/\/www.kompetensforetagen.se\/#\/schema\/logo\/image\/"},"sameAs":["https:\/\/www.linkedin.com\/company\/10540032\/"]},{"@type":"Person","@id":"https:\/\/www.kompetensforetagen.se\/#\/schema\/person\/f031803829b72f3deceb68bc75c48f0b","name":"Kristina Jonsson","image":{"@type":"ImageObject","inLanguage":"sv-SE","@id":"https:\/\/www.kompetensforetagen.se\/#\/schema\/person\/image\/","url":"https:\/\/secure.gravatar.com\/avatar\/8549e880229ce9df0a38e32b3c5a173427d644b6ba9def52456ae7021435afcf?s=96&d=mm&r=g","contentUrl":"https:\/\/secure.gravatar.com\/avatar\/8549e880229ce9df0a38e32b3c5a173427d644b6ba9def52456ae7021435afcf?s=96&d=mm&r=g","caption":"Kristina Jonsson"},"url":"https:\/\/www.kompetensforetagen.se\/person\/41728d39d9c1ea118136003dd8b71e49\/"}]}},"_links":{"self":[{"href":"https:\/\/www.kompetensforetagen.se\/api\/wp\/v2\/posts\/10911","targetHints":{"allow":["GET"]}}],"collection":[{"href":"https:\/\/www.kompetensforetagen.se\/api\/wp\/v2\/posts"}],"about":[{"href":"https:\/\/www.kompetensforetagen.se\/api\/wp\/v2\/types\/post"}],"author":[{"embeddable":true,"href":"https:\/\/www.kompetensforetagen.se\/api\/wp\/v2\/users\/14989"}],"replies":[{"embeddable":true,"href":"https:\/\/www.kompetensforetagen.se\/api\/wp\/v2\/comments?post=10911"}],"version-history":[{"count":3,"href":"https:\/\/www.kompetensforetagen.se\/api\/wp\/v2\/posts\/10911\/revisions"}],"predecessor-version":[{"id":14668,"href":"https:\/\/www.kompetensforetagen.se\/api\/wp\/v2\/posts\/10911\/revisions\/14668"}],"wp:featuredmedia":[{"embeddable":true,"href":"https:\/\/www.kompetensforetagen.se\/api\/wp\/v2\/media\/10886"}],"wp:attachment":[{"href":"https:\/\/www.kompetensforetagen.se\/api\/wp\/v2\/media?parent=10911"}],"wp:term":[{"taxonomy":"category","embeddable":true,"href":"https:\/\/www.kompetensforetagen.se\/api\/wp\/v2\/categories?post=10911"},{"taxonomy":"post_tag","embeddable":true,"href":"https:\/\/www.kompetensforetagen.se\/api\/wp\/v2\/tags?post=10911"},{"taxonomy":"type","embeddable":true,"href":"https:\/\/www.kompetensforetagen.se\/api\/wp\/v2\/article_type?post=10911"},{"taxonomy":"agreement","embeddable":true,"href":"https:\/\/www.kompetensforetagen.se\/api\/wp\/v2\/agreement?post=10911"},{"taxonomy":"for-members","embeddable":true,"href":"https:\/\/www.kompetensforetagen.se\/api\/wp\/v2\/for-members?post=10911"}],"curies":[{"name":"wp","href":"https:\/\/api.w.org\/{rel}","templated":true}]}}