{"id":10906,"date":"2023-02-13T09:36:20","date_gmt":"2023-02-13T08:36:20","guid":{"rendered":"https:\/\/www.kompetensforetagen.se\/?p=10906"},"modified":"2023-10-31T15:07:20","modified_gmt":"2023-10-31T14:07:20","slug":"en-40-ar-lang-kamp","status":"publish","type":"post","link":"https:\/\/www.kompetensforetagen.se\/2023\/02\/en-40-ar-lang-kamp\/","title":{"rendered":"En 40 \u00e5r l\u00e5ng kamp"},"content":{"rendered":"\n<p><strong>1953<\/strong> startade <a href=\"https:\/\/www.kompetensforetagen.se\/2021\/08\/ulla-murman-en-kvinnlig-pionjar-i-kompetensbranschen\/\" target=\"_blank\" rel=\"noopener\">Ulla Murman<\/a> och M\u00e4rta Riper Stockholms stenografservice. De anst\u00e4llda utf\u00f6rde arbete i f\u00f6retagets lokaler. Men en professor med ol\u00e4slig handstil st\u00e4llde till problem, och Ulla Murman f\u00f6reslog att hon ist\u00e4llet skulle skicka en sekreterare till honom. D\u00e4rmed hade f\u00f6ruts\u00e4ttningarna skapats f\u00f6r en juridisk strid som skulle vara i 40 \u00e5r.<\/p>\n\n\n\n<p><strong>1962<\/strong> d\u00f6mdes f\u00f6retr\u00e4dare f\u00f6r tre skrivbyr\u00e5er i H\u00f6gsta domstolen, HD, f\u00f6r olaglig arbetsf\u00f6rmedling, en av dem var Ulla Murman.<\/p>\n\n\n\n<p><strong>1963<\/strong> beg\u00e4rde riksdagen en utredning om skrivbyr\u00e5ernas personaluthyrning.<\/p>\n\n\n\n<p><strong>1966<\/strong> f\u00f6reslog den statliga utredningen att de ambulerande skrivbyr\u00e5erna skulle till\u00e5tas och st\u00e5 under offentlig kontroll. Det skulle bli billigare f\u00f6r b\u00e5de byr\u00e5ernas kunder och samh\u00e4llet, ans\u00e5g de. De flesta remissinstanser tillstyrkte, utom fackf\u00f6rbunden LO, och TCO och <a href=\"https:\/\/sv.wikipedia.org\/wiki\/Arbetsmarknadsstyrelsen\" target=\"_blank\" rel=\"noopener\">Arbetsmarknadsstyrelsens, AMS,<\/a> styrelse. Utredningen ledde inte till n\u00e5got lagf\u00f6rslag.<\/p>\n\n\n\n<p><strong>1971<\/strong> tr\u00e4dde en lag om sk\u00e4rpta straff f\u00f6r olovlig arbetsf\u00f6rmedling i kraft. HD preciserade samma \u00e5r skillnaden mellan uthyrning och entreprenad. Avg\u00f6rande var om f\u00f6retaget st\u00e4llde arbetskraft till f\u00f6rfogande f\u00f6r best\u00e4llaren eller om f\u00f6retaget \u00e5tog sig att \u00e5stadkomma ett visst arbetsresultat med egen arbetskraft.<\/p>\n\n\n\n<p><strong>1979<\/strong> tecknade d\u00e5varande arbetsgivar- och fackf\u00f6rbunden <a href=\"https:\/\/www.ne.se\/uppslagsverk\/encyklopedi\/l%C3%A5ng\/hao-handelns-och-tj%C3%A4nstef%C3%B6retagens-arbetsgivarorganisation\" target=\"_blank\" rel=\"noopener\">HAO<\/a> och <a href=\"https:\/\/sv.wikipedia.org\/wiki\/Tj%C3%A4nstemannaf%C3%B6rbundet_HTF\" target=\"_blank\" rel=\"noopener\">HTF<\/a> branschens allra f\u00f6rsta kollektivavtal, f\u00f6r den skrivbyr\u00e5personal som arbetade i skrivbyr\u00e5ernas egna lokaler. Samma \u00e5r beg\u00e4rde riksdagen en utredning om skrivbyr\u00e5ernas personaluthyrning.<\/p>\n\n\n\n<figure class=\"wp-block-image\"><img loading=\"lazy\" decoding=\"async\" width=\"580\" height=\"326\" src=\"https:\/\/www.almega.se\/app\/uploads\/sites\/5\/2023\/02\/pexels-suzy-hazelwood-1303835-580x326.jpg\" alt=\"En 40 \u00e5r l\u00e5ng kamp\" class=\"wp-image-10907\" srcset=\"https:\/\/www.kompetensforetagen.se\/app\/uploads\/sites\/5\/2023\/02\/pexels-suzy-hazelwood-1303835-580x326.jpg 580w, https:\/\/www.kompetensforetagen.se\/app\/uploads\/sites\/5\/2023\/02\/pexels-suzy-hazelwood-1303835-1180x664.jpg 1180w, https:\/\/www.kompetensforetagen.se\/app\/uploads\/sites\/5\/2023\/02\/pexels-suzy-hazelwood-1303835-380x214.jpg 380w, https:\/\/www.kompetensforetagen.se\/app\/uploads\/sites\/5\/2023\/02\/pexels-suzy-hazelwood-1303835-768x432.jpg 768w, https:\/\/www.kompetensforetagen.se\/app\/uploads\/sites\/5\/2023\/02\/pexels-suzy-hazelwood-1303835-1536x864.jpg 1536w, https:\/\/www.kompetensforetagen.se\/app\/uploads\/sites\/5\/2023\/02\/pexels-suzy-hazelwood-1303835-2048x1152.jpg 2048w\" sizes=\"auto, (max-width: 580px) 100vw, 580px\" \/><\/figure>\n\n\n\n<p><strong>1980<\/strong> kom en statlig utredning d\u00e4r det h\u00e4vdades att tidigare utredningar och domar hade f\u00e4st f\u00f6r stor vikt vid f\u00f6rh\u00e5llandet mellan skrivbyr\u00e5n och kunden. En mer relevant fr\u00e5ga var f\u00f6rh\u00e5llandet mellan skrivbyr\u00e5n och sekreteraren. Om sekreteraren hade en anst\u00e4llning utformad med h\u00e4nsyn till anst\u00e4llningsskyddslagens regler och normala krav i anst\u00e4llningsf\u00f6rh\u00e5llandet, kunde det inte r\u00e4knas som arbetsf\u00f6rmedling. D\u00e4rf\u00f6r var det bara att teckna avtal \u00e4ven f\u00f6r utepersonalen. LO, TCO och AMS kritiserade utredningens arbetss\u00e4tt analys och slutsatser.<\/p>\n\n\n\n<p><strong>1985<\/strong> f\u00f6reslog den statliga Arbetsmarknadsstyrelsekommitt\u00e9ns bet\u00e4nkande Arbetsmarknadsverkets ansvarsomr\u00e5de en utbyggnad av den offentliga arbetsf\u00f6rmedlingens service i uppenbart syfte att konkurrera ut skrivbyr\u00e5ernas personaluthyrning.<\/p>\n","protected":false},"excerpt":{"rendered":"<p>1953 startade Ulla Murman och M\u00e4rta Riper Stockholms stenografservice. De anst\u00e4llda utf\u00f6rde arbete i f\u00f6retagets lokaler. Men en professor med ol\u00e4slig handstil st\u00e4llde till problem, och Ulla Murman f\u00f6reslog att hon ist\u00e4llet skulle skicka en &hellip;<\/p>\n","protected":false},"author":14989,"featured_media":10909,"comment_status":"closed","ping_status":"closed","sticky":false,"template":"","format":"standard","meta":{"_acf_changed":false,"footnotes":""},"categories":[199],"tags":[],"article_type":[],"agreement":[],"for-members":[],"class_list":["post-10906","post","type-post","status-publish","format-standard","has-post-thumbnail","hentry","category-historia"],"acf":[],"yoast_head":"<!-- This site is optimized with the Yoast SEO Premium plugin v26.8 (Yoast SEO v26.8) - https:\/\/yoast.com\/product\/yoast-seo-premium-wordpress\/ -->\n<title>En 40 \u00e5r l\u00e5ng kamp<\/title>\n<meta name=\"description\" content=\"Frontfiguren Ulla Murman k\u00e4mpade i 40 \u00e5r f\u00f6r r\u00e4tten att driva bemanningsf\u00f6retag. Kampen inneh\u00f6ll bland annat \u00e5tta \u00e5tal mot Murman.\" \/>\n<meta name=\"robots\" content=\"index, follow, max-snippet:-1, max-image-preview:large, max-video-preview:-1\" \/>\n<link rel=\"canonical\" href=\"https:\/\/www.kompetensforetagen.se\/2023\/02\/en-40-ar-lang-kamp\/\" \/>\n<meta property=\"og:locale\" content=\"sv_SE\" \/>\n<meta property=\"og:type\" content=\"article\" \/>\n<meta property=\"og:title\" content=\"En 40 \u00e5r l\u00e5ng kamp\" \/>\n<meta property=\"og:description\" content=\"Frontfiguren Ulla Murman k\u00e4mpade i 40 \u00e5r f\u00f6r r\u00e4tten att driva bemanningsf\u00f6retag. Kampen inneh\u00f6ll bland annat \u00e5tta \u00e5tal mot Murman.\" \/>\n<meta property=\"og:url\" content=\"https:\/\/www.kompetensforetagen.se\/2023\/02\/en-40-ar-lang-kamp\/\" \/>\n<meta property=\"og:site_name\" content=\"Kompetensf\u00f6retagen\" \/>\n<meta property=\"article:published_time\" content=\"2023-02-13T08:36:20+00:00\" \/>\n<meta property=\"article:modified_time\" content=\"2023-10-31T14:07:20+00:00\" \/>\n<meta property=\"og:image\" content=\"https:\/\/www.kompetensforetagen.se\/app\/uploads\/sites\/5\/2023\/02\/pexels-min-an-1448709-1-scaled.jpg\" \/>\n\t<meta property=\"og:image:width\" content=\"2560\" \/>\n\t<meta property=\"og:image:height\" content=\"1703\" \/>\n\t<meta property=\"og:image:type\" content=\"image\/jpeg\" \/>\n<meta name=\"author\" content=\"Kristina Jonsson\" \/>\n<meta name=\"twitter:card\" content=\"summary_large_image\" \/>\n<meta name=\"twitter:label1\" content=\"Skriven av\" \/>\n\t<meta name=\"twitter:data1\" content=\"Kristina Jonsson\" \/>\n\t<meta name=\"twitter:label2\" content=\"Ber\u00e4knad l\u00e4stid\" \/>\n\t<meta name=\"twitter:data2\" content=\"2 minuter\" \/>\n<!-- \/ Yoast SEO Premium plugin. -->","yoast_head_json":{"title":"En 40 \u00e5r l\u00e5ng kamp","description":"Frontfiguren Ulla Murman k\u00e4mpade i 40 \u00e5r f\u00f6r r\u00e4tten att driva bemanningsf\u00f6retag. Kampen inneh\u00f6ll bland annat \u00e5tta \u00e5tal mot Murman.","robots":{"index":"index","follow":"follow","max-snippet":"max-snippet:-1","max-image-preview":"max-image-preview:large","max-video-preview":"max-video-preview:-1"},"canonical":"https:\/\/www.kompetensforetagen.se\/2023\/02\/en-40-ar-lang-kamp\/","og_locale":"sv_SE","og_type":"article","og_title":"En 40 \u00e5r l\u00e5ng kamp","og_description":"Frontfiguren Ulla Murman k\u00e4mpade i 40 \u00e5r f\u00f6r r\u00e4tten att driva bemanningsf\u00f6retag. Kampen inneh\u00f6ll bland annat \u00e5tta \u00e5tal mot Murman.","og_url":"https:\/\/www.kompetensforetagen.se\/2023\/02\/en-40-ar-lang-kamp\/","og_site_name":"Kompetensf\u00f6retagen","article_published_time":"2023-02-13T08:36:20+00:00","article_modified_time":"2023-10-31T14:07:20+00:00","og_image":[{"width":2560,"height":1703,"url":"https:\/\/www.kompetensforetagen.se\/app\/uploads\/sites\/5\/2023\/02\/pexels-min-an-1448709-1-scaled.jpg","type":"image\/jpeg"}],"author":"Kristina Jonsson","twitter_card":"summary_large_image","twitter_misc":{"Skriven av":"Kristina Jonsson","Ber\u00e4knad l\u00e4stid":"2 minuter"},"schema":{"@context":"https:\/\/schema.org","@graph":[{"@type":"Article","@id":"https:\/\/www.kompetensforetagen.se\/2023\/02\/en-40-ar-lang-kamp\/#article","isPartOf":{"@id":"https:\/\/www.kompetensforetagen.se\/2023\/02\/en-40-ar-lang-kamp\/"},"author":{"name":"Kristina Jonsson","@id":"https:\/\/www.kompetensforetagen.se\/#\/schema\/person\/f031803829b72f3deceb68bc75c48f0b"},"headline":"En 40 \u00e5r l\u00e5ng kamp","datePublished":"2023-02-13T08:36:20+00:00","dateModified":"2023-10-31T14:07:20+00:00","mainEntityOfPage":{"@id":"https:\/\/www.kompetensforetagen.se\/2023\/02\/en-40-ar-lang-kamp\/"},"wordCount":377,"publisher":{"@id":"https:\/\/www.kompetensforetagen.se\/#organization"},"image":{"@id":"https:\/\/www.kompetensforetagen.se\/2023\/02\/en-40-ar-lang-kamp\/#primaryimage"},"thumbnailUrl":"https:\/\/www.kompetensforetagen.se\/app\/uploads\/sites\/5\/2023\/02\/pexels-min-an-1448709-1-scaled.jpg","articleSection":["Historia"],"inLanguage":"sv-SE"},{"@type":"WebPage","@id":"https:\/\/www.kompetensforetagen.se\/2023\/02\/en-40-ar-lang-kamp\/","url":"https:\/\/www.kompetensforetagen.se\/2023\/02\/en-40-ar-lang-kamp\/","name":"En 40 \u00e5r l\u00e5ng kamp","isPartOf":{"@id":"https:\/\/www.kompetensforetagen.se\/#website"},"primaryImageOfPage":{"@id":"https:\/\/www.kompetensforetagen.se\/2023\/02\/en-40-ar-lang-kamp\/#primaryimage"},"image":{"@id":"https:\/\/www.kompetensforetagen.se\/2023\/02\/en-40-ar-lang-kamp\/#primaryimage"},"thumbnailUrl":"https:\/\/www.kompetensforetagen.se\/app\/uploads\/sites\/5\/2023\/02\/pexels-min-an-1448709-1-scaled.jpg","datePublished":"2023-02-13T08:36:20+00:00","dateModified":"2023-10-31T14:07:20+00:00","description":"Frontfiguren Ulla Murman k\u00e4mpade i 40 \u00e5r f\u00f6r r\u00e4tten att driva bemanningsf\u00f6retag. Kampen inneh\u00f6ll bland annat \u00e5tta \u00e5tal mot Murman.","breadcrumb":{"@id":"https:\/\/www.kompetensforetagen.se\/2023\/02\/en-40-ar-lang-kamp\/#breadcrumb"},"inLanguage":"sv-SE","potentialAction":[{"@type":"ReadAction","target":["https:\/\/www.kompetensforetagen.se\/2023\/02\/en-40-ar-lang-kamp\/"]}]},{"@type":"ImageObject","inLanguage":"sv-SE","@id":"https:\/\/www.kompetensforetagen.se\/2023\/02\/en-40-ar-lang-kamp\/#primaryimage","url":"https:\/\/www.kompetensforetagen.se\/app\/uploads\/sites\/5\/2023\/02\/pexels-min-an-1448709-1-scaled.jpg","contentUrl":"https:\/\/www.kompetensforetagen.se\/app\/uploads\/sites\/5\/2023\/02\/pexels-min-an-1448709-1-scaled.jpg","width":2560,"height":1703,"caption":"H\u00e4nder skriver p\u00e5 skrivmaskin"},{"@type":"BreadcrumbList","@id":"https:\/\/www.kompetensforetagen.se\/2023\/02\/en-40-ar-lang-kamp\/#breadcrumb","itemListElement":[{"@type":"ListItem","position":1,"name":"Home","item":"https:\/\/www.kompetensforetagen.se\/"},{"@type":"ListItem","position":2,"name":"En 40 \u00e5r l\u00e5ng kamp"}]},{"@type":"WebSite","@id":"https:\/\/www.kompetensforetagen.se\/#website","url":"https:\/\/www.kompetensforetagen.se\/","name":"Kompetensf\u00f6retagen","description":"R\u00e4tt person p\u00e5 r\u00e4tt plats kan f\u00f6r\u00e4ndra v\u00e4rlden","publisher":{"@id":"https:\/\/www.kompetensforetagen.se\/#organization"},"potentialAction":[{"@type":"SearchAction","target":{"@type":"EntryPoint","urlTemplate":"https:\/\/www.kompetensforetagen.se\/?s={search_term_string}"},"query-input":{"@type":"PropertyValueSpecification","valueRequired":true,"valueName":"search_term_string"}}],"inLanguage":"sv-SE"},{"@type":"Organization","@id":"https:\/\/www.kompetensforetagen.se\/#organization","name":"Kompetensf\u00f6retagen","url":"https:\/\/www.kompetensforetagen.se\/","logo":{"@type":"ImageObject","inLanguage":"sv-SE","@id":"https:\/\/www.kompetensforetagen.se\/#\/schema\/logo\/image\/","url":"https:\/\/www.kompetensforetagen.se\/app\/uploads\/sites\/5\/2022\/10\/logga_svart.png","contentUrl":"https:\/\/www.kompetensforetagen.se\/app\/uploads\/sites\/5\/2022\/10\/logga_svart.png","width":752,"height":64,"caption":"Kompetensf\u00f6retagen"},"image":{"@id":"https:\/\/www.kompetensforetagen.se\/#\/schema\/logo\/image\/"},"sameAs":["https:\/\/www.linkedin.com\/company\/10540032\/"]},{"@type":"Person","@id":"https:\/\/www.kompetensforetagen.se\/#\/schema\/person\/f031803829b72f3deceb68bc75c48f0b","name":"Kristina Jonsson","image":{"@type":"ImageObject","inLanguage":"sv-SE","@id":"https:\/\/www.kompetensforetagen.se\/#\/schema\/person\/image\/","url":"https:\/\/secure.gravatar.com\/avatar\/8549e880229ce9df0a38e32b3c5a173427d644b6ba9def52456ae7021435afcf?s=96&d=mm&r=g","contentUrl":"https:\/\/secure.gravatar.com\/avatar\/8549e880229ce9df0a38e32b3c5a173427d644b6ba9def52456ae7021435afcf?s=96&d=mm&r=g","caption":"Kristina Jonsson"},"url":"https:\/\/www.kompetensforetagen.se\/person\/41728d39d9c1ea118136003dd8b71e49\/"}]}},"_links":{"self":[{"href":"https:\/\/www.kompetensforetagen.se\/api\/wp\/v2\/posts\/10906","targetHints":{"allow":["GET"]}}],"collection":[{"href":"https:\/\/www.kompetensforetagen.se\/api\/wp\/v2\/posts"}],"about":[{"href":"https:\/\/www.kompetensforetagen.se\/api\/wp\/v2\/types\/post"}],"author":[{"embeddable":true,"href":"https:\/\/www.kompetensforetagen.se\/api\/wp\/v2\/users\/14989"}],"replies":[{"embeddable":true,"href":"https:\/\/www.kompetensforetagen.se\/api\/wp\/v2\/comments?post=10906"}],"version-history":[{"count":2,"href":"https:\/\/www.kompetensforetagen.se\/api\/wp\/v2\/posts\/10906\/revisions"}],"predecessor-version":[{"id":15556,"href":"https:\/\/www.kompetensforetagen.se\/api\/wp\/v2\/posts\/10906\/revisions\/15556"}],"wp:featuredmedia":[{"embeddable":true,"href":"https:\/\/www.kompetensforetagen.se\/api\/wp\/v2\/media\/10909"}],"wp:attachment":[{"href":"https:\/\/www.kompetensforetagen.se\/api\/wp\/v2\/media?parent=10906"}],"wp:term":[{"taxonomy":"category","embeddable":true,"href":"https:\/\/www.kompetensforetagen.se\/api\/wp\/v2\/categories?post=10906"},{"taxonomy":"post_tag","embeddable":true,"href":"https:\/\/www.kompetensforetagen.se\/api\/wp\/v2\/tags?post=10906"},{"taxonomy":"type","embeddable":true,"href":"https:\/\/www.kompetensforetagen.se\/api\/wp\/v2\/article_type?post=10906"},{"taxonomy":"agreement","embeddable":true,"href":"https:\/\/www.kompetensforetagen.se\/api\/wp\/v2\/agreement?post=10906"},{"taxonomy":"for-members","embeddable":true,"href":"https:\/\/www.kompetensforetagen.se\/api\/wp\/v2\/for-members?post=10906"}],"curies":[{"name":"wp","href":"https:\/\/api.w.org\/{rel}","templated":true}]}}