{"id":10903,"date":"2023-02-13T09:29:08","date_gmt":"2023-02-13T08:29:08","guid":{"rendered":"https:\/\/www.kompetensforetagen.se\/?p=10903"},"modified":"2025-12-12T11:27:35","modified_gmt":"2025-12-12T10:27:35","slug":"arbetsformedlingsmonopolets-tid","status":"publish","type":"post","link":"https:\/\/www.kompetensforetagen.se\/2023\/02\/arbetsformedlingsmonopolets-tid\/","title":{"rendered":"Arbetsf\u00f6rmedlingsmonopolets tid"},"content":{"rendered":"\n<p><strong>1934<\/strong> antog riksdagen en lag om offentliga arbetsf\u00f6rmedlingar som \u00e5lade varje landsting och landstingsfri stad att inr\u00e4tta offentliga arbetsf\u00f6rmedlingar.<\/p>\n\n\n\n<p><strong>1933<\/strong> antog International <a href=\"https:\/\/www.ilo.org\/\" target=\"_blank\" rel=\"noreferrer noopener\">Labour Organization, ILO<\/a> ,en konvention om f\u00f6rbud mot avgiftskr\u00e4vande arbetsf\u00f6rmedlingar. Den tr\u00e4dde i kraft i Sverige<strong> 1937<\/strong>.<\/p>\n\n\n\n<p><strong>1940<\/strong> inr\u00e4ttades Statens arbetsmarknadskommission som 1948 ombildades till <a href=\"https:\/\/sv.wikipedia.org\/wiki\/Arbetsmarknadsstyrelsen\" target=\"_blank\" rel=\"noopener\">Arbetsmarknadsstyrelsen<\/a>, AMS. AMS blev tillsynsmyndighet f\u00f6r de privata arbetsf\u00f6rmedlingarna. 1940 begr\u00e4nsades vinstdrivande arbetsf\u00f6rmedlingar till vissa yrkesgrupper: scenartister, husligt arbete, anst\u00e4llda i hotell- och restaurangr\u00f6relser, sjukv\u00e5rd och jordbruk.<\/p>\n\n\n\n<p><strong>1942<\/strong> gjordes en lag\u00e4ndring som inneb\u00e4r att all verksamhet som tillhandah\u00f6ll arbetskraft r\u00e4knades som arbetsf\u00f6rmedling f\u00f6r att komma \u00e5t skenanst\u00e4llningar hos impressarier och hemhj\u00e4lpsbyr\u00e5er.<\/p>\n","protected":false},"excerpt":{"rendered":"<p>1934 antog riksdagen en lag om offentliga arbetsf\u00f6rmedlingar som \u00e5lade varje landsting och landstingsfri stad att inr\u00e4tta offentliga arbetsf\u00f6rmedlingar. 1933 antog International Labour Organization, ILO ,en konvention om f\u00f6rbud mot avgiftskr\u00e4vande arbetsf\u00f6rmedlingar. Den tr\u00e4dde i &hellip;<\/p>\n","protected":false},"author":14989,"featured_media":10885,"comment_status":"closed","ping_status":"closed","sticky":false,"template":"","format":"standard","meta":{"_acf_changed":false,"footnotes":""},"categories":[199],"tags":[],"article_type":[],"agreement":[],"for-members":[],"class_list":["post-10903","post","type-post","status-publish","format-standard","has-post-thumbnail","hentry","category-historia"],"acf":[],"yoast_head":"<!-- This site is optimized with the Yoast SEO Premium plugin v26.8 (Yoast SEO v26.8) - https:\/\/yoast.com\/product\/yoast-seo-premium-wordpress\/ -->\n<title>Under arbetsf\u00f6rmedlingsmonopolets tid<\/title>\n<meta name=\"description\" content=\"Arbetsf\u00f6rmedlingsmonopolets tid. En \u00e5terblick p\u00e5 hur arbetsmarknadspolitiken f\u00f6r\u00e4ndrats fr\u00e5n monopol till m\u00e5ngfald av akt\u00f6rer.\" \/>\n<meta name=\"robots\" content=\"index, follow, max-snippet:-1, max-image-preview:large, max-video-preview:-1\" \/>\n<link rel=\"canonical\" href=\"https:\/\/www.kompetensforetagen.se\/2023\/02\/arbetsformedlingsmonopolets-tid\/\" \/>\n<meta property=\"og:locale\" content=\"sv_SE\" \/>\n<meta property=\"og:type\" content=\"article\" \/>\n<meta property=\"og:title\" content=\"Arbetsf\u00f6rmedlingsmonopolets tid\" \/>\n<meta property=\"og:description\" content=\"Arbetsf\u00f6rmedlingsmonopolets tid. En \u00e5terblick p\u00e5 hur arbetsmarknadspolitiken f\u00f6r\u00e4ndrats fr\u00e5n monopol till m\u00e5ngfald av akt\u00f6rer.\" \/>\n<meta property=\"og:url\" content=\"https:\/\/www.kompetensforetagen.se\/2023\/02\/arbetsformedlingsmonopolets-tid\/\" \/>\n<meta property=\"og:site_name\" content=\"Kompetensf\u00f6retagen\" \/>\n<meta property=\"article:published_time\" content=\"2023-02-13T08:29:08+00:00\" \/>\n<meta property=\"article:modified_time\" content=\"2025-12-12T10:27:35+00:00\" \/>\n<meta property=\"og:image\" content=\"https:\/\/www.kompetensforetagen.se\/app\/uploads\/sites\/5\/2023\/02\/pexels-suzy-hazelwood-1249650-scaled.jpg\" \/>\n\t<meta property=\"og:image:width\" content=\"2560\" \/>\n\t<meta property=\"og:image:height\" content=\"1426\" \/>\n\t<meta property=\"og:image:type\" content=\"image\/jpeg\" \/>\n<meta name=\"author\" content=\"Kristina Jonsson\" \/>\n<meta name=\"twitter:card\" content=\"summary_large_image\" \/>\n<meta name=\"twitter:label1\" content=\"Skriven av\" \/>\n\t<meta name=\"twitter:data1\" content=\"Kristina Jonsson\" \/>\n\t<meta name=\"twitter:label2\" content=\"Ber\u00e4knad l\u00e4stid\" \/>\n\t<meta name=\"twitter:data2\" content=\"1 minut\" \/>\n<!-- \/ Yoast SEO Premium plugin. -->","yoast_head_json":{"title":"Under arbetsf\u00f6rmedlingsmonopolets tid","description":"Arbetsf\u00f6rmedlingsmonopolets tid. En \u00e5terblick p\u00e5 hur arbetsmarknadspolitiken f\u00f6r\u00e4ndrats fr\u00e5n monopol till m\u00e5ngfald av akt\u00f6rer.","robots":{"index":"index","follow":"follow","max-snippet":"max-snippet:-1","max-image-preview":"max-image-preview:large","max-video-preview":"max-video-preview:-1"},"canonical":"https:\/\/www.kompetensforetagen.se\/2023\/02\/arbetsformedlingsmonopolets-tid\/","og_locale":"sv_SE","og_type":"article","og_title":"Arbetsf\u00f6rmedlingsmonopolets tid","og_description":"Arbetsf\u00f6rmedlingsmonopolets tid. En \u00e5terblick p\u00e5 hur arbetsmarknadspolitiken f\u00f6r\u00e4ndrats fr\u00e5n monopol till m\u00e5ngfald av akt\u00f6rer.","og_url":"https:\/\/www.kompetensforetagen.se\/2023\/02\/arbetsformedlingsmonopolets-tid\/","og_site_name":"Kompetensf\u00f6retagen","article_published_time":"2023-02-13T08:29:08+00:00","article_modified_time":"2025-12-12T10:27:35+00:00","og_image":[{"width":2560,"height":1426,"url":"https:\/\/www.kompetensforetagen.se\/app\/uploads\/sites\/5\/2023\/02\/pexels-suzy-hazelwood-1249650-scaled.jpg","type":"image\/jpeg"}],"author":"Kristina Jonsson","twitter_card":"summary_large_image","twitter_misc":{"Skriven av":"Kristina Jonsson","Ber\u00e4knad l\u00e4stid":"1 minut"},"schema":{"@context":"https:\/\/schema.org","@graph":[{"@type":"Article","@id":"https:\/\/www.kompetensforetagen.se\/2023\/02\/arbetsformedlingsmonopolets-tid\/#article","isPartOf":{"@id":"https:\/\/www.kompetensforetagen.se\/2023\/02\/arbetsformedlingsmonopolets-tid\/"},"author":{"name":"Kristina Jonsson","@id":"https:\/\/www.kompetensforetagen.se\/#\/schema\/person\/f031803829b72f3deceb68bc75c48f0b"},"headline":"Arbetsf\u00f6rmedlingsmonopolets tid","datePublished":"2023-02-13T08:29:08+00:00","dateModified":"2025-12-12T10:27:35+00:00","mainEntityOfPage":{"@id":"https:\/\/www.kompetensforetagen.se\/2023\/02\/arbetsformedlingsmonopolets-tid\/"},"wordCount":118,"publisher":{"@id":"https:\/\/www.kompetensforetagen.se\/#organization"},"image":{"@id":"https:\/\/www.kompetensforetagen.se\/2023\/02\/arbetsformedlingsmonopolets-tid\/#primaryimage"},"thumbnailUrl":"https:\/\/www.kompetensforetagen.se\/app\/uploads\/sites\/5\/2023\/02\/pexels-suzy-hazelwood-1249650-scaled.jpg","articleSection":["Historia"],"inLanguage":"sv-SE"},{"@type":"WebPage","@id":"https:\/\/www.kompetensforetagen.se\/2023\/02\/arbetsformedlingsmonopolets-tid\/","url":"https:\/\/www.kompetensforetagen.se\/2023\/02\/arbetsformedlingsmonopolets-tid\/","name":"Under arbetsf\u00f6rmedlingsmonopolets tid","isPartOf":{"@id":"https:\/\/www.kompetensforetagen.se\/#website"},"primaryImageOfPage":{"@id":"https:\/\/www.kompetensforetagen.se\/2023\/02\/arbetsformedlingsmonopolets-tid\/#primaryimage"},"image":{"@id":"https:\/\/www.kompetensforetagen.se\/2023\/02\/arbetsformedlingsmonopolets-tid\/#primaryimage"},"thumbnailUrl":"https:\/\/www.kompetensforetagen.se\/app\/uploads\/sites\/5\/2023\/02\/pexels-suzy-hazelwood-1249650-scaled.jpg","datePublished":"2023-02-13T08:29:08+00:00","dateModified":"2025-12-12T10:27:35+00:00","description":"Arbetsf\u00f6rmedlingsmonopolets tid. En \u00e5terblick p\u00e5 hur arbetsmarknadspolitiken f\u00f6r\u00e4ndrats fr\u00e5n monopol till m\u00e5ngfald av akt\u00f6rer.","breadcrumb":{"@id":"https:\/\/www.kompetensforetagen.se\/2023\/02\/arbetsformedlingsmonopolets-tid\/#breadcrumb"},"inLanguage":"sv-SE","potentialAction":[{"@type":"ReadAction","target":["https:\/\/www.kompetensforetagen.se\/2023\/02\/arbetsformedlingsmonopolets-tid\/"]}]},{"@type":"ImageObject","inLanguage":"sv-SE","@id":"https:\/\/www.kompetensforetagen.se\/2023\/02\/arbetsformedlingsmonopolets-tid\/#primaryimage","url":"https:\/\/www.kompetensforetagen.se\/app\/uploads\/sites\/5\/2023\/02\/pexels-suzy-hazelwood-1249650-scaled.jpg","contentUrl":"https:\/\/www.kompetensforetagen.se\/app\/uploads\/sites\/5\/2023\/02\/pexels-suzy-hazelwood-1249650-scaled.jpg","width":2560,"height":1426,"caption":"Spelpj\u00e4sen bil p\u00e5 monopolspel"},{"@type":"BreadcrumbList","@id":"https:\/\/www.kompetensforetagen.se\/2023\/02\/arbetsformedlingsmonopolets-tid\/#breadcrumb","itemListElement":[{"@type":"ListItem","position":1,"name":"Home","item":"https:\/\/www.kompetensforetagen.se\/"},{"@type":"ListItem","position":2,"name":"Arbetsf\u00f6rmedlingsmonopolets tid"}]},{"@type":"WebSite","@id":"https:\/\/www.kompetensforetagen.se\/#website","url":"https:\/\/www.kompetensforetagen.se\/","name":"Kompetensf\u00f6retagen","description":"R\u00e4tt person p\u00e5 r\u00e4tt plats kan f\u00f6r\u00e4ndra v\u00e4rlden","publisher":{"@id":"https:\/\/www.kompetensforetagen.se\/#organization"},"potentialAction":[{"@type":"SearchAction","target":{"@type":"EntryPoint","urlTemplate":"https:\/\/www.kompetensforetagen.se\/?s={search_term_string}"},"query-input":{"@type":"PropertyValueSpecification","valueRequired":true,"valueName":"search_term_string"}}],"inLanguage":"sv-SE"},{"@type":"Organization","@id":"https:\/\/www.kompetensforetagen.se\/#organization","name":"Kompetensf\u00f6retagen","url":"https:\/\/www.kompetensforetagen.se\/","logo":{"@type":"ImageObject","inLanguage":"sv-SE","@id":"https:\/\/www.kompetensforetagen.se\/#\/schema\/logo\/image\/","url":"https:\/\/www.kompetensforetagen.se\/app\/uploads\/sites\/5\/2022\/10\/logga_svart.png","contentUrl":"https:\/\/www.kompetensforetagen.se\/app\/uploads\/sites\/5\/2022\/10\/logga_svart.png","width":752,"height":64,"caption":"Kompetensf\u00f6retagen"},"image":{"@id":"https:\/\/www.kompetensforetagen.se\/#\/schema\/logo\/image\/"},"sameAs":["https:\/\/www.linkedin.com\/company\/10540032\/"]},{"@type":"Person","@id":"https:\/\/www.kompetensforetagen.se\/#\/schema\/person\/f031803829b72f3deceb68bc75c48f0b","name":"Kristina Jonsson","image":{"@type":"ImageObject","inLanguage":"sv-SE","@id":"https:\/\/www.kompetensforetagen.se\/#\/schema\/person\/image\/","url":"https:\/\/secure.gravatar.com\/avatar\/8549e880229ce9df0a38e32b3c5a173427d644b6ba9def52456ae7021435afcf?s=96&d=mm&r=g","contentUrl":"https:\/\/secure.gravatar.com\/avatar\/8549e880229ce9df0a38e32b3c5a173427d644b6ba9def52456ae7021435afcf?s=96&d=mm&r=g","caption":"Kristina Jonsson"},"url":"https:\/\/www.kompetensforetagen.se\/person\/41728d39d9c1ea118136003dd8b71e49\/"}]}},"_links":{"self":[{"href":"https:\/\/www.kompetensforetagen.se\/api\/wp\/v2\/posts\/10903","targetHints":{"allow":["GET"]}}],"collection":[{"href":"https:\/\/www.kompetensforetagen.se\/api\/wp\/v2\/posts"}],"about":[{"href":"https:\/\/www.kompetensforetagen.se\/api\/wp\/v2\/types\/post"}],"author":[{"embeddable":true,"href":"https:\/\/www.kompetensforetagen.se\/api\/wp\/v2\/users\/14989"}],"replies":[{"embeddable":true,"href":"https:\/\/www.kompetensforetagen.se\/api\/wp\/v2\/comments?post=10903"}],"version-history":[{"count":2,"href":"https:\/\/www.kompetensforetagen.se\/api\/wp\/v2\/posts\/10903\/revisions"}],"predecessor-version":[{"id":20952,"href":"https:\/\/www.kompetensforetagen.se\/api\/wp\/v2\/posts\/10903\/revisions\/20952"}],"wp:featuredmedia":[{"embeddable":true,"href":"https:\/\/www.kompetensforetagen.se\/api\/wp\/v2\/media\/10885"}],"wp:attachment":[{"href":"https:\/\/www.kompetensforetagen.se\/api\/wp\/v2\/media?parent=10903"}],"wp:term":[{"taxonomy":"category","embeddable":true,"href":"https:\/\/www.kompetensforetagen.se\/api\/wp\/v2\/categories?post=10903"},{"taxonomy":"post_tag","embeddable":true,"href":"https:\/\/www.kompetensforetagen.se\/api\/wp\/v2\/tags?post=10903"},{"taxonomy":"type","embeddable":true,"href":"https:\/\/www.kompetensforetagen.se\/api\/wp\/v2\/article_type?post=10903"},{"taxonomy":"agreement","embeddable":true,"href":"https:\/\/www.kompetensforetagen.se\/api\/wp\/v2\/agreement?post=10903"},{"taxonomy":"for-members","embeddable":true,"href":"https:\/\/www.kompetensforetagen.se\/api\/wp\/v2\/for-members?post=10903"}],"curies":[{"name":"wp","href":"https:\/\/api.w.org\/{rel}","templated":true}]}}